{"id":215475,"date":"2018-12-09T15:17:44","date_gmt":"2018-12-09T14:17:44","guid":{"rendered":"https:\/\/www.cinevox.be\/?p=215475"},"modified":"2018-12-09T15:17:47","modified_gmt":"2018-12-09T14:17:47","slug":"drie-vlaamse-producties-bekroond-op-european-animation-awards","status":"publish","type":"post","link":"https:\/\/welovecinema.be\/nl\/drie-vlaamse-producties-bekroond-op-european-animation-awards\/","title":{"rendered":"Drie Vlaamse producties bekroond op European Animation Awards"},"content":{"rendered":"\n<p><strong>De Vlaamse middellange animatiefilm\u00a0<\/strong><em><strong>Ce magnifique g\u00e2teau!<\/strong><\/em><strong>\u00a0van Emma de Swaef en Marc James Roels heeft vanavond de Prijs voor Beste Regie gewonnen op de European Animation Awards. Twee coproducties met Vlaanderen,\u00a0<\/strong><em><strong>Another Day of Life<\/strong><\/em><strong>\u00a0en\u00a0<\/strong><em><strong>Funan<\/strong><\/em><strong>, werden in totaal met drie prijzen bekroond.<\/strong><\/p>\n\n\n\n<p>\u00a0De European Animation Awards, ook bekend als de Emile Awards, werden in 2017 voor de eerst maal uitgereikt. Zoals vorig jaar vond de ceremonie plaats in het Noord-Franse Rijsel. Met onderscheidingen in 18 categorie\u00ebn vormen de Emile Awards een bekroning voor de Europese animatiesector. Vlaamse producties en coproducties waren dit jaar goed voor 13 van de in totaal 90 nominaties, een uitzonderlijk hoog aantal.<\/p>\n\n\n\n<p>Uiteindelijk konden er vier nominaties worden verzilverd met prijzen in volgende categorie\u00ebn: Beste Regie voor een Korte Animatiefilm (<em>Ce magnifique g\u00e2teau!<\/em>), Beste Scenario voor een Speelfilm (<em>Funan<\/em>), Beste Sound Design voor een Speelfilm (<em>Funan<\/em>) en Beste Soundtrack (<em>Another Day of Life<\/em>).<\/p>\n\n\n\n<figure class=\"wp-block-image\"><img loading=\"lazy\" decoding=\"async\" width=\"800\" height=\"500\" src=\"https:\/\/www.cinevox.be\/wp-content\/uploads\/sites\/2\/2018\/12\/CMG_3-800x500.jpg\" alt=\"\" class=\"wp-image-215365\" srcset=\"https:\/\/welovecinema.be\/wp-content\/uploads\/sites\/2\/2018\/12\/CMG_3-800x500.jpg 800w, https:\/\/welovecinema.be\/wp-content\/uploads\/sites\/2\/2018\/12\/CMG_3-432x270.jpg 432w, https:\/\/welovecinema.be\/wp-content\/uploads\/sites\/2\/2018\/12\/CMG_3-768x480.jpg 768w, https:\/\/welovecinema.be\/wp-content\/uploads\/sites\/2\/2018\/12\/CMG_3.jpg 1152w\" sizes=\"auto, (max-width: 800px) 100vw, 800px\" \/><\/figure>\n\n\n\n<p><strong>Ce Magnifique G\u00e2teau!<\/strong><\/p>\n\n\n\n<p><em>Ce magnifique g\u00e2teau!<\/em>\u00a0is een middellange stop-motionanimatiefilm van het Gentse animatieduo Emma de Swaef en Marc James Roels. De film vertelt het verhaal van vijf personages in het koloniale Afrika aan het eind van de 19e eeuw. Voor de opnames brachten de makers maar liefst acht maanden door in de animatiestudio van Beast Animation. Voor de stemmencast deden ze onder andere beroep op Jan Decleir, Wim Willaert, Goua Grovogui en Gaston Motambe.<\/p>\n\n\n\n<p><em>Ce magnifique g\u00e2teau!<\/em>\u00a0ging in mei in wereldpremi\u00e8re in Cannes, als onderdeel van de Quinzaine des R\u00e9alisateurs. In juni werd de film bekroond met de Prix Andr\u00e9-Martin op het Internationaal Animatiefilmfestival van Annecy en nadien volgden tientallen internationale selecties en een handvol filmprijzen, waaronder de Grote Prijs voor Beste Film op het Animafest in Zagreb en de Publieksprijs op het Kortfilmfestival in het Portugese Vila do Conde. Eerder deze week raakte bekend dat\u00a0<em>Ce magnifique g\u00e2teau!<\/em>\u00a0ook genomineerd is voor de Annie Awards, de belangrijkste animatie-onderscheidingen in de Verenigde Staten.\u00a0<em>Ce magnifique g\u00e2teau!<\/em>\u00a0werd geproduceerd door Beast Animation in coproductie met Vivement Lundi!, Pedri Animation en ARTE France.<\/p>\n\n\n\n<figure class=\"wp-block-image\"><img loading=\"lazy\" decoding=\"async\" width=\"800\" height=\"422\" src=\"https:\/\/www.cinevox.be\/wp-content\/uploads\/sites\/2\/2018\/05\/32207602_2036842559898112_8684448783322316800_o-800x422.jpg\" alt=\"\" class=\"wp-image-213721\" srcset=\"https:\/\/welovecinema.be\/wp-content\/uploads\/sites\/2\/2018\/05\/32207602_2036842559898112_8684448783322316800_o-800x422.jpg 800w, https:\/\/welovecinema.be\/wp-content\/uploads\/sites\/2\/2018\/05\/32207602_2036842559898112_8684448783322316800_o-480x253.jpg 480w, https:\/\/welovecinema.be\/wp-content\/uploads\/sites\/2\/2018\/05\/32207602_2036842559898112_8684448783322316800_o-768x405.jpg 768w, https:\/\/welovecinema.be\/wp-content\/uploads\/sites\/2\/2018\/05\/32207602_2036842559898112_8684448783322316800_o-310x165.jpg 310w, https:\/\/welovecinema.be\/wp-content\/uploads\/sites\/2\/2018\/05\/32207602_2036842559898112_8684448783322316800_o.jpg 1772w\" sizes=\"auto, (max-width: 800px) 100vw, 800px\" \/><figcaption>Another Day of Life<\/figcaption><\/figure>\n\n\n\n<p><strong>Another Day of Life<\/strong><\/p>\n\n\n\n<p><em>Another Day of Life<\/em>\u00a0is een hybride documentaire van Ra\u00fal de la Fuente en Damian Nenow waarin archiefbeelden worden vermengd met animatie- en\u00a0<em>live action<\/em>-elementen. De film vertelt het verhaal van een reis die journalist Ryszard Kapu\u015bci\u0144ski in 1975 maakte in Angola. De Poolse sterreporter bracht drie maanden lang dagelijks verslag uit van de grimmige onafhankelijkheidsstrijd die volgde op de Angolese Anjerrevolutie.<\/p>\n\n\n\n<p><em>Another Day of Life<\/em>&nbsp;ging in wereldpremi\u00e8re op het Festival van Cannes en werd de voorbije maanden vertoond op toonaangevende festivals als Helsinki, Kopenhagen, Annecy en San Sebasti\u00e1n. De film is ook genomineerd voor de Animated Feature-categorie van de European Film Awards.<\/p>\n\n\n\n<p><em>Another Day of Life<\/em>\u00a0is een Pools-Spaans-Belgische coproductie. De Vlaamse coproducent is Walking The Dog. De productiemaatschappij en animatiestudio van Eric Goossens en Anton Roebben was betrokken bij de basisstructuur van de film en zorgde voor een groot deel van de technische totstandkoming.<\/p>\n\n\n\n<figure class=\"wp-block-image\"><img loading=\"lazy\" decoding=\"async\" width=\"800\" height=\"533\" src=\"https:\/\/www.cinevox.be\/wp-content\/uploads\/sites\/2\/2018\/12\/Screen-Shot-2018-12-09-at-15.15.57-800x533.png\" alt=\"\" class=\"wp-image-215476\" srcset=\"https:\/\/welovecinema.be\/wp-content\/uploads\/sites\/2\/2018\/12\/Screen-Shot-2018-12-09-at-15.15.57-800x533.png 800w, https:\/\/welovecinema.be\/wp-content\/uploads\/sites\/2\/2018\/12\/Screen-Shot-2018-12-09-at-15.15.57-405x270.png 405w, https:\/\/welovecinema.be\/wp-content\/uploads\/sites\/2\/2018\/12\/Screen-Shot-2018-12-09-at-15.15.57-768x511.png 768w, https:\/\/welovecinema.be\/wp-content\/uploads\/sites\/2\/2018\/12\/Screen-Shot-2018-12-09-at-15.15.57.png 1718w\" sizes=\"auto, (max-width: 800px) 100vw, 800px\" \/><\/figure>\n\n\n\n<p><strong>Funan<\/strong><\/p>\n\n\n\n<p><em>Funan<\/em>, een Belgisch-Frans-Luxemburgs-Cambodjaanse coproductie met Lunanime als Vlaamse partner, is een animatiespeelfilm van Denis Do over een jong gezin in Cambodja dat uit elkaar wordt gerukt door de troepen van Pol Pot tijdens de brutale inval van de Rode Khmer in 1975.<\/p>\n\n\n\n<p>\u00a0De film werd in juni bekroond met de Cristal du Long M\u00e9trage, de hoofdprijs in de speelfilmcategorie op het Internationaal Animatiefilmfestival van Annecy. Een deel van het animatiewerk voor\u00a0<em>Funan<\/em>\u00a0gebeurde in de Gentse Studio Lumi\u00e8re.<\/p>\n","protected":false},"excerpt":{"rendered":"<p>De Vlaamse middellange animatiefilm\u00a0Ce magnifique g\u00e2teau!\u00a0van Emma de Swaef en Marc James Roels heeft vanavond de Prijs voor Beste Regie gewonnen op de European Animation Awards. Twee coproducties met Vlaanderen,\u00a0Another Day of Life\u00a0en\u00a0Funan, werden in totaal met drie prijzen bekroond. \u00a0De European Animation Awards, ook bekend als de Emile Awards, werden in 2017 voor de &hellip;<\/p>\n","protected":false},"author":36,"featured_media":212066,"comment_status":"closed","ping_status":"closed","sticky":false,"template":"","format":"standard","meta":{"ngg_post_thumbnail":0,"footnotes":""},"categories":[1069,30,31,3],"tags":[],"class_list":["post-215475","post","type-post","status-publish","format-standard","has-post-thumbnail","","category-festivals-nl","category-nieuws","category-prijzen","category-varia-nl"],"yoast_head":"<!-- This site is optimized with the Yoast SEO plugin v20.4 - https:\/\/yoast.com\/wordpress\/plugins\/seo\/ -->\n<title>Drie Vlaamse producties bekroond op European Animation Awards - We Love Cinema<\/title>\n<meta name=\"robots\" content=\"index, follow, max-snippet:-1, max-image-preview:large, max-video-preview:-1\" \/>\n<link rel=\"canonical\" href=\"https:\/\/welovecinema.be\/nl\/drie-vlaamse-producties-bekroond-op-european-animation-awards\/\" \/>\n<meta property=\"og:locale\" content=\"nl_NL\" \/>\n<meta property=\"og:type\" content=\"article\" \/>\n<meta property=\"og:title\" content=\"Drie Vlaamse producties bekroond op European Animation Awards - We Love Cinema\" \/>\n<meta property=\"og:description\" content=\"De Vlaamse middellange animatiefilm\u00a0Ce magnifique g\u00e2teau!\u00a0van Emma de Swaef en Marc James Roels heeft vanavond de Prijs voor Beste Regie gewonnen op de European Animation Awards. Twee coproducties met Vlaanderen,\u00a0Another Day of Life\u00a0en\u00a0Funan, werden in totaal met drie prijzen bekroond. \u00a0De European Animation Awards, ook bekend als de Emile Awards, werden in 2017 voor de &hellip;\" \/>\n<meta property=\"og:url\" content=\"https:\/\/welovecinema.be\/nl\/drie-vlaamse-producties-bekroond-op-european-animation-awards\/\" \/>\n<meta property=\"og:site_name\" content=\"We Love Cinema\" \/>\n<meta property=\"article:publisher\" content=\"https:\/\/www.facebook.com\/welovecinema.be\" \/>\n<meta property=\"article:published_time\" content=\"2018-12-09T14:17:44+00:00\" \/>\n<meta property=\"article:modified_time\" content=\"2018-12-09T14:17:47+00:00\" \/>\n<meta property=\"og:image\" content=\"https:\/\/welovecinema.be\/wp-content\/uploads\/sites\/2\/2018\/08\/cannes_special_screenings_another_day_of_life_still_2.jpg\" \/>\n\t<meta property=\"og:image:width\" content=\"928\" \/>\n\t<meta property=\"og:image:height\" content=\"523\" \/>\n\t<meta property=\"og:image:type\" content=\"image\/jpeg\" \/>\n<meta name=\"author\" content=\"Laurent\" \/>\n<meta name=\"twitter:card\" content=\"summary_large_image\" \/>\n<meta name=\"twitter:label1\" content=\"Geschreven door\" \/>\n\t<meta name=\"twitter:data1\" content=\"Laurent\" \/>\n\t<meta name=\"twitter:label2\" content=\"Geschatte leestijd\" \/>\n\t<meta name=\"twitter:data2\" content=\"3 minuten\" \/>\n<script type=\"application\/ld+json\" class=\"yoast-schema-graph\">{\"@context\":\"https:\/\/schema.org\",\"@graph\":[{\"@type\":\"Article\",\"@id\":\"https:\/\/welovecinema.be\/nl\/drie-vlaamse-producties-bekroond-op-european-animation-awards\/#article\",\"isPartOf\":{\"@id\":\"https:\/\/welovecinema.be\/nl\/drie-vlaamse-producties-bekroond-op-european-animation-awards\/\"},\"author\":{\"name\":\"Laurent\",\"@id\":\"https:\/\/welovecinema.be\/nl\/#\/schema\/person\/a07110839d59a016cbd2294e2aca8352\"},\"headline\":\"Drie Vlaamse producties bekroond op European Animation Awards\",\"datePublished\":\"2018-12-09T14:17:44+00:00\",\"dateModified\":\"2018-12-09T14:17:47+00:00\",\"mainEntityOfPage\":{\"@id\":\"https:\/\/welovecinema.be\/nl\/drie-vlaamse-producties-bekroond-op-european-animation-awards\/\"},\"wordCount\":589,\"publisher\":{\"@id\":\"https:\/\/welovecinema.be\/nl\/#organization\"},\"articleSection\":[\"Festivals\",\"Nieuws\",\"Prijzen\",\"Varia\"],\"inLanguage\":\"nl-NL\"},{\"@type\":\"WebPage\",\"@id\":\"https:\/\/welovecinema.be\/nl\/drie-vlaamse-producties-bekroond-op-european-animation-awards\/\",\"url\":\"https:\/\/welovecinema.be\/nl\/drie-vlaamse-producties-bekroond-op-european-animation-awards\/\",\"name\":\"Drie Vlaamse producties bekroond op European Animation Awards - We Love Cinema\",\"isPartOf\":{\"@id\":\"https:\/\/welovecinema.be\/nl\/#website\"},\"datePublished\":\"2018-12-09T14:17:44+00:00\",\"dateModified\":\"2018-12-09T14:17:47+00:00\",\"breadcrumb\":{\"@id\":\"https:\/\/welovecinema.be\/nl\/drie-vlaamse-producties-bekroond-op-european-animation-awards\/#breadcrumb\"},\"inLanguage\":\"nl-NL\",\"potentialAction\":[{\"@type\":\"ReadAction\",\"target\":[\"https:\/\/welovecinema.be\/nl\/drie-vlaamse-producties-bekroond-op-european-animation-awards\/\"]}]},{\"@type\":\"BreadcrumbList\",\"@id\":\"https:\/\/welovecinema.be\/nl\/drie-vlaamse-producties-bekroond-op-european-animation-awards\/#breadcrumb\",\"itemListElement\":[{\"@type\":\"ListItem\",\"position\":1,\"name\":\"Accueil\",\"item\":\"https:\/\/welovecinema.be\/nl\/\"},{\"@type\":\"ListItem\",\"position\":2,\"name\":\"Drie Vlaamse producties bekroond op European Animation Awards\"}]},{\"@type\":\"WebSite\",\"@id\":\"https:\/\/welovecinema.be\/nl\/#website\",\"url\":\"https:\/\/welovecinema.be\/nl\/\",\"name\":\"We Love Cinema\",\"description\":\"Toute l\u2019information du cin\u00e9ma en Belgique\",\"publisher\":{\"@id\":\"https:\/\/welovecinema.be\/nl\/#organization\"},\"potentialAction\":[{\"@type\":\"SearchAction\",\"target\":{\"@type\":\"EntryPoint\",\"urlTemplate\":\"https:\/\/welovecinema.be\/nl\/?s={search_term_string}\"},\"query-input\":\"required name=search_term_string\"}],\"inLanguage\":\"nl-NL\"},{\"@type\":\"Organization\",\"@id\":\"https:\/\/welovecinema.be\/nl\/#organization\",\"name\":\"We Love Cinema\",\"url\":\"https:\/\/welovecinema.be\/nl\/\",\"logo\":{\"@type\":\"ImageObject\",\"inLanguage\":\"nl-NL\",\"@id\":\"https:\/\/welovecinema.be\/nl\/#\/schema\/logo\/image\/\",\"url\":\"https:\/\/welovecinema.be\/wp-content\/uploads\/sites\/2\/2023\/03\/Logo-We-Love-Cinema305x128.jpg\",\"contentUrl\":\"https:\/\/welovecinema.be\/wp-content\/uploads\/sites\/2\/2023\/03\/Logo-We-Love-Cinema305x128.jpg\",\"width\":305,\"height\":128,\"caption\":\"We Love Cinema\"},\"image\":{\"@id\":\"https:\/\/welovecinema.be\/nl\/#\/schema\/logo\/image\/\"},\"sameAs\":[\"https:\/\/www.facebook.com\/welovecinema.be\",\"https:\/\/www.youtube.com\/channel\/UCX5LYGVhnKvYauW4Nta4HJA\",\"https:\/\/www.instagram.com\/welovecinema.be\/\"]},{\"@type\":\"Person\",\"@id\":\"https:\/\/welovecinema.be\/nl\/#\/schema\/person\/a07110839d59a016cbd2294e2aca8352\",\"name\":\"Laurent\",\"sameAs\":[\"http:\/\/www.facebook.com\/laurent.jans\"],\"url\":\"https:\/\/welovecinema.be\/nl\/author\/laurent-jans\/\"}]}<\/script>\n<!-- \/ Yoast SEO plugin. -->","yoast_head_json":{"title":"Drie Vlaamse producties bekroond op European Animation Awards - We Love Cinema","robots":{"index":"index","follow":"follow","max-snippet":"max-snippet:-1","max-image-preview":"max-image-preview:large","max-video-preview":"max-video-preview:-1"},"canonical":"https:\/\/welovecinema.be\/nl\/drie-vlaamse-producties-bekroond-op-european-animation-awards\/","og_locale":"nl_NL","og_type":"article","og_title":"Drie Vlaamse producties bekroond op European Animation Awards - We Love Cinema","og_description":"De Vlaamse middellange animatiefilm\u00a0Ce magnifique g\u00e2teau!\u00a0van Emma de Swaef en Marc James Roels heeft vanavond de Prijs voor Beste Regie gewonnen op de European Animation Awards. Twee coproducties met Vlaanderen,\u00a0Another Day of Life\u00a0en\u00a0Funan, werden in totaal met drie prijzen bekroond. \u00a0De European Animation Awards, ook bekend als de Emile Awards, werden in 2017 voor de &hellip;","og_url":"https:\/\/welovecinema.be\/nl\/drie-vlaamse-producties-bekroond-op-european-animation-awards\/","og_site_name":"We Love Cinema","article_publisher":"https:\/\/www.facebook.com\/welovecinema.be","article_published_time":"2018-12-09T14:17:44+00:00","article_modified_time":"2018-12-09T14:17:47+00:00","og_image":[{"width":928,"height":523,"url":"https:\/\/welovecinema.be\/wp-content\/uploads\/sites\/2\/2018\/08\/cannes_special_screenings_another_day_of_life_still_2.jpg","type":"image\/jpeg"}],"author":"Laurent","twitter_card":"summary_large_image","twitter_misc":{"Geschreven door":"Laurent","Geschatte leestijd":"3 minuten"},"schema":{"@context":"https:\/\/schema.org","@graph":[{"@type":"Article","@id":"https:\/\/welovecinema.be\/nl\/drie-vlaamse-producties-bekroond-op-european-animation-awards\/#article","isPartOf":{"@id":"https:\/\/welovecinema.be\/nl\/drie-vlaamse-producties-bekroond-op-european-animation-awards\/"},"author":{"name":"Laurent","@id":"https:\/\/welovecinema.be\/nl\/#\/schema\/person\/a07110839d59a016cbd2294e2aca8352"},"headline":"Drie Vlaamse producties bekroond op European Animation Awards","datePublished":"2018-12-09T14:17:44+00:00","dateModified":"2018-12-09T14:17:47+00:00","mainEntityOfPage":{"@id":"https:\/\/welovecinema.be\/nl\/drie-vlaamse-producties-bekroond-op-european-animation-awards\/"},"wordCount":589,"publisher":{"@id":"https:\/\/welovecinema.be\/nl\/#organization"},"articleSection":["Festivals","Nieuws","Prijzen","Varia"],"inLanguage":"nl-NL"},{"@type":"WebPage","@id":"https:\/\/welovecinema.be\/nl\/drie-vlaamse-producties-bekroond-op-european-animation-awards\/","url":"https:\/\/welovecinema.be\/nl\/drie-vlaamse-producties-bekroond-op-european-animation-awards\/","name":"Drie Vlaamse producties bekroond op European Animation Awards - We Love Cinema","isPartOf":{"@id":"https:\/\/welovecinema.be\/nl\/#website"},"datePublished":"2018-12-09T14:17:44+00:00","dateModified":"2018-12-09T14:17:47+00:00","breadcrumb":{"@id":"https:\/\/welovecinema.be\/nl\/drie-vlaamse-producties-bekroond-op-european-animation-awards\/#breadcrumb"},"inLanguage":"nl-NL","potentialAction":[{"@type":"ReadAction","target":["https:\/\/welovecinema.be\/nl\/drie-vlaamse-producties-bekroond-op-european-animation-awards\/"]}]},{"@type":"BreadcrumbList","@id":"https:\/\/welovecinema.be\/nl\/drie-vlaamse-producties-bekroond-op-european-animation-awards\/#breadcrumb","itemListElement":[{"@type":"ListItem","position":1,"name":"Accueil","item":"https:\/\/welovecinema.be\/nl\/"},{"@type":"ListItem","position":2,"name":"Drie Vlaamse producties bekroond op European Animation Awards"}]},{"@type":"WebSite","@id":"https:\/\/welovecinema.be\/nl\/#website","url":"https:\/\/welovecinema.be\/nl\/","name":"We Love Cinema","description":"Toute l\u2019information du cin\u00e9ma en Belgique","publisher":{"@id":"https:\/\/welovecinema.be\/nl\/#organization"},"potentialAction":[{"@type":"SearchAction","target":{"@type":"EntryPoint","urlTemplate":"https:\/\/welovecinema.be\/nl\/?s={search_term_string}"},"query-input":"required name=search_term_string"}],"inLanguage":"nl-NL"},{"@type":"Organization","@id":"https:\/\/welovecinema.be\/nl\/#organization","name":"We Love Cinema","url":"https:\/\/welovecinema.be\/nl\/","logo":{"@type":"ImageObject","inLanguage":"nl-NL","@id":"https:\/\/welovecinema.be\/nl\/#\/schema\/logo\/image\/","url":"https:\/\/welovecinema.be\/wp-content\/uploads\/sites\/2\/2023\/03\/Logo-We-Love-Cinema305x128.jpg","contentUrl":"https:\/\/welovecinema.be\/wp-content\/uploads\/sites\/2\/2023\/03\/Logo-We-Love-Cinema305x128.jpg","width":305,"height":128,"caption":"We Love Cinema"},"image":{"@id":"https:\/\/welovecinema.be\/nl\/#\/schema\/logo\/image\/"},"sameAs":["https:\/\/www.facebook.com\/welovecinema.be","https:\/\/www.youtube.com\/channel\/UCX5LYGVhnKvYauW4Nta4HJA","https:\/\/www.instagram.com\/welovecinema.be\/"]},{"@type":"Person","@id":"https:\/\/welovecinema.be\/nl\/#\/schema\/person\/a07110839d59a016cbd2294e2aca8352","name":"Laurent","sameAs":["http:\/\/www.facebook.com\/laurent.jans"],"url":"https:\/\/welovecinema.be\/nl\/author\/laurent-jans\/"}]}},"_links":{"self":[{"href":"https:\/\/welovecinema.be\/nl\/wp-json\/wp\/v2\/posts\/215475","targetHints":{"allow":["GET"]}}],"collection":[{"href":"https:\/\/welovecinema.be\/nl\/wp-json\/wp\/v2\/posts"}],"about":[{"href":"https:\/\/welovecinema.be\/nl\/wp-json\/wp\/v2\/types\/post"}],"author":[{"embeddable":true,"href":"https:\/\/welovecinema.be\/nl\/wp-json\/wp\/v2\/users\/36"}],"replies":[{"embeddable":true,"href":"https:\/\/welovecinema.be\/nl\/wp-json\/wp\/v2\/comments?post=215475"}],"version-history":[{"count":0,"href":"https:\/\/welovecinema.be\/nl\/wp-json\/wp\/v2\/posts\/215475\/revisions"}],"wp:featuredmedia":[{"embeddable":true,"href":"https:\/\/welovecinema.be\/nl\/wp-json\/wp\/v2\/media\/212066"}],"wp:attachment":[{"href":"https:\/\/welovecinema.be\/nl\/wp-json\/wp\/v2\/media?parent=215475"}],"wp:term":[{"taxonomy":"category","embeddable":true,"href":"https:\/\/welovecinema.be\/nl\/wp-json\/wp\/v2\/categories?post=215475"},{"taxonomy":"post_tag","embeddable":true,"href":"https:\/\/welovecinema.be\/nl\/wp-json\/wp\/v2\/tags?post=215475"}],"curies":[{"name":"wp","href":"https:\/\/api.w.org\/{rel}","templated":true}]}}