{"id":214345,"date":"2018-10-27T11:37:14","date_gmt":"2018-10-27T09:37:14","guid":{"rendered":"https:\/\/www.cinevox.be\/?p=214345"},"modified":"2018-10-28T18:06:25","modified_gmt":"2018-10-28T17:06:25","slug":"meer-dan-een-logo-achter-de-schermen-van-flanders-image","status":"publish","type":"post","link":"https:\/\/welovecinema.be\/nl\/meer-dan-een-logo-achter-de-schermen-van-flanders-image\/","title":{"rendered":"Meer dan een logo: achter de schermen van Flanders Image"},"content":{"rendered":"<p><strong>De Vlaamse film doet het beter dan ooit. Prijzen en festivalselecties regenen binnen, \u2018Girl\u2019 dingt mee naar de Oscars en Vlaamse regisseurs zitten aan tafel met de grootste Hollywoodspelers. Een kwestie van talent? Zeker. Maar ook van slimme deals, intensief pamperen en het goede logo op de juiste plaats. Wij spraken Flanders Image-manager Christian De Schutter over &#8216;CONNeXT&#8217;, het meest ambitieuze initiatief in dat rijtje.<\/strong><\/p>\n<p><strong>\u00a0<\/strong>Honderd internationale spelers van Hollywood tot Cannes die allemaal naar Gent afzakken voor wat screenings? Tien jaar geleden zou het ondenkbaar zijn. Toch was CONNeXT- een driedaags evenement waarop Vlaamse makers hun project voorstellen aan iedereen die ertoe doet &#8211; twee weken geleden al aan haar derde editie toe. Alle projecten die momenteel steun krijgen van het VAF worden getoond, of ze nu nog in de prille ontwikkelingsfase zitten of al in de zalen spelen. Vorig jaar nog werd er voor de allereerste keer een<a href=\"https:\/\/www.cinevox.be\/nl\/tim-mielants-en-lukas-dhont-vallen-prijzen-tijdens-connext\/\"> filmfragment uit \u2018Girl\u2019<\/a> openbaar getoond, luttele maanden later was een ware distributeursoorlog het resultaat. Sindsdien werd het event alleen maar groter, gewilder en ambitieuzer &#8211; zelfs Netflix en ZDF stonden nu op de aanwezigenlijst. \u201cHet VAF verklaarde me eerst gek toen ik met het idee van Connext afkwam\u201d, blikt schepper <strong>Christian De Schutter<\/strong> (Flanders Image) terug. \u201cMaar dat maakte me alleen maar koppiger om het toch te proberen. Zeker die eerste keer hebben we Gent ook echt verkocht als shoppingstad, als historische kunststad. Pas in september voelden we dat het nog zou lukken ook.\u201d<\/p>\n<p>CONNeXT is maar \u00e9\u00e9n van de vele manieren waarop Flanders Image de Vlaamse film internationaal op de kaart poogt te zetten. De volledige waaier aan acties gaat van absurd tot geniaal. Waar het ooit nog voldoende was om een goede film te screenen in een muffig kamertje, zijn het vandaag scherpe pitches van de makers zelf, boeiende sprekers, gadgets met logo\u2019s en exquise diners die het wereldje moeten paaien. \u201cTien jaar geleden gebeurde het nog dat distributeurs echt stonden aan te schuiven bij het kantoor van de sales agent, nadat ze een film zagen op een festival\u201d, herinnert De Schutter. \u201cNu zijn kopers veel nuchterder. De audiovisuele creatiesector verandert aan een razend tempo. Daarom herdachten ook wij de manier waarop we kopers benaderden. Dat was meestal op een festival of via mail, maar ging allemaal heel vluchtig. Nu proberen we hen gedurende drie dagen volledig te kapen. We willen hen echt pamperen.\u201d<\/p>\n<figure id=\"attachment_214368\" aria-describedby=\"caption-attachment-214368\" style=\"width: 6002px\" class=\"wp-caption aligncenter\"><img loading=\"lazy\" decoding=\"async\" class=\"size-full wp-image-214368\" src=\"https:\/\/www.cinevox.be\/wp-content\/uploads\/sites\/2\/2018\/10\/connext-day-2-148-cbeaborgers.jpg\" alt=\"\" width=\"6002\" height=\"4001\" srcset=\"https:\/\/welovecinema.be\/wp-content\/uploads\/sites\/2\/2018\/10\/connext-day-2-148-cbeaborgers.jpg 6002w, https:\/\/welovecinema.be\/wp-content\/uploads\/sites\/2\/2018\/10\/connext-day-2-148-cbeaborgers-405x270.jpg 405w, https:\/\/welovecinema.be\/wp-content\/uploads\/sites\/2\/2018\/10\/connext-day-2-148-cbeaborgers-768x512.jpg 768w, https:\/\/welovecinema.be\/wp-content\/uploads\/sites\/2\/2018\/10\/connext-day-2-148-cbeaborgers-800x533.jpg 800w\" sizes=\"auto, (max-width: 6002px) 100vw, 6002px\" \/><figcaption id=\"caption-attachment-214368\" class=\"wp-caption-text\">Met bijzondere etentjes worden de gasten gepaaid. Foto: Bea Bogers<\/figcaption><\/figure>\n<p><strong>Mijnenveld<\/strong><\/p>\n<p>Om het allemaal nog wat urgenter te maken, mogen de internationale gasten op CONNeXT ook drie prijzen uitreiken aan veelbelovende makers. Die gingen dit jaar naar \u2018<a href=\"https:\/\/www.cinevox.be\/nl\/opnames-de-patrick-van-tim-mielants-peaky-blinders-met-kevin-janssens-van-start\/\">De Patrick\u2019<\/a> van<strong> Tim Mielants<\/strong>, \u2018Zes Dagen\u2019 van <strong>Eric Wirix<\/strong> en <strong>Frank Van Mechelen<\/strong> en \u2018<a href=\"https:\/\/www.cinevox.be\/nl\/joke-devynck-op-de-set-van-binti-je-haalt-geen-kinderen-op-aan-school-met-een-combi\/\">Binti<\/a>\u2019 van <strong>Frederike Migom.<\/strong> Maar of die projecten ook het voorbeeld van \u2018Girl\u2019 zullen volgen, blijft voorlopig afwachten. \u201cWe hebben er een positief gevoel bij. Sommige makers worden nu al druk bevraagd. Het goede is dat we met CONNeXT ook heel prille projecten sneller op de radar kunnen plaatsen. Ook gaan filmmakers rechtstreeks met kopers in interactie. Zo krijgen ook zij een realistischer beeld van de markt.\u201d<\/p>\n<p>Die markt is vandaag de dag immers een waar mijnenveld geworden. <a href=\"https:\/\/www.cinevox.be\/nl\/erwin-provoost-wordt-nieuwe-directeur-intendant-vlaams-audiovisueel-fonds-vaf\/\"><strong>Erwin Provoost<\/strong><\/a>, directeur-intendant van het VAF, schreef in zijn visienota al dat het \u201cdringend tijd was om in te grijpen, of dat er anders binnenkort misschien geen fictie meer te zien is.\u201d Daarmee doelt hij grotendeels op de snelle evolutie in mediaconsumptie, waarbij spelers als Youtube en Netflix de Vlaamse content dreigen te marginaliseren. Opnieuw een uitdaging voor Flanders Image: net door de eigen content aan bijvoorbeeld Netflix te verpatsen, kan die ook weer aan prestige winnen in binnen- en buitenland.<\/p>\n<p>Opvallend is dat daarbij niet film, maar wel televisie de absolute prioriteit lijkt. Op CONNeXT zijn de series nog maar sinds vorig jaar bij, maar nu al kwam er dubbel zoveel volk als gepland voor onze TV-fictie. \u201cTelevisie is nu erg aan het boomen, en Vlaamse fictie ligt goed in de markt. Het was veel minder moeilijk om die mensen over de brug te halen om naar Belgi\u00eb te komen\u201d, bevestigt De Schutter. Een evolutie die we vooral aan de Scandinavi\u00ebrs te danken hebben \u2013 niet voor niets werd de Vlaamse fictie al getipt als \u2018the new Scandi noir\u2019. \u201cTien jaar geleden was het onmogelijk om in Groot-Brittanni\u00eb een ondertitelde serie te programmeren, maar BBC4 doorbrak dat. Intussen spelen ze zelfs Cordon en Salamander. En ook bij Netflix merk je de evolutie naar niet-Engelstalige programma\u2019s. Het blijft niche, maar de aanvaarding wordt groter.\u201d<\/p>\n<figure id=\"attachment_214366\" aria-describedby=\"caption-attachment-214366\" style=\"width: 5421px\" class=\"wp-caption aligncenter\"><img loading=\"lazy\" decoding=\"async\" class=\"size-full wp-image-214366\" src=\"https:\/\/www.cinevox.be\/wp-content\/uploads\/sites\/2\/2018\/10\/connext-day-4-84-cbeaborgers.jpg\" alt=\"\" width=\"5421\" height=\"3614\" srcset=\"https:\/\/welovecinema.be\/wp-content\/uploads\/sites\/2\/2018\/10\/connext-day-4-84-cbeaborgers.jpg 5421w, https:\/\/welovecinema.be\/wp-content\/uploads\/sites\/2\/2018\/10\/connext-day-4-84-cbeaborgers-405x270.jpg 405w, https:\/\/welovecinema.be\/wp-content\/uploads\/sites\/2\/2018\/10\/connext-day-4-84-cbeaborgers-768x512.jpg 768w, https:\/\/welovecinema.be\/wp-content\/uploads\/sites\/2\/2018\/10\/connext-day-4-84-cbeaborgers-800x533.jpg 800w\" sizes=\"auto, (max-width: 5421px) 100vw, 5421px\" \/><figcaption id=\"caption-attachment-214366\" class=\"wp-caption-text\">&#8216;Zes Dagen&#8217; wint de Perfect Pitch Award. Foto: Bea Borgers<\/figcaption><\/figure>\n<p><strong>Ambassadeurs<\/strong><\/p>\n<p>De Vlaamse film \u00e9n televisiefictie doet het dus stilaan goed op de exportmarkt, al hangt daar ook een belangrijk risico aan vast. Met events zoals CONNeXT worden Vlaamse films dan wel mooi in de kijker gezet, vaak zijn het uiteindelijk de regisseurs en acteurs die een lange carri\u00e8re in het buitenland beschoren zijn.<strong> Tim Mielants, Micha\u00ebl Roskam, Dominique Deruddere, Adil El Arbi en Bilal Fallah, Felix Van Groeningen, Jakob Verbruggen<\/strong>: allemaal vertrokken ze tijdelijk (of iets minder tijdelijk) naar het buitenland voor reeksen als &#8216;Peaky Blinders&#8217; of &#8216;The Drop&#8217;. Tijd of goesting voor nog Vlaamse films, is dan niet altijd evident.<\/p>\n<p>\u201cToch vinden we dat niet per se een probleem\u201d, reageert De Schutter. \u201cWe hebben berekend dat we momenteel 80 \u00e0 100 actieve regisseurs hebben in Vlaanderen, en maar geld voor 7 \u00e0 8 films per jaar. Dat betekent in theorie dat elke regisseur \u00e9\u00e9n speelfilm kan maken om de tien jaar. Projecten in het buitenland geven dan verlichting, dan verdwijnen die regisseurs even van de markt. Bovendien worden het ergens onze ambassadeurs. Als zij in de schijnwerpers staan, willen bewonderaars al snel weten vanwaar ze komen, en welk talent daar nog zit.\u201d<\/p>\n<figure id=\"attachment_214346\" aria-describedby=\"caption-attachment-214346\" style=\"width: 2048px\" class=\"wp-caption aligncenter\"><img loading=\"lazy\" decoding=\"async\" class=\"wp-image-214346 size-full\" src=\"https:\/\/www.cinevox.be\/wp-content\/uploads\/sites\/2\/2018\/10\/27174051_1715635808479815_5681746108601278585_o.jpg\" alt=\"\" width=\"2048\" height=\"1365\" srcset=\"https:\/\/welovecinema.be\/wp-content\/uploads\/sites\/2\/2018\/10\/27174051_1715635808479815_5681746108601278585_o.jpg 2048w, https:\/\/welovecinema.be\/wp-content\/uploads\/sites\/2\/2018\/10\/27174051_1715635808479815_5681746108601278585_o-405x270.jpg 405w, https:\/\/welovecinema.be\/wp-content\/uploads\/sites\/2\/2018\/10\/27174051_1715635808479815_5681746108601278585_o-768x512.jpg 768w, https:\/\/welovecinema.be\/wp-content\/uploads\/sites\/2\/2018\/10\/27174051_1715635808479815_5681746108601278585_o-800x533.jpg 800w\" sizes=\"auto, (max-width: 2048px) 100vw, 2048px\" \/><figcaption id=\"caption-attachment-214346\" class=\"wp-caption-text\">Adil El Arbi en Bilal Fallah zijn nu echte Hollywoodsterren<\/figcaption><\/figure>\n<p><strong>Oscars<\/strong><\/p>\n<p>Voorlopig blijft Flanders Image dus grof geschut inzetten voor de promotie van haar \u2018Belgian Cinema From Flanders\u2019. \u00a0Binnenkort worden dat zelfs echte jumbojets, nu de Oscar-campagne van \u2018Girl\u2019 op volle snelheid begint te draaien. Goed artwork, de juiste stills, genoeg affiches en hier en daar een tactisch etentje \u2013 het blijft van essentieel belang. Al moet De Schutter de die laatste etappe nu vooral aan Netflix overlaten. \u201cZij verdelen de film in Noord- en Zuid-Amerika, dus het wordt nog spannend. Netflix wordt niet door iedereen met gejuich onthaald. Al ligt dat in Amerika wel anders, en brengen ze hem tegelijk in de zalen en online. Sowieso is dat beeldje vooral symbolisch, want de aandacht voor \u2018Girl\u2019 hebben we al dankzij de selectie. Een jaar geleden hoopte Lukas Dhont nog op 20 000 bezoekers in Belgi\u00eb, nu zijn dat er op een week tijd al 50 000.\u201d<\/p>\n<p>Voor Flanders Image is het dus vooral uitkijken naar een tweede \u2018Girl\u2019, die zowel bij het brede publiek als arthouseliefhebbers in de smaak valt. Op\u00a0CONNeXT zag De Schutter alvast enkele kanshebbers. \u201cEr zijn natuurlijk de prijswinnaars, maar ik verwacht ook veel van &#8216;<a href=\"https:\/\/www.cinevox.be\/nl\/211229\/\">Muidhond&#8217;<\/a>. Het is een zeer controversieel onderwerp, maar als <strong>Patrice Toye<\/strong> dat goed heeft aangepakt kan het wel een verrassing zijn. Ook naar<a href=\"https:\/\/www.cinevox.be\/nl\/de-durvers-achter-torpedo\/\"> &#8216;Torpedo&#8217;<\/a> kijk ik uit \u2013 dat is iets totaal anders, echt het jonge geweld, mensen die de limieten opzoeken. Maar ik geloof wel in hun enthousiasme.&#8221;<\/p>\n<p>&#8220;Verder heb ik prachtige beelden gezien van <a href=\"https:\/\/www.cinevox.be\/nl\/gust-van-den-berghe-gestart-met-opnames-vierde-speelfilm-wees-blij-dat-het-regent\/\">de nieuwe <strong>Gust Van den Berghe<\/strong><\/a><strong>,<\/strong> en zit er ook een bijzondere jeugdfilm tussen: \u2018De gebroeders Schim\u2019 van <strong><a href=\"https:\/\/www.cinevox.be\/nl\/81225\/\">Michael en Andrew Van Ostade<\/a>.<\/strong> Het lijken een beetje nerds, maar ze hebben wel al indrukwekkende kortfilms gemaakt. Dat kan zeker aanslaan, en misschien een ruim publiek aanspreken. Want daar doe je het uiteindelijk voor. Soms lukt het, soms niet. Soms heb je er niet eens vat op. Film is geen exacte wetenschap. Hoe goed ik iets ook voorbereid, ik word nog steeds verrast. En dat maakt het net zo uitdagend.\u201d<\/p>\n<figure id=\"attachment_211252\" aria-describedby=\"caption-attachment-211252\" style=\"width: 4032px\" class=\"wp-caption aligncenter\"><img loading=\"lazy\" decoding=\"async\" class=\"wp-image-211252 size-full\" src=\"https:\/\/www.cinevox.be\/wp-content\/uploads\/sites\/2\/2018\/07\/c2335bd4-25fc-447d-a5fa-0c0d3ecefa95.jpeg\" alt=\"\" width=\"4032\" height=\"3024\" srcset=\"https:\/\/welovecinema.be\/wp-content\/uploads\/sites\/2\/2018\/07\/c2335bd4-25fc-447d-a5fa-0c0d3ecefa95.jpeg 4032w, https:\/\/welovecinema.be\/wp-content\/uploads\/sites\/2\/2018\/07\/c2335bd4-25fc-447d-a5fa-0c0d3ecefa95-360x270.jpeg 360w, https:\/\/welovecinema.be\/wp-content\/uploads\/sites\/2\/2018\/07\/c2335bd4-25fc-447d-a5fa-0c0d3ecefa95-768x576.jpeg 768w, https:\/\/welovecinema.be\/wp-content\/uploads\/sites\/2\/2018\/07\/c2335bd4-25fc-447d-a5fa-0c0d3ecefa95-800x600.jpeg 800w\" sizes=\"auto, (max-width: 4032px) 100vw, 4032px\" \/><figcaption id=\"caption-attachment-211252\" class=\"wp-caption-text\">&#8216;Wees blij dat het regent&#8217; is volgens De Schutter veelbelovend<\/figcaption><\/figure>\n","protected":false},"excerpt":{"rendered":"<p>De Vlaamse film doet het beter dan ooit. Prijzen en festivalselecties regenen binnen, \u2018Girl\u2019 dingt mee naar de Oscars en Vlaamse regisseurs zitten aan tafel met de grootste Hollywoodspelers. Een kwestie van talent? Zeker. Maar ook van slimme deals, intensief pamperen en het goede logo op de juiste plaats. Wij spraken Flanders Image-manager Christian De &hellip;<\/p>\n","protected":false},"author":36,"featured_media":214364,"comment_status":"closed","ping_status":"closed","sticky":false,"template":"","format":"standard","meta":{"ngg_post_thumbnail":0,"footnotes":""},"categories":[1069,41,31],"tags":[],"class_list":["post-214345","post","type-post","status-publish","format-standard","has-post-thumbnail","","category-festivals-nl","category-interviews-nl","category-prijzen"],"yoast_head":"<!-- This site is optimized with the Yoast SEO plugin v20.4 - https:\/\/yoast.com\/wordpress\/plugins\/seo\/ -->\n<title>Meer dan een logo: achter de schermen van Flanders Image - We Love Cinema<\/title>\n<meta name=\"robots\" content=\"index, follow, max-snippet:-1, max-image-preview:large, max-video-preview:-1\" \/>\n<link rel=\"canonical\" href=\"https:\/\/welovecinema.be\/nl\/meer-dan-een-logo-achter-de-schermen-van-flanders-image\/\" \/>\n<meta property=\"og:locale\" content=\"nl_NL\" \/>\n<meta property=\"og:type\" content=\"article\" \/>\n<meta property=\"og:title\" content=\"Meer dan een logo: achter de schermen van Flanders Image - We Love Cinema\" \/>\n<meta property=\"og:description\" content=\"De Vlaamse film doet het beter dan ooit. Prijzen en festivalselecties regenen binnen, \u2018Girl\u2019 dingt mee naar de Oscars en Vlaamse regisseurs zitten aan tafel met de grootste Hollywoodspelers. Een kwestie van talent? Zeker. Maar ook van slimme deals, intensief pamperen en het goede logo op de juiste plaats. Wij spraken Flanders Image-manager Christian De &hellip;\" \/>\n<meta property=\"og:url\" content=\"https:\/\/welovecinema.be\/nl\/meer-dan-een-logo-achter-de-schermen-van-flanders-image\/\" \/>\n<meta property=\"og:site_name\" content=\"We Love Cinema\" \/>\n<meta property=\"article:publisher\" content=\"https:\/\/www.facebook.com\/welovecinema.be\" \/>\n<meta property=\"article:published_time\" content=\"2018-10-27T09:37:14+00:00\" \/>\n<meta property=\"article:modified_time\" content=\"2018-10-28T17:06:25+00:00\" \/>\n<meta property=\"og:image\" content=\"https:\/\/welovecinema.be\/wp-content\/uploads\/sites\/2\/2018\/10\/connext-day-2-93-cbeaborgers.jpg\" \/>\n\t<meta property=\"og:image:width\" content=\"4993\" \/>\n\t<meta property=\"og:image:height\" content=\"3329\" \/>\n\t<meta property=\"og:image:type\" content=\"image\/jpeg\" \/>\n<meta name=\"author\" content=\"Laurent\" \/>\n<meta name=\"twitter:card\" content=\"summary_large_image\" \/>\n<meta name=\"twitter:label1\" content=\"Geschreven door\" \/>\n\t<meta name=\"twitter:data1\" content=\"Laurent\" \/>\n\t<meta name=\"twitter:label2\" content=\"Geschatte leestijd\" \/>\n\t<meta name=\"twitter:data2\" content=\"7 minuten\" \/>\n<script type=\"application\/ld+json\" class=\"yoast-schema-graph\">{\"@context\":\"https:\/\/schema.org\",\"@graph\":[{\"@type\":\"Article\",\"@id\":\"https:\/\/welovecinema.be\/nl\/meer-dan-een-logo-achter-de-schermen-van-flanders-image\/#article\",\"isPartOf\":{\"@id\":\"https:\/\/welovecinema.be\/nl\/meer-dan-een-logo-achter-de-schermen-van-flanders-image\/\"},\"author\":{\"name\":\"Laurent\",\"@id\":\"https:\/\/welovecinema.be\/nl\/#\/schema\/person\/a07110839d59a016cbd2294e2aca8352\"},\"headline\":\"Meer dan een logo: achter de schermen van Flanders Image\",\"datePublished\":\"2018-10-27T09:37:14+00:00\",\"dateModified\":\"2018-10-28T17:06:25+00:00\",\"mainEntityOfPage\":{\"@id\":\"https:\/\/welovecinema.be\/nl\/meer-dan-een-logo-achter-de-schermen-van-flanders-image\/\"},\"wordCount\":1339,\"publisher\":{\"@id\":\"https:\/\/welovecinema.be\/nl\/#organization\"},\"articleSection\":[\"Festivals\",\"Interviews\",\"Prijzen\"],\"inLanguage\":\"nl-NL\"},{\"@type\":\"WebPage\",\"@id\":\"https:\/\/welovecinema.be\/nl\/meer-dan-een-logo-achter-de-schermen-van-flanders-image\/\",\"url\":\"https:\/\/welovecinema.be\/nl\/meer-dan-een-logo-achter-de-schermen-van-flanders-image\/\",\"name\":\"Meer dan een logo: achter de schermen van Flanders Image - We Love Cinema\",\"isPartOf\":{\"@id\":\"https:\/\/welovecinema.be\/nl\/#website\"},\"datePublished\":\"2018-10-27T09:37:14+00:00\",\"dateModified\":\"2018-10-28T17:06:25+00:00\",\"breadcrumb\":{\"@id\":\"https:\/\/welovecinema.be\/nl\/meer-dan-een-logo-achter-de-schermen-van-flanders-image\/#breadcrumb\"},\"inLanguage\":\"nl-NL\",\"potentialAction\":[{\"@type\":\"ReadAction\",\"target\":[\"https:\/\/welovecinema.be\/nl\/meer-dan-een-logo-achter-de-schermen-van-flanders-image\/\"]}]},{\"@type\":\"BreadcrumbList\",\"@id\":\"https:\/\/welovecinema.be\/nl\/meer-dan-een-logo-achter-de-schermen-van-flanders-image\/#breadcrumb\",\"itemListElement\":[{\"@type\":\"ListItem\",\"position\":1,\"name\":\"Accueil\",\"item\":\"https:\/\/welovecinema.be\/nl\/\"},{\"@type\":\"ListItem\",\"position\":2,\"name\":\"Meer dan een logo: achter de schermen van Flanders Image\"}]},{\"@type\":\"WebSite\",\"@id\":\"https:\/\/welovecinema.be\/nl\/#website\",\"url\":\"https:\/\/welovecinema.be\/nl\/\",\"name\":\"We Love Cinema\",\"description\":\"Toute l\u2019information du cin\u00e9ma en Belgique\",\"publisher\":{\"@id\":\"https:\/\/welovecinema.be\/nl\/#organization\"},\"potentialAction\":[{\"@type\":\"SearchAction\",\"target\":{\"@type\":\"EntryPoint\",\"urlTemplate\":\"https:\/\/welovecinema.be\/nl\/?s={search_term_string}\"},\"query-input\":\"required name=search_term_string\"}],\"inLanguage\":\"nl-NL\"},{\"@type\":\"Organization\",\"@id\":\"https:\/\/welovecinema.be\/nl\/#organization\",\"name\":\"We Love Cinema\",\"url\":\"https:\/\/welovecinema.be\/nl\/\",\"logo\":{\"@type\":\"ImageObject\",\"inLanguage\":\"nl-NL\",\"@id\":\"https:\/\/welovecinema.be\/nl\/#\/schema\/logo\/image\/\",\"url\":\"https:\/\/welovecinema.be\/wp-content\/uploads\/sites\/2\/2023\/03\/Logo-We-Love-Cinema305x128.jpg\",\"contentUrl\":\"https:\/\/welovecinema.be\/wp-content\/uploads\/sites\/2\/2023\/03\/Logo-We-Love-Cinema305x128.jpg\",\"width\":305,\"height\":128,\"caption\":\"We Love Cinema\"},\"image\":{\"@id\":\"https:\/\/welovecinema.be\/nl\/#\/schema\/logo\/image\/\"},\"sameAs\":[\"https:\/\/www.facebook.com\/welovecinema.be\",\"https:\/\/www.youtube.com\/channel\/UCX5LYGVhnKvYauW4Nta4HJA\",\"https:\/\/www.instagram.com\/welovecinema.be\/\"]},{\"@type\":\"Person\",\"@id\":\"https:\/\/welovecinema.be\/nl\/#\/schema\/person\/a07110839d59a016cbd2294e2aca8352\",\"name\":\"Laurent\",\"sameAs\":[\"http:\/\/www.facebook.com\/laurent.jans\"],\"url\":\"https:\/\/welovecinema.be\/nl\/author\/laurent-jans\/\"}]}<\/script>\n<!-- \/ Yoast SEO plugin. -->","yoast_head_json":{"title":"Meer dan een logo: achter de schermen van Flanders Image - We Love Cinema","robots":{"index":"index","follow":"follow","max-snippet":"max-snippet:-1","max-image-preview":"max-image-preview:large","max-video-preview":"max-video-preview:-1"},"canonical":"https:\/\/welovecinema.be\/nl\/meer-dan-een-logo-achter-de-schermen-van-flanders-image\/","og_locale":"nl_NL","og_type":"article","og_title":"Meer dan een logo: achter de schermen van Flanders Image - We Love Cinema","og_description":"De Vlaamse film doet het beter dan ooit. Prijzen en festivalselecties regenen binnen, \u2018Girl\u2019 dingt mee naar de Oscars en Vlaamse regisseurs zitten aan tafel met de grootste Hollywoodspelers. Een kwestie van talent? Zeker. Maar ook van slimme deals, intensief pamperen en het goede logo op de juiste plaats. Wij spraken Flanders Image-manager Christian De &hellip;","og_url":"https:\/\/welovecinema.be\/nl\/meer-dan-een-logo-achter-de-schermen-van-flanders-image\/","og_site_name":"We Love Cinema","article_publisher":"https:\/\/www.facebook.com\/welovecinema.be","article_published_time":"2018-10-27T09:37:14+00:00","article_modified_time":"2018-10-28T17:06:25+00:00","og_image":[{"width":4993,"height":3329,"url":"https:\/\/welovecinema.be\/wp-content\/uploads\/sites\/2\/2018\/10\/connext-day-2-93-cbeaborgers.jpg","type":"image\/jpeg"}],"author":"Laurent","twitter_card":"summary_large_image","twitter_misc":{"Geschreven door":"Laurent","Geschatte leestijd":"7 minuten"},"schema":{"@context":"https:\/\/schema.org","@graph":[{"@type":"Article","@id":"https:\/\/welovecinema.be\/nl\/meer-dan-een-logo-achter-de-schermen-van-flanders-image\/#article","isPartOf":{"@id":"https:\/\/welovecinema.be\/nl\/meer-dan-een-logo-achter-de-schermen-van-flanders-image\/"},"author":{"name":"Laurent","@id":"https:\/\/welovecinema.be\/nl\/#\/schema\/person\/a07110839d59a016cbd2294e2aca8352"},"headline":"Meer dan een logo: achter de schermen van Flanders Image","datePublished":"2018-10-27T09:37:14+00:00","dateModified":"2018-10-28T17:06:25+00:00","mainEntityOfPage":{"@id":"https:\/\/welovecinema.be\/nl\/meer-dan-een-logo-achter-de-schermen-van-flanders-image\/"},"wordCount":1339,"publisher":{"@id":"https:\/\/welovecinema.be\/nl\/#organization"},"articleSection":["Festivals","Interviews","Prijzen"],"inLanguage":"nl-NL"},{"@type":"WebPage","@id":"https:\/\/welovecinema.be\/nl\/meer-dan-een-logo-achter-de-schermen-van-flanders-image\/","url":"https:\/\/welovecinema.be\/nl\/meer-dan-een-logo-achter-de-schermen-van-flanders-image\/","name":"Meer dan een logo: achter de schermen van Flanders Image - We Love Cinema","isPartOf":{"@id":"https:\/\/welovecinema.be\/nl\/#website"},"datePublished":"2018-10-27T09:37:14+00:00","dateModified":"2018-10-28T17:06:25+00:00","breadcrumb":{"@id":"https:\/\/welovecinema.be\/nl\/meer-dan-een-logo-achter-de-schermen-van-flanders-image\/#breadcrumb"},"inLanguage":"nl-NL","potentialAction":[{"@type":"ReadAction","target":["https:\/\/welovecinema.be\/nl\/meer-dan-een-logo-achter-de-schermen-van-flanders-image\/"]}]},{"@type":"BreadcrumbList","@id":"https:\/\/welovecinema.be\/nl\/meer-dan-een-logo-achter-de-schermen-van-flanders-image\/#breadcrumb","itemListElement":[{"@type":"ListItem","position":1,"name":"Accueil","item":"https:\/\/welovecinema.be\/nl\/"},{"@type":"ListItem","position":2,"name":"Meer dan een logo: achter de schermen van Flanders Image"}]},{"@type":"WebSite","@id":"https:\/\/welovecinema.be\/nl\/#website","url":"https:\/\/welovecinema.be\/nl\/","name":"We Love Cinema","description":"Toute l\u2019information du cin\u00e9ma en Belgique","publisher":{"@id":"https:\/\/welovecinema.be\/nl\/#organization"},"potentialAction":[{"@type":"SearchAction","target":{"@type":"EntryPoint","urlTemplate":"https:\/\/welovecinema.be\/nl\/?s={search_term_string}"},"query-input":"required name=search_term_string"}],"inLanguage":"nl-NL"},{"@type":"Organization","@id":"https:\/\/welovecinema.be\/nl\/#organization","name":"We Love Cinema","url":"https:\/\/welovecinema.be\/nl\/","logo":{"@type":"ImageObject","inLanguage":"nl-NL","@id":"https:\/\/welovecinema.be\/nl\/#\/schema\/logo\/image\/","url":"https:\/\/welovecinema.be\/wp-content\/uploads\/sites\/2\/2023\/03\/Logo-We-Love-Cinema305x128.jpg","contentUrl":"https:\/\/welovecinema.be\/wp-content\/uploads\/sites\/2\/2023\/03\/Logo-We-Love-Cinema305x128.jpg","width":305,"height":128,"caption":"We Love Cinema"},"image":{"@id":"https:\/\/welovecinema.be\/nl\/#\/schema\/logo\/image\/"},"sameAs":["https:\/\/www.facebook.com\/welovecinema.be","https:\/\/www.youtube.com\/channel\/UCX5LYGVhnKvYauW4Nta4HJA","https:\/\/www.instagram.com\/welovecinema.be\/"]},{"@type":"Person","@id":"https:\/\/welovecinema.be\/nl\/#\/schema\/person\/a07110839d59a016cbd2294e2aca8352","name":"Laurent","sameAs":["http:\/\/www.facebook.com\/laurent.jans"],"url":"https:\/\/welovecinema.be\/nl\/author\/laurent-jans\/"}]}},"_links":{"self":[{"href":"https:\/\/welovecinema.be\/nl\/wp-json\/wp\/v2\/posts\/214345","targetHints":{"allow":["GET"]}}],"collection":[{"href":"https:\/\/welovecinema.be\/nl\/wp-json\/wp\/v2\/posts"}],"about":[{"href":"https:\/\/welovecinema.be\/nl\/wp-json\/wp\/v2\/types\/post"}],"author":[{"embeddable":true,"href":"https:\/\/welovecinema.be\/nl\/wp-json\/wp\/v2\/users\/36"}],"replies":[{"embeddable":true,"href":"https:\/\/welovecinema.be\/nl\/wp-json\/wp\/v2\/comments?post=214345"}],"version-history":[{"count":0,"href":"https:\/\/welovecinema.be\/nl\/wp-json\/wp\/v2\/posts\/214345\/revisions"}],"wp:featuredmedia":[{"embeddable":true,"href":"https:\/\/welovecinema.be\/nl\/wp-json\/wp\/v2\/media\/214364"}],"wp:attachment":[{"href":"https:\/\/welovecinema.be\/nl\/wp-json\/wp\/v2\/media?parent=214345"}],"wp:term":[{"taxonomy":"category","embeddable":true,"href":"https:\/\/welovecinema.be\/nl\/wp-json\/wp\/v2\/categories?post=214345"},{"taxonomy":"post_tag","embeddable":true,"href":"https:\/\/welovecinema.be\/nl\/wp-json\/wp\/v2\/tags?post=214345"}],"curies":[{"name":"wp","href":"https:\/\/api.w.org\/{rel}","templated":true}]}}