{"id":212968,"date":"2018-09-06T11:54:13","date_gmt":"2018-09-06T09:54:13","guid":{"rendered":"https:\/\/www.cinevox.be\/?p=212968"},"modified":"2018-09-06T11:54:13","modified_gmt":"2018-09-06T09:54:13","slug":"eerste-teaser-kursk-van-thomas-vinterberg-met-matthias-schoenaerts","status":"publish","type":"post","link":"https:\/\/welovecinema.be\/nl\/eerste-teaser-kursk-van-thomas-vinterberg-met-matthias-schoenaerts\/","title":{"rendered":"Eerste teaser &#8216;Kursk&#8217; van Thomas Vinterberg met Matthias Schoenaerts"},"content":{"rendered":"<p><strong>Vandaag gaat in Canada het Filmfestival van Toronto van start. \u00a0Daar beleeft ook de historische actiefilm <em>&#8216;Kursk&#8217;<\/em> van de Deense Thomas Vinterberg\u00a0(&#8216;<em>Festen&#8217;<\/em>, &#8216;<em>Jagten&#8217;<\/em>) zijn wereldpremi\u00e8re. En zo is er ook een eerste teaser is gelost van de film over de ramp met de gelijknamige Russische onderzee\u00ebr, die in 2000 zonk naar de bodem van de Barentszee.\u00a0Naast\u00a0Matthias Schoenaerts zien we onder meer\u00a0Colin Firth, L\u00e9a Seydoux, Max von Sydow en Michael Nyqvist.<\/strong><\/p>\n<p><!--more--><\/p>\n<p>&#8216;Kursk&#8217; is een verfilming van <em>&#8216;A\u00a0Time To Die&#8217;<\/em>, een boek uit 2002 van<strong> Robert Moore<\/strong> dat verslag doet van de ramp met de K-141 Kursk-onderzee\u00ebr van de Russische marine die in 2000 in de Barentszee zonk na enkele krachtige explosies aan boord. 118 bemanningsleden verloren onmiddellijk het leven. De film speelt zich af tijdens de laatste uren van 23 zeemannen die de eerste explosies overleefden en wanhopig wachtten op hulp terwijl het zuurstofniveau bleef dalen.<\/p>\n<p>Matthias Schoenaerts is te zien in de rol van\u00a0Mikhail Kalekov, kapitein-luitenant van de onderzee\u00ebr. Naast de internationale sterrencast zien we in de bijrollen ook de Vlaamse acteurs <strong>Tijmen Govaerts<\/strong>, <strong>Guido De Craene<\/strong>, <strong>Danny Van Meenen<\/strong>, <strong>Kristof Coenen<\/strong> en <strong>Tom De Vreese<\/strong>.<\/p>\n<p><em>&#8216;Kursk&#8217;<\/em> is een coproductie van EuropaCorp (Frankrijk),\u00a0VIA EST (Luxemburg) en Belga Productions (Belgi\u00eb). De film werd van april 2017 tot juli 2017 opgenomen op locaties in Belgi\u00eb, Frankrijk en Noorwegen. De omvangrijke onderwatersc\u00e8nes zijn gedraaid in de AED Studios in Lint, met materiaal en crewleden van het Vlaamse Cinediving.<\/p>\n<p>De Belgische premi\u00e8re van de film vindt plaats op het Film Fest Gent. Op 7 november komt<em> &#8216;Kursk&#8217; <\/em>in Belgi\u00eb en Frankrijk in de zalen, een dag later ook in Nederland.<\/p>\n<p>Zie ook:<\/p>\n<p><a href=\"https:\/\/www.cinevox.be\/nl\/matthias-schoenaerts-kursk\/\">Matthias Schoenaerts over &#8216;Kursk&#8217;<\/a><\/p>\n<p><a href=\"https:\/\/www.cinevox.be\/nl\/thomas-vinterberg-draait-kursk-matthias-schoenaerts-lint\/\">Thomas Vinterberg draait &#8216;Kursk&#8217; in Lint<\/a><\/p>\n<p><img loading=\"lazy\" decoding=\"async\" class=\"alignright size-full wp-image-212191\" src=\"https:\/\/www.cinevox.be\/wp-content\/uploads\/sites\/2\/2018\/08\/Kursk-Matthias-SChoenaerts.jpg\" alt=\"\" width=\"960\" height=\"480\" srcset=\"https:\/\/welovecinema.be\/wp-content\/uploads\/sites\/2\/2018\/08\/Kursk-Matthias-SChoenaerts.jpg 960w, https:\/\/welovecinema.be\/wp-content\/uploads\/sites\/2\/2018\/08\/Kursk-Matthias-SChoenaerts-480x240.jpg 480w, https:\/\/welovecinema.be\/wp-content\/uploads\/sites\/2\/2018\/08\/Kursk-Matthias-SChoenaerts-768x384.jpg 768w, https:\/\/welovecinema.be\/wp-content\/uploads\/sites\/2\/2018\/08\/Kursk-Matthias-SChoenaerts-800x400.jpg 800w, https:\/\/welovecinema.be\/wp-content\/uploads\/sites\/2\/2018\/08\/Kursk-Matthias-SChoenaerts-660x330.jpg 660w\" sizes=\"auto, (max-width: 960px) 100vw, 960px\" \/><\/p>\n","protected":false},"excerpt":{"rendered":"<p>Vandaag gaat in Canada het Filmfestival van Toronto van start. \u00a0Daar beleeft ook de historische actiefilm &#8216;Kursk&#8217; van de Deense Thomas Vinterberg\u00a0(&#8216;Festen&#8217;, &#8216;Jagten&#8217;) zijn wereldpremi\u00e8re. En zo is er ook een eerste teaser is gelost van de film over de ramp met de gelijknamige Russische onderzee\u00ebr, die in 2000 zonk naar de bodem van de &hellip;<\/p>\n","protected":false},"author":8,"featured_media":212200,"comment_status":"closed","ping_status":"closed","sticky":false,"template":"","format":"standard","meta":{"ngg_post_thumbnail":0,"footnotes":""},"categories":[54,1069],"tags":[],"class_list":["post-212968","post","type-post","status-publish","format-standard","has-post-thumbnail","","category-binnenkort","category-festivals-nl"],"yoast_head":"<!-- This site is optimized with the Yoast SEO plugin v20.4 - https:\/\/yoast.com\/wordpress\/plugins\/seo\/ -->\n<title>Eerste teaser &#039;Kursk&#039; van Thomas Vinterberg met Matthias Schoenaerts - We Love Cinema<\/title>\n<meta name=\"robots\" content=\"index, follow, max-snippet:-1, max-image-preview:large, max-video-preview:-1\" \/>\n<link rel=\"canonical\" href=\"https:\/\/welovecinema.be\/nl\/eerste-teaser-kursk-van-thomas-vinterberg-met-matthias-schoenaerts\/\" \/>\n<meta property=\"og:locale\" content=\"nl_NL\" \/>\n<meta property=\"og:type\" content=\"article\" \/>\n<meta property=\"og:title\" content=\"Eerste teaser &#039;Kursk&#039; van Thomas Vinterberg met Matthias Schoenaerts - We Love Cinema\" \/>\n<meta property=\"og:description\" content=\"Vandaag gaat in Canada het Filmfestival van Toronto van start. \u00a0Daar beleeft ook de historische actiefilm &#8216;Kursk&#8217; van de Deense Thomas Vinterberg\u00a0(&#8216;Festen&#8217;, &#8216;Jagten&#8217;) zijn wereldpremi\u00e8re. En zo is er ook een eerste teaser is gelost van de film over de ramp met de gelijknamige Russische onderzee\u00ebr, die in 2000 zonk naar de bodem van de &hellip;\" \/>\n<meta property=\"og:url\" content=\"https:\/\/welovecinema.be\/nl\/eerste-teaser-kursk-van-thomas-vinterberg-met-matthias-schoenaerts\/\" \/>\n<meta property=\"og:site_name\" content=\"We Love Cinema\" \/>\n<meta property=\"article:publisher\" content=\"https:\/\/www.facebook.com\/welovecinema.be\" \/>\n<meta property=\"article:published_time\" content=\"2018-09-06T09:54:13+00:00\" \/>\n<meta property=\"og:image\" content=\"https:\/\/welovecinema.be\/wp-content\/uploads\/sites\/2\/2018\/08\/kursk_03.jpg\" \/>\n\t<meta property=\"og:image:width\" content=\"1200\" \/>\n\t<meta property=\"og:image:height\" content=\"600\" \/>\n\t<meta property=\"og:image:type\" content=\"image\/jpeg\" \/>\n<meta name=\"author\" content=\"Kurt.Vandemaele\" \/>\n<meta name=\"twitter:card\" content=\"summary_large_image\" \/>\n<meta name=\"twitter:label1\" content=\"Geschreven door\" \/>\n\t<meta name=\"twitter:data1\" content=\"Kurt.Vandemaele\" \/>\n\t<meta name=\"twitter:label2\" content=\"Geschatte leestijd\" \/>\n\t<meta name=\"twitter:data2\" content=\"1 minuut\" \/>\n<script type=\"application\/ld+json\" class=\"yoast-schema-graph\">{\"@context\":\"https:\/\/schema.org\",\"@graph\":[{\"@type\":\"Article\",\"@id\":\"https:\/\/welovecinema.be\/nl\/eerste-teaser-kursk-van-thomas-vinterberg-met-matthias-schoenaerts\/#article\",\"isPartOf\":{\"@id\":\"https:\/\/welovecinema.be\/nl\/eerste-teaser-kursk-van-thomas-vinterberg-met-matthias-schoenaerts\/\"},\"author\":{\"name\":\"Kurt.Vandemaele\",\"@id\":\"https:\/\/welovecinema.be\/nl\/#\/schema\/person\/f475ac81c30903d8505475024494c658\"},\"headline\":\"Eerste teaser &#8216;Kursk&#8217; van Thomas Vinterberg met Matthias Schoenaerts\",\"datePublished\":\"2018-09-06T09:54:13+00:00\",\"dateModified\":\"2018-09-06T09:54:13+00:00\",\"mainEntityOfPage\":{\"@id\":\"https:\/\/welovecinema.be\/nl\/eerste-teaser-kursk-van-thomas-vinterberg-met-matthias-schoenaerts\/\"},\"wordCount\":293,\"publisher\":{\"@id\":\"https:\/\/welovecinema.be\/nl\/#organization\"},\"articleSection\":[\"Binnenkort\",\"Festivals\"],\"inLanguage\":\"nl-NL\"},{\"@type\":\"WebPage\",\"@id\":\"https:\/\/welovecinema.be\/nl\/eerste-teaser-kursk-van-thomas-vinterberg-met-matthias-schoenaerts\/\",\"url\":\"https:\/\/welovecinema.be\/nl\/eerste-teaser-kursk-van-thomas-vinterberg-met-matthias-schoenaerts\/\",\"name\":\"Eerste teaser 'Kursk' van Thomas Vinterberg met Matthias Schoenaerts - We Love Cinema\",\"isPartOf\":{\"@id\":\"https:\/\/welovecinema.be\/nl\/#website\"},\"datePublished\":\"2018-09-06T09:54:13+00:00\",\"dateModified\":\"2018-09-06T09:54:13+00:00\",\"breadcrumb\":{\"@id\":\"https:\/\/welovecinema.be\/nl\/eerste-teaser-kursk-van-thomas-vinterberg-met-matthias-schoenaerts\/#breadcrumb\"},\"inLanguage\":\"nl-NL\",\"potentialAction\":[{\"@type\":\"ReadAction\",\"target\":[\"https:\/\/welovecinema.be\/nl\/eerste-teaser-kursk-van-thomas-vinterberg-met-matthias-schoenaerts\/\"]}]},{\"@type\":\"BreadcrumbList\",\"@id\":\"https:\/\/welovecinema.be\/nl\/eerste-teaser-kursk-van-thomas-vinterberg-met-matthias-schoenaerts\/#breadcrumb\",\"itemListElement\":[{\"@type\":\"ListItem\",\"position\":1,\"name\":\"Accueil\",\"item\":\"https:\/\/welovecinema.be\/nl\/\"},{\"@type\":\"ListItem\",\"position\":2,\"name\":\"Eerste teaser &#8216;Kursk&#8217; van Thomas Vinterberg met Matthias Schoenaerts\"}]},{\"@type\":\"WebSite\",\"@id\":\"https:\/\/welovecinema.be\/nl\/#website\",\"url\":\"https:\/\/welovecinema.be\/nl\/\",\"name\":\"We Love Cinema\",\"description\":\"Toute l\u2019information du cin\u00e9ma en Belgique\",\"publisher\":{\"@id\":\"https:\/\/welovecinema.be\/nl\/#organization\"},\"potentialAction\":[{\"@type\":\"SearchAction\",\"target\":{\"@type\":\"EntryPoint\",\"urlTemplate\":\"https:\/\/welovecinema.be\/nl\/?s={search_term_string}\"},\"query-input\":\"required name=search_term_string\"}],\"inLanguage\":\"nl-NL\"},{\"@type\":\"Organization\",\"@id\":\"https:\/\/welovecinema.be\/nl\/#organization\",\"name\":\"We Love Cinema\",\"url\":\"https:\/\/welovecinema.be\/nl\/\",\"logo\":{\"@type\":\"ImageObject\",\"inLanguage\":\"nl-NL\",\"@id\":\"https:\/\/welovecinema.be\/nl\/#\/schema\/logo\/image\/\",\"url\":\"https:\/\/welovecinema.be\/wp-content\/uploads\/sites\/2\/2023\/03\/Logo-We-Love-Cinema305x128.jpg\",\"contentUrl\":\"https:\/\/welovecinema.be\/wp-content\/uploads\/sites\/2\/2023\/03\/Logo-We-Love-Cinema305x128.jpg\",\"width\":305,\"height\":128,\"caption\":\"We Love Cinema\"},\"image\":{\"@id\":\"https:\/\/welovecinema.be\/nl\/#\/schema\/logo\/image\/\"},\"sameAs\":[\"https:\/\/www.facebook.com\/welovecinema.be\",\"https:\/\/www.youtube.com\/channel\/UCX5LYGVhnKvYauW4Nta4HJA\",\"https:\/\/www.instagram.com\/welovecinema.be\/\"]},{\"@type\":\"Person\",\"@id\":\"https:\/\/welovecinema.be\/nl\/#\/schema\/person\/f475ac81c30903d8505475024494c658\",\"name\":\"Kurt.Vandemaele\",\"url\":\"https:\/\/welovecinema.be\/nl\/author\/kurt-vandemaele\/\"}]}<\/script>\n<!-- \/ Yoast SEO plugin. -->","yoast_head_json":{"title":"Eerste teaser 'Kursk' van Thomas Vinterberg met Matthias Schoenaerts - We Love Cinema","robots":{"index":"index","follow":"follow","max-snippet":"max-snippet:-1","max-image-preview":"max-image-preview:large","max-video-preview":"max-video-preview:-1"},"canonical":"https:\/\/welovecinema.be\/nl\/eerste-teaser-kursk-van-thomas-vinterberg-met-matthias-schoenaerts\/","og_locale":"nl_NL","og_type":"article","og_title":"Eerste teaser 'Kursk' van Thomas Vinterberg met Matthias Schoenaerts - We Love Cinema","og_description":"Vandaag gaat in Canada het Filmfestival van Toronto van start. \u00a0Daar beleeft ook de historische actiefilm &#8216;Kursk&#8217; van de Deense Thomas Vinterberg\u00a0(&#8216;Festen&#8217;, &#8216;Jagten&#8217;) zijn wereldpremi\u00e8re. En zo is er ook een eerste teaser is gelost van de film over de ramp met de gelijknamige Russische onderzee\u00ebr, die in 2000 zonk naar de bodem van de &hellip;","og_url":"https:\/\/welovecinema.be\/nl\/eerste-teaser-kursk-van-thomas-vinterberg-met-matthias-schoenaerts\/","og_site_name":"We Love Cinema","article_publisher":"https:\/\/www.facebook.com\/welovecinema.be","article_published_time":"2018-09-06T09:54:13+00:00","og_image":[{"width":1200,"height":600,"url":"https:\/\/welovecinema.be\/wp-content\/uploads\/sites\/2\/2018\/08\/kursk_03.jpg","type":"image\/jpeg"}],"author":"Kurt.Vandemaele","twitter_card":"summary_large_image","twitter_misc":{"Geschreven door":"Kurt.Vandemaele","Geschatte leestijd":"1 minuut"},"schema":{"@context":"https:\/\/schema.org","@graph":[{"@type":"Article","@id":"https:\/\/welovecinema.be\/nl\/eerste-teaser-kursk-van-thomas-vinterberg-met-matthias-schoenaerts\/#article","isPartOf":{"@id":"https:\/\/welovecinema.be\/nl\/eerste-teaser-kursk-van-thomas-vinterberg-met-matthias-schoenaerts\/"},"author":{"name":"Kurt.Vandemaele","@id":"https:\/\/welovecinema.be\/nl\/#\/schema\/person\/f475ac81c30903d8505475024494c658"},"headline":"Eerste teaser &#8216;Kursk&#8217; van Thomas Vinterberg met Matthias Schoenaerts","datePublished":"2018-09-06T09:54:13+00:00","dateModified":"2018-09-06T09:54:13+00:00","mainEntityOfPage":{"@id":"https:\/\/welovecinema.be\/nl\/eerste-teaser-kursk-van-thomas-vinterberg-met-matthias-schoenaerts\/"},"wordCount":293,"publisher":{"@id":"https:\/\/welovecinema.be\/nl\/#organization"},"articleSection":["Binnenkort","Festivals"],"inLanguage":"nl-NL"},{"@type":"WebPage","@id":"https:\/\/welovecinema.be\/nl\/eerste-teaser-kursk-van-thomas-vinterberg-met-matthias-schoenaerts\/","url":"https:\/\/welovecinema.be\/nl\/eerste-teaser-kursk-van-thomas-vinterberg-met-matthias-schoenaerts\/","name":"Eerste teaser 'Kursk' van Thomas Vinterberg met Matthias Schoenaerts - We Love Cinema","isPartOf":{"@id":"https:\/\/welovecinema.be\/nl\/#website"},"datePublished":"2018-09-06T09:54:13+00:00","dateModified":"2018-09-06T09:54:13+00:00","breadcrumb":{"@id":"https:\/\/welovecinema.be\/nl\/eerste-teaser-kursk-van-thomas-vinterberg-met-matthias-schoenaerts\/#breadcrumb"},"inLanguage":"nl-NL","potentialAction":[{"@type":"ReadAction","target":["https:\/\/welovecinema.be\/nl\/eerste-teaser-kursk-van-thomas-vinterberg-met-matthias-schoenaerts\/"]}]},{"@type":"BreadcrumbList","@id":"https:\/\/welovecinema.be\/nl\/eerste-teaser-kursk-van-thomas-vinterberg-met-matthias-schoenaerts\/#breadcrumb","itemListElement":[{"@type":"ListItem","position":1,"name":"Accueil","item":"https:\/\/welovecinema.be\/nl\/"},{"@type":"ListItem","position":2,"name":"Eerste teaser &#8216;Kursk&#8217; van Thomas Vinterberg met Matthias Schoenaerts"}]},{"@type":"WebSite","@id":"https:\/\/welovecinema.be\/nl\/#website","url":"https:\/\/welovecinema.be\/nl\/","name":"We Love Cinema","description":"Toute l\u2019information du cin\u00e9ma en Belgique","publisher":{"@id":"https:\/\/welovecinema.be\/nl\/#organization"},"potentialAction":[{"@type":"SearchAction","target":{"@type":"EntryPoint","urlTemplate":"https:\/\/welovecinema.be\/nl\/?s={search_term_string}"},"query-input":"required name=search_term_string"}],"inLanguage":"nl-NL"},{"@type":"Organization","@id":"https:\/\/welovecinema.be\/nl\/#organization","name":"We Love Cinema","url":"https:\/\/welovecinema.be\/nl\/","logo":{"@type":"ImageObject","inLanguage":"nl-NL","@id":"https:\/\/welovecinema.be\/nl\/#\/schema\/logo\/image\/","url":"https:\/\/welovecinema.be\/wp-content\/uploads\/sites\/2\/2023\/03\/Logo-We-Love-Cinema305x128.jpg","contentUrl":"https:\/\/welovecinema.be\/wp-content\/uploads\/sites\/2\/2023\/03\/Logo-We-Love-Cinema305x128.jpg","width":305,"height":128,"caption":"We Love Cinema"},"image":{"@id":"https:\/\/welovecinema.be\/nl\/#\/schema\/logo\/image\/"},"sameAs":["https:\/\/www.facebook.com\/welovecinema.be","https:\/\/www.youtube.com\/channel\/UCX5LYGVhnKvYauW4Nta4HJA","https:\/\/www.instagram.com\/welovecinema.be\/"]},{"@type":"Person","@id":"https:\/\/welovecinema.be\/nl\/#\/schema\/person\/f475ac81c30903d8505475024494c658","name":"Kurt.Vandemaele","url":"https:\/\/welovecinema.be\/nl\/author\/kurt-vandemaele\/"}]}},"_links":{"self":[{"href":"https:\/\/welovecinema.be\/nl\/wp-json\/wp\/v2\/posts\/212968","targetHints":{"allow":["GET"]}}],"collection":[{"href":"https:\/\/welovecinema.be\/nl\/wp-json\/wp\/v2\/posts"}],"about":[{"href":"https:\/\/welovecinema.be\/nl\/wp-json\/wp\/v2\/types\/post"}],"author":[{"embeddable":true,"href":"https:\/\/welovecinema.be\/nl\/wp-json\/wp\/v2\/users\/8"}],"replies":[{"embeddable":true,"href":"https:\/\/welovecinema.be\/nl\/wp-json\/wp\/v2\/comments?post=212968"}],"version-history":[{"count":0,"href":"https:\/\/welovecinema.be\/nl\/wp-json\/wp\/v2\/posts\/212968\/revisions"}],"wp:featuredmedia":[{"embeddable":true,"href":"https:\/\/welovecinema.be\/nl\/wp-json\/wp\/v2\/media\/212200"}],"wp:attachment":[{"href":"https:\/\/welovecinema.be\/nl\/wp-json\/wp\/v2\/media?parent=212968"}],"wp:term":[{"taxonomy":"category","embeddable":true,"href":"https:\/\/welovecinema.be\/nl\/wp-json\/wp\/v2\/categories?post=212968"},{"taxonomy":"post_tag","embeddable":true,"href":"https:\/\/welovecinema.be\/nl\/wp-json\/wp\/v2\/tags?post=212968"}],"curies":[{"name":"wp","href":"https:\/\/api.w.org\/{rel}","templated":true}]}}