{"id":212409,"date":"2018-08-21T16:22:35","date_gmt":"2018-08-21T14:22:35","guid":{"rendered":"https:\/\/www.cinevox.be\/?p=212409"},"modified":"2018-08-21T16:27:06","modified_gmt":"2018-08-21T14:27:06","slug":"girl-van-lukas-dhont-nu-ook-naar-toronto","status":"publish","type":"post","link":"https:\/\/welovecinema.be\/nl\/girl-van-lukas-dhont-nu-ook-naar-toronto\/","title":{"rendered":"&#8216;Girl&#8217; van Lukas Dhont nu ook naar Toronto."},"content":{"rendered":"<p>BRUSSEL\/TORONTO, 21 augustus 2018. <strong><em>Girl <\/em>is geselecteerd voor het Toronto International Film Festival (TIFF, 6-16 september). Dat werd zonet bekendgemaakt door de organisatie. Het speelfilmdebuut van Lukas Dhont wordt in Toronto vertoond in het Discovery-programma voor jong en opkomend internationaal filmtalent. Vorige week werd al aangekondigd dat\u00a0ook de Vlaamse producties &#8216;<em>Engel&#8217;<\/em>\u00a0van Koen Mortier en &#8216;<em>Ce magnifique g\u00e2teau !&#8217;\u00a0<\/em>van Emma De Swaef en Marc James Roels in Toronto te zien zullen zijn. Daarnaast zijn ook de coproducties &#8216;<em>Duelles&#8217;<\/em> van Olivier Masset-Depasse, &#8216;<em>Retrospekt&#8217;<\/em> van Esther Rots, &#8216;<em>Au temps o\u00f9 les Arabes dansaient&#8217;<\/em> van Jawad Rhalib en &#8216;<em>Kursk&#8217;<\/em> van Thomas Vinterberg uitgenodigd.<\/strong><\/p>\n<p><!--more--><br \/>\n<em>&#8216;Girl&#8217;<\/em> was een van de hoogtepunten van het afgelopen Festival van Cannes, waar de film in mei in wereldpremi\u00e8re ging in de Un Certain Regard-sectie. Na een uitzonderlijk goede ontvangst door pers en publiek mocht de film er uiteindelijk naar huis met de Queer Palm, de Fipresci-prijs van de filmkritiek en de prestigieuze Cam\u00e9ra d\u2019Or voor het beste speelfilmdebuut. Hoofdrolspeler <strong>Victor Polster<\/strong> werd bekroond met de Prijs voor Beste Acteerprestatie.<\/p>\n<p><img loading=\"lazy\" decoding=\"async\" class=\"aligncenter size-full wp-image-212344\" src=\"https:\/\/www.cinevox.be\/wp-content\/uploads\/sites\/2\/2018\/08\/girl-cannes.jpg\" alt=\"\" width=\"1000\" height=\"563\" srcset=\"https:\/\/welovecinema.be\/wp-content\/uploads\/sites\/2\/2018\/08\/girl-cannes.jpg 1000w, https:\/\/welovecinema.be\/wp-content\/uploads\/sites\/2\/2018\/08\/girl-cannes-200x113.jpg 200w, https:\/\/welovecinema.be\/wp-content\/uploads\/sites\/2\/2018\/08\/girl-cannes-480x270.jpg 480w, https:\/\/welovecinema.be\/wp-content\/uploads\/sites\/2\/2018\/08\/girl-cannes-768x432.jpg 768w, https:\/\/welovecinema.be\/wp-content\/uploads\/sites\/2\/2018\/08\/girl-cannes-800x450.jpg 800w, https:\/\/welovecinema.be\/wp-content\/uploads\/sites\/2\/2018\/08\/girl-cannes-599x337.jpg 599w\" sizes=\"auto, (max-width: 1000px) 100vw, 1000px\" \/><\/p>\n<p>Sindsdien is Lukas Dhonts speelfilmdebuut geselecteerd voor de festivals van Karlovy Vary, Pali\u0107, Odessa en San Sebasti\u00e1n. In Pali\u0107 won de film de Prijs voor Beste Film, de Gouden Toren, en in Odessa won Victor Polster net als in Cannes de Prijs voor Beste Acteerprestatie.\u00a0<em>Girl<\/em>\u00a0is ook bij de tien genomineerden voor de LUX Filmprijs van het Europees Parlement. En eerder vandaag werd bekend dat de film op de shortlist staat voor de European Film Awards.<\/p>\n<p><em>&#8216;Girl&#8217;<\/em> laat ons binnenkijken in het leven van de 15-jarige Lara, die het wil maken als ballerina. Samen met haar vader trotseert ze de wereld, maar vooral haar lichaam dat tegenstribbelt, want Lara is geboren als jongen. De film werd geschreven door Lukas Dhont en <strong>Angelo Tijssens<\/strong>. <strong>Frank van den Eeden<\/strong> stond achter de camera en <strong>Alain Dessauvage<\/strong> deed de montage. De originele muziekscore is van <strong>Valentin Hadjadj<\/strong>. De film werd geproduceerd door <strong>Dirk Impens<\/strong> voor Menuet, in coproductie met het Belgische Frakas Productions (met steun van het Centre du Cin\u00e9ma et de l&#8217;Audiovisuel) en het Nederlandse Topkapi Films (met steun van het Nederlands Filmfonds).<\/p>\n<p><img loading=\"lazy\" decoding=\"async\" class=\"aligncenter size-full wp-image-212352\" src=\"https:\/\/www.cinevox.be\/wp-content\/uploads\/sites\/2\/2018\/08\/1518854493834_0570x0400_1518854533967.jpg\" alt=\"\" width=\"570\" height=\"400\" srcset=\"https:\/\/welovecinema.be\/wp-content\/uploads\/sites\/2\/2018\/08\/1518854493834_0570x0400_1518854533967.jpg 570w, https:\/\/welovecinema.be\/wp-content\/uploads\/sites\/2\/2018\/08\/1518854493834_0570x0400_1518854533967-385x270.jpg 385w\" sizes=\"auto, (max-width: 570px) 100vw, 570px\" \/><\/p>\n<p>Op 9 oktober zal &#8216;<em>Girl&#8217;<\/em> het Film Fest Gent officieel openen, waarna distributeur Lumi\u00e8re de film op 17 oktober in de Belgische zalen uitbrengt. Cinemien verdeelt de film voor Lumi\u00e8re in Nederland en Diaphana Distribution brengt hem op 10 oktober in Frankrijk uit. De in Duitsland gevestigde sales agent The Match Factory vertegenwoordigt de film internationaal.<\/p>\n<p>Naast &#8216;<em>Girl&#8217;<\/em> zijn ook de Vlaamse producties <em>Engel<\/em>\u00a0van Koen Mortier (internationale premi\u00e8re, Contemporary World Cinema) en &#8216;<em>Ce magnifique gateau !&#8217;<\/em> van Emma De Swaef en Marc James Roels (Short Cuts) in Toronto te zien. Daarnaast worden ook de coproducties &#8216;<em>Duelles&#8217;<\/em> van Olivier Masset-Depasse met <strong>Veerle Baetens<\/strong> in de hoofdrol (wereldpremi\u00e8re, Special Presentations), &#8216;<em>Retrospekt&#8217;<\/em> van Esther Rots (wereldpremi\u00e8re, Contemporary World Cinema), &#8216;<em>Au temps o\u00f9 les Arabes dansaient&#8217;<\/em> van Jawad Rhalib (TIFF Docs) en &#8216;<em>Kursk&#8217;<\/em> van Thomas Vinterberg (wereldpremi\u00e8re, Special Presentations) vertoond.<\/p>\n<p><em>&#8216;Girl&#8217;<\/em>, &#8216;<em>Engel&#8217;<\/em>, &#8216;<em>Ce magnifique g\u00e2teau !&#8217;, &#8216;Duelles&#8217;, &#8216;Retrospekt&#8217;\u00a0<\/em>en &#8216;<em>Au temps o\u00f9 les Arabes dansaient&#8217;<\/em> kwamen tot stand met de steun van het VAF. Daarnaast investeerde het economisch fonds Screen Flanders in &#8216;<em>Engel&#8217;<\/em>\u00a0en &#8216;<em>Kursk&#8217;<\/em>.<\/p>\n<p><img loading=\"lazy\" decoding=\"async\" class=\"aligncenter size-full wp-image-212354\" src=\"https:\/\/www.cinevox.be\/wp-content\/uploads\/sites\/2\/2018\/08\/girl-1-1.20180727030645.jpg\" alt=\"\" width=\"900\" height=\"540\" srcset=\"https:\/\/welovecinema.be\/wp-content\/uploads\/sites\/2\/2018\/08\/girl-1-1.20180727030645.jpg 900w, https:\/\/welovecinema.be\/wp-content\/uploads\/sites\/2\/2018\/08\/girl-1-1.20180727030645-450x270.jpg 450w, https:\/\/welovecinema.be\/wp-content\/uploads\/sites\/2\/2018\/08\/girl-1-1.20180727030645-768x461.jpg 768w, https:\/\/welovecinema.be\/wp-content\/uploads\/sites\/2\/2018\/08\/girl-1-1.20180727030645-800x480.jpg 800w\" sizes=\"auto, (max-width: 900px) 100vw, 900px\" \/><\/p>\n<p><strong>Zie ook:<\/strong><\/p>\n<p><a href=\"https:\/\/www.cinevox.be\/nl\/girl-op-shortlist-voor-de-european-film-awards-net-als-cobain\/\">&#8216;Girl&#8217; op shortlist European Film Awards<\/a><\/p>\n<p><a href=\"https:\/\/www.cinevox.be\/nl\/girl-en\/\">&#8216;Girl&#8217; naar San Sebastian<\/a><\/p>\n<p><a href=\"https:\/\/www.cinevox.be\/nl\/hier-is-ie-dan-de-trailer-van-de-langverwachte-topfilm-girl\/\">Bekijk hier de trailer van &#8216;Girl&#8217;<\/a><\/p>\n<p><a href=\"http:\/\/www.cinevox.be\/nl\/lukas-dhont-wint-camera-dor-girl\/\">Lukas Dhont wint de Camera d\u2019Or met \u2018Girl\u2019<\/a><\/p>\n<p><a href=\"https:\/\/www.cinevox.be\/nl\/girl-genomineerd-voor-de-lux-filmprijs-van-het-europees-parlement\/\">&#8216;Girl&#8217; genomineerd voor de Lux Prijs<\/a><\/p>\n<p><a href=\"https:\/\/www.cinevox.be\/nl\/girl-lukas-dhont-opent-film-fest-gent\/\">&#8216;Girl&#8217; opent het Film Fest Gent<\/a><\/p>\n<p><a href=\"http:\/\/www.cinevox.be\/nl\/victor-polster-wint-prijs-beste-acteur-competitie-un-certain-regard-cannes\/\">Victor Polster beste acteur<\/a><\/p>\n<p><a href=\"https:\/\/www.cinevox.be\/nl\/victor-polster-wint-nu-ook-prijs-beste-acteerprestatie-in-odessa\/\">Victor Polster wint nu ook in Odessa<\/a><\/p>\n<p><a href=\"https:\/\/www.cinevox.be\/nl\/girl-bekroond-als-beste-film-in-palic\/\">&#8216;Girl&#8217; wint &#8216;Gouden Toren&#8217; voor beste film<\/a><\/p>\n<p><a href=\"http:\/\/www.cinevox.be\/nl\/girl-wint-nu-ook-queer-palm-cannes-pure-cinema-magnifieke-vertolking-er-bovenop\/\">Queer Palm voor \u2018Girl\u2019<\/a><\/p>\n<p><a href=\"http:\/\/www.cinevox.be\/nl\/girl-wint-nu-ook-fipresci-prijs-prijs-internationale-kritiek\/\">Fipresci Prijs voor \u2018Girl\u2019<\/a><\/p>\n<p><a href=\"http:\/\/www.cinevox.be\/nl\/dirk-impens-er-is-festival-wereld-echt-telt\/\">Dirk Impens over het belang van Cannes<\/a><\/p>\n<p><a href=\"http:\/\/www.cinevox.be\/nl\/dirk-impens-derde-keer-naar-cannes\/\">Dirk Impens voor de derde keer naar Cannes<\/a><\/p>\n<p><a href=\"http:\/\/www.cinevox.be\/nl\/bioscoopjournaal-april-2018-girl-en-cruise-control\/\">\u2018Girl\u2019 in het bioscoopjournaal<\/a><\/p>\n<p><a href=\"http:\/\/www.cinevox.be\/nl\/iedereen-wilde-lukas-dhont-cannes\/\">Iedereen wilde Lukas in Cannes<\/a><\/p>\n<p><a href=\"http:\/\/www.cinevox.be\/nl\/lukas-dhont-zit-helemaal-op-schema\/\">Lukas Dhont zit helemaal op schema<\/a><\/p>\n<p><a href=\"http:\/\/www.cinevox.be\/nl\/lukas-dhont-frank-eeden\/\">Lukas Dhont over Frank van den Eeden<\/a><\/p>\n<p><a href=\"http:\/\/www.cinevox.be\/nl\/lukas-dhont-dirk-impens-film-is-even-als-mij\/\">Lukas Dhont over Dirk Impens<\/a><\/p>\n<p><a href=\"http:\/\/www.cinevox.be\/nl\/lukas-dhont-strikt-sidi-larbi-cherkaoui\/\">Lukas Dhont strikt Sidi Larbi Cherkaoui<\/a><\/p>\n<p><a href=\"http:\/\/www.cinevox.be\/nl\/lukas-dhont-maakt-films-om-mensen-begrijpen\/\">Lukas Dhont maakt films om mensen te begrijpen<\/a><\/p>\n<p><a href=\"http:\/\/www.cinevox.be\/nl\/lukas-dhont-wil-film-op-groot-scherm-zien\/\">Lukas Dhont wil zijn film op groot scherm zien<\/a><\/p>\n<p><a href=\"http:\/\/www.cinevox.be\/nl\/lukas-dhont-casting-girl\/\">Lukas Dhont over de casting van \u2018Girl\u2019<\/a><\/p>\n<p><a href=\"http:\/\/www.cinevox.be\/nl\/lukas-dhont-draait-augustus-eerste-langspeler-en-kijkt-er-naar\/\">Lukas Dhont draait in augustus zijn eerste langspeler en kijkt er naar uit<\/a><\/p>\n<p><a href=\"http:\/\/www.cinevox.be\/nl\/lukas-dhont-en-overpeinzingen-overgang-17-naar-18\/\">Lukas Dhont en zijn overpeinzingen bij de overgang<\/a><\/p>\n<p><a href=\"http:\/\/www.cinevox.be\/nl\/een-interview-met-lukas-dhont-maker-van-linfini\/\">Lukas Dhont over \u2018L\u2019infini\u2019<\/a><\/p>\n<p><a href=\"http:\/\/www.cinevox.be\/nl\/lukas-dhont-pierre-drouot-en-opvolger\/\">Lukas Dhont over Pierre Drouot en zijn opvolger<\/a><\/p>\n<p>&nbsp;<\/p>\n<p>&nbsp;<\/p>\n<p><img loading=\"lazy\" decoding=\"async\" class=\"aligncenter size-full wp-image-211558\" src=\"https:\/\/www.cinevox.be\/wp-content\/uploads\/sites\/2\/2018\/05\/GIRL_Photo_1\u220fMenuet-e1532103533338.jpg\" alt=\"\" width=\"618\" height=\"348\" \/><\/p>\n","protected":false},"excerpt":{"rendered":"<p>BRUSSEL\/TORONTO, 21 augustus 2018. Girl is geselecteerd voor het Toronto International Film Festival (TIFF, 6-16 september). Dat werd zonet bekendgemaakt door de organisatie. Het speelfilmdebuut van Lukas Dhont wordt in Toronto vertoond in het Discovery-programma voor jong en opkomend internationaal filmtalent. Vorige week werd al aangekondigd dat\u00a0ook de Vlaamse producties &#8216;Engel&#8217;\u00a0van Koen Mortier en &#8216;Ce &hellip;<\/p>\n","protected":false},"author":8,"featured_media":212348,"comment_status":"closed","ping_status":"closed","sticky":false,"template":"","format":"standard","meta":{"ngg_post_thumbnail":0,"footnotes":""},"categories":[1069],"tags":[3495,68,337,1798,480,2241,3222],"class_list":["post-212409","post","type-post","status-publish","format-standard","has-post-thumbnail","","category-festivals-nl","tag-arieh-worthalter","tag-dirk-impens","tag-frank-van-den-eeden","tag-lukas-dhont","tag-menuet","tag-sidi-larbi-cherkaoui","tag-victor-polster"],"yoast_head":"<!-- This site is optimized with the Yoast SEO plugin v20.4 - https:\/\/yoast.com\/wordpress\/plugins\/seo\/ -->\n<title>&#039;Girl&#039; van Lukas Dhont nu ook naar Toronto. - We Love Cinema<\/title>\n<meta name=\"robots\" content=\"index, follow, max-snippet:-1, max-image-preview:large, max-video-preview:-1\" \/>\n<link rel=\"canonical\" href=\"https:\/\/welovecinema.be\/nl\/girl-van-lukas-dhont-nu-ook-naar-toronto\/\" \/>\n<meta property=\"og:locale\" content=\"nl_NL\" \/>\n<meta property=\"og:type\" content=\"article\" \/>\n<meta property=\"og:title\" content=\"&#039;Girl&#039; van Lukas Dhont nu ook naar Toronto. - We Love Cinema\" \/>\n<meta property=\"og:description\" content=\"BRUSSEL\/TORONTO, 21 augustus 2018. Girl is geselecteerd voor het Toronto International Film Festival (TIFF, 6-16 september). Dat werd zonet bekendgemaakt door de organisatie. Het speelfilmdebuut van Lukas Dhont wordt in Toronto vertoond in het Discovery-programma voor jong en opkomend internationaal filmtalent. Vorige week werd al aangekondigd dat\u00a0ook de Vlaamse producties &#8216;Engel&#8217;\u00a0van Koen Mortier en &#8216;Ce &hellip;\" \/>\n<meta property=\"og:url\" content=\"https:\/\/welovecinema.be\/nl\/girl-van-lukas-dhont-nu-ook-naar-toronto\/\" \/>\n<meta property=\"og:site_name\" content=\"We Love Cinema\" \/>\n<meta property=\"article:publisher\" content=\"https:\/\/www.facebook.com\/welovecinema.be\" \/>\n<meta property=\"article:published_time\" content=\"2018-08-21T14:22:35+00:00\" \/>\n<meta property=\"article:modified_time\" content=\"2018-08-21T14:27:06+00:00\" \/>\n<meta property=\"og:image\" content=\"https:\/\/welovecinema.be\/wp-content\/uploads\/sites\/2\/2018\/08\/girl_vafnieuws.jpg\" \/>\n\t<meta property=\"og:image:width\" content=\"1200\" \/>\n\t<meta property=\"og:image:height\" content=\"500\" \/>\n\t<meta property=\"og:image:type\" content=\"image\/jpeg\" \/>\n<meta name=\"author\" content=\"Kurt.Vandemaele\" \/>\n<meta name=\"twitter:card\" content=\"summary_large_image\" \/>\n<meta name=\"twitter:label1\" content=\"Geschreven door\" \/>\n\t<meta name=\"twitter:data1\" content=\"Kurt.Vandemaele\" \/>\n\t<meta name=\"twitter:label2\" content=\"Geschatte leestijd\" \/>\n\t<meta name=\"twitter:data2\" content=\"4 minuten\" \/>\n<script type=\"application\/ld+json\" class=\"yoast-schema-graph\">{\"@context\":\"https:\/\/schema.org\",\"@graph\":[{\"@type\":\"Article\",\"@id\":\"https:\/\/welovecinema.be\/nl\/girl-van-lukas-dhont-nu-ook-naar-toronto\/#article\",\"isPartOf\":{\"@id\":\"https:\/\/welovecinema.be\/nl\/girl-van-lukas-dhont-nu-ook-naar-toronto\/\"},\"author\":{\"name\":\"Kurt.Vandemaele\",\"@id\":\"https:\/\/welovecinema.be\/nl\/#\/schema\/person\/f475ac81c30903d8505475024494c658\"},\"headline\":\"&#8216;Girl&#8217; van Lukas Dhont nu ook naar Toronto.\",\"datePublished\":\"2018-08-21T14:22:35+00:00\",\"dateModified\":\"2018-08-21T14:27:06+00:00\",\"mainEntityOfPage\":{\"@id\":\"https:\/\/welovecinema.be\/nl\/girl-van-lukas-dhont-nu-ook-naar-toronto\/\"},\"wordCount\":714,\"publisher\":{\"@id\":\"https:\/\/welovecinema.be\/nl\/#organization\"},\"keywords\":[\"Arieh Worthalter\",\"Dirk Impens\",\"Frank van den Eeden\",\"Lukas Dhont\",\"Menuet\",\"Sidi Larbi Cherkaoui\",\"Victor Polster\"],\"articleSection\":[\"Festivals\"],\"inLanguage\":\"nl-NL\"},{\"@type\":\"WebPage\",\"@id\":\"https:\/\/welovecinema.be\/nl\/girl-van-lukas-dhont-nu-ook-naar-toronto\/\",\"url\":\"https:\/\/welovecinema.be\/nl\/girl-van-lukas-dhont-nu-ook-naar-toronto\/\",\"name\":\"'Girl' van Lukas Dhont nu ook naar Toronto. - We Love Cinema\",\"isPartOf\":{\"@id\":\"https:\/\/welovecinema.be\/nl\/#website\"},\"datePublished\":\"2018-08-21T14:22:35+00:00\",\"dateModified\":\"2018-08-21T14:27:06+00:00\",\"breadcrumb\":{\"@id\":\"https:\/\/welovecinema.be\/nl\/girl-van-lukas-dhont-nu-ook-naar-toronto\/#breadcrumb\"},\"inLanguage\":\"nl-NL\",\"potentialAction\":[{\"@type\":\"ReadAction\",\"target\":[\"https:\/\/welovecinema.be\/nl\/girl-van-lukas-dhont-nu-ook-naar-toronto\/\"]}]},{\"@type\":\"BreadcrumbList\",\"@id\":\"https:\/\/welovecinema.be\/nl\/girl-van-lukas-dhont-nu-ook-naar-toronto\/#breadcrumb\",\"itemListElement\":[{\"@type\":\"ListItem\",\"position\":1,\"name\":\"Accueil\",\"item\":\"https:\/\/welovecinema.be\/nl\/\"},{\"@type\":\"ListItem\",\"position\":2,\"name\":\"&#8216;Girl&#8217; van Lukas Dhont nu ook naar Toronto.\"}]},{\"@type\":\"WebSite\",\"@id\":\"https:\/\/welovecinema.be\/nl\/#website\",\"url\":\"https:\/\/welovecinema.be\/nl\/\",\"name\":\"We Love Cinema\",\"description\":\"Toute l\u2019information du cin\u00e9ma en Belgique\",\"publisher\":{\"@id\":\"https:\/\/welovecinema.be\/nl\/#organization\"},\"potentialAction\":[{\"@type\":\"SearchAction\",\"target\":{\"@type\":\"EntryPoint\",\"urlTemplate\":\"https:\/\/welovecinema.be\/nl\/?s={search_term_string}\"},\"query-input\":\"required name=search_term_string\"}],\"inLanguage\":\"nl-NL\"},{\"@type\":\"Organization\",\"@id\":\"https:\/\/welovecinema.be\/nl\/#organization\",\"name\":\"We Love Cinema\",\"url\":\"https:\/\/welovecinema.be\/nl\/\",\"logo\":{\"@type\":\"ImageObject\",\"inLanguage\":\"nl-NL\",\"@id\":\"https:\/\/welovecinema.be\/nl\/#\/schema\/logo\/image\/\",\"url\":\"https:\/\/welovecinema.be\/wp-content\/uploads\/sites\/2\/2023\/03\/Logo-We-Love-Cinema305x128.jpg\",\"contentUrl\":\"https:\/\/welovecinema.be\/wp-content\/uploads\/sites\/2\/2023\/03\/Logo-We-Love-Cinema305x128.jpg\",\"width\":305,\"height\":128,\"caption\":\"We Love Cinema\"},\"image\":{\"@id\":\"https:\/\/welovecinema.be\/nl\/#\/schema\/logo\/image\/\"},\"sameAs\":[\"https:\/\/www.facebook.com\/welovecinema.be\",\"https:\/\/www.youtube.com\/channel\/UCX5LYGVhnKvYauW4Nta4HJA\",\"https:\/\/www.instagram.com\/welovecinema.be\/\"]},{\"@type\":\"Person\",\"@id\":\"https:\/\/welovecinema.be\/nl\/#\/schema\/person\/f475ac81c30903d8505475024494c658\",\"name\":\"Kurt.Vandemaele\",\"url\":\"https:\/\/welovecinema.be\/nl\/author\/kurt-vandemaele\/\"}]}<\/script>\n<!-- \/ Yoast SEO plugin. -->","yoast_head_json":{"title":"'Girl' van Lukas Dhont nu ook naar Toronto. - We Love Cinema","robots":{"index":"index","follow":"follow","max-snippet":"max-snippet:-1","max-image-preview":"max-image-preview:large","max-video-preview":"max-video-preview:-1"},"canonical":"https:\/\/welovecinema.be\/nl\/girl-van-lukas-dhont-nu-ook-naar-toronto\/","og_locale":"nl_NL","og_type":"article","og_title":"'Girl' van Lukas Dhont nu ook naar Toronto. - We Love Cinema","og_description":"BRUSSEL\/TORONTO, 21 augustus 2018. Girl is geselecteerd voor het Toronto International Film Festival (TIFF, 6-16 september). Dat werd zonet bekendgemaakt door de organisatie. Het speelfilmdebuut van Lukas Dhont wordt in Toronto vertoond in het Discovery-programma voor jong en opkomend internationaal filmtalent. Vorige week werd al aangekondigd dat\u00a0ook de Vlaamse producties &#8216;Engel&#8217;\u00a0van Koen Mortier en &#8216;Ce &hellip;","og_url":"https:\/\/welovecinema.be\/nl\/girl-van-lukas-dhont-nu-ook-naar-toronto\/","og_site_name":"We Love Cinema","article_publisher":"https:\/\/www.facebook.com\/welovecinema.be","article_published_time":"2018-08-21T14:22:35+00:00","article_modified_time":"2018-08-21T14:27:06+00:00","og_image":[{"width":1200,"height":500,"url":"https:\/\/welovecinema.be\/wp-content\/uploads\/sites\/2\/2018\/08\/girl_vafnieuws.jpg","type":"image\/jpeg"}],"author":"Kurt.Vandemaele","twitter_card":"summary_large_image","twitter_misc":{"Geschreven door":"Kurt.Vandemaele","Geschatte leestijd":"4 minuten"},"schema":{"@context":"https:\/\/schema.org","@graph":[{"@type":"Article","@id":"https:\/\/welovecinema.be\/nl\/girl-van-lukas-dhont-nu-ook-naar-toronto\/#article","isPartOf":{"@id":"https:\/\/welovecinema.be\/nl\/girl-van-lukas-dhont-nu-ook-naar-toronto\/"},"author":{"name":"Kurt.Vandemaele","@id":"https:\/\/welovecinema.be\/nl\/#\/schema\/person\/f475ac81c30903d8505475024494c658"},"headline":"&#8216;Girl&#8217; van Lukas Dhont nu ook naar Toronto.","datePublished":"2018-08-21T14:22:35+00:00","dateModified":"2018-08-21T14:27:06+00:00","mainEntityOfPage":{"@id":"https:\/\/welovecinema.be\/nl\/girl-van-lukas-dhont-nu-ook-naar-toronto\/"},"wordCount":714,"publisher":{"@id":"https:\/\/welovecinema.be\/nl\/#organization"},"keywords":["Arieh Worthalter","Dirk Impens","Frank van den Eeden","Lukas Dhont","Menuet","Sidi Larbi Cherkaoui","Victor Polster"],"articleSection":["Festivals"],"inLanguage":"nl-NL"},{"@type":"WebPage","@id":"https:\/\/welovecinema.be\/nl\/girl-van-lukas-dhont-nu-ook-naar-toronto\/","url":"https:\/\/welovecinema.be\/nl\/girl-van-lukas-dhont-nu-ook-naar-toronto\/","name":"'Girl' van Lukas Dhont nu ook naar Toronto. - We Love Cinema","isPartOf":{"@id":"https:\/\/welovecinema.be\/nl\/#website"},"datePublished":"2018-08-21T14:22:35+00:00","dateModified":"2018-08-21T14:27:06+00:00","breadcrumb":{"@id":"https:\/\/welovecinema.be\/nl\/girl-van-lukas-dhont-nu-ook-naar-toronto\/#breadcrumb"},"inLanguage":"nl-NL","potentialAction":[{"@type":"ReadAction","target":["https:\/\/welovecinema.be\/nl\/girl-van-lukas-dhont-nu-ook-naar-toronto\/"]}]},{"@type":"BreadcrumbList","@id":"https:\/\/welovecinema.be\/nl\/girl-van-lukas-dhont-nu-ook-naar-toronto\/#breadcrumb","itemListElement":[{"@type":"ListItem","position":1,"name":"Accueil","item":"https:\/\/welovecinema.be\/nl\/"},{"@type":"ListItem","position":2,"name":"&#8216;Girl&#8217; van Lukas Dhont nu ook naar Toronto."}]},{"@type":"WebSite","@id":"https:\/\/welovecinema.be\/nl\/#website","url":"https:\/\/welovecinema.be\/nl\/","name":"We Love Cinema","description":"Toute l\u2019information du cin\u00e9ma en Belgique","publisher":{"@id":"https:\/\/welovecinema.be\/nl\/#organization"},"potentialAction":[{"@type":"SearchAction","target":{"@type":"EntryPoint","urlTemplate":"https:\/\/welovecinema.be\/nl\/?s={search_term_string}"},"query-input":"required name=search_term_string"}],"inLanguage":"nl-NL"},{"@type":"Organization","@id":"https:\/\/welovecinema.be\/nl\/#organization","name":"We Love Cinema","url":"https:\/\/welovecinema.be\/nl\/","logo":{"@type":"ImageObject","inLanguage":"nl-NL","@id":"https:\/\/welovecinema.be\/nl\/#\/schema\/logo\/image\/","url":"https:\/\/welovecinema.be\/wp-content\/uploads\/sites\/2\/2023\/03\/Logo-We-Love-Cinema305x128.jpg","contentUrl":"https:\/\/welovecinema.be\/wp-content\/uploads\/sites\/2\/2023\/03\/Logo-We-Love-Cinema305x128.jpg","width":305,"height":128,"caption":"We Love Cinema"},"image":{"@id":"https:\/\/welovecinema.be\/nl\/#\/schema\/logo\/image\/"},"sameAs":["https:\/\/www.facebook.com\/welovecinema.be","https:\/\/www.youtube.com\/channel\/UCX5LYGVhnKvYauW4Nta4HJA","https:\/\/www.instagram.com\/welovecinema.be\/"]},{"@type":"Person","@id":"https:\/\/welovecinema.be\/nl\/#\/schema\/person\/f475ac81c30903d8505475024494c658","name":"Kurt.Vandemaele","url":"https:\/\/welovecinema.be\/nl\/author\/kurt-vandemaele\/"}]}},"_links":{"self":[{"href":"https:\/\/welovecinema.be\/nl\/wp-json\/wp\/v2\/posts\/212409","targetHints":{"allow":["GET"]}}],"collection":[{"href":"https:\/\/welovecinema.be\/nl\/wp-json\/wp\/v2\/posts"}],"about":[{"href":"https:\/\/welovecinema.be\/nl\/wp-json\/wp\/v2\/types\/post"}],"author":[{"embeddable":true,"href":"https:\/\/welovecinema.be\/nl\/wp-json\/wp\/v2\/users\/8"}],"replies":[{"embeddable":true,"href":"https:\/\/welovecinema.be\/nl\/wp-json\/wp\/v2\/comments?post=212409"}],"version-history":[{"count":0,"href":"https:\/\/welovecinema.be\/nl\/wp-json\/wp\/v2\/posts\/212409\/revisions"}],"wp:featuredmedia":[{"embeddable":true,"href":"https:\/\/welovecinema.be\/nl\/wp-json\/wp\/v2\/media\/212348"}],"wp:attachment":[{"href":"https:\/\/welovecinema.be\/nl\/wp-json\/wp\/v2\/media?parent=212409"}],"wp:term":[{"taxonomy":"category","embeddable":true,"href":"https:\/\/welovecinema.be\/nl\/wp-json\/wp\/v2\/categories?post=212409"},{"taxonomy":"post_tag","embeddable":true,"href":"https:\/\/welovecinema.be\/nl\/wp-json\/wp\/v2\/tags?post=212409"}],"curies":[{"name":"wp","href":"https:\/\/api.w.org\/{rel}","templated":true}]}}