{"id":212403,"date":"2018-08-21T16:51:26","date_gmt":"2018-08-21T14:51:26","guid":{"rendered":"https:\/\/www.cinevox.be\/?p=212403"},"modified":"2018-08-21T17:04:17","modified_gmt":"2018-08-21T15:04:17","slug":"belgisch-rwandese-film-la-misericorde-de-la-jungle-in-wereldpremiere-in-toronto","status":"publish","type":"post","link":"https:\/\/welovecinema.be\/nl\/belgisch-rwandese-film-la-misericorde-de-la-jungle-in-wereldpremiere-in-toronto\/","title":{"rendered":"Belgisch-Rwandese film &#8216;La mis\u00e9ricorde de la jungle&#8217; in wereldpremi\u00e8re in Toronto"},"content":{"rendered":"<p><strong><em>&#8216;La Mis\u00e9ricorde de la jungle&#8217;<\/em>\u00a0van de Rwandese regisseur Jo\u00ebl Karekezi, geproduceerd in Belgi\u00eb door N\u00e9on Rouge, gaat in wereldpremi\u00e8re op het Festival van Toronto. \u00a0De film zal er vertoond worden in de sectie Discovery.<\/strong><\/p>\n<p>Het verhaal situeert zich in 1998 in de regio Kivu, op de grens tussen Congo en Rwanda. \u00a0Daar verliezen bij het uitbreken van de tweede Congolese oorlog sergeant Xavier en de jonge soldaat Faustin elk spoor van hun bataljon. Volledig ge\u00efsoleerd, zonder levensmiddelen, bevinden ze zich in de meest uitgestrekte, dichtste en meest vijandige jungle van het Afrikaanse continent. Honger, dorst en ziekte zijn maar enkele van de beproevingen, want er is ook het geweld waarmee ze af te rekenen krijgen.<\/p>\n<figure id=\"attachment_212415\" aria-describedby=\"caption-attachment-212415\" style=\"width: 1600px\" class=\"wp-caption aligncenter\"><img loading=\"lazy\" decoding=\"async\" class=\"wp-image-212415 size-full\" src=\"https:\/\/www.cinevox.be\/wp-content\/uploads\/sites\/2\/2018\/08\/cq6a0716.jpg\" alt=\"\" width=\"1600\" height=\"750\" srcset=\"https:\/\/welovecinema.be\/wp-content\/uploads\/sites\/2\/2018\/08\/cq6a0716.jpg 1600w, https:\/\/welovecinema.be\/wp-content\/uploads\/sites\/2\/2018\/08\/cq6a0716-480x225.jpg 480w, https:\/\/welovecinema.be\/wp-content\/uploads\/sites\/2\/2018\/08\/cq6a0716-768x360.jpg 768w, https:\/\/welovecinema.be\/wp-content\/uploads\/sites\/2\/2018\/08\/cq6a0716-800x375.jpg 800w\" sizes=\"auto, (max-width: 1600px) 100vw, 1600px\" \/><figcaption id=\"caption-attachment-212415\" class=\"wp-caption-text\">\u00a9 Neon Rouge Production<\/figcaption><\/figure>\n<p>In \u00e9\u00e9n van de hoofdrollen zien we de Belgische acteur <strong>Marc Zinga<\/strong>, die sinds zijn doorbraak in<em> &#8216;Les rayures du z\u00e8bre&#8217;<\/em>, de mooie rollen aaneenrijgt. \u00a0Hij zat ondermeer in <em>&#8216;Dheepan&#8217;<\/em> van<strong>\u00a0Jacques Audiard<\/strong> en in de James Bond-film<em> &#8216;Spectre&#8217;<\/em>.<\/p>\n<p>De film is een Belgisch-Frans-Duitse coproductie. \u00a0Tact Production zorgde voor het Franse aandeel, Perfect Shot Film voor de Duitse inbreng en in Belgi\u00eb was het \u00a0<strong>Aur\u00e9lien Bodinaux<\/strong> voor N\u00e9on Rouge Production die de film ondersteunde. Diezelfde Bodinaux schreef samen met regisseur Karekezi en de Amerikaan Casey Schroen het scenario voor de film.<\/p>\n<p>&nbsp;<\/p>\n<div class=\"panel-pane pane-entity-field pane-node-field-bxls-pjt-syno\">\n<div class=\"field-bxls-pjt-syno inline\">\n<figure id=\"attachment_212373\" aria-describedby=\"caption-attachment-212373\" style=\"width: 1030px\" class=\"wp-caption aligncenter\"><img loading=\"lazy\" decoding=\"async\" class=\"wp-image-212373 size-full\" src=\"https:\/\/www.cinevox.be\/wp-content\/uploads\/sites\/2\/2018\/08\/MisericordeDeLaJungle2.jpg\" alt=\"MisericordeDeLaJungle2\" width=\"1030\" height=\"523\" srcset=\"https:\/\/welovecinema.be\/wp-content\/uploads\/sites\/2\/2018\/08\/MisericordeDeLaJungle2.jpg 1030w, https:\/\/welovecinema.be\/wp-content\/uploads\/sites\/2\/2018\/08\/MisericordeDeLaJungle2-480x244.jpg 480w, https:\/\/welovecinema.be\/wp-content\/uploads\/sites\/2\/2018\/08\/MisericordeDeLaJungle2-768x390.jpg 768w, https:\/\/welovecinema.be\/wp-content\/uploads\/sites\/2\/2018\/08\/MisericordeDeLaJungle2-800x406.jpg 800w\" sizes=\"auto, (max-width: 1030px) 100vw, 1030px\" \/><figcaption id=\"caption-attachment-212373\" class=\"wp-caption-text\">\u00a9 Neon Rouge Production<\/figcaption><\/figure>\n<\/div>\n<\/div>\n<p>En zo is er dit jaar wel een zeer uitgebreide delegatie in Toronto. Naast <a href=\"https:\/\/www.cinevox.be\/nl\/engel-beleeft-internationale-premiere-in-toronto\/\"><em>&#8216;Engel&#8217;<\/em> <\/a>van <strong>Koen Mortier<\/strong>, <em><a href=\"https:\/\/www.cinevox.be\/nl\/kursk-met-matthias-schoenaerts-in-wereldpremiere-op-het-filmfestival-van-toronto\/\">&#8216;Kursk&#8217;<\/a><\/em> met <strong>Matthias Schoenaerts<\/strong>, <a href=\"https:\/\/www.cinevox.be\/nl\/duelles-met-veerle-baetens-naar-toronto-en-ook-girl-wordt-er-vertoond\/\"><em>&#8216;Duelles&#8217;<\/em> <\/a>met<strong> Veerle Baetens<\/strong>, <a href=\"https:\/\/www.cinevox.be\/nl\/ce-magnifique-gateau-naar-toronto\/\"><em>&#8216;Ce magnifique g\u00e2teau!&#8217;<\/em><\/a> van <strong>Emma De Swaef<\/strong> en <strong>Marc James Roels<\/strong> \u00a0en <a href=\"https:\/\/www.cinevox.be\/nl\/when-arabs-danced-van-jawad-rhalib-ook-in-toronto\/\"><em>&#8216;Au temps o\u00f9 les Arabes dansaient&#8217;<\/em><\/a> van <strong>Jawad Rhalib<\/strong>, waarin tal van landgenoten te zien zijn, mag ook<a href=\"https:\/\/www.cinevox.be\/nl\/girl-van-lukas-dhont-nu-ook-naar-toronto\/\"><em> &#8216;Girl&#8217;<\/em><\/a> van <strong>Lukas Dhont<\/strong> naar Toronto.<\/p>\n<figure id=\"attachment_212406\" aria-describedby=\"caption-attachment-212406\" style=\"width: 1600px\" class=\"wp-caption aligncenter\"><img loading=\"lazy\" decoding=\"async\" class=\"wp-image-212406 size-full\" src=\"https:\/\/www.cinevox.be\/wp-content\/uploads\/sites\/2\/2018\/08\/v60b5963.jpg\" alt=\"\" width=\"1600\" height=\"750\" srcset=\"https:\/\/welovecinema.be\/wp-content\/uploads\/sites\/2\/2018\/08\/v60b5963.jpg 1600w, https:\/\/welovecinema.be\/wp-content\/uploads\/sites\/2\/2018\/08\/v60b5963-480x225.jpg 480w, https:\/\/welovecinema.be\/wp-content\/uploads\/sites\/2\/2018\/08\/v60b5963-768x360.jpg 768w, https:\/\/welovecinema.be\/wp-content\/uploads\/sites\/2\/2018\/08\/v60b5963-800x375.jpg 800w\" sizes=\"auto, (max-width: 1600px) 100vw, 1600px\" \/><figcaption id=\"caption-attachment-212406\" class=\"wp-caption-text\">\u00a9 Neon Rouge Production<\/figcaption><\/figure>\n","protected":false},"excerpt":{"rendered":"<p>&#8216;La Mis\u00e9ricorde de la jungle&#8217;\u00a0van de Rwandese regisseur Jo\u00ebl Karekezi, geproduceerd in Belgi\u00eb door N\u00e9on Rouge, gaat in wereldpremi\u00e8re op het Festival van Toronto. \u00a0De film zal er vertoond worden in de sectie Discovery. Het verhaal situeert zich in 1998 in de regio Kivu, op de grens tussen Congo en Rwanda. \u00a0Daar verliezen bij het &hellip;<\/p>\n","protected":false},"author":8,"featured_media":212375,"comment_status":"closed","ping_status":"closed","sticky":false,"template":"","format":"standard","meta":{"ngg_post_thumbnail":0,"footnotes":""},"categories":[1069],"tags":[3887,3885,3888],"class_list":["post-212403","post","type-post","status-publish","format-standard","has-post-thumbnail","","category-festivals-nl","tag-aurelien-bodinaux","tag-marc-zinga","tag-neon-rouge-production"],"yoast_head":"<!-- This site is optimized with the Yoast SEO plugin v20.4 - https:\/\/yoast.com\/wordpress\/plugins\/seo\/ -->\n<title>Belgisch-Rwandese film &#039;La mis\u00e9ricorde de la jungle&#039; in wereldpremi\u00e8re in Toronto - We Love Cinema<\/title>\n<meta name=\"robots\" content=\"index, follow, max-snippet:-1, max-image-preview:large, max-video-preview:-1\" \/>\n<link rel=\"canonical\" href=\"https:\/\/welovecinema.be\/nl\/belgisch-rwandese-film-la-misericorde-de-la-jungle-in-wereldpremiere-in-toronto\/\" \/>\n<meta property=\"og:locale\" content=\"nl_NL\" \/>\n<meta property=\"og:type\" content=\"article\" \/>\n<meta property=\"og:title\" content=\"Belgisch-Rwandese film &#039;La mis\u00e9ricorde de la jungle&#039; in wereldpremi\u00e8re in Toronto - We Love Cinema\" \/>\n<meta property=\"og:description\" content=\"&#8216;La Mis\u00e9ricorde de la jungle&#8217;\u00a0van de Rwandese regisseur Jo\u00ebl Karekezi, geproduceerd in Belgi\u00eb door N\u00e9on Rouge, gaat in wereldpremi\u00e8re op het Festival van Toronto. \u00a0De film zal er vertoond worden in de sectie Discovery. Het verhaal situeert zich in 1998 in de regio Kivu, op de grens tussen Congo en Rwanda. \u00a0Daar verliezen bij het &hellip;\" \/>\n<meta property=\"og:url\" content=\"https:\/\/welovecinema.be\/nl\/belgisch-rwandese-film-la-misericorde-de-la-jungle-in-wereldpremiere-in-toronto\/\" \/>\n<meta property=\"og:site_name\" content=\"We Love Cinema\" \/>\n<meta property=\"article:publisher\" content=\"https:\/\/www.facebook.com\/welovecinema.be\" \/>\n<meta property=\"article:published_time\" content=\"2018-08-21T14:51:26+00:00\" \/>\n<meta property=\"article:modified_time\" content=\"2018-08-21T15:04:17+00:00\" \/>\n<meta property=\"og:image\" content=\"https:\/\/welovecinema.be\/wp-content\/uploads\/sites\/2\/2018\/08\/MisericordeDeLaJungle.jpg\" \/>\n\t<meta property=\"og:image:width\" content=\"1280\" \/>\n\t<meta property=\"og:image:height\" content=\"540\" \/>\n\t<meta property=\"og:image:type\" content=\"image\/jpeg\" \/>\n<meta name=\"author\" content=\"Kurt.Vandemaele\" \/>\n<meta name=\"twitter:card\" content=\"summary_large_image\" \/>\n<meta name=\"twitter:label1\" content=\"Geschreven door\" \/>\n\t<meta name=\"twitter:data1\" content=\"Kurt.Vandemaele\" \/>\n\t<meta name=\"twitter:label2\" content=\"Geschatte leestijd\" \/>\n\t<meta name=\"twitter:data2\" content=\"2 minuten\" \/>\n<script type=\"application\/ld+json\" class=\"yoast-schema-graph\">{\"@context\":\"https:\/\/schema.org\",\"@graph\":[{\"@type\":\"Article\",\"@id\":\"https:\/\/welovecinema.be\/nl\/belgisch-rwandese-film-la-misericorde-de-la-jungle-in-wereldpremiere-in-toronto\/#article\",\"isPartOf\":{\"@id\":\"https:\/\/welovecinema.be\/nl\/belgisch-rwandese-film-la-misericorde-de-la-jungle-in-wereldpremiere-in-toronto\/\"},\"author\":{\"name\":\"Kurt.Vandemaele\",\"@id\":\"https:\/\/welovecinema.be\/nl\/#\/schema\/person\/f475ac81c30903d8505475024494c658\"},\"headline\":\"Belgisch-Rwandese film &#8216;La mis\u00e9ricorde de la jungle&#8217; in wereldpremi\u00e8re in Toronto\",\"datePublished\":\"2018-08-21T14:51:26+00:00\",\"dateModified\":\"2018-08-21T15:04:17+00:00\",\"mainEntityOfPage\":{\"@id\":\"https:\/\/welovecinema.be\/nl\/belgisch-rwandese-film-la-misericorde-de-la-jungle-in-wereldpremiere-in-toronto\/\"},\"wordCount\":321,\"publisher\":{\"@id\":\"https:\/\/welovecinema.be\/nl\/#organization\"},\"keywords\":[\"Aur\u00e9lien Bodinaux\",\"Marc Zinga\",\"Neon Rouge Production\"],\"articleSection\":[\"Festivals\"],\"inLanguage\":\"nl-NL\"},{\"@type\":\"WebPage\",\"@id\":\"https:\/\/welovecinema.be\/nl\/belgisch-rwandese-film-la-misericorde-de-la-jungle-in-wereldpremiere-in-toronto\/\",\"url\":\"https:\/\/welovecinema.be\/nl\/belgisch-rwandese-film-la-misericorde-de-la-jungle-in-wereldpremiere-in-toronto\/\",\"name\":\"Belgisch-Rwandese film 'La mis\u00e9ricorde de la jungle' in wereldpremi\u00e8re in Toronto - We Love Cinema\",\"isPartOf\":{\"@id\":\"https:\/\/welovecinema.be\/nl\/#website\"},\"datePublished\":\"2018-08-21T14:51:26+00:00\",\"dateModified\":\"2018-08-21T15:04:17+00:00\",\"breadcrumb\":{\"@id\":\"https:\/\/welovecinema.be\/nl\/belgisch-rwandese-film-la-misericorde-de-la-jungle-in-wereldpremiere-in-toronto\/#breadcrumb\"},\"inLanguage\":\"nl-NL\",\"potentialAction\":[{\"@type\":\"ReadAction\",\"target\":[\"https:\/\/welovecinema.be\/nl\/belgisch-rwandese-film-la-misericorde-de-la-jungle-in-wereldpremiere-in-toronto\/\"]}]},{\"@type\":\"BreadcrumbList\",\"@id\":\"https:\/\/welovecinema.be\/nl\/belgisch-rwandese-film-la-misericorde-de-la-jungle-in-wereldpremiere-in-toronto\/#breadcrumb\",\"itemListElement\":[{\"@type\":\"ListItem\",\"position\":1,\"name\":\"Accueil\",\"item\":\"https:\/\/welovecinema.be\/nl\/\"},{\"@type\":\"ListItem\",\"position\":2,\"name\":\"Belgisch-Rwandese film &#8216;La mis\u00e9ricorde de la jungle&#8217; in wereldpremi\u00e8re in Toronto\"}]},{\"@type\":\"WebSite\",\"@id\":\"https:\/\/welovecinema.be\/nl\/#website\",\"url\":\"https:\/\/welovecinema.be\/nl\/\",\"name\":\"We Love Cinema\",\"description\":\"Toute l\u2019information du cin\u00e9ma en Belgique\",\"publisher\":{\"@id\":\"https:\/\/welovecinema.be\/nl\/#organization\"},\"potentialAction\":[{\"@type\":\"SearchAction\",\"target\":{\"@type\":\"EntryPoint\",\"urlTemplate\":\"https:\/\/welovecinema.be\/nl\/?s={search_term_string}\"},\"query-input\":\"required name=search_term_string\"}],\"inLanguage\":\"nl-NL\"},{\"@type\":\"Organization\",\"@id\":\"https:\/\/welovecinema.be\/nl\/#organization\",\"name\":\"We Love Cinema\",\"url\":\"https:\/\/welovecinema.be\/nl\/\",\"logo\":{\"@type\":\"ImageObject\",\"inLanguage\":\"nl-NL\",\"@id\":\"https:\/\/welovecinema.be\/nl\/#\/schema\/logo\/image\/\",\"url\":\"https:\/\/welovecinema.be\/wp-content\/uploads\/sites\/2\/2023\/03\/Logo-We-Love-Cinema305x128.jpg\",\"contentUrl\":\"https:\/\/welovecinema.be\/wp-content\/uploads\/sites\/2\/2023\/03\/Logo-We-Love-Cinema305x128.jpg\",\"width\":305,\"height\":128,\"caption\":\"We Love Cinema\"},\"image\":{\"@id\":\"https:\/\/welovecinema.be\/nl\/#\/schema\/logo\/image\/\"},\"sameAs\":[\"https:\/\/www.facebook.com\/welovecinema.be\",\"https:\/\/www.youtube.com\/channel\/UCX5LYGVhnKvYauW4Nta4HJA\",\"https:\/\/www.instagram.com\/welovecinema.be\/\"]},{\"@type\":\"Person\",\"@id\":\"https:\/\/welovecinema.be\/nl\/#\/schema\/person\/f475ac81c30903d8505475024494c658\",\"name\":\"Kurt.Vandemaele\",\"url\":\"https:\/\/welovecinema.be\/nl\/author\/kurt-vandemaele\/\"}]}<\/script>\n<!-- \/ Yoast SEO plugin. -->","yoast_head_json":{"title":"Belgisch-Rwandese film 'La mis\u00e9ricorde de la jungle' in wereldpremi\u00e8re in Toronto - We Love Cinema","robots":{"index":"index","follow":"follow","max-snippet":"max-snippet:-1","max-image-preview":"max-image-preview:large","max-video-preview":"max-video-preview:-1"},"canonical":"https:\/\/welovecinema.be\/nl\/belgisch-rwandese-film-la-misericorde-de-la-jungle-in-wereldpremiere-in-toronto\/","og_locale":"nl_NL","og_type":"article","og_title":"Belgisch-Rwandese film 'La mis\u00e9ricorde de la jungle' in wereldpremi\u00e8re in Toronto - We Love Cinema","og_description":"&#8216;La Mis\u00e9ricorde de la jungle&#8217;\u00a0van de Rwandese regisseur Jo\u00ebl Karekezi, geproduceerd in Belgi\u00eb door N\u00e9on Rouge, gaat in wereldpremi\u00e8re op het Festival van Toronto. \u00a0De film zal er vertoond worden in de sectie Discovery. Het verhaal situeert zich in 1998 in de regio Kivu, op de grens tussen Congo en Rwanda. \u00a0Daar verliezen bij het &hellip;","og_url":"https:\/\/welovecinema.be\/nl\/belgisch-rwandese-film-la-misericorde-de-la-jungle-in-wereldpremiere-in-toronto\/","og_site_name":"We Love Cinema","article_publisher":"https:\/\/www.facebook.com\/welovecinema.be","article_published_time":"2018-08-21T14:51:26+00:00","article_modified_time":"2018-08-21T15:04:17+00:00","og_image":[{"width":1280,"height":540,"url":"https:\/\/welovecinema.be\/wp-content\/uploads\/sites\/2\/2018\/08\/MisericordeDeLaJungle.jpg","type":"image\/jpeg"}],"author":"Kurt.Vandemaele","twitter_card":"summary_large_image","twitter_misc":{"Geschreven door":"Kurt.Vandemaele","Geschatte leestijd":"2 minuten"},"schema":{"@context":"https:\/\/schema.org","@graph":[{"@type":"Article","@id":"https:\/\/welovecinema.be\/nl\/belgisch-rwandese-film-la-misericorde-de-la-jungle-in-wereldpremiere-in-toronto\/#article","isPartOf":{"@id":"https:\/\/welovecinema.be\/nl\/belgisch-rwandese-film-la-misericorde-de-la-jungle-in-wereldpremiere-in-toronto\/"},"author":{"name":"Kurt.Vandemaele","@id":"https:\/\/welovecinema.be\/nl\/#\/schema\/person\/f475ac81c30903d8505475024494c658"},"headline":"Belgisch-Rwandese film &#8216;La mis\u00e9ricorde de la jungle&#8217; in wereldpremi\u00e8re in Toronto","datePublished":"2018-08-21T14:51:26+00:00","dateModified":"2018-08-21T15:04:17+00:00","mainEntityOfPage":{"@id":"https:\/\/welovecinema.be\/nl\/belgisch-rwandese-film-la-misericorde-de-la-jungle-in-wereldpremiere-in-toronto\/"},"wordCount":321,"publisher":{"@id":"https:\/\/welovecinema.be\/nl\/#organization"},"keywords":["Aur\u00e9lien Bodinaux","Marc Zinga","Neon Rouge Production"],"articleSection":["Festivals"],"inLanguage":"nl-NL"},{"@type":"WebPage","@id":"https:\/\/welovecinema.be\/nl\/belgisch-rwandese-film-la-misericorde-de-la-jungle-in-wereldpremiere-in-toronto\/","url":"https:\/\/welovecinema.be\/nl\/belgisch-rwandese-film-la-misericorde-de-la-jungle-in-wereldpremiere-in-toronto\/","name":"Belgisch-Rwandese film 'La mis\u00e9ricorde de la jungle' in wereldpremi\u00e8re in Toronto - We Love Cinema","isPartOf":{"@id":"https:\/\/welovecinema.be\/nl\/#website"},"datePublished":"2018-08-21T14:51:26+00:00","dateModified":"2018-08-21T15:04:17+00:00","breadcrumb":{"@id":"https:\/\/welovecinema.be\/nl\/belgisch-rwandese-film-la-misericorde-de-la-jungle-in-wereldpremiere-in-toronto\/#breadcrumb"},"inLanguage":"nl-NL","potentialAction":[{"@type":"ReadAction","target":["https:\/\/welovecinema.be\/nl\/belgisch-rwandese-film-la-misericorde-de-la-jungle-in-wereldpremiere-in-toronto\/"]}]},{"@type":"BreadcrumbList","@id":"https:\/\/welovecinema.be\/nl\/belgisch-rwandese-film-la-misericorde-de-la-jungle-in-wereldpremiere-in-toronto\/#breadcrumb","itemListElement":[{"@type":"ListItem","position":1,"name":"Accueil","item":"https:\/\/welovecinema.be\/nl\/"},{"@type":"ListItem","position":2,"name":"Belgisch-Rwandese film &#8216;La mis\u00e9ricorde de la jungle&#8217; in wereldpremi\u00e8re in Toronto"}]},{"@type":"WebSite","@id":"https:\/\/welovecinema.be\/nl\/#website","url":"https:\/\/welovecinema.be\/nl\/","name":"We Love Cinema","description":"Toute l\u2019information du cin\u00e9ma en Belgique","publisher":{"@id":"https:\/\/welovecinema.be\/nl\/#organization"},"potentialAction":[{"@type":"SearchAction","target":{"@type":"EntryPoint","urlTemplate":"https:\/\/welovecinema.be\/nl\/?s={search_term_string}"},"query-input":"required name=search_term_string"}],"inLanguage":"nl-NL"},{"@type":"Organization","@id":"https:\/\/welovecinema.be\/nl\/#organization","name":"We Love Cinema","url":"https:\/\/welovecinema.be\/nl\/","logo":{"@type":"ImageObject","inLanguage":"nl-NL","@id":"https:\/\/welovecinema.be\/nl\/#\/schema\/logo\/image\/","url":"https:\/\/welovecinema.be\/wp-content\/uploads\/sites\/2\/2023\/03\/Logo-We-Love-Cinema305x128.jpg","contentUrl":"https:\/\/welovecinema.be\/wp-content\/uploads\/sites\/2\/2023\/03\/Logo-We-Love-Cinema305x128.jpg","width":305,"height":128,"caption":"We Love Cinema"},"image":{"@id":"https:\/\/welovecinema.be\/nl\/#\/schema\/logo\/image\/"},"sameAs":["https:\/\/www.facebook.com\/welovecinema.be","https:\/\/www.youtube.com\/channel\/UCX5LYGVhnKvYauW4Nta4HJA","https:\/\/www.instagram.com\/welovecinema.be\/"]},{"@type":"Person","@id":"https:\/\/welovecinema.be\/nl\/#\/schema\/person\/f475ac81c30903d8505475024494c658","name":"Kurt.Vandemaele","url":"https:\/\/welovecinema.be\/nl\/author\/kurt-vandemaele\/"}]}},"_links":{"self":[{"href":"https:\/\/welovecinema.be\/nl\/wp-json\/wp\/v2\/posts\/212403","targetHints":{"allow":["GET"]}}],"collection":[{"href":"https:\/\/welovecinema.be\/nl\/wp-json\/wp\/v2\/posts"}],"about":[{"href":"https:\/\/welovecinema.be\/nl\/wp-json\/wp\/v2\/types\/post"}],"author":[{"embeddable":true,"href":"https:\/\/welovecinema.be\/nl\/wp-json\/wp\/v2\/users\/8"}],"replies":[{"embeddable":true,"href":"https:\/\/welovecinema.be\/nl\/wp-json\/wp\/v2\/comments?post=212403"}],"version-history":[{"count":0,"href":"https:\/\/welovecinema.be\/nl\/wp-json\/wp\/v2\/posts\/212403\/revisions"}],"wp:featuredmedia":[{"embeddable":true,"href":"https:\/\/welovecinema.be\/nl\/wp-json\/wp\/v2\/media\/212375"}],"wp:attachment":[{"href":"https:\/\/welovecinema.be\/nl\/wp-json\/wp\/v2\/media?parent=212403"}],"wp:term":[{"taxonomy":"category","embeddable":true,"href":"https:\/\/welovecinema.be\/nl\/wp-json\/wp\/v2\/categories?post=212403"},{"taxonomy":"post_tag","embeddable":true,"href":"https:\/\/welovecinema.be\/nl\/wp-json\/wp\/v2\/tags?post=212403"}],"curies":[{"name":"wp","href":"https:\/\/api.w.org\/{rel}","templated":true}]}}