{"id":211398,"date":"2018-07-25T16:36:41","date_gmt":"2018-07-25T14:36:41","guid":{"rendered":"https:\/\/www.cinevox.be\/?p=211398"},"modified":"2018-08-18T12:57:45","modified_gmt":"2018-08-18T10:57:45","slug":"matthias-schoenaerts-olivier-gourmet-en-yolande-moreau-op-het-filmfestival-van-venetie","status":"publish","type":"post","link":"https:\/\/welovecinema.be\/nl\/matthias-schoenaerts-olivier-gourmet-en-yolande-moreau-op-het-filmfestival-van-venetie\/","title":{"rendered":"Matthias Schoenaerts, Olivier Gourmet en Yolande Moreau op het Filmfestival van Veneti\u00eb"},"content":{"rendered":"<p><strong><img loading=\"lazy\" decoding=\"async\" class=\"aligncenter size-full wp-image-211387\" src=\"https:\/\/www.cinevox.be\/wp-content\/uploads\/sites\/2\/2018\/07\/FreresEnnemis.jpg\" alt=\"FreresEnnemis\" width=\"1600\" height=\"1067\" srcset=\"https:\/\/welovecinema.be\/wp-content\/uploads\/sites\/2\/2018\/07\/FreresEnnemis.jpg 1600w, https:\/\/welovecinema.be\/wp-content\/uploads\/sites\/2\/2018\/07\/FreresEnnemis-405x270.jpg 405w, https:\/\/welovecinema.be\/wp-content\/uploads\/sites\/2\/2018\/07\/FreresEnnemis-768x512.jpg 768w, https:\/\/welovecinema.be\/wp-content\/uploads\/sites\/2\/2018\/07\/FreresEnnemis-800x534.jpg 800w\" sizes=\"auto, (max-width: 1600px) 100vw, 1600px\" \/>Geen filmseizoen gaat er voorbij dat Matthias Schoenaerts niet opdaagt op het ene of andere grote festival. \u00a0We hadden hem verwacht in Veneti\u00eb met <em>&#8216;Radegund&#8217;<\/em> van Terrence Malick of met <em>&#8216;Kursk&#8217;<\/em> van Thomas Vinterberg, maar dat zijn twee films waarop we nog moeten wachten. \u00a0Hij is wel te zien in de Franse film<em> &#8216;Fr\u00e8res ennemis&#8217;<\/em>. Ook de befaamde Franstalige Belgen Olivier Gourmet en Yolande Moreau zullen te bewonderen zijn in Franse films die de Offici\u00eble Selectie in Veneti\u00eb haalden.\u00a0<\/strong><\/p>\n<p><!--more--><\/p>\n<h4>Matthias Schoenaerts in &#8216;Fr\u00e8res ennemis&#8217;<\/h4>\n<p>Matthias Schoenaerts deelt het scherm met <strong>Reda Kateb<\/strong> in deze thriller van <strong>David Oelhoffen<\/strong>, die de lotgevallen volgt van Manuel en Driss. Zij zijn samen opgegroeid en waren onafscheidelijk in hun jonge jaren, maar nu staan ze regelrecht tegenover elkaar en kunnen ze elkaars bloed wel drinken. \u00a0Manuel staat aan het hoofd van een drugsbende, terwijl Driss politierechercheur is geworden. Maar wanneer een grote deal van Manuel misloopt, worden de oude vrienden weer met elkaar geconfronteerd en beseffen ze dat ze elkaars hulp nodig hebben om te overleven. De film is gecoproduceerd door het Belgische Versus Production en de Belgische actrice<strong> Astrid Whettnall<\/strong> maakt ook deel uit van de cast. Oelhoffen maakte in 2013 het prachtige <em>&#8216;Loin des hommes&#8217;,<\/em> ook al met Reda Kateb en <strong>Viggo Mortensen<\/strong>, een film die ook al in Veneti\u00eb in premi\u00e8re ging. Begin oktober komt &#8216;Fr\u00e8res ennemis&#8217; uit in Frankrijk.<\/p>\n<p><img loading=\"lazy\" decoding=\"async\" class=\"aligncenter size-full wp-image-211391\" src=\"https:\/\/www.cinevox.be\/wp-content\/uploads\/sites\/2\/2018\/07\/UnPeupleEtSonRoiBis.jpg\" alt=\"\" width=\"2048\" height=\"1365\" srcset=\"https:\/\/welovecinema.be\/wp-content\/uploads\/sites\/2\/2018\/07\/UnPeupleEtSonRoiBis.jpg 2048w, https:\/\/welovecinema.be\/wp-content\/uploads\/sites\/2\/2018\/07\/UnPeupleEtSonRoiBis-405x270.jpg 405w, https:\/\/welovecinema.be\/wp-content\/uploads\/sites\/2\/2018\/07\/UnPeupleEtSonRoiBis-768x512.jpg 768w, https:\/\/welovecinema.be\/wp-content\/uploads\/sites\/2\/2018\/07\/UnPeupleEtSonRoiBis-800x533.jpg 800w\" sizes=\"auto, (max-width: 2048px) 100vw, 2048px\" \/><\/p>\n<h4>Olivier Gourmet in &#8216;Un peuple et son roi&#8217;<\/h4>\n<p>Olivier Gourmet vindt in &#8216;Un peuple et son roi&#8217; de regisseur terug die hem eerder liet schitteren in<em> &#8216;L&#8217;Exercice de l&#8217;Etat&#8217;<\/em>. Ook regisseur <strong>Pierre Schoeller<\/strong> kon rekenen op een Belgische coproducent: Les Films du Fleuve, de productiemaatschappij van de gebroeders Dardenne, die natuurlijk ook altijd graag met Gourmet werken. De film van Schoeller vertelt het verhaal van de Franse revolutie en het ontstaan van de republiek. Naast Gourmet maken onder meer <strong>Laurent Lafitte<\/strong>, <strong>Louis Garrel<\/strong>, <strong>Denis Lavant<\/strong> en<strong>\u00a0Ad\u00e8le Haenel<\/strong> deel uit van de cast. De film wordt &#8216;Buiten competitie&#8217; vertoond en komt uit in Frankrijk op 26 september.<\/p>\n<p><iframe loading=\"lazy\" title=\"UN PEUPLE ET SON ROI - Bande Annonce Officielle (2018)\" width=\"618\" height=\"348\" src=\"https:\/\/www.youtube.com\/embed\/rexq82lZ-hg?feature=oembed\" frameborder=\"0\" allow=\"accelerometer; autoplay; clipboard-write; encrypted-media; gyroscope; picture-in-picture; web-share\" referrerpolicy=\"strict-origin-when-cross-origin\" allowfullscreen><\/iframe><\/p>\n<h4>Yolande Moreau in &#8216;Les estivants&#8217;<\/h4>\n<p>Zelf kijken we vooral uit naar Yolande Moreau in <a href=\"https:\/\/www.cinevox.be\/nl\/bioscoopjournaal-januari-2018-schieten-en-cleo\/\"><em>&#8216;Cleo&#8217;<\/em> <\/a>van <strong>Eva Cools<\/strong>, maar voorlopig moeten we het stellen met Yolande Moreau in <em>&#8216;Les estivants&#8217;<\/em> van actrice <strong>Valeria Bruni Tedeschi<\/strong>. \u00a0&#8216;Les estivants&#8217; is niet de eerste film die Bruni Tedeschi regisseert. Al dateert haar vorige al van 2013. Met <em>&#8216;Un ch\u00e2teau en Italie&#8217;<\/em> haalde ze toen het Festival van Cannes. In haar nieuwste staat ze zelf ook voor de camera. Naast Yolande Moreau en<strong>\u00a0Pierre Arditi<\/strong> en<strong> No\u00e9mie Lvovsky<\/strong>, die samen met de regisseuse het script schreef. \u00a0Dat gaat over ene Anna, een filmregisseuse die net gescheiden is, en samen met haar dochter neerstrijkt op een groot en prachtig domein aan de\u00a0C\u00f4te d&#8217;Azur, waar ze onder familie, vrienden en bedienden wil bekomen van haar stukgelopen relatie. En tegelijk hoopt ze er het scenario voor haar nieuwste film te schrijven. Maar dat blijkt niet eenvoudig te zijn. Ook deze film wordt &#8216;buiten competitie&#8217; vertoond in Veneti\u00eb. De Franse release is voorzien voor eind december.<\/p>\n<p><strong>Zie ook:\u00a0<\/strong><\/p>\n<ul>\n<li><a href=\"https:\/\/www.cinevox.be\/nl\/twee-franstalig-belgische-films-naar-het-festival-van-venetie\/\">Twee Franstalige Belgische film in premi\u00e8re tijdens de Venice Days<\/a><\/li>\n<li><a href=\"https:\/\/www.cinevox.be\/nl\/beautiful-boy-gaat-in-wereldpremiere-op-het-festival-van-toronto\/\">&#8216;Beautiful Boy&#8217; van Felix Van Groeningen in premi\u00e8re in Veneti\u00eb<\/a><\/li>\n<\/ul>\n","protected":false},"excerpt":{"rendered":"<p>Geen filmseizoen gaat er voorbij dat Matthias Schoenaerts niet opdaagt op het ene of andere grote festival. \u00a0We hadden hem verwacht in Veneti\u00eb met &#8216;Radegund&#8217; van Terrence Malick of met &#8216;Kursk&#8217; van Thomas Vinterberg, maar dat zijn twee films waarop we nog moeten wachten. \u00a0Hij is wel te zien in de Franse film &#8216;Fr\u00e8res ennemis&#8217;. &hellip;<\/p>\n","protected":false},"author":8,"featured_media":211402,"comment_status":"closed","ping_status":"closed","sticky":false,"template":"","format":"standard","meta":{"ngg_post_thumbnail":0,"footnotes":""},"categories":[1069],"tags":[3789,3786,3079,1759,1530,3787,503,75,849,896,3788,3785],"class_list":["post-211398","post","type-post","status-publish","format-standard","has-post-thumbnail","","category-festivals-nl","tag-freres-ennemis","tag-adele-haenel","tag-astrid-whettnall","tag-bert-scholiers","tag-cleo","tag-de-gebroeders-dardenne","tag-eva-cools","tag-matthias-schoenaerts","tag-pierre-schoeller","tag-reda-kateb","tag-valeria-bruni-tedeschi","tag-yoland-moreau"],"yoast_head":"<!-- This site is optimized with the Yoast SEO plugin v20.4 - https:\/\/yoast.com\/wordpress\/plugins\/seo\/ -->\n<title>Matthias Schoenaerts, Olivier Gourmet en Yolande Moreau op het Filmfestival van Veneti\u00eb - We Love Cinema<\/title>\n<meta name=\"robots\" content=\"index, follow, max-snippet:-1, max-image-preview:large, max-video-preview:-1\" \/>\n<link rel=\"canonical\" href=\"https:\/\/welovecinema.be\/nl\/matthias-schoenaerts-olivier-gourmet-en-yolande-moreau-op-het-filmfestival-van-venetie\/\" \/>\n<meta property=\"og:locale\" content=\"nl_NL\" \/>\n<meta property=\"og:type\" content=\"article\" \/>\n<meta property=\"og:title\" content=\"Matthias Schoenaerts, Olivier Gourmet en Yolande Moreau op het Filmfestival van Veneti\u00eb - We Love Cinema\" \/>\n<meta property=\"og:description\" content=\"Geen filmseizoen gaat er voorbij dat Matthias Schoenaerts niet opdaagt op het ene of andere grote festival. \u00a0We hadden hem verwacht in Veneti\u00eb met &#8216;Radegund&#8217; van Terrence Malick of met &#8216;Kursk&#8217; van Thomas Vinterberg, maar dat zijn twee films waarop we nog moeten wachten. \u00a0Hij is wel te zien in de Franse film &#8216;Fr\u00e8res ennemis&#8217;. &hellip;\" \/>\n<meta property=\"og:url\" content=\"https:\/\/welovecinema.be\/nl\/matthias-schoenaerts-olivier-gourmet-en-yolande-moreau-op-het-filmfestival-van-venetie\/\" \/>\n<meta property=\"og:site_name\" content=\"We Love Cinema\" \/>\n<meta property=\"article:publisher\" content=\"https:\/\/www.facebook.com\/welovecinema.be\" \/>\n<meta property=\"article:published_time\" content=\"2018-07-25T14:36:41+00:00\" \/>\n<meta property=\"article:modified_time\" content=\"2018-08-18T10:57:45+00:00\" \/>\n<meta property=\"og:image\" content=\"https:\/\/welovecinema.be\/wp-content\/uploads\/sites\/2\/2018\/07\/FreresEnnemis-2.jpg\" \/>\n\t<meta property=\"og:image:width\" content=\"846\" \/>\n\t<meta property=\"og:image:height\" content=\"507\" \/>\n\t<meta property=\"og:image:type\" content=\"image\/jpeg\" \/>\n<meta name=\"author\" content=\"Kurt.Vandemaele\" \/>\n<meta name=\"twitter:card\" content=\"summary_large_image\" \/>\n<meta name=\"twitter:label1\" content=\"Geschreven door\" \/>\n\t<meta name=\"twitter:data1\" content=\"Kurt.Vandemaele\" \/>\n\t<meta name=\"twitter:label2\" content=\"Geschatte leestijd\" \/>\n\t<meta name=\"twitter:data2\" content=\"3 minuten\" \/>\n<script type=\"application\/ld+json\" class=\"yoast-schema-graph\">{\"@context\":\"https:\/\/schema.org\",\"@graph\":[{\"@type\":\"Article\",\"@id\":\"https:\/\/welovecinema.be\/nl\/matthias-schoenaerts-olivier-gourmet-en-yolande-moreau-op-het-filmfestival-van-venetie\/#article\",\"isPartOf\":{\"@id\":\"https:\/\/welovecinema.be\/nl\/matthias-schoenaerts-olivier-gourmet-en-yolande-moreau-op-het-filmfestival-van-venetie\/\"},\"author\":{\"name\":\"Kurt.Vandemaele\",\"@id\":\"https:\/\/welovecinema.be\/nl\/#\/schema\/person\/f475ac81c30903d8505475024494c658\"},\"headline\":\"Matthias Schoenaerts, Olivier Gourmet en Yolande Moreau op het Filmfestival van Veneti\u00eb\",\"datePublished\":\"2018-07-25T14:36:41+00:00\",\"dateModified\":\"2018-08-18T10:57:45+00:00\",\"mainEntityOfPage\":{\"@id\":\"https:\/\/welovecinema.be\/nl\/matthias-schoenaerts-olivier-gourmet-en-yolande-moreau-op-het-filmfestival-van-venetie\/\"},\"wordCount\":555,\"publisher\":{\"@id\":\"https:\/\/welovecinema.be\/nl\/#organization\"},\"keywords\":[\"'Fr\u00e8res ennemis'\",\"Ad\u00e8le Haenel\",\"Astrid Whettnall\",\"Bert Scholiers\",\"Cleo\",\"de gebroeders Dardenne\",\"Eva Cools\",\"matthias schoenaerts\",\"Pierre Schoeller\",\"Reda Kateb\",\"Valeria Bruni Tedeschi\",\"Yoland Moreau\"],\"articleSection\":[\"Festivals\"],\"inLanguage\":\"nl-NL\"},{\"@type\":\"WebPage\",\"@id\":\"https:\/\/welovecinema.be\/nl\/matthias-schoenaerts-olivier-gourmet-en-yolande-moreau-op-het-filmfestival-van-venetie\/\",\"url\":\"https:\/\/welovecinema.be\/nl\/matthias-schoenaerts-olivier-gourmet-en-yolande-moreau-op-het-filmfestival-van-venetie\/\",\"name\":\"Matthias Schoenaerts, Olivier Gourmet en Yolande Moreau op het Filmfestival van Veneti\u00eb - We Love Cinema\",\"isPartOf\":{\"@id\":\"https:\/\/welovecinema.be\/nl\/#website\"},\"datePublished\":\"2018-07-25T14:36:41+00:00\",\"dateModified\":\"2018-08-18T10:57:45+00:00\",\"breadcrumb\":{\"@id\":\"https:\/\/welovecinema.be\/nl\/matthias-schoenaerts-olivier-gourmet-en-yolande-moreau-op-het-filmfestival-van-venetie\/#breadcrumb\"},\"inLanguage\":\"nl-NL\",\"potentialAction\":[{\"@type\":\"ReadAction\",\"target\":[\"https:\/\/welovecinema.be\/nl\/matthias-schoenaerts-olivier-gourmet-en-yolande-moreau-op-het-filmfestival-van-venetie\/\"]}]},{\"@type\":\"BreadcrumbList\",\"@id\":\"https:\/\/welovecinema.be\/nl\/matthias-schoenaerts-olivier-gourmet-en-yolande-moreau-op-het-filmfestival-van-venetie\/#breadcrumb\",\"itemListElement\":[{\"@type\":\"ListItem\",\"position\":1,\"name\":\"Accueil\",\"item\":\"https:\/\/welovecinema.be\/nl\/\"},{\"@type\":\"ListItem\",\"position\":2,\"name\":\"Matthias Schoenaerts, Olivier Gourmet en Yolande Moreau op het Filmfestival van Veneti\u00eb\"}]},{\"@type\":\"WebSite\",\"@id\":\"https:\/\/welovecinema.be\/nl\/#website\",\"url\":\"https:\/\/welovecinema.be\/nl\/\",\"name\":\"We Love Cinema\",\"description\":\"Toute l\u2019information du cin\u00e9ma en Belgique\",\"publisher\":{\"@id\":\"https:\/\/welovecinema.be\/nl\/#organization\"},\"potentialAction\":[{\"@type\":\"SearchAction\",\"target\":{\"@type\":\"EntryPoint\",\"urlTemplate\":\"https:\/\/welovecinema.be\/nl\/?s={search_term_string}\"},\"query-input\":\"required name=search_term_string\"}],\"inLanguage\":\"nl-NL\"},{\"@type\":\"Organization\",\"@id\":\"https:\/\/welovecinema.be\/nl\/#organization\",\"name\":\"We Love Cinema\",\"url\":\"https:\/\/welovecinema.be\/nl\/\",\"logo\":{\"@type\":\"ImageObject\",\"inLanguage\":\"nl-NL\",\"@id\":\"https:\/\/welovecinema.be\/nl\/#\/schema\/logo\/image\/\",\"url\":\"https:\/\/welovecinema.be\/wp-content\/uploads\/sites\/2\/2023\/03\/Logo-We-Love-Cinema305x128.jpg\",\"contentUrl\":\"https:\/\/welovecinema.be\/wp-content\/uploads\/sites\/2\/2023\/03\/Logo-We-Love-Cinema305x128.jpg\",\"width\":305,\"height\":128,\"caption\":\"We Love Cinema\"},\"image\":{\"@id\":\"https:\/\/welovecinema.be\/nl\/#\/schema\/logo\/image\/\"},\"sameAs\":[\"https:\/\/www.facebook.com\/welovecinema.be\",\"https:\/\/www.youtube.com\/channel\/UCX5LYGVhnKvYauW4Nta4HJA\",\"https:\/\/www.instagram.com\/welovecinema.be\/\"]},{\"@type\":\"Person\",\"@id\":\"https:\/\/welovecinema.be\/nl\/#\/schema\/person\/f475ac81c30903d8505475024494c658\",\"name\":\"Kurt.Vandemaele\",\"url\":\"https:\/\/welovecinema.be\/nl\/author\/kurt-vandemaele\/\"}]}<\/script>\n<!-- \/ Yoast SEO plugin. -->","yoast_head_json":{"title":"Matthias Schoenaerts, Olivier Gourmet en Yolande Moreau op het Filmfestival van Veneti\u00eb - We Love Cinema","robots":{"index":"index","follow":"follow","max-snippet":"max-snippet:-1","max-image-preview":"max-image-preview:large","max-video-preview":"max-video-preview:-1"},"canonical":"https:\/\/welovecinema.be\/nl\/matthias-schoenaerts-olivier-gourmet-en-yolande-moreau-op-het-filmfestival-van-venetie\/","og_locale":"nl_NL","og_type":"article","og_title":"Matthias Schoenaerts, Olivier Gourmet en Yolande Moreau op het Filmfestival van Veneti\u00eb - We Love Cinema","og_description":"Geen filmseizoen gaat er voorbij dat Matthias Schoenaerts niet opdaagt op het ene of andere grote festival. \u00a0We hadden hem verwacht in Veneti\u00eb met &#8216;Radegund&#8217; van Terrence Malick of met &#8216;Kursk&#8217; van Thomas Vinterberg, maar dat zijn twee films waarop we nog moeten wachten. \u00a0Hij is wel te zien in de Franse film &#8216;Fr\u00e8res ennemis&#8217;. &hellip;","og_url":"https:\/\/welovecinema.be\/nl\/matthias-schoenaerts-olivier-gourmet-en-yolande-moreau-op-het-filmfestival-van-venetie\/","og_site_name":"We Love Cinema","article_publisher":"https:\/\/www.facebook.com\/welovecinema.be","article_published_time":"2018-07-25T14:36:41+00:00","article_modified_time":"2018-08-18T10:57:45+00:00","og_image":[{"width":846,"height":507,"url":"https:\/\/welovecinema.be\/wp-content\/uploads\/sites\/2\/2018\/07\/FreresEnnemis-2.jpg","type":"image\/jpeg"}],"author":"Kurt.Vandemaele","twitter_card":"summary_large_image","twitter_misc":{"Geschreven door":"Kurt.Vandemaele","Geschatte leestijd":"3 minuten"},"schema":{"@context":"https:\/\/schema.org","@graph":[{"@type":"Article","@id":"https:\/\/welovecinema.be\/nl\/matthias-schoenaerts-olivier-gourmet-en-yolande-moreau-op-het-filmfestival-van-venetie\/#article","isPartOf":{"@id":"https:\/\/welovecinema.be\/nl\/matthias-schoenaerts-olivier-gourmet-en-yolande-moreau-op-het-filmfestival-van-venetie\/"},"author":{"name":"Kurt.Vandemaele","@id":"https:\/\/welovecinema.be\/nl\/#\/schema\/person\/f475ac81c30903d8505475024494c658"},"headline":"Matthias Schoenaerts, Olivier Gourmet en Yolande Moreau op het Filmfestival van Veneti\u00eb","datePublished":"2018-07-25T14:36:41+00:00","dateModified":"2018-08-18T10:57:45+00:00","mainEntityOfPage":{"@id":"https:\/\/welovecinema.be\/nl\/matthias-schoenaerts-olivier-gourmet-en-yolande-moreau-op-het-filmfestival-van-venetie\/"},"wordCount":555,"publisher":{"@id":"https:\/\/welovecinema.be\/nl\/#organization"},"keywords":["'Fr\u00e8res ennemis'","Ad\u00e8le Haenel","Astrid Whettnall","Bert Scholiers","Cleo","de gebroeders Dardenne","Eva Cools","matthias schoenaerts","Pierre Schoeller","Reda Kateb","Valeria Bruni Tedeschi","Yoland Moreau"],"articleSection":["Festivals"],"inLanguage":"nl-NL"},{"@type":"WebPage","@id":"https:\/\/welovecinema.be\/nl\/matthias-schoenaerts-olivier-gourmet-en-yolande-moreau-op-het-filmfestival-van-venetie\/","url":"https:\/\/welovecinema.be\/nl\/matthias-schoenaerts-olivier-gourmet-en-yolande-moreau-op-het-filmfestival-van-venetie\/","name":"Matthias Schoenaerts, Olivier Gourmet en Yolande Moreau op het Filmfestival van Veneti\u00eb - We Love Cinema","isPartOf":{"@id":"https:\/\/welovecinema.be\/nl\/#website"},"datePublished":"2018-07-25T14:36:41+00:00","dateModified":"2018-08-18T10:57:45+00:00","breadcrumb":{"@id":"https:\/\/welovecinema.be\/nl\/matthias-schoenaerts-olivier-gourmet-en-yolande-moreau-op-het-filmfestival-van-venetie\/#breadcrumb"},"inLanguage":"nl-NL","potentialAction":[{"@type":"ReadAction","target":["https:\/\/welovecinema.be\/nl\/matthias-schoenaerts-olivier-gourmet-en-yolande-moreau-op-het-filmfestival-van-venetie\/"]}]},{"@type":"BreadcrumbList","@id":"https:\/\/welovecinema.be\/nl\/matthias-schoenaerts-olivier-gourmet-en-yolande-moreau-op-het-filmfestival-van-venetie\/#breadcrumb","itemListElement":[{"@type":"ListItem","position":1,"name":"Accueil","item":"https:\/\/welovecinema.be\/nl\/"},{"@type":"ListItem","position":2,"name":"Matthias Schoenaerts, Olivier Gourmet en Yolande Moreau op het Filmfestival van Veneti\u00eb"}]},{"@type":"WebSite","@id":"https:\/\/welovecinema.be\/nl\/#website","url":"https:\/\/welovecinema.be\/nl\/","name":"We Love Cinema","description":"Toute l\u2019information du cin\u00e9ma en Belgique","publisher":{"@id":"https:\/\/welovecinema.be\/nl\/#organization"},"potentialAction":[{"@type":"SearchAction","target":{"@type":"EntryPoint","urlTemplate":"https:\/\/welovecinema.be\/nl\/?s={search_term_string}"},"query-input":"required name=search_term_string"}],"inLanguage":"nl-NL"},{"@type":"Organization","@id":"https:\/\/welovecinema.be\/nl\/#organization","name":"We Love Cinema","url":"https:\/\/welovecinema.be\/nl\/","logo":{"@type":"ImageObject","inLanguage":"nl-NL","@id":"https:\/\/welovecinema.be\/nl\/#\/schema\/logo\/image\/","url":"https:\/\/welovecinema.be\/wp-content\/uploads\/sites\/2\/2023\/03\/Logo-We-Love-Cinema305x128.jpg","contentUrl":"https:\/\/welovecinema.be\/wp-content\/uploads\/sites\/2\/2023\/03\/Logo-We-Love-Cinema305x128.jpg","width":305,"height":128,"caption":"We Love Cinema"},"image":{"@id":"https:\/\/welovecinema.be\/nl\/#\/schema\/logo\/image\/"},"sameAs":["https:\/\/www.facebook.com\/welovecinema.be","https:\/\/www.youtube.com\/channel\/UCX5LYGVhnKvYauW4Nta4HJA","https:\/\/www.instagram.com\/welovecinema.be\/"]},{"@type":"Person","@id":"https:\/\/welovecinema.be\/nl\/#\/schema\/person\/f475ac81c30903d8505475024494c658","name":"Kurt.Vandemaele","url":"https:\/\/welovecinema.be\/nl\/author\/kurt-vandemaele\/"}]}},"_links":{"self":[{"href":"https:\/\/welovecinema.be\/nl\/wp-json\/wp\/v2\/posts\/211398","targetHints":{"allow":["GET"]}}],"collection":[{"href":"https:\/\/welovecinema.be\/nl\/wp-json\/wp\/v2\/posts"}],"about":[{"href":"https:\/\/welovecinema.be\/nl\/wp-json\/wp\/v2\/types\/post"}],"author":[{"embeddable":true,"href":"https:\/\/welovecinema.be\/nl\/wp-json\/wp\/v2\/users\/8"}],"replies":[{"embeddable":true,"href":"https:\/\/welovecinema.be\/nl\/wp-json\/wp\/v2\/comments?post=211398"}],"version-history":[{"count":0,"href":"https:\/\/welovecinema.be\/nl\/wp-json\/wp\/v2\/posts\/211398\/revisions"}],"wp:featuredmedia":[{"embeddable":true,"href":"https:\/\/welovecinema.be\/nl\/wp-json\/wp\/v2\/media\/211402"}],"wp:attachment":[{"href":"https:\/\/welovecinema.be\/nl\/wp-json\/wp\/v2\/media?parent=211398"}],"wp:term":[{"taxonomy":"category","embeddable":true,"href":"https:\/\/welovecinema.be\/nl\/wp-json\/wp\/v2\/categories?post=211398"},{"taxonomy":"post_tag","embeddable":true,"href":"https:\/\/welovecinema.be\/nl\/wp-json\/wp\/v2\/tags?post=211398"}],"curies":[{"name":"wp","href":"https:\/\/api.w.org\/{rel}","templated":true}]}}