{"id":211348,"date":"2018-07-24T16:09:27","date_gmt":"2018-07-24T14:09:27","guid":{"rendered":"https:\/\/www.cinevox.be\/?p=211348"},"modified":"2018-07-27T14:30:08","modified_gmt":"2018-07-27T12:30:08","slug":"beautiful-boy-gaat-in-wereldpremiere-op-het-festival-van-toronto","status":"publish","type":"post","link":"https:\/\/welovecinema.be\/nl\/beautiful-boy-gaat-in-wereldpremiere-op-het-festival-van-toronto\/","title":{"rendered":"&#8216;Beautiful Boy&#8217; gaat in wereldpremi\u00e8re op het Festival van Toronto"},"content":{"rendered":"<p><strong>Het Filmfestival van Toronto (6\/9 &#8211; 16\/9) maakte zopas zijn selectie bekend. \u00a0Zoals te hopen en te verwachten was, is &#8216;Beautiful Boy&#8217; van Felix Van Groeningen, de eerste Amerikaanse film van Felix van Groeningen, \u00e9\u00e9n van die films op het programma. &#8216;Beautiful Boy&#8217; zal er zijn wereldpremi\u00e8re beleven en is er te zien in de Gala &amp; Special Presentation Line Up.\u00a0<\/strong><\/p>\n<p><!--more--><\/p>\n<p>In zijn Engelstalig debuut, verbaast regisseur Felix van Groeningen (<em>&#8216;The Broken Circle Breakdown&#8217;, &#8216;De Helaasheid der Dingen&#8217;<\/em>) eens te meer met een ontroerende film over hoop en liefde. Hij kon daarvoor rekenen op topacteur <strong>Steve Carell<\/strong> (<em>&#8216;The Big Short&#8217;, &#8216;Little Miss Sunshine&#8217;<\/em>) en rijzende ster <strong>Timoth\u00e9e Chalamet<\/strong> (<em>&#8216;Call Me By Your Name&#8217;, &#8216;Interstellar&#8217;<\/em>). Naast zijn trouwe bondgenoten, zoals cinematograaf <strong>Ruben Impens<\/strong> en monteur <strong>Nico Leunen<\/strong>, werkte van Groeningen voor het eerst samen met Plan B Entertainment, het inmiddels legendarische productiehuis van <strong>Brad Pitt<\/strong> dat eerder al tekende voor moderne klassiekers als<em> &#8217;12 Years a Slave&#8217;, &#8216;The Big Short&#8217;<\/em> en <em>&#8216;Moonlight\u2019.<\/em><\/p>\n<p><img loading=\"lazy\" decoding=\"async\" class=\"aligncenter size-full wp-image-211349\" src=\"https:\/\/www.cinevox.be\/wp-content\/uploads\/sites\/2\/2018\/07\/37722782_2110829195615749_2501710869579169792_o.jpg\" alt=\"\" width=\"2048\" height=\"1356\" srcset=\"https:\/\/welovecinema.be\/wp-content\/uploads\/sites\/2\/2018\/07\/37722782_2110829195615749_2501710869579169792_o.jpg 2048w, https:\/\/welovecinema.be\/wp-content\/uploads\/sites\/2\/2018\/07\/37722782_2110829195615749_2501710869579169792_o-408x270.jpg 408w, https:\/\/welovecinema.be\/wp-content\/uploads\/sites\/2\/2018\/07\/37722782_2110829195615749_2501710869579169792_o-768x509.jpg 768w, https:\/\/welovecinema.be\/wp-content\/uploads\/sites\/2\/2018\/07\/37722782_2110829195615749_2501710869579169792_o-800x530.jpg 800w, https:\/\/welovecinema.be\/wp-content\/uploads\/sites\/2\/2018\/07\/37722782_2110829195615749_2501710869579169792_o-310x205.jpg 310w\" sizes=\"auto, (max-width: 2048px) 100vw, 2048px\" \/><\/p>\n<p>&#8216;Beautiful Boy\u2019 vertelt het verhaal van een vader die machteloos toeziet hoe zijn zoon kampt met een drugverslaving en van het gevecht dat die zoon levert tijdens zijn ontwenningsperiode. Het scenario werd geschreven door Felix van Groeningen en <strong>Luke Davies<\/strong>. Ze hebben zich daarbij\u00a0 gebaseerd op <em>&#8216;Beautiful Boy: A Father\u2019s Journey Through His Son\u2019s Addiction,&#8217;<\/em> de memoires van New York Times-journalist <strong>David Sheff<\/strong>, een verslag van hoe zijn gezin omging met de drugverslaving van zijn zoon, en op <em>\u2018Tweak: Growing Up on Methamphetamines\u2019<\/em>, een boek waarin zoon <strong>Nic Sheff<\/strong> het relaas brengt van de tijd dat hij aan de drugs zat.<\/p>\n<p>Naast Chalamet en Carell zien we onder meer <strong>Maura Tierney<\/strong> <em>(&#8216;E.R.&#8217;)<\/em> en <strong>Amy Ryan<\/strong> <em>(&#8216;Gone Baby Gone&#8217;<\/em> en <em>&#8216;Birdman&#8217;<\/em>) in de film.<\/p>\n<p>https:\/\/youtu.be\/KTm_YS5cBzk<\/p>\n<p>.De film werd gedraaid op locatie in Los Angeles en San Francisco.\u00a0Impens en Leunen hadden eerder al internationale ervaring opgedaan. Impens draaide ook al de spraakmakende Franse film <em>&#8216;Grave&#8217;<\/em> en stond onlangs ook achter de camera tijdens de opnames van<em> &#8216;Mustang&#8217;<\/em>, een film waarin <strong>Matthias Schoenaerts<\/strong> de hoofdrol speelt. Nico Leunen, de partner en vaste monteur van<strong> Fien Troch<\/strong>, die eerder in Hollywood met<em> &#8216;Lost River&#8217;<\/em> ook al het regiedebuut van <strong>Ryan Gosling<\/strong> monteerde, leek aanvankelijk zijn planning niet te kunnen schikken voor &#8216;Beautiful Boy&#8217;, maar hij heeft net als Impens natuurlijk een verleden met Felix Van Groeningen. \u00a0Al van <em>&#8216;Steve + Sky&#8217;<\/em>, de eerste langspeler van de regisseur, werkt het trio samen. Ruben Impens was er zelfs nog iets eerder bij. Hij hanteerde al de camera toen Van Groeningen zijn kortfilm<em> &#8217;50CC&#8217;<\/em> regisseerde.<\/p>\n<p><img loading=\"lazy\" decoding=\"async\" class=\"aligncenter size-full wp-image-210876\" src=\"https:\/\/www.cinevox.be\/wp-content\/uploads\/sites\/2\/2018\/06\/763.jpeg\" alt=\"\" width=\"763\" height=\"500\" srcset=\"https:\/\/welovecinema.be\/wp-content\/uploads\/sites\/2\/2018\/06\/763.jpeg 763w, https:\/\/welovecinema.be\/wp-content\/uploads\/sites\/2\/2018\/06\/763-412x270.jpeg 412w\" sizes=\"auto, (max-width: 763px) 100vw, 763px\" \/><\/p>\n<p><strong>Zie ook :\u00a0<\/strong><\/p>\n<ul>\n<li><a href=\"https:\/\/www.cinevox.be\/nl\/beautiful-boy-vanaf-21-november-in-de-belgische-zalen\/\">&#8216;Beautiful Boy&#8217; komt uit op 21 november\u00a0<\/a><\/li>\n<li><a href=\"https:\/\/www.cinevox.be\/nl\/is-felix-groeningen-beautiful-boy-op-weg-naar-oscars\/\">Is Felix Van Groeningen met &#8216;Beautiful Boy&#8217; op weg naar de Oscars?<\/a><\/li>\n<\/ul>\n<p><img loading=\"lazy\" decoding=\"async\" class=\"aligncenter size-full wp-image-210887\" src=\"https:\/\/www.cinevox.be\/wp-content\/uploads\/sites\/2\/2018\/06\/PosterBeautifulBoy.jpg\" alt=\"PosterBeautifulBoy\" width=\"729\" height=\"1080\" srcset=\"https:\/\/welovecinema.be\/wp-content\/uploads\/sites\/2\/2018\/06\/PosterBeautifulBoy.jpg 729w, https:\/\/welovecinema.be\/wp-content\/uploads\/sites\/2\/2018\/06\/PosterBeautifulBoy-182x270.jpg 182w, https:\/\/welovecinema.be\/wp-content\/uploads\/sites\/2\/2018\/06\/PosterBeautifulBoy-405x600.jpg 405w\" sizes=\"auto, (max-width: 729px) 100vw, 729px\" \/><\/p>\n","protected":false},"excerpt":{"rendered":"<p>Het Filmfestival van Toronto (6\/9 &#8211; 16\/9) maakte zopas zijn selectie bekend. \u00a0Zoals te hopen en te verwachten was, is &#8216;Beautiful Boy&#8217; van Felix Van Groeningen, de eerste Amerikaanse film van Felix van Groeningen, \u00e9\u00e9n van die films op het programma. &#8216;Beautiful Boy&#8217; zal er zijn wereldpremi\u00e8re beleven en is er te zien in de &hellip;<\/p>\n","protected":false},"author":8,"featured_media":211363,"comment_status":"closed","ping_status":"closed","sticky":false,"template":"","format":"standard","meta":{"ngg_post_thumbnail":0,"footnotes":""},"categories":[1069],"tags":[2286,3228,3231,63,3230,3234,3232,763,67,3065,3229],"class_list":["post-211348","post","type-post","status-publish","format-standard","has-post-thumbnail","","category-festivals-nl","tag-beautiful-boy","tag-amy-ryan","tag-david-sheff","tag-felix-van-groeningen","tag-luke-davies","tag-maura-tierney","tag-nic-sheff","tag-nico-leunen","tag-ruben-impens","tag-steve-carell","tag-timothy-chalamet"],"yoast_head":"<!-- This site is optimized with the Yoast SEO plugin v20.4 - https:\/\/yoast.com\/wordpress\/plugins\/seo\/ -->\n<title>&#039;Beautiful Boy&#039; gaat in wereldpremi\u00e8re op het Festival van Toronto - We Love Cinema<\/title>\n<meta name=\"robots\" content=\"index, follow, max-snippet:-1, max-image-preview:large, max-video-preview:-1\" \/>\n<link rel=\"canonical\" href=\"https:\/\/welovecinema.be\/nl\/beautiful-boy-gaat-in-wereldpremiere-op-het-festival-van-toronto\/\" \/>\n<meta property=\"og:locale\" content=\"nl_NL\" \/>\n<meta property=\"og:type\" content=\"article\" \/>\n<meta property=\"og:title\" content=\"&#039;Beautiful Boy&#039; gaat in wereldpremi\u00e8re op het Festival van Toronto - We Love Cinema\" \/>\n<meta property=\"og:description\" content=\"Het Filmfestival van Toronto (6\/9 &#8211; 16\/9) maakte zopas zijn selectie bekend. \u00a0Zoals te hopen en te verwachten was, is &#8216;Beautiful Boy&#8217; van Felix Van Groeningen, de eerste Amerikaanse film van Felix van Groeningen, \u00e9\u00e9n van die films op het programma. &#8216;Beautiful Boy&#8217; zal er zijn wereldpremi\u00e8re beleven en is er te zien in de &hellip;\" \/>\n<meta property=\"og:url\" content=\"https:\/\/welovecinema.be\/nl\/beautiful-boy-gaat-in-wereldpremiere-op-het-festival-van-toronto\/\" \/>\n<meta property=\"og:site_name\" content=\"We Love Cinema\" \/>\n<meta property=\"article:publisher\" content=\"https:\/\/www.facebook.com\/welovecinema.be\" \/>\n<meta property=\"article:published_time\" content=\"2018-07-24T14:09:27+00:00\" \/>\n<meta property=\"article:modified_time\" content=\"2018-07-27T12:30:08+00:00\" \/>\n<meta property=\"og:image\" content=\"https:\/\/welovecinema.be\/wp-content\/uploads\/sites\/2\/2018\/07\/beautifulboy_0HERO.jpg\" \/>\n\t<meta property=\"og:image:width\" content=\"1200\" \/>\n\t<meta property=\"og:image:height\" content=\"600\" \/>\n\t<meta property=\"og:image:type\" content=\"image\/jpeg\" \/>\n<meta name=\"author\" content=\"Kurt.Vandemaele\" \/>\n<meta name=\"twitter:card\" content=\"summary_large_image\" \/>\n<meta name=\"twitter:label1\" content=\"Geschreven door\" \/>\n\t<meta name=\"twitter:data1\" content=\"Kurt.Vandemaele\" \/>\n\t<meta name=\"twitter:label2\" content=\"Geschatte leestijd\" \/>\n\t<meta name=\"twitter:data2\" content=\"2 minuten\" \/>\n<script type=\"application\/ld+json\" class=\"yoast-schema-graph\">{\"@context\":\"https:\/\/schema.org\",\"@graph\":[{\"@type\":\"Article\",\"@id\":\"https:\/\/welovecinema.be\/nl\/beautiful-boy-gaat-in-wereldpremiere-op-het-festival-van-toronto\/#article\",\"isPartOf\":{\"@id\":\"https:\/\/welovecinema.be\/nl\/beautiful-boy-gaat-in-wereldpremiere-op-het-festival-van-toronto\/\"},\"author\":{\"name\":\"Kurt.Vandemaele\",\"@id\":\"https:\/\/welovecinema.be\/nl\/#\/schema\/person\/f475ac81c30903d8505475024494c658\"},\"headline\":\"&#8216;Beautiful Boy&#8217; gaat in wereldpremi\u00e8re op het Festival van Toronto\",\"datePublished\":\"2018-07-24T14:09:27+00:00\",\"dateModified\":\"2018-07-27T12:30:08+00:00\",\"mainEntityOfPage\":{\"@id\":\"https:\/\/welovecinema.be\/nl\/beautiful-boy-gaat-in-wereldpremiere-op-het-festival-van-toronto\/\"},\"wordCount\":457,\"publisher\":{\"@id\":\"https:\/\/welovecinema.be\/nl\/#organization\"},\"keywords\":[\"'Beautiful Boy'\",\"Amy Ryan\",\"David Sheff\",\"Felix Van Groeningen\",\"Luke Davies\",\"Maura Tierney\",\"Nic Sheff\",\"Nico Leunen\",\"Ruben Impens\",\"Steve Carell\",\"Timothy Chalamet\"],\"articleSection\":[\"Festivals\"],\"inLanguage\":\"nl-NL\"},{\"@type\":\"WebPage\",\"@id\":\"https:\/\/welovecinema.be\/nl\/beautiful-boy-gaat-in-wereldpremiere-op-het-festival-van-toronto\/\",\"url\":\"https:\/\/welovecinema.be\/nl\/beautiful-boy-gaat-in-wereldpremiere-op-het-festival-van-toronto\/\",\"name\":\"'Beautiful Boy' gaat in wereldpremi\u00e8re op het Festival van Toronto - We Love Cinema\",\"isPartOf\":{\"@id\":\"https:\/\/welovecinema.be\/nl\/#website\"},\"datePublished\":\"2018-07-24T14:09:27+00:00\",\"dateModified\":\"2018-07-27T12:30:08+00:00\",\"breadcrumb\":{\"@id\":\"https:\/\/welovecinema.be\/nl\/beautiful-boy-gaat-in-wereldpremiere-op-het-festival-van-toronto\/#breadcrumb\"},\"inLanguage\":\"nl-NL\",\"potentialAction\":[{\"@type\":\"ReadAction\",\"target\":[\"https:\/\/welovecinema.be\/nl\/beautiful-boy-gaat-in-wereldpremiere-op-het-festival-van-toronto\/\"]}]},{\"@type\":\"BreadcrumbList\",\"@id\":\"https:\/\/welovecinema.be\/nl\/beautiful-boy-gaat-in-wereldpremiere-op-het-festival-van-toronto\/#breadcrumb\",\"itemListElement\":[{\"@type\":\"ListItem\",\"position\":1,\"name\":\"Accueil\",\"item\":\"https:\/\/welovecinema.be\/nl\/\"},{\"@type\":\"ListItem\",\"position\":2,\"name\":\"&#8216;Beautiful Boy&#8217; gaat in wereldpremi\u00e8re op het Festival van Toronto\"}]},{\"@type\":\"WebSite\",\"@id\":\"https:\/\/welovecinema.be\/nl\/#website\",\"url\":\"https:\/\/welovecinema.be\/nl\/\",\"name\":\"We Love Cinema\",\"description\":\"Toute l\u2019information du cin\u00e9ma en Belgique\",\"publisher\":{\"@id\":\"https:\/\/welovecinema.be\/nl\/#organization\"},\"potentialAction\":[{\"@type\":\"SearchAction\",\"target\":{\"@type\":\"EntryPoint\",\"urlTemplate\":\"https:\/\/welovecinema.be\/nl\/?s={search_term_string}\"},\"query-input\":\"required name=search_term_string\"}],\"inLanguage\":\"nl-NL\"},{\"@type\":\"Organization\",\"@id\":\"https:\/\/welovecinema.be\/nl\/#organization\",\"name\":\"We Love Cinema\",\"url\":\"https:\/\/welovecinema.be\/nl\/\",\"logo\":{\"@type\":\"ImageObject\",\"inLanguage\":\"nl-NL\",\"@id\":\"https:\/\/welovecinema.be\/nl\/#\/schema\/logo\/image\/\",\"url\":\"https:\/\/welovecinema.be\/wp-content\/uploads\/sites\/2\/2023\/03\/Logo-We-Love-Cinema305x128.jpg\",\"contentUrl\":\"https:\/\/welovecinema.be\/wp-content\/uploads\/sites\/2\/2023\/03\/Logo-We-Love-Cinema305x128.jpg\",\"width\":305,\"height\":128,\"caption\":\"We Love Cinema\"},\"image\":{\"@id\":\"https:\/\/welovecinema.be\/nl\/#\/schema\/logo\/image\/\"},\"sameAs\":[\"https:\/\/www.facebook.com\/welovecinema.be\",\"https:\/\/www.youtube.com\/channel\/UCX5LYGVhnKvYauW4Nta4HJA\",\"https:\/\/www.instagram.com\/welovecinema.be\/\"]},{\"@type\":\"Person\",\"@id\":\"https:\/\/welovecinema.be\/nl\/#\/schema\/person\/f475ac81c30903d8505475024494c658\",\"name\":\"Kurt.Vandemaele\",\"url\":\"https:\/\/welovecinema.be\/nl\/author\/kurt-vandemaele\/\"}]}<\/script>\n<!-- \/ Yoast SEO plugin. -->","yoast_head_json":{"title":"'Beautiful Boy' gaat in wereldpremi\u00e8re op het Festival van Toronto - We Love Cinema","robots":{"index":"index","follow":"follow","max-snippet":"max-snippet:-1","max-image-preview":"max-image-preview:large","max-video-preview":"max-video-preview:-1"},"canonical":"https:\/\/welovecinema.be\/nl\/beautiful-boy-gaat-in-wereldpremiere-op-het-festival-van-toronto\/","og_locale":"nl_NL","og_type":"article","og_title":"'Beautiful Boy' gaat in wereldpremi\u00e8re op het Festival van Toronto - We Love Cinema","og_description":"Het Filmfestival van Toronto (6\/9 &#8211; 16\/9) maakte zopas zijn selectie bekend. \u00a0Zoals te hopen en te verwachten was, is &#8216;Beautiful Boy&#8217; van Felix Van Groeningen, de eerste Amerikaanse film van Felix van Groeningen, \u00e9\u00e9n van die films op het programma. &#8216;Beautiful Boy&#8217; zal er zijn wereldpremi\u00e8re beleven en is er te zien in de &hellip;","og_url":"https:\/\/welovecinema.be\/nl\/beautiful-boy-gaat-in-wereldpremiere-op-het-festival-van-toronto\/","og_site_name":"We Love Cinema","article_publisher":"https:\/\/www.facebook.com\/welovecinema.be","article_published_time":"2018-07-24T14:09:27+00:00","article_modified_time":"2018-07-27T12:30:08+00:00","og_image":[{"width":1200,"height":600,"url":"https:\/\/welovecinema.be\/wp-content\/uploads\/sites\/2\/2018\/07\/beautifulboy_0HERO.jpg","type":"image\/jpeg"}],"author":"Kurt.Vandemaele","twitter_card":"summary_large_image","twitter_misc":{"Geschreven door":"Kurt.Vandemaele","Geschatte leestijd":"2 minuten"},"schema":{"@context":"https:\/\/schema.org","@graph":[{"@type":"Article","@id":"https:\/\/welovecinema.be\/nl\/beautiful-boy-gaat-in-wereldpremiere-op-het-festival-van-toronto\/#article","isPartOf":{"@id":"https:\/\/welovecinema.be\/nl\/beautiful-boy-gaat-in-wereldpremiere-op-het-festival-van-toronto\/"},"author":{"name":"Kurt.Vandemaele","@id":"https:\/\/welovecinema.be\/nl\/#\/schema\/person\/f475ac81c30903d8505475024494c658"},"headline":"&#8216;Beautiful Boy&#8217; gaat in wereldpremi\u00e8re op het Festival van Toronto","datePublished":"2018-07-24T14:09:27+00:00","dateModified":"2018-07-27T12:30:08+00:00","mainEntityOfPage":{"@id":"https:\/\/welovecinema.be\/nl\/beautiful-boy-gaat-in-wereldpremiere-op-het-festival-van-toronto\/"},"wordCount":457,"publisher":{"@id":"https:\/\/welovecinema.be\/nl\/#organization"},"keywords":["'Beautiful Boy'","Amy Ryan","David Sheff","Felix Van Groeningen","Luke Davies","Maura Tierney","Nic Sheff","Nico Leunen","Ruben Impens","Steve Carell","Timothy Chalamet"],"articleSection":["Festivals"],"inLanguage":"nl-NL"},{"@type":"WebPage","@id":"https:\/\/welovecinema.be\/nl\/beautiful-boy-gaat-in-wereldpremiere-op-het-festival-van-toronto\/","url":"https:\/\/welovecinema.be\/nl\/beautiful-boy-gaat-in-wereldpremiere-op-het-festival-van-toronto\/","name":"'Beautiful Boy' gaat in wereldpremi\u00e8re op het Festival van Toronto - We Love Cinema","isPartOf":{"@id":"https:\/\/welovecinema.be\/nl\/#website"},"datePublished":"2018-07-24T14:09:27+00:00","dateModified":"2018-07-27T12:30:08+00:00","breadcrumb":{"@id":"https:\/\/welovecinema.be\/nl\/beautiful-boy-gaat-in-wereldpremiere-op-het-festival-van-toronto\/#breadcrumb"},"inLanguage":"nl-NL","potentialAction":[{"@type":"ReadAction","target":["https:\/\/welovecinema.be\/nl\/beautiful-boy-gaat-in-wereldpremiere-op-het-festival-van-toronto\/"]}]},{"@type":"BreadcrumbList","@id":"https:\/\/welovecinema.be\/nl\/beautiful-boy-gaat-in-wereldpremiere-op-het-festival-van-toronto\/#breadcrumb","itemListElement":[{"@type":"ListItem","position":1,"name":"Accueil","item":"https:\/\/welovecinema.be\/nl\/"},{"@type":"ListItem","position":2,"name":"&#8216;Beautiful Boy&#8217; gaat in wereldpremi\u00e8re op het Festival van Toronto"}]},{"@type":"WebSite","@id":"https:\/\/welovecinema.be\/nl\/#website","url":"https:\/\/welovecinema.be\/nl\/","name":"We Love Cinema","description":"Toute l\u2019information du cin\u00e9ma en Belgique","publisher":{"@id":"https:\/\/welovecinema.be\/nl\/#organization"},"potentialAction":[{"@type":"SearchAction","target":{"@type":"EntryPoint","urlTemplate":"https:\/\/welovecinema.be\/nl\/?s={search_term_string}"},"query-input":"required name=search_term_string"}],"inLanguage":"nl-NL"},{"@type":"Organization","@id":"https:\/\/welovecinema.be\/nl\/#organization","name":"We Love Cinema","url":"https:\/\/welovecinema.be\/nl\/","logo":{"@type":"ImageObject","inLanguage":"nl-NL","@id":"https:\/\/welovecinema.be\/nl\/#\/schema\/logo\/image\/","url":"https:\/\/welovecinema.be\/wp-content\/uploads\/sites\/2\/2023\/03\/Logo-We-Love-Cinema305x128.jpg","contentUrl":"https:\/\/welovecinema.be\/wp-content\/uploads\/sites\/2\/2023\/03\/Logo-We-Love-Cinema305x128.jpg","width":305,"height":128,"caption":"We Love Cinema"},"image":{"@id":"https:\/\/welovecinema.be\/nl\/#\/schema\/logo\/image\/"},"sameAs":["https:\/\/www.facebook.com\/welovecinema.be","https:\/\/www.youtube.com\/channel\/UCX5LYGVhnKvYauW4Nta4HJA","https:\/\/www.instagram.com\/welovecinema.be\/"]},{"@type":"Person","@id":"https:\/\/welovecinema.be\/nl\/#\/schema\/person\/f475ac81c30903d8505475024494c658","name":"Kurt.Vandemaele","url":"https:\/\/welovecinema.be\/nl\/author\/kurt-vandemaele\/"}]}},"_links":{"self":[{"href":"https:\/\/welovecinema.be\/nl\/wp-json\/wp\/v2\/posts\/211348","targetHints":{"allow":["GET"]}}],"collection":[{"href":"https:\/\/welovecinema.be\/nl\/wp-json\/wp\/v2\/posts"}],"about":[{"href":"https:\/\/welovecinema.be\/nl\/wp-json\/wp\/v2\/types\/post"}],"author":[{"embeddable":true,"href":"https:\/\/welovecinema.be\/nl\/wp-json\/wp\/v2\/users\/8"}],"replies":[{"embeddable":true,"href":"https:\/\/welovecinema.be\/nl\/wp-json\/wp\/v2\/comments?post=211348"}],"version-history":[{"count":0,"href":"https:\/\/welovecinema.be\/nl\/wp-json\/wp\/v2\/posts\/211348\/revisions"}],"wp:featuredmedia":[{"embeddable":true,"href":"https:\/\/welovecinema.be\/nl\/wp-json\/wp\/v2\/media\/211363"}],"wp:attachment":[{"href":"https:\/\/welovecinema.be\/nl\/wp-json\/wp\/v2\/media?parent=211348"}],"wp:term":[{"taxonomy":"category","embeddable":true,"href":"https:\/\/welovecinema.be\/nl\/wp-json\/wp\/v2\/categories?post=211348"},{"taxonomy":"post_tag","embeddable":true,"href":"https:\/\/welovecinema.be\/nl\/wp-json\/wp\/v2\/tags?post=211348"}],"curies":[{"name":"wp","href":"https:\/\/api.w.org\/{rel}","templated":true}]}}