{"id":210184,"date":"2018-05-30T17:35:34","date_gmt":"2018-05-30T15:35:34","guid":{"rendered":"http:\/\/www.cinevox.be\/?p=210184"},"modified":"2018-08-17T11:45:49","modified_gmt":"2018-08-17T09:45:49","slug":"210184","status":"publish","type":"post","link":"https:\/\/welovecinema.be\/nl\/210184\/","title":{"rendered":"&#8216;Nos Batailles&#8217; van Guillaume Senez opent het 33ste Festival van Namen"},"content":{"rendered":"<p><strong>Het\u00a033<\/strong><strong><sup>e<\/sup><\/strong><strong>\u00a0Internationaal Festival van de Franstalige Film van Namen loopt dit jaar van 28 september tot 5 oktober in de Waalse hoofdstad. En opent zoals wel vaker met een Belgische film. \u00a0Of een Belgisch-Franse coproductie, om precies te zijn. \u00a0&#8216;Nos Batailles&#8217; van Guillaume Senez maakte net nog een heel goeie beurt op het Filmfestival van Cannes.\u00a0<\/strong><\/p>\n<p><!--more--><\/p>\n<p>Elk jaar stelt het festival een honderdtal films voor uit alle hoeken van de Francofonie, dat vandaag wereldwijd 84 staten of regeringen telt. De Francofonie groepeert landen als Frankrijk, Qu\u00e9bec, Roemeni\u00eb, Libanon, Marokko, Senegal, Cambodja, Ha\u00efti of ook Belgi\u00eb, om er slechts enkele te noemen. Goed voor meer dan 900 miljoen mannen en vrouwen die de Franse taal en haar universele waarden delen.<\/p>\n<p><img loading=\"lazy\" decoding=\"async\" class=\"alignright size-large wp-image-209139\" src=\"http:\/\/www.cinevox.be\/wp-content\/uploads\/sites\/2\/2018\/04\/30727960_10155945801469340_4870280660675198976_o-1-800x450.jpg\" alt=\"\" width=\"618\" height=\"348\" srcset=\"https:\/\/welovecinema.be\/wp-content\/uploads\/sites\/2\/2018\/04\/30727960_10155945801469340_4870280660675198976_o-1-800x450.jpg 800w, https:\/\/welovecinema.be\/wp-content\/uploads\/sites\/2\/2018\/04\/30727960_10155945801469340_4870280660675198976_o-1-200x113.jpg 200w, https:\/\/welovecinema.be\/wp-content\/uploads\/sites\/2\/2018\/04\/30727960_10155945801469340_4870280660675198976_o-1-480x270.jpg 480w, https:\/\/welovecinema.be\/wp-content\/uploads\/sites\/2\/2018\/04\/30727960_10155945801469340_4870280660675198976_o-1-768x432.jpg 768w, https:\/\/welovecinema.be\/wp-content\/uploads\/sites\/2\/2018\/04\/30727960_10155945801469340_4870280660675198976_o-1.jpg 2048w\" sizes=\"auto, (max-width: 618px) 100vw, 618px\" \/><\/p>\n<p>De film vertelt het verhaal van Olivier die het binnen zijn bedrijf opneemt voor de rechten van zijn collega\u2019s. Maar dan verlaat zijn vrouw Laura van de ene op de andere dag het huis. Olivier is genoodzaakt de opvoeding van zijn kinderen en zijn gezins- en beroepsleven met elkaar te verzoenen. Geconfronteerd met zijn nieuwe verantwoordelijkheden, worstelt hij om een nieuw evenwicht te vinden, want Laura keert niet terug.<\/p>\n<p>De Franse acteur <strong>Romain Duris<\/strong> vertolkt de hoofdrol naast <strong>Laetitia Dosch<\/strong> (vorig jaar in Namen te gast voor de openingsfilm &#8216;<em>Jeune Femme&#8217;<\/em>), <strong>Laure Calamy<\/strong>, <strong>Dominique Valadi\u00e9<\/strong>, de Belgische actrice <strong>Lucie Debay<\/strong> (bij ons bekend van &#8216;<em>King of the Belgians&#8217;<\/em>, intussen een trouwe gast van Namen waar ze in 2009 &#8216;<em>Somewhere between here and now&#8217;<\/em>, en in 2014 &#8216;<em>Melody&#8217;<\/em>\u00a0voorstelde). De jonge Belgische acteurs, <strong>Basile Grunberger<\/strong> en <strong>Lena Girard Voss<\/strong>, spelen de kinderen van het koppel.<\/p>\n<p><strong>Guillaume Senez<\/strong> is een Frans-Belgische regisseur, in 1978 in Brussel geboren, waar hij vandaag ook woont. Hij is de maker van meerdere kortfilms die voor tal van festivals geselecteerd werden\u00a0: \u00a0&#8216;<em>La Quadrature du Cercle&#8217;\u00a0<\/em>(2005), &#8216;<em>Dans nos veines&#8217;\u00a0<\/em>(Nationale Competitie op het FIFF 2009) en <em>U.H.T. <\/em>(Prijs van de Jury op het FIFF 2012). In 2016 kwam zijn eerste langspeelfilm uit, <em>Keeper,<\/em> die een erg mooie internationale carri\u00e8re liep met meer dan 70 festivalselecties en een twintigtal prijzen (zoals de Prijs van de Pers op het FIFF 2015) en 3 Magrittes. <em>Nos batailles<\/em> is zijn tweede langspeelfilm, en meteen ook geselecteerd voor de Semaine de la Critique op het Festival van Cannes 2018.<\/p>\n<p><img loading=\"lazy\" decoding=\"async\" class=\"alignright size-large wp-image-210186\" src=\"http:\/\/www.cinevox.be\/wp-content\/uploads\/sites\/2\/2018\/05\/5483-nos-batailles-hd-05-800x460.jpg\" alt=\"\" width=\"618\" height=\"355\" \/><\/p>\n<p><em>Nos batailles<\/em> is een productie van <strong>Iota Production<\/strong> (Belgi\u00eb) en <strong>Les Films Pelleas<\/strong> (Frankrijk), in co-productie met <strong>Savage Film<\/strong> (Belgi\u00eb), met Auvergne-Rh\u00f4ne-Alpes Cin\u00e9ma, RTBF, VOO, Be TV.<br \/>\nMet steun van het Centre du Cin\u00e9ma et de l\u2019Audiovisuel de la F\u00e9d\u00e9ration Wallonie Bruxelles en van het Vlaams Audiovisueel Fonds (VAF). Met medewerking van de R\u00e9gion Auvergne-Rh\u00f4ne-Alpes, in partnerschap met het CNC en Cn\u00e9 +. In samenwerking met Ind\u00e9films 6, Haut et Court Distribution, Cin\u00e9art, Be For Films. Met steun van het Tax Shelter van de Belgische federale regering, Casa Kafka Pictures, Kafka Pictures Movie Tax Shelter empowered by Belfius en van het Media Programma van de Europese Unie. \u00a0Met steun voor het herschrijven van de R\u00e9gion Normandie in partnerschap met het CNC. Ontwikkeld met steun van Cin\u00e9mage 12 D\u00e9veloppement.<\/p>\n<p><img loading=\"lazy\" decoding=\"async\" class=\"aligncenter size-large wp-image-210187\" src=\"http:\/\/www.cinevox.be\/wp-content\/uploads\/sites\/2\/2018\/05\/5482-nos-batailles-hd-04-800x422.jpg\" alt=\"\" width=\"618\" height=\"326\" \/><\/p>\n<p>&nbsp;<\/p>\n<p>Bij de keuze van de openingsfilm tracht het FIFF elk jaar opnieuw de Belgische film een stevig podium te geven en er jonge, maar ook ervaren regisseurs voor te stellen. Na &#8216;<em>La Femme de Gilles&#8217;<\/em> van <strong>Fr\u00e9d\u00e9ric Fonteyne<\/strong> (2004), &#8216;<em>L\u2019enfer<\/em>\u00a0&#8216;van <strong>Danis Tanovic<\/strong> (2005), &#8216;<em>Cow-Boy&#8217;<\/em> van <strong>Beno\u00eet Mariage<\/strong> (2007), &#8216;<em>Home&#8217;<\/em>\u00a0van <strong>Ursula Meier<\/strong> (2008), \u00a0&#8216;<em>Les Barons&#8217;\u00a0<\/em>van <strong>Nabil Ben Yadir<\/strong> (2009), &#8216;<em>Ill\u00e9gal&#8217;\u00a0<\/em>van <strong>Olivier Masset-Depasse<\/strong> (2010), &#8216;<em>Les G\u00e9ants&#8217;<\/em> van <strong>Bouli Lanners<\/strong> (2011), &#8216;<em>Tango Libre&#8217;<\/em> van <strong>Fr\u00e9d\u00e9ric Fonteyne<\/strong> (2012), &#8216;<em>Tokyo Fianc\u00e9e&#8217;<\/em> van <strong>Stefan Liberski<\/strong> (2014), &#8216;<em>Pr\u00e9judice&#8217;<\/em> van <strong>Antoine Cuypers<\/strong> (2015), en &#8216;<em>La Fille inconnue&#8217;<\/em> van <strong>Luc en Jean-Pierre Dardenn<\/strong>e (2016), zal het FIFF dit jaar openen met de nieuwe film van Guillaume Senez, &#8216;<em>Nos batailles&#8217;<\/em>, die tijdens de vertoning van haar wereldpremi\u00e8re op de Semaine de la Critique op het jongste festival van Cannes door het publiek zeer gesmaakt werd.<\/p>\n<p>&nbsp;<\/p>\n<p>De film brengt <strong>Cin\u00e9art<\/strong> in Belgi\u00eb in de zalen vanaf 3 oktober en Haut et Court in Frankrijk.<\/p>\n<p><strong>Zie ook :\u00a0<\/strong><\/p>\n<p><a href=\"http:\/\/www.cinevox.be\/nl\/guillaume-senez-wil-films-maken-en-er-kinderen\/\">Guillaume Senez over &#8216;Nos Batailles&#8217;<\/a><\/p>\n","protected":false},"excerpt":{"rendered":"<p>Het\u00a033e\u00a0Internationaal Festival van de Franstalige Film van Namen loopt dit jaar van 28 september tot 5 oktober in de Waalse hoofdstad. En opent zoals wel vaker met een Belgische film. \u00a0Of een Belgisch-Franse coproductie, om precies te zijn. \u00a0&#8216;Nos Batailles&#8217; van Guillaume Senez maakte net nog een heel goeie beurt op het Filmfestival van Cannes.\u00a0<\/p>\n","protected":false},"author":8,"featured_media":209703,"comment_status":"closed","ping_status":"closed","sticky":false,"template":"","format":"standard","meta":{"ngg_post_thumbnail":0,"footnotes":""},"categories":[1069],"tags":[759,2005,2640,3546,1412],"class_list":["post-210184","post","type-post","status-publish","format-standard","has-post-thumbnail","","category-festivals-nl","tag-bart-van-langendonck","tag-guillaume-senez","tag-lucie-debay","tag-romain-duris","tag-savage-film"],"yoast_head":"<!-- This site is optimized with the Yoast SEO plugin v20.4 - https:\/\/yoast.com\/wordpress\/plugins\/seo\/ -->\n<title>&#039;Nos Batailles&#039; van Guillaume Senez opent het 33ste Festival van Namen - We Love Cinema<\/title>\n<meta name=\"robots\" content=\"index, follow, max-snippet:-1, max-image-preview:large, max-video-preview:-1\" \/>\n<link rel=\"canonical\" href=\"https:\/\/welovecinema.be\/nl\/210184\/\" \/>\n<meta property=\"og:locale\" content=\"nl_NL\" \/>\n<meta property=\"og:type\" content=\"article\" \/>\n<meta property=\"og:title\" content=\"&#039;Nos Batailles&#039; van Guillaume Senez opent het 33ste Festival van Namen - We Love Cinema\" \/>\n<meta property=\"og:description\" content=\"Het\u00a033e\u00a0Internationaal Festival van de Franstalige Film van Namen loopt dit jaar van 28 september tot 5 oktober in de Waalse hoofdstad. En opent zoals wel vaker met een Belgische film. \u00a0Of een Belgisch-Franse coproductie, om precies te zijn. \u00a0&#8216;Nos Batailles&#8217; van Guillaume Senez maakte net nog een heel goeie beurt op het Filmfestival van Cannes.\u00a0\" \/>\n<meta property=\"og:url\" content=\"https:\/\/welovecinema.be\/nl\/210184\/\" \/>\n<meta property=\"og:site_name\" content=\"We Love Cinema\" \/>\n<meta property=\"article:publisher\" content=\"https:\/\/www.facebook.com\/welovecinema.be\" \/>\n<meta property=\"article:published_time\" content=\"2018-05-30T15:35:34+00:00\" \/>\n<meta property=\"article:modified_time\" content=\"2018-08-17T09:45:49+00:00\" \/>\n<meta property=\"og:image\" content=\"https:\/\/welovecinema.be\/wp-content\/uploads\/sites\/2\/2018\/05\/Nos-batailles-6.jpg\" \/>\n\t<meta property=\"og:image:width\" content=\"900\" \/>\n\t<meta property=\"og:image:height\" content=\"540\" \/>\n\t<meta property=\"og:image:type\" content=\"image\/jpeg\" \/>\n<meta name=\"author\" content=\"Kurt.Vandemaele\" \/>\n<meta name=\"twitter:card\" content=\"summary_large_image\" \/>\n<meta name=\"twitter:label1\" content=\"Geschreven door\" \/>\n\t<meta name=\"twitter:data1\" content=\"Kurt.Vandemaele\" \/>\n\t<meta name=\"twitter:label2\" content=\"Geschatte leestijd\" \/>\n\t<meta name=\"twitter:data2\" content=\"3 minuten\" \/>\n<script type=\"application\/ld+json\" class=\"yoast-schema-graph\">{\"@context\":\"https:\/\/schema.org\",\"@graph\":[{\"@type\":\"Article\",\"@id\":\"https:\/\/welovecinema.be\/nl\/210184\/#article\",\"isPartOf\":{\"@id\":\"https:\/\/welovecinema.be\/nl\/210184\/\"},\"author\":{\"name\":\"Kurt.Vandemaele\",\"@id\":\"https:\/\/welovecinema.be\/nl\/#\/schema\/person\/f475ac81c30903d8505475024494c658\"},\"headline\":\"&#8216;Nos Batailles&#8217; van Guillaume Senez opent het 33ste Festival van Namen\",\"datePublished\":\"2018-05-30T15:35:34+00:00\",\"dateModified\":\"2018-08-17T09:45:49+00:00\",\"mainEntityOfPage\":{\"@id\":\"https:\/\/welovecinema.be\/nl\/210184\/\"},\"wordCount\":683,\"publisher\":{\"@id\":\"https:\/\/welovecinema.be\/nl\/#organization\"},\"keywords\":[\"Bart Van Langendonck\",\"Guillaume Senez\",\"Lucie Debay\",\"Romain Duris\",\"Savage Film\"],\"articleSection\":[\"Festivals\"],\"inLanguage\":\"nl-NL\"},{\"@type\":\"WebPage\",\"@id\":\"https:\/\/welovecinema.be\/nl\/210184\/\",\"url\":\"https:\/\/welovecinema.be\/nl\/210184\/\",\"name\":\"'Nos Batailles' van Guillaume Senez opent het 33ste Festival van Namen - We Love Cinema\",\"isPartOf\":{\"@id\":\"https:\/\/welovecinema.be\/nl\/#website\"},\"datePublished\":\"2018-05-30T15:35:34+00:00\",\"dateModified\":\"2018-08-17T09:45:49+00:00\",\"breadcrumb\":{\"@id\":\"https:\/\/welovecinema.be\/nl\/210184\/#breadcrumb\"},\"inLanguage\":\"nl-NL\",\"potentialAction\":[{\"@type\":\"ReadAction\",\"target\":[\"https:\/\/welovecinema.be\/nl\/210184\/\"]}]},{\"@type\":\"BreadcrumbList\",\"@id\":\"https:\/\/welovecinema.be\/nl\/210184\/#breadcrumb\",\"itemListElement\":[{\"@type\":\"ListItem\",\"position\":1,\"name\":\"Accueil\",\"item\":\"https:\/\/welovecinema.be\/nl\/\"},{\"@type\":\"ListItem\",\"position\":2,\"name\":\"&#8216;Nos Batailles&#8217; van Guillaume Senez opent het 33ste Festival van Namen\"}]},{\"@type\":\"WebSite\",\"@id\":\"https:\/\/welovecinema.be\/nl\/#website\",\"url\":\"https:\/\/welovecinema.be\/nl\/\",\"name\":\"We Love Cinema\",\"description\":\"Toute l\u2019information du cin\u00e9ma en Belgique\",\"publisher\":{\"@id\":\"https:\/\/welovecinema.be\/nl\/#organization\"},\"potentialAction\":[{\"@type\":\"SearchAction\",\"target\":{\"@type\":\"EntryPoint\",\"urlTemplate\":\"https:\/\/welovecinema.be\/nl\/?s={search_term_string}\"},\"query-input\":\"required name=search_term_string\"}],\"inLanguage\":\"nl-NL\"},{\"@type\":\"Organization\",\"@id\":\"https:\/\/welovecinema.be\/nl\/#organization\",\"name\":\"We Love Cinema\",\"url\":\"https:\/\/welovecinema.be\/nl\/\",\"logo\":{\"@type\":\"ImageObject\",\"inLanguage\":\"nl-NL\",\"@id\":\"https:\/\/welovecinema.be\/nl\/#\/schema\/logo\/image\/\",\"url\":\"https:\/\/welovecinema.be\/wp-content\/uploads\/sites\/2\/2023\/03\/Logo-We-Love-Cinema305x128.jpg\",\"contentUrl\":\"https:\/\/welovecinema.be\/wp-content\/uploads\/sites\/2\/2023\/03\/Logo-We-Love-Cinema305x128.jpg\",\"width\":305,\"height\":128,\"caption\":\"We Love Cinema\"},\"image\":{\"@id\":\"https:\/\/welovecinema.be\/nl\/#\/schema\/logo\/image\/\"},\"sameAs\":[\"https:\/\/www.facebook.com\/welovecinema.be\",\"https:\/\/www.youtube.com\/channel\/UCX5LYGVhnKvYauW4Nta4HJA\",\"https:\/\/www.instagram.com\/welovecinema.be\/\"]},{\"@type\":\"Person\",\"@id\":\"https:\/\/welovecinema.be\/nl\/#\/schema\/person\/f475ac81c30903d8505475024494c658\",\"name\":\"Kurt.Vandemaele\",\"url\":\"https:\/\/welovecinema.be\/nl\/author\/kurt-vandemaele\/\"}]}<\/script>\n<!-- \/ Yoast SEO plugin. -->","yoast_head_json":{"title":"'Nos Batailles' van Guillaume Senez opent het 33ste Festival van Namen - We Love Cinema","robots":{"index":"index","follow":"follow","max-snippet":"max-snippet:-1","max-image-preview":"max-image-preview:large","max-video-preview":"max-video-preview:-1"},"canonical":"https:\/\/welovecinema.be\/nl\/210184\/","og_locale":"nl_NL","og_type":"article","og_title":"'Nos Batailles' van Guillaume Senez opent het 33ste Festival van Namen - We Love Cinema","og_description":"Het\u00a033e\u00a0Internationaal Festival van de Franstalige Film van Namen loopt dit jaar van 28 september tot 5 oktober in de Waalse hoofdstad. En opent zoals wel vaker met een Belgische film. \u00a0Of een Belgisch-Franse coproductie, om precies te zijn. \u00a0&#8216;Nos Batailles&#8217; van Guillaume Senez maakte net nog een heel goeie beurt op het Filmfestival van Cannes.\u00a0","og_url":"https:\/\/welovecinema.be\/nl\/210184\/","og_site_name":"We Love Cinema","article_publisher":"https:\/\/www.facebook.com\/welovecinema.be","article_published_time":"2018-05-30T15:35:34+00:00","article_modified_time":"2018-08-17T09:45:49+00:00","og_image":[{"width":900,"height":540,"url":"https:\/\/welovecinema.be\/wp-content\/uploads\/sites\/2\/2018\/05\/Nos-batailles-6.jpg","type":"image\/jpeg"}],"author":"Kurt.Vandemaele","twitter_card":"summary_large_image","twitter_misc":{"Geschreven door":"Kurt.Vandemaele","Geschatte leestijd":"3 minuten"},"schema":{"@context":"https:\/\/schema.org","@graph":[{"@type":"Article","@id":"https:\/\/welovecinema.be\/nl\/210184\/#article","isPartOf":{"@id":"https:\/\/welovecinema.be\/nl\/210184\/"},"author":{"name":"Kurt.Vandemaele","@id":"https:\/\/welovecinema.be\/nl\/#\/schema\/person\/f475ac81c30903d8505475024494c658"},"headline":"&#8216;Nos Batailles&#8217; van Guillaume Senez opent het 33ste Festival van Namen","datePublished":"2018-05-30T15:35:34+00:00","dateModified":"2018-08-17T09:45:49+00:00","mainEntityOfPage":{"@id":"https:\/\/welovecinema.be\/nl\/210184\/"},"wordCount":683,"publisher":{"@id":"https:\/\/welovecinema.be\/nl\/#organization"},"keywords":["Bart Van Langendonck","Guillaume Senez","Lucie Debay","Romain Duris","Savage Film"],"articleSection":["Festivals"],"inLanguage":"nl-NL"},{"@type":"WebPage","@id":"https:\/\/welovecinema.be\/nl\/210184\/","url":"https:\/\/welovecinema.be\/nl\/210184\/","name":"'Nos Batailles' van Guillaume Senez opent het 33ste Festival van Namen - We Love Cinema","isPartOf":{"@id":"https:\/\/welovecinema.be\/nl\/#website"},"datePublished":"2018-05-30T15:35:34+00:00","dateModified":"2018-08-17T09:45:49+00:00","breadcrumb":{"@id":"https:\/\/welovecinema.be\/nl\/210184\/#breadcrumb"},"inLanguage":"nl-NL","potentialAction":[{"@type":"ReadAction","target":["https:\/\/welovecinema.be\/nl\/210184\/"]}]},{"@type":"BreadcrumbList","@id":"https:\/\/welovecinema.be\/nl\/210184\/#breadcrumb","itemListElement":[{"@type":"ListItem","position":1,"name":"Accueil","item":"https:\/\/welovecinema.be\/nl\/"},{"@type":"ListItem","position":2,"name":"&#8216;Nos Batailles&#8217; van Guillaume Senez opent het 33ste Festival van Namen"}]},{"@type":"WebSite","@id":"https:\/\/welovecinema.be\/nl\/#website","url":"https:\/\/welovecinema.be\/nl\/","name":"We Love Cinema","description":"Toute l\u2019information du cin\u00e9ma en Belgique","publisher":{"@id":"https:\/\/welovecinema.be\/nl\/#organization"},"potentialAction":[{"@type":"SearchAction","target":{"@type":"EntryPoint","urlTemplate":"https:\/\/welovecinema.be\/nl\/?s={search_term_string}"},"query-input":"required name=search_term_string"}],"inLanguage":"nl-NL"},{"@type":"Organization","@id":"https:\/\/welovecinema.be\/nl\/#organization","name":"We Love Cinema","url":"https:\/\/welovecinema.be\/nl\/","logo":{"@type":"ImageObject","inLanguage":"nl-NL","@id":"https:\/\/welovecinema.be\/nl\/#\/schema\/logo\/image\/","url":"https:\/\/welovecinema.be\/wp-content\/uploads\/sites\/2\/2023\/03\/Logo-We-Love-Cinema305x128.jpg","contentUrl":"https:\/\/welovecinema.be\/wp-content\/uploads\/sites\/2\/2023\/03\/Logo-We-Love-Cinema305x128.jpg","width":305,"height":128,"caption":"We Love Cinema"},"image":{"@id":"https:\/\/welovecinema.be\/nl\/#\/schema\/logo\/image\/"},"sameAs":["https:\/\/www.facebook.com\/welovecinema.be","https:\/\/www.youtube.com\/channel\/UCX5LYGVhnKvYauW4Nta4HJA","https:\/\/www.instagram.com\/welovecinema.be\/"]},{"@type":"Person","@id":"https:\/\/welovecinema.be\/nl\/#\/schema\/person\/f475ac81c30903d8505475024494c658","name":"Kurt.Vandemaele","url":"https:\/\/welovecinema.be\/nl\/author\/kurt-vandemaele\/"}]}},"_links":{"self":[{"href":"https:\/\/welovecinema.be\/nl\/wp-json\/wp\/v2\/posts\/210184","targetHints":{"allow":["GET"]}}],"collection":[{"href":"https:\/\/welovecinema.be\/nl\/wp-json\/wp\/v2\/posts"}],"about":[{"href":"https:\/\/welovecinema.be\/nl\/wp-json\/wp\/v2\/types\/post"}],"author":[{"embeddable":true,"href":"https:\/\/welovecinema.be\/nl\/wp-json\/wp\/v2\/users\/8"}],"replies":[{"embeddable":true,"href":"https:\/\/welovecinema.be\/nl\/wp-json\/wp\/v2\/comments?post=210184"}],"version-history":[{"count":0,"href":"https:\/\/welovecinema.be\/nl\/wp-json\/wp\/v2\/posts\/210184\/revisions"}],"wp:featuredmedia":[{"embeddable":true,"href":"https:\/\/welovecinema.be\/nl\/wp-json\/wp\/v2\/media\/209703"}],"wp:attachment":[{"href":"https:\/\/welovecinema.be\/nl\/wp-json\/wp\/v2\/media?parent=210184"}],"wp:term":[{"taxonomy":"category","embeddable":true,"href":"https:\/\/welovecinema.be\/nl\/wp-json\/wp\/v2\/categories?post=210184"},{"taxonomy":"post_tag","embeddable":true,"href":"https:\/\/welovecinema.be\/nl\/wp-json\/wp\/v2\/tags?post=210184"}],"curies":[{"name":"wp","href":"https:\/\/api.w.org\/{rel}","templated":true}]}}