{"id":207485,"date":"2018-02-15T15:15:14","date_gmt":"2018-02-15T14:15:14","guid":{"rendered":"http:\/\/www.cinevox.be\/?p=207485"},"modified":"2018-02-15T15:18:13","modified_gmt":"2018-02-15T14:18:13","slug":"matteo-simoni-wordt-master-filmfestival-oostende","status":"publish","type":"post","link":"https:\/\/welovecinema.be\/nl\/matteo-simoni-wordt-master-filmfestival-oostende\/","title":{"rendered":"Matteo Simoni wordt Master van Filmfestival Oostende"},"content":{"rendered":"<header class=\"headlines\" role=\"heading\">\n<p class=\"rls-intro\"><span class=\"rls-date\">Donderdag 15 februari 2018 \u2014 <\/span><strong>Filmfestival Oostende (FFO) kiest elk jaar een Master, als curator van het festival. Dit jaar valt deze eer te beurt aan acteur Matteo Simoni. Simoni volgt, als gastheer van de twaalfde editie van FFO, Wim Opbrouck op.\u00a0Mooie naam in ieder geval voor op de affiche. \u00a0En misschien wel de laatste keer dat Simoni, die zijn internationale ambities niet onder stoelen of banken steekt, zich laat strikken voor een dergelijke opdracht. \u00a0Met andere woorden, een naam om mee uit te pakken.\u00a0<\/strong><\/p>\n<\/header>\n<p><!--more--><\/p>\n<section id=\"bodytext\">Matteo Simoni werd net nog geselecteerd als \u00e9\u00e9n van de tien meest beloftevolle acteurs in Europa: hij is \u00e9\u00e9n van acteurs en actrices die momenteel op de Berlinale aan het publiek worden voorgesteld als <strong>&#8216;Shooting Star&#8217;.<\/strong> Simoni komt daarmee terecht in een rij van internationale film- en tv-sterren zoals Rachel Weisz, Carey Mulligan, Alicia Vikander en Daniel Craig, die eerder geselecteerd werden voor de Shooting Stars. Voor Belgi\u00eb werden onder anderen <strong>J\u00e9r\u00e9mie Renier<\/strong>, <strong>Matthias Schoenaerts<\/strong>, <strong>Kevin Janssens<\/strong> en <strong>Martha Canga Antonio<\/strong> in het verleden als Shooting Stars verkozen.&nbsp;<\/p>\n<figure id=\"attachment_207486\" aria-describedby=\"caption-attachment-207486\" style=\"width: 400px\" class=\"wp-caption alignright\"><img loading=\"lazy\" decoding=\"async\" class=\"wp-image-207486 size-large\" src=\"http:\/\/www.cinevox.be\/wp-content\/uploads\/sites\/2\/2018\/02\/IMG_7725-400x600.jpg\" alt=\"\" width=\"400\" height=\"600\" srcset=\"https:\/\/welovecinema.be\/wp-content\/uploads\/sites\/2\/2018\/02\/IMG_7725-400x600.jpg 400w, https:\/\/welovecinema.be\/wp-content\/uploads\/sites\/2\/2018\/02\/IMG_7725-180x270.jpg 180w, https:\/\/welovecinema.be\/wp-content\/uploads\/sites\/2\/2018\/02\/IMG_7725-768x1152.jpg 768w\" sizes=\"auto, (max-width: 400px) 100vw, 400px\" \/><figcaption id=\"caption-attachment-207486\" class=\"wp-caption-text\">Matteo Simoni &#8211; Janey van Ierland<\/figcaption><\/figure>\n<p><strong>Peter Craeymeersch<\/strong>, directeur van FFO:<\/p>\n<blockquote><p>\u201cMatteo heeft in de voorbije jaren zijn veelzijdigheid en talent als acteur bewezen, van zijn vertolking van Rocco Granata in &#8216;<em>Marina&#8217;<\/em> tot deze in &#8216;<em>Patser&#8217;<\/em>, alle rollen speelde hij met een moeiteloze flair. Met Matteo kiezen we de jongste master in de geschiedenis van FFO. \u00a0Hij is voor mij \u00e9\u00e9n van de boegbeelden van het aanstormende talent dat Vlaanderen rijk is en die alles in zijn mars heeft om internationaal door te breken.\u201d<\/p><\/blockquote>\n<p>Matteo Simoni:<\/p>\n<blockquote><p>\u201cIk vind het ontzettend interessant dat het Filmfestival Oostende steeds meer groeit en kwaliteit uitstraalt. Om als jongste Master ooit gevraagd te worden is een hele eer. Dat is spannend maar des te meer een uitdaging. Ik zal er alles aan doen om jullie met een Limburgse lach te verwelkomen.\u201d<\/p><\/blockquote>\n<p>Simoni is vooral bekend van zijn schitterende vertolking in de film<em> &#8216;Marina&#8217;<\/em> (2013) van Oscar-genomineerd regisseur <strong>Stijn Coninx<\/strong>.\u00a0In deze biopic vertolkt Matteo de Belgisch-Italiaanse Rocco Granata, die met \u2018Marina\u2019 een wereldhit scoorde. Matteo leerde voor deze rol accentloos Italiaans spreken en hij ontving daarom terecht een Ensor-nominatie voor Beste Acteur.<\/p>\n<p>Matteo Simoni speelde ook \u00e9\u00e9n van de hoofdrollen in de hitserie &#8216;<em>Safety First&#8217;<\/em>, waarvan in 2016 de film in de bioscoop verscheen. Voor zijn rol als \u2018Smos\u2019 ontving Matteo twee jaar achtereen de Vlaamse Televisiester voor Beste Acteur.<\/p>\n<p>In 2016 was hij te zien in <strong>Jan Eelen<\/strong>s comedyreeks<em> &#8216;Callboys&#8217;<\/em>, waar wekelijks 38% van de Vlaamse kijkers op afstemde en die genomineerd werd voor de International Emmy Awards 2017. FFO\u00a0rolde\u00a0daarom in 2016 al de rode loper uit voor\u00a0Matteo en\u00a0de andere &#8216;<em>Callboys&#8217;.<\/em><\/p>\n<p>Sinds eind januari is Matteo te zien in &#8216;<em>Patser&#8217;<\/em>, de nieuwe film van <strong>Adil el Arbi<\/strong>\u00a0en <strong>Bilal Fallah<\/strong>, de regisseurs van &#8216;<em>Black&#8217;<\/em> (2015). De film deed het onmiddellijk erg goed in de zalen. In de eerste vijf dagen gingen 82.000 bezoekers naar de film kijken en intussen staat de teller al bijna op\u00a0250.000 bezoekers. Ook in Nederland haalt de film fantastische cijfers.<\/p>\n<p>Matteo werkt momenteel aan de opnames van de dramaserie<em> &#8216;De Bende van Jan De Lichte&#8217;<\/em>, een historische fictiereeks geregisseerd door <strong>Maarten Moerkerke<\/strong> en<em> &#8216;D\u2019Ardennen&#8217;<\/em>-regisseur <strong>Robin Pront<\/strong>, waarin hij de titelrol speelt. Deze serie zal dit jaar op VTM te zien zijn.<\/p>\n<p>Filmfestival Oostende belooft in 2018 opnieuw een complementair programma, waarbij internationale kwaliteitsfilms gecombineerd worden met talent van eigen bodem.<\/p>\n<p><strong>Filmfestival Oostende vindt plaats van 7 t.e.m. 15 september 2018.<\/strong><\/p>\n<p><img loading=\"lazy\" decoding=\"async\" class=\"aligncenter size-large wp-image-207487\" src=\"http:\/\/www.cinevox.be\/wp-content\/uploads\/sites\/2\/2018\/02\/best-1-1-800x398.jpeg\" alt=\"\" width=\"618\" height=\"307\" srcset=\"https:\/\/welovecinema.be\/wp-content\/uploads\/sites\/2\/2018\/02\/best-1-1-800x398.jpeg 800w, https:\/\/welovecinema.be\/wp-content\/uploads\/sites\/2\/2018\/02\/best-1-1-480x239.jpeg 480w, https:\/\/welovecinema.be\/wp-content\/uploads\/sites\/2\/2018\/02\/best-1-1-768x382.jpeg 768w, https:\/\/welovecinema.be\/wp-content\/uploads\/sites\/2\/2018\/02\/best-1-1.jpeg 1108w\" sizes=\"auto, (max-width: 618px) 100vw, 618px\" \/><\/p>\n<\/section>\n","protected":false},"excerpt":{"rendered":"<p>Donderdag 15 februari 2018 \u2014 Filmfestival Oostende (FFO) kiest elk jaar een Master, als curator van het festival. Dit jaar valt deze eer te beurt aan acteur Matteo Simoni. Simoni volgt, als gastheer van de twaalfde editie van FFO, Wim Opbrouck op.\u00a0Mooie naam in ieder geval voor op de affiche. \u00a0En misschien wel de laatste &hellip;<\/p>\n","protected":false},"author":8,"featured_media":206644,"comment_status":"closed","ping_status":"closed","sticky":false,"template":"","format":"standard","meta":{"ngg_post_thumbnail":0,"footnotes":""},"categories":[1069],"tags":[1341,2128,85,438,342],"class_list":["post-207485","post","type-post","status-publish","format-standard","has-post-thumbnail","","category-festivals-nl","tag-ffo","tag-maarten-moerkerke","tag-matteo-simoni","tag-robin-pront","tag-wim-opbrouck"],"yoast_head":"<!-- This site is optimized with the Yoast SEO plugin v20.4 - https:\/\/yoast.com\/wordpress\/plugins\/seo\/ -->\n<title>Matteo Simoni wordt Master van Filmfestival Oostende - We Love Cinema<\/title>\n<meta name=\"robots\" content=\"index, follow, max-snippet:-1, max-image-preview:large, max-video-preview:-1\" \/>\n<link rel=\"canonical\" href=\"https:\/\/welovecinema.be\/nl\/matteo-simoni-wordt-master-filmfestival-oostende\/\" \/>\n<meta property=\"og:locale\" content=\"nl_NL\" \/>\n<meta property=\"og:type\" content=\"article\" \/>\n<meta property=\"og:title\" content=\"Matteo Simoni wordt Master van Filmfestival Oostende - We Love Cinema\" \/>\n<meta property=\"og:description\" content=\"Donderdag 15 februari 2018 \u2014 Filmfestival Oostende (FFO) kiest elk jaar een Master, als curator van het festival. Dit jaar valt deze eer te beurt aan acteur Matteo Simoni. Simoni volgt, als gastheer van de twaalfde editie van FFO, Wim Opbrouck op.\u00a0Mooie naam in ieder geval voor op de affiche. \u00a0En misschien wel de laatste &hellip;\" \/>\n<meta property=\"og:url\" content=\"https:\/\/welovecinema.be\/nl\/matteo-simoni-wordt-master-filmfestival-oostende\/\" \/>\n<meta property=\"og:site_name\" content=\"We Love Cinema\" \/>\n<meta property=\"article:publisher\" content=\"https:\/\/www.facebook.com\/welovecinema.be\" \/>\n<meta property=\"article:published_time\" content=\"2018-02-15T14:15:14+00:00\" \/>\n<meta property=\"article:modified_time\" content=\"2018-02-15T14:18:13+00:00\" \/>\n<meta property=\"og:image\" content=\"https:\/\/welovecinema.be\/wp-content\/uploads\/sites\/2\/2018\/01\/IMG_7665-e1516629633932.jpg\" \/>\n\t<meta property=\"og:image:width\" content=\"618\" \/>\n\t<meta property=\"og:image:height\" content=\"412\" \/>\n\t<meta property=\"og:image:type\" content=\"image\/jpeg\" \/>\n<meta name=\"author\" content=\"Kurt.Vandemaele\" \/>\n<meta name=\"twitter:card\" content=\"summary_large_image\" \/>\n<meta name=\"twitter:label1\" content=\"Geschreven door\" \/>\n\t<meta name=\"twitter:data1\" content=\"Kurt.Vandemaele\" \/>\n\t<meta name=\"twitter:label2\" content=\"Geschatte leestijd\" \/>\n\t<meta name=\"twitter:data2\" content=\"3 minuten\" \/>\n<script type=\"application\/ld+json\" class=\"yoast-schema-graph\">{\"@context\":\"https:\/\/schema.org\",\"@graph\":[{\"@type\":\"Article\",\"@id\":\"https:\/\/welovecinema.be\/nl\/matteo-simoni-wordt-master-filmfestival-oostende\/#article\",\"isPartOf\":{\"@id\":\"https:\/\/welovecinema.be\/nl\/matteo-simoni-wordt-master-filmfestival-oostende\/\"},\"author\":{\"name\":\"Kurt.Vandemaele\",\"@id\":\"https:\/\/welovecinema.be\/nl\/#\/schema\/person\/f475ac81c30903d8505475024494c658\"},\"headline\":\"Matteo Simoni wordt Master van Filmfestival Oostende\",\"datePublished\":\"2018-02-15T14:15:14+00:00\",\"dateModified\":\"2018-02-15T14:18:13+00:00\",\"mainEntityOfPage\":{\"@id\":\"https:\/\/welovecinema.be\/nl\/matteo-simoni-wordt-master-filmfestival-oostende\/\"},\"wordCount\":584,\"publisher\":{\"@id\":\"https:\/\/welovecinema.be\/nl\/#organization\"},\"keywords\":[\"FFO\",\"Maarten Moerkerke\",\"matteo simoni\",\"Robin Pront\",\"Wim Opbrouck\"],\"articleSection\":[\"Festivals\"],\"inLanguage\":\"nl-NL\"},{\"@type\":\"WebPage\",\"@id\":\"https:\/\/welovecinema.be\/nl\/matteo-simoni-wordt-master-filmfestival-oostende\/\",\"url\":\"https:\/\/welovecinema.be\/nl\/matteo-simoni-wordt-master-filmfestival-oostende\/\",\"name\":\"Matteo Simoni wordt Master van Filmfestival Oostende - We Love Cinema\",\"isPartOf\":{\"@id\":\"https:\/\/welovecinema.be\/nl\/#website\"},\"datePublished\":\"2018-02-15T14:15:14+00:00\",\"dateModified\":\"2018-02-15T14:18:13+00:00\",\"breadcrumb\":{\"@id\":\"https:\/\/welovecinema.be\/nl\/matteo-simoni-wordt-master-filmfestival-oostende\/#breadcrumb\"},\"inLanguage\":\"nl-NL\",\"potentialAction\":[{\"@type\":\"ReadAction\",\"target\":[\"https:\/\/welovecinema.be\/nl\/matteo-simoni-wordt-master-filmfestival-oostende\/\"]}]},{\"@type\":\"BreadcrumbList\",\"@id\":\"https:\/\/welovecinema.be\/nl\/matteo-simoni-wordt-master-filmfestival-oostende\/#breadcrumb\",\"itemListElement\":[{\"@type\":\"ListItem\",\"position\":1,\"name\":\"Accueil\",\"item\":\"https:\/\/welovecinema.be\/nl\/\"},{\"@type\":\"ListItem\",\"position\":2,\"name\":\"Matteo Simoni wordt Master van Filmfestival Oostende\"}]},{\"@type\":\"WebSite\",\"@id\":\"https:\/\/welovecinema.be\/nl\/#website\",\"url\":\"https:\/\/welovecinema.be\/nl\/\",\"name\":\"We Love Cinema\",\"description\":\"Toute l\u2019information du cin\u00e9ma en Belgique\",\"publisher\":{\"@id\":\"https:\/\/welovecinema.be\/nl\/#organization\"},\"potentialAction\":[{\"@type\":\"SearchAction\",\"target\":{\"@type\":\"EntryPoint\",\"urlTemplate\":\"https:\/\/welovecinema.be\/nl\/?s={search_term_string}\"},\"query-input\":\"required name=search_term_string\"}],\"inLanguage\":\"nl-NL\"},{\"@type\":\"Organization\",\"@id\":\"https:\/\/welovecinema.be\/nl\/#organization\",\"name\":\"We Love Cinema\",\"url\":\"https:\/\/welovecinema.be\/nl\/\",\"logo\":{\"@type\":\"ImageObject\",\"inLanguage\":\"nl-NL\",\"@id\":\"https:\/\/welovecinema.be\/nl\/#\/schema\/logo\/image\/\",\"url\":\"https:\/\/welovecinema.be\/wp-content\/uploads\/sites\/2\/2023\/03\/Logo-We-Love-Cinema305x128.jpg\",\"contentUrl\":\"https:\/\/welovecinema.be\/wp-content\/uploads\/sites\/2\/2023\/03\/Logo-We-Love-Cinema305x128.jpg\",\"width\":305,\"height\":128,\"caption\":\"We Love Cinema\"},\"image\":{\"@id\":\"https:\/\/welovecinema.be\/nl\/#\/schema\/logo\/image\/\"},\"sameAs\":[\"https:\/\/www.facebook.com\/welovecinema.be\",\"https:\/\/www.youtube.com\/channel\/UCX5LYGVhnKvYauW4Nta4HJA\",\"https:\/\/www.instagram.com\/welovecinema.be\/\"]},{\"@type\":\"Person\",\"@id\":\"https:\/\/welovecinema.be\/nl\/#\/schema\/person\/f475ac81c30903d8505475024494c658\",\"name\":\"Kurt.Vandemaele\",\"url\":\"https:\/\/welovecinema.be\/nl\/author\/kurt-vandemaele\/\"}]}<\/script>\n<!-- \/ Yoast SEO plugin. -->","yoast_head_json":{"title":"Matteo Simoni wordt Master van Filmfestival Oostende - We Love Cinema","robots":{"index":"index","follow":"follow","max-snippet":"max-snippet:-1","max-image-preview":"max-image-preview:large","max-video-preview":"max-video-preview:-1"},"canonical":"https:\/\/welovecinema.be\/nl\/matteo-simoni-wordt-master-filmfestival-oostende\/","og_locale":"nl_NL","og_type":"article","og_title":"Matteo Simoni wordt Master van Filmfestival Oostende - We Love Cinema","og_description":"Donderdag 15 februari 2018 \u2014 Filmfestival Oostende (FFO) kiest elk jaar een Master, als curator van het festival. Dit jaar valt deze eer te beurt aan acteur Matteo Simoni. Simoni volgt, als gastheer van de twaalfde editie van FFO, Wim Opbrouck op.\u00a0Mooie naam in ieder geval voor op de affiche. \u00a0En misschien wel de laatste &hellip;","og_url":"https:\/\/welovecinema.be\/nl\/matteo-simoni-wordt-master-filmfestival-oostende\/","og_site_name":"We Love Cinema","article_publisher":"https:\/\/www.facebook.com\/welovecinema.be","article_published_time":"2018-02-15T14:15:14+00:00","article_modified_time":"2018-02-15T14:18:13+00:00","og_image":[{"width":618,"height":412,"url":"https:\/\/welovecinema.be\/wp-content\/uploads\/sites\/2\/2018\/01\/IMG_7665-e1516629633932.jpg","type":"image\/jpeg"}],"author":"Kurt.Vandemaele","twitter_card":"summary_large_image","twitter_misc":{"Geschreven door":"Kurt.Vandemaele","Geschatte leestijd":"3 minuten"},"schema":{"@context":"https:\/\/schema.org","@graph":[{"@type":"Article","@id":"https:\/\/welovecinema.be\/nl\/matteo-simoni-wordt-master-filmfestival-oostende\/#article","isPartOf":{"@id":"https:\/\/welovecinema.be\/nl\/matteo-simoni-wordt-master-filmfestival-oostende\/"},"author":{"name":"Kurt.Vandemaele","@id":"https:\/\/welovecinema.be\/nl\/#\/schema\/person\/f475ac81c30903d8505475024494c658"},"headline":"Matteo Simoni wordt Master van Filmfestival Oostende","datePublished":"2018-02-15T14:15:14+00:00","dateModified":"2018-02-15T14:18:13+00:00","mainEntityOfPage":{"@id":"https:\/\/welovecinema.be\/nl\/matteo-simoni-wordt-master-filmfestival-oostende\/"},"wordCount":584,"publisher":{"@id":"https:\/\/welovecinema.be\/nl\/#organization"},"keywords":["FFO","Maarten Moerkerke","matteo simoni","Robin Pront","Wim Opbrouck"],"articleSection":["Festivals"],"inLanguage":"nl-NL"},{"@type":"WebPage","@id":"https:\/\/welovecinema.be\/nl\/matteo-simoni-wordt-master-filmfestival-oostende\/","url":"https:\/\/welovecinema.be\/nl\/matteo-simoni-wordt-master-filmfestival-oostende\/","name":"Matteo Simoni wordt Master van Filmfestival Oostende - We Love Cinema","isPartOf":{"@id":"https:\/\/welovecinema.be\/nl\/#website"},"datePublished":"2018-02-15T14:15:14+00:00","dateModified":"2018-02-15T14:18:13+00:00","breadcrumb":{"@id":"https:\/\/welovecinema.be\/nl\/matteo-simoni-wordt-master-filmfestival-oostende\/#breadcrumb"},"inLanguage":"nl-NL","potentialAction":[{"@type":"ReadAction","target":["https:\/\/welovecinema.be\/nl\/matteo-simoni-wordt-master-filmfestival-oostende\/"]}]},{"@type":"BreadcrumbList","@id":"https:\/\/welovecinema.be\/nl\/matteo-simoni-wordt-master-filmfestival-oostende\/#breadcrumb","itemListElement":[{"@type":"ListItem","position":1,"name":"Accueil","item":"https:\/\/welovecinema.be\/nl\/"},{"@type":"ListItem","position":2,"name":"Matteo Simoni wordt Master van Filmfestival Oostende"}]},{"@type":"WebSite","@id":"https:\/\/welovecinema.be\/nl\/#website","url":"https:\/\/welovecinema.be\/nl\/","name":"We Love Cinema","description":"Toute l\u2019information du cin\u00e9ma en Belgique","publisher":{"@id":"https:\/\/welovecinema.be\/nl\/#organization"},"potentialAction":[{"@type":"SearchAction","target":{"@type":"EntryPoint","urlTemplate":"https:\/\/welovecinema.be\/nl\/?s={search_term_string}"},"query-input":"required name=search_term_string"}],"inLanguage":"nl-NL"},{"@type":"Organization","@id":"https:\/\/welovecinema.be\/nl\/#organization","name":"We Love Cinema","url":"https:\/\/welovecinema.be\/nl\/","logo":{"@type":"ImageObject","inLanguage":"nl-NL","@id":"https:\/\/welovecinema.be\/nl\/#\/schema\/logo\/image\/","url":"https:\/\/welovecinema.be\/wp-content\/uploads\/sites\/2\/2023\/03\/Logo-We-Love-Cinema305x128.jpg","contentUrl":"https:\/\/welovecinema.be\/wp-content\/uploads\/sites\/2\/2023\/03\/Logo-We-Love-Cinema305x128.jpg","width":305,"height":128,"caption":"We Love Cinema"},"image":{"@id":"https:\/\/welovecinema.be\/nl\/#\/schema\/logo\/image\/"},"sameAs":["https:\/\/www.facebook.com\/welovecinema.be","https:\/\/www.youtube.com\/channel\/UCX5LYGVhnKvYauW4Nta4HJA","https:\/\/www.instagram.com\/welovecinema.be\/"]},{"@type":"Person","@id":"https:\/\/welovecinema.be\/nl\/#\/schema\/person\/f475ac81c30903d8505475024494c658","name":"Kurt.Vandemaele","url":"https:\/\/welovecinema.be\/nl\/author\/kurt-vandemaele\/"}]}},"_links":{"self":[{"href":"https:\/\/welovecinema.be\/nl\/wp-json\/wp\/v2\/posts\/207485","targetHints":{"allow":["GET"]}}],"collection":[{"href":"https:\/\/welovecinema.be\/nl\/wp-json\/wp\/v2\/posts"}],"about":[{"href":"https:\/\/welovecinema.be\/nl\/wp-json\/wp\/v2\/types\/post"}],"author":[{"embeddable":true,"href":"https:\/\/welovecinema.be\/nl\/wp-json\/wp\/v2\/users\/8"}],"replies":[{"embeddable":true,"href":"https:\/\/welovecinema.be\/nl\/wp-json\/wp\/v2\/comments?post=207485"}],"version-history":[{"count":0,"href":"https:\/\/welovecinema.be\/nl\/wp-json\/wp\/v2\/posts\/207485\/revisions"}],"wp:featuredmedia":[{"embeddable":true,"href":"https:\/\/welovecinema.be\/nl\/wp-json\/wp\/v2\/media\/206644"}],"wp:attachment":[{"href":"https:\/\/welovecinema.be\/nl\/wp-json\/wp\/v2\/media?parent=207485"}],"wp:term":[{"taxonomy":"category","embeddable":true,"href":"https:\/\/welovecinema.be\/nl\/wp-json\/wp\/v2\/categories?post=207485"},{"taxonomy":"post_tag","embeddable":true,"href":"https:\/\/welovecinema.be\/nl\/wp-json\/wp\/v2\/tags?post=207485"}],"curies":[{"name":"wp","href":"https:\/\/api.w.org\/{rel}","templated":true}]}}