{"id":204606,"date":"2017-11-28T13:16:59","date_gmt":"2017-11-28T12:16:59","guid":{"rendered":"http:\/\/www.cinevox.be\/?p=204606"},"modified":"2017-11-28T13:17:16","modified_gmt":"2017-11-28T12:17:16","slug":"ikl-justine-cappelle-maregrave","status":"publish","type":"post","link":"https:\/\/welovecinema.be\/nl\/ikl-justine-cappelle-maregrave\/","title":{"rendered":"IKL : Justine Cappelle over &#8216;Maregrave&#8217;"},"content":{"rendered":"<p><img loading=\"lazy\" decoding=\"async\" class=\"alignleft size-medium wp-image-204742\" src=\"http:\/\/www.cinevox.be\/wp-content\/uploads\/sites\/2\/2017\/11\/19551736_1365195733587703_1414803658_o-180x270.jpg\" alt=\"\" width=\"180\" height=\"270\" srcset=\"https:\/\/welovecinema.be\/wp-content\/uploads\/sites\/2\/2017\/11\/19551736_1365195733587703_1414803658_o-180x270.jpg 180w, https:\/\/welovecinema.be\/wp-content\/uploads\/sites\/2\/2017\/11\/19551736_1365195733587703_1414803658_o-400x600.jpg 400w, https:\/\/welovecinema.be\/wp-content\/uploads\/sites\/2\/2017\/11\/19551736_1365195733587703_1414803658_o.jpg 757w\" sizes=\"auto, (max-width: 180px) 100vw, 180px\" \/><strong>Justine Cappelle heeft haar film al op zee geprojecteerd, maar zou hem ook nog eens op een strand willen vertonen. \u00a0Dat hij in Leuven speelt, daar is ze ook heel blij mee. In haar documentaire zitten heel wat actuele thema&#8217;s. En minder actuele evenzeer. Hoewel, schepen die vergaan, die blijven actueel. \u00a0Al was het maar omdat ze ooit teruggevonden worden. Justine vond heel veel toen ze zich de vraag stelde wat er zich onder de zeespiegel bevond. <\/strong><\/p>\n<p><!--more--><\/p>\n<p><b><span lang=\"NL\">1)Waarom heb je deze kortfilm gemaakt?\u00a0 Wat wilde je vertellen?<\/span><\/b><\/p>\n<p><span lang=\"NL\">Ik was vaak bezig met het volgend idee: stel je voor dat de zeespiegel stijgt, dan gaan al die gebieden waar ik zo graag ben en waar ik voor een stuk opgegroeid ben plots helemaal verdwijnen. Ik wou iets maken over het gegeven dat ons leefgebied nog maar een herinnering zou worden, bedolven onder de zee. Dit gevoel kwam er vanuit een soort angst om mijn thuis en herkomst te verliezen.<\/span><\/p>\n<p><span lang=\"NL\">Ik wist toen dat ik daarover iets wou maken maar ik had geen idee hoe ik dit ging doen. Toevallig zat ik op de trein van West-Vlaanderen naar Brussel de krant te lezen. Daarin stond een artikel over een schip dat weggeborgen werd nadat het na een ongeval een tijd in zee had gelegen. \u00a0Ik had er eigenlijk nog nooit over nagedacht dat er bij ons aan de kustlijn misschien ook schepen onder water lagen. Daarom ging ik op zoek naar meer info over wrakken in zee. Zo kwam ik erop uit dat er honderden gezonken schepen, vliegtuigen, kanonnen en nog zoveel meer, onder de zee liggen in het Belgische deel van de Noordzee. Daardoor kwam ik op het idee dat ik een documentaire wou maken over alles dat al in zee ligt. Vervolgens wou ik er ook bij betrekken dat wij en ons grondgebied een stukje van die grote verzamelplaats\/ dat kerkhof in zee worden wanneer de zeespiegel stijgt. <\/span><span lang=\"NL\">\u00a0<\/span><\/p>\n<p><img loading=\"lazy\" decoding=\"async\" class=\"aligncenter size-full wp-image-204743\" src=\"http:\/\/www.cinevox.be\/wp-content\/uploads\/sites\/2\/2017\/11\/Maregrave1.jpg\" alt=\"\" width=\"2438\" height=\"1222\" srcset=\"https:\/\/welovecinema.be\/wp-content\/uploads\/sites\/2\/2017\/11\/Maregrave1.jpg 2438w, https:\/\/welovecinema.be\/wp-content\/uploads\/sites\/2\/2017\/11\/Maregrave1-480x241.jpg 480w, https:\/\/welovecinema.be\/wp-content\/uploads\/sites\/2\/2017\/11\/Maregrave1-768x385.jpg 768w, https:\/\/welovecinema.be\/wp-content\/uploads\/sites\/2\/2017\/11\/Maregrave1-800x401.jpg 800w, https:\/\/welovecinema.be\/wp-content\/uploads\/sites\/2\/2017\/11\/Maregrave1-660x330.jpg 660w, https:\/\/welovecinema.be\/wp-content\/uploads\/sites\/2\/2017\/11\/Maregrave1-1050x525.jpg 1050w\" sizes=\"auto, (max-width: 2438px) 100vw, 2438px\" \/><\/p>\n<p><b><span lang=\"NL\">2)\u00a0\u00a0\u00a0 Wat is de synopsis\/pitch van je film?<\/span><\/b><span lang=\"NL\">\u00a0<\/span><\/p>\n<p><span lang=\"NL\">Logline: <\/span><i><span lang=\"NL\">Maregrave<\/span><\/i><span lang=\"NL\"> is een impressionistisch portret van de Noordzee die ons bedreigt, waarbij deze wordt verbeeld als een verzameling van -steeds toenemend- menselijk verval<\/span><\/p>\n<p><span lang=\"NL\">Synopsis:<\/span><b><span lang=\"NL\">\u00a0<\/span><\/b><span lang=\"NL\">De kustlijn vormt de grens tussen het water en het vaste land. Dit is geen \u2018vastgeroest\u2019 iets, de kustlijn is constant in beweging. Het water neemt op die manier alles mee dat op zijn pad komt of op zijn pad geworpen wordt. Zo verandert de zee langzaamaan in een kerkhof van verdronken zielen en een verzameling van menselijke objecten. Ook toekomstig generaties blijven niet gespaard: verschillende experts voorspellen een stijging van de zeespiegel. Het menselijk territorium dreigt steeds verder overspoeld te worden. Gaandeweg verdwijnt het menselijk verleden onder de golven van de meedogenloze zee.<\/span><\/p>\n<p><span lang=\"NL\">Herinneringen staan in deze impressionistische documentaire centraal. Verhalen, verdwenen onder de golven van de Noordzee, komen door de personages terug naar boven. Sporen uit het verleden worden onderzocht en zijn gedeeltelijk ook de visualisering van het voorspelde scenario van het stijgen van het zeeniveau.<\/span><\/p>\n<p><b><span lang=\"NL\">3) \u00a0Waarom moeten mensen je film zien?\u00a0<\/span><\/b><\/p>\n<p><span lang=\"NL\">Hoewel we allemaal al langer weten dat er iets gaande is met het klimaat, ondernemen inwoners van Belgi\u00eb en andere landen weinig actie. Ik ben van mening dat de opwarming van de aarde op een te wetenschappelijke manier naar buiten gebracht wordt, waardoor de mens geen band voelt met het probleem, het niet begrijpt en zich er soms zelfs van afkeert. Met &#8216;<i>Maregrave&#8217;<\/i> wil ik proberen de kijker op een emotionele manier te verbinden met de stijging van het zeeniveau door hen de zeespiegelstijging te laten voelen en hen te laten visualiseren hoe het moet zijn als hun eigen leefgebied en de mensen rond hen heen, bedreigd zouden worden.<\/span><\/p>\n<p><img loading=\"lazy\" decoding=\"async\" class=\"aligncenter size-full wp-image-204744\" src=\"http:\/\/www.cinevox.be\/wp-content\/uploads\/sites\/2\/2017\/11\/Maregrave2.jpg\" alt=\"\" width=\"2880\" height=\"1366\" srcset=\"https:\/\/welovecinema.be\/wp-content\/uploads\/sites\/2\/2017\/11\/Maregrave2.jpg 2880w, https:\/\/welovecinema.be\/wp-content\/uploads\/sites\/2\/2017\/11\/Maregrave2-480x228.jpg 480w, https:\/\/welovecinema.be\/wp-content\/uploads\/sites\/2\/2017\/11\/Maregrave2-768x364.jpg 768w, https:\/\/welovecinema.be\/wp-content\/uploads\/sites\/2\/2017\/11\/Maregrave2-800x379.jpg 800w\" sizes=\"auto, (max-width: 2880px) 100vw, 2880px\" \/><\/p>\n<p><b><span lang=\"NL\">4) \u00a0\u00a0De documentaire flirt de laatste jaren alsmaar vaker met de fictie. \u00a0De realiteit laat zich ook nooit vangen. \u00a0Maar de ene documentairemaker grijpt al sterker in in de realiteit dan de andere. Hoe ben jij tewerk gegaan?\u00a0<\/span><\/b><\/p>\n<p><span lang=\"NL\">Ik vind het interessant om<b> <\/b><\/span><span lang=\"NL\">de realiteit op een fictieve manier te benaderen en hiermee te experimenteren. Ik wist heel goed welke inhoud ik nodig had van elk personage dat ik contacteerde. Ik heb de personages dan ook gekozen omwille van dat ze op deze bouwsteen van de verhaallijn zouden beantwoorden.<\/span><span lang=\"NL\">\u00a0<\/span><\/p>\n<p><span lang=\"NL\">De personages vertelden mij vooraf wat ze zoal doen in hun leven. De situaties die ik interessant vond en die passend waren bij de inhoud die ik nodig had voor mijn verhaal, heb ik hen gevraagd te mogen filmen.<\/span><\/p>\n<p><span lang=\"NL\">Sommige situaties heb ik wel een duwtje in de rug gegeven. Bij de stadsgids bijvoorbeeld heb ik gevraagd om eens het verhaal van de verdronken stad \u2018Testerep\u2019 te vertellen enzovoort.<\/span><\/p>\n<p><span lang=\"NL\">Bepaalde gebeurtenissen zijn daarnaast ook puur realiteit. Zo kreeg ik na een vertoning in Amsterdam de commentaar van een toeschouwer: \u2018Jammer dat de sc\u00e8ne van de ring die gevonden wordt door de strandjutter in sc\u00e8ne gezet is\u2019. Hij dacht dat ik de strandjutter die specifieke ring gegeven had maar dat is niet waar. De strandjutter had die ring werkelijk op dat moment gevonden onder het zand. De toeschouwer dacht dat ik het in sc\u00e8ne gezet had omdat het symbool dat op de gevonden ring staat, het symbool is van de verdronken stad Atlantis.Ik wist dat zelf helemaal niet. haha. Dat is dus een prachtig cadeautje van het lot. Werkelijk bizar!<\/span><\/p>\n<p><img loading=\"lazy\" decoding=\"async\" class=\"aligncenter size-full wp-image-204745\" src=\"http:\/\/www.cinevox.be\/wp-content\/uploads\/sites\/2\/2017\/11\/Maregrave3.jpg\" alt=\"\" width=\"2880\" height=\"1364\" srcset=\"https:\/\/welovecinema.be\/wp-content\/uploads\/sites\/2\/2017\/11\/Maregrave3.jpg 2880w, https:\/\/welovecinema.be\/wp-content\/uploads\/sites\/2\/2017\/11\/Maregrave3-480x227.jpg 480w, https:\/\/welovecinema.be\/wp-content\/uploads\/sites\/2\/2017\/11\/Maregrave3-768x364.jpg 768w, https:\/\/welovecinema.be\/wp-content\/uploads\/sites\/2\/2017\/11\/Maregrave3-800x379.jpg 800w\" sizes=\"auto, (max-width: 2880px) 100vw, 2880px\" \/><\/p>\n<p><span lang=\"NL\">Er is wel een sc\u00e8ne aanwezig in de film die we helemaal fictief in sc\u00e8ne gezet hebben. Het is de sc\u00e8ne waar de gepensioneerde kapitein schelpen zit te poetsen in zijn appartementje met zicht op zee. We horen een radiobericht over een gekapseisd Belgisch schip. De gepensioneerde zeerot staat recht om het volume luider te zetten en staart vanuit zijn kustappartement naar de einder. <\/span><\/p>\n<p><span lang=\"NL\">De persoon in die sc\u00e8ne is in werkelijkheid mijn opa en het appartement hebben we gevonden via een site die vakantie-appartementjes verhuurd. Ik wou het radiofragment die in de sc\u00e8ne te horen is heel graag in de documentaire verwerken omdat dit ernstige voorval gebeurd is tijdens onze draaiperiode. We vonden het dan ook noodzakelijk om dit bij de documentaire te betrekken omdat het aangeeft dat wat er in de documentaire afspeelt ook iets is dat zich in het heden afspeelt. Zo\u2019n ernstige ongelukken op zee komen ondanks de evoluerende technologie nog steeds vaak voor. Het voorval beantwoordt ook aan het concept van de zee als verzamelaar van menselijke resten. <\/span><\/p>\n<p><span lang=\"NL\">De visser van het gekapseisd schip is bijna een jaar vermist geweest in de zee. Onlangs is hij aangespoeld en konden ze hem identificeren door de halsketting die hij droeg.<\/span><\/p>\n<p><span lang=\"NL\">De sc\u00e8ne heeft voor mij ook een speciale betekenis omdat mijn opa na het draaien van deze sc\u00e8ne in een moeilijke gezondheidssituatie gekomen is. Mijn opa heeft zijn gehele leven lang een heel speciale verbintenis gehad met de natuur dus ik vond deze sc\u00e8ne een heel mooie weergave van hoe hij is in zijn hart en wil hem op die manier voor altijd vastleggen en herinneren. <\/span><\/p>\n<p><b><span lang=\"NL\"><img loading=\"lazy\" decoding=\"async\" class=\"alignright size-large wp-image-204746\" src=\"http:\/\/www.cinevox.be\/wp-content\/uploads\/sites\/2\/2017\/11\/Maregrave-Poster-600x600.jpg\" alt=\"\" width=\"600\" height=\"600\" srcset=\"https:\/\/welovecinema.be\/wp-content\/uploads\/sites\/2\/2017\/11\/Maregrave-Poster-600x600.jpg 600w, https:\/\/welovecinema.be\/wp-content\/uploads\/sites\/2\/2017\/11\/Maregrave-Poster-270x270.jpg 270w, https:\/\/welovecinema.be\/wp-content\/uploads\/sites\/2\/2017\/11\/Maregrave-Poster-768x768.jpg 768w, https:\/\/welovecinema.be\/wp-content\/uploads\/sites\/2\/2017\/11\/Maregrave-Poster.jpg 1280w\" sizes=\"auto, (max-width: 600px) 100vw, 600px\" \/>5) Lieten de betrokkenen zich makkelijk filmen?\u00a0<\/span><\/b><\/p>\n<p><span lang=\"NL\">Ik heb met de meeste personages eerst eens afgesproken en een gesprek gehad zonder het op te nemen, ik heb geluisterd naar wat ze te vertellen hadden. Zo wist ik heel goed wat ik van hen kon verwachten en kon ik de personages eruit kiezen die ik het meest interessant vond. Ik ben vanaf het begin duidelijk geweest en heb hen gezegd waarom ze zo belangrijk zijn voor het verhaal, waarom ik hen precies nodig had in mijn verhaal als bouwsteen van het groter geheel. Op die manier ging het filmen vlot. Ik kon heel gericht met de mensen aan de slag gaan en vragen stellen omdat de personages wisten welke soort antwoorden ik nodig had. <\/span><\/p>\n<p><span lang=\"NL\">\u00a0<\/span><\/p>\n<p><b><span lang=\"NL\">6)\u00a0\u00a0\u00a0 Hoe ben je erin geslaagd jouw film te financieren? (Je mag eventueel budget vermelden maar dat hoeft uiteraard niet)<\/span><\/b><\/p>\n<p><span lang=\"NL\">-Sabam, ontwikkelingsbeurs, 1000 euro<\/span><\/p>\n<p><span lang=\"NL\">-Sabam, Prijs pitch competitie op filmfestival Oostende, 1000 euro<\/span><\/p>\n<p><span lang=\"NL\">-Subsidies van stad Oostende, 1000 euro<\/span><\/p>\n<p><span lang=\"NL\">-Eddy Vandesteene, een ongelofelijk lieve weldoener met een heel groot hart zorgde er voor dat wij enkele dagen luxueus konden verblijven op hotel in Oostende waardoor wij die dagen heel veel momenten hebben kunnen draaien die we anders niet hadden kunnen draaien.<\/span><\/p>\n<p><span lang=\"NL\">-De camera is aangekocht vanuit een groot stuk eigen financiering door minder leuke studentenjobs uit te oefenen zoals poetsvrouw, bandwerk in een diepvries groentenfabriek, bejaarden te transporteren en noem maar op.<\/span><\/p>\n<p><span lang=\"NL\">-Vervoer, catering, een stuk financiering in de camera, een stuk financiering van de crew en overige kosten: Mama Mieke Wallays en papa Rik Cappelle zijn mijn eeuwige steun en toeverlaat. Ze hebben mij het gevoel gegeven dat ze echt geloven in mijn visie als persoon en hebben mij heel veel vrijheid en steun gegeven zowel op financieel als emotioneel vlak in het ontwikkelen en zoeken naar mezelf alsook naar wat ik wil cre\u00ebren in het leven. Jullie zijn de beste ouders die ik ooit kon wensen.<\/span><\/p>\n<p><span lang=\"NL\">-Crew, ik heb alle crewleden een kleine vergoeding gegeven maar dat was natuurlijk niet zoveel zoals ze bij \u2018professionele\u2019 jobs zouden krijgen. Daarom ben ik hen ook zeer dankbaar voor het investeren van hun energie en liefde in ons project.<\/span><\/p>\n<p><span lang=\"NL\">Dankjewel mijn mannen: Jordan Vanschel, Jasper Flikscuh, Neal Willaert, Matijs Guypen, Joris Vertenten, Frederik De Clercq, Ruud Vreman, Samuel Albrecht, Sam Mathieu.<\/span><span lang=\"NL\">\u00a0<\/span><\/p>\n<p><img loading=\"lazy\" decoding=\"async\" class=\"alignright size-large wp-image-204747\" src=\"http:\/\/www.cinevox.be\/wp-content\/uploads\/sites\/2\/2017\/11\/19686347_1365195720254371_610730654_o-800x473.jpg\" alt=\"\" width=\"618\" height=\"365\" srcset=\"https:\/\/welovecinema.be\/wp-content\/uploads\/sites\/2\/2017\/11\/19686347_1365195720254371_610730654_o-800x473.jpg 800w, https:\/\/welovecinema.be\/wp-content\/uploads\/sites\/2\/2017\/11\/19686347_1365195720254371_610730654_o-457x270.jpg 457w, https:\/\/welovecinema.be\/wp-content\/uploads\/sites\/2\/2017\/11\/19686347_1365195720254371_610730654_o-768x454.jpg 768w, https:\/\/welovecinema.be\/wp-content\/uploads\/sites\/2\/2017\/11\/19686347_1365195720254371_610730654_o.jpg 1136w\" sizes=\"auto, (max-width: 618px) 100vw, 618px\" \/><\/p>\n<p><b><span lang=\"NL\">7)\u00a0\u00a0\u00a0 Wat betekent voor jou de selectie voor het IKL en is er eerder een film van jou voor het festival geselecteerd?<\/span><\/b><\/p>\n<p><span lang=\"NL\">Het is mijn eerste keer op IKL. Elke selectie voor een festival is voor mij een grote motivatie om verder te gaan met het cre\u00ebren van documentaires. Het geeft mij een enorme kracht en geruststelling dat het ok\u00e9 is om je hart te volgen in het leven.<\/span><\/p>\n<p><span lang=\"NL\">Ik vind het ook een grote eer dat Frank Moens &#8216;<i>Maregrave&#8217;<\/i> selecteerde voor de Vlaamse competitie documentaire op IKL. Naast IKL heeft hij heel veel ervaring in de documentaire sector. Ik kwam hem ook tegen op IDFA waar hij op zoek was naar pareltjes voor Docville tussen grootse documentaires. Ik ben dan ook heel dankbaar dat &#8216;<i>Maregrave&#8217;<\/i> zijn aandacht trok tijdens het selecteren van films voor IKL.<\/span><\/p>\n<p><span lang=\"NL\">\u00a0<\/span><\/p>\n<p><b><span lang=\"NL\">8) Wat is voor jou het droomparcours voor je film?\u00a0 Waar wil je hem nog vertoond zien?<\/span><\/b><\/p>\n<p><span lang=\"NL\">Elk festival is belangrijk voor mij want elk publiek kan belangrijk zijn.<\/span><\/p>\n<p><span lang=\"NL\">Ik vind festivals heel belangrijk om feedback te krijgen van het publiek, om het publiek hun idee\u00ebn of gevoelens te horen die ze ervaren bij het kijken van de documentaire. Het publiek kan mij een spiegel voorhouden en ik kom hierdoor heel wat te weten om mee te nemen naar mijn volgende project.<\/span><span lang=\"NL\">\u00a0<\/span><\/p>\n<p><span lang=\"NL\">Naast festivals is mijn wens ook om met de documentaire het gallerij-circuit in te gaan.<\/span><\/p>\n<p><img loading=\"lazy\" decoding=\"async\" class=\"aligncenter size-full wp-image-204748\" src=\"http:\/\/www.cinevox.be\/wp-content\/uploads\/sites\/2\/2017\/11\/Maregrave4.jpg\" alt=\"\" width=\"2880\" height=\"1360\" srcset=\"https:\/\/welovecinema.be\/wp-content\/uploads\/sites\/2\/2017\/11\/Maregrave4.jpg 2880w, https:\/\/welovecinema.be\/wp-content\/uploads\/sites\/2\/2017\/11\/Maregrave4-480x227.jpg 480w, https:\/\/welovecinema.be\/wp-content\/uploads\/sites\/2\/2017\/11\/Maregrave4-768x363.jpg 768w, https:\/\/welovecinema.be\/wp-content\/uploads\/sites\/2\/2017\/11\/Maregrave4-800x378.jpg 800w\" sizes=\"auto, (max-width: 2880px) 100vw, 2880px\" \/><\/p>\n<p><span lang=\"NL\">Zo hebben we &#8216;<i>Maregrave&#8217;<\/i> afgespeeld met een projector op water en hebben we deze projectie opnieuw gecapteerd. Dit zorgt ervoor dat we een nieuwe versie van de documentaire hebben die nog meer bijdraagt tot de inhoud van de film. De film lijkt zo meer een aaneenschakeling van herinneringen in het water die al verdronken zijn. De mensen op deze nieuwe versie zijn wat vervaagd door de water-textuur, ze zijn niet goed meer zichtbaar. Dit visualiseert de quote uit de film \u2018Hoe langer men in zee ligt, hoe minder menselijk men er nog uitziet\u2019. <\/span><\/p>\n<p><span lang=\"NL\">Daarnaast zou ik ook heel graag de film eens vertonen op het strand in het donker met koptelefoontjes zodat de kijker een optimale ervaring heeft van de film waarbij hij zich bevindt tussen zee en mens, de grenslijn, het gebied dat in gevaar komt bij het stijgen van het zeeniveau.<\/span><\/p>\n<p><b><span lang=\"NL\">9) Is er een site of een facebookpagina gewijd aan je film en\/of je werk?<\/span><\/b><\/p>\n<p><span lang=\"NL\"><a id=\"LPlnk176835\" href=\"https:\/\/www.facebook.com\/Maregrave-1605750632819865\/\">https:\/\/www.facebook.com\/Maregrave-1605750632819865\/<\/a><\/span><\/p>\n<div id=\"LPBorder_GT_15117328626770.49097018196802167\"><img loading=\"lazy\" decoding=\"async\" class=\"aligncenter size-full wp-image-204750\" src=\"http:\/\/www.cinevox.be\/wp-content\/uploads\/sites\/2\/2017\/11\/Maregrave5.jpg\" alt=\"\" width=\"2448\" height=\"1216\" srcset=\"https:\/\/welovecinema.be\/wp-content\/uploads\/sites\/2\/2017\/11\/Maregrave5.jpg 2448w, https:\/\/welovecinema.be\/wp-content\/uploads\/sites\/2\/2017\/11\/Maregrave5-480x238.jpg 480w, https:\/\/welovecinema.be\/wp-content\/uploads\/sites\/2\/2017\/11\/Maregrave5-768x381.jpg 768w, https:\/\/welovecinema.be\/wp-content\/uploads\/sites\/2\/2017\/11\/Maregrave5-800x397.jpg 800w\" sizes=\"auto, (max-width: 2448px) 100vw, 2448px\" \/><\/div>\n","protected":false},"excerpt":{"rendered":"<p>Justine Cappelle heeft haar film al op zee geprojecteerd, maar zou hem ook nog eens op een strand willen vertonen. \u00a0Dat hij in Leuven speelt, daar is ze ook heel blij mee. In haar documentaire zitten heel wat actuele thema&#8217;s. En minder actuele evenzeer. Hoewel, schepen die vergaan, die blijven actueel. \u00a0Al was het maar &hellip;<\/p>\n","protected":false},"author":8,"featured_media":204745,"comment_status":"closed","ping_status":"closed","sticky":false,"template":"","format":"standard","meta":{"ngg_post_thumbnail":0,"footnotes":""},"categories":[41],"tags":[2766,2892,2767],"class_list":["post-204606","post","type-post","status-publish","format-standard","has-post-thumbnail","","category-interviews-nl","tag-maregrave","tag-frank-moens","tag-justine-cappelle"],"yoast_head":"<!-- This site is optimized with the Yoast SEO plugin v20.4 - https:\/\/yoast.com\/wordpress\/plugins\/seo\/ -->\n<title>IKL : Justine Cappelle over &#039;Maregrave&#039; - We Love Cinema<\/title>\n<meta name=\"robots\" content=\"index, follow, max-snippet:-1, max-image-preview:large, max-video-preview:-1\" \/>\n<link rel=\"canonical\" href=\"https:\/\/welovecinema.be\/nl\/ikl-justine-cappelle-maregrave\/\" \/>\n<meta property=\"og:locale\" content=\"nl_NL\" \/>\n<meta property=\"og:type\" content=\"article\" \/>\n<meta property=\"og:title\" content=\"IKL : Justine Cappelle over &#039;Maregrave&#039; - We Love Cinema\" \/>\n<meta property=\"og:description\" content=\"Justine Cappelle heeft haar film al op zee geprojecteerd, maar zou hem ook nog eens op een strand willen vertonen. \u00a0Dat hij in Leuven speelt, daar is ze ook heel blij mee. In haar documentaire zitten heel wat actuele thema&#8217;s. En minder actuele evenzeer. Hoewel, schepen die vergaan, die blijven actueel. \u00a0Al was het maar &hellip;\" \/>\n<meta property=\"og:url\" content=\"https:\/\/welovecinema.be\/nl\/ikl-justine-cappelle-maregrave\/\" \/>\n<meta property=\"og:site_name\" content=\"We Love Cinema\" \/>\n<meta property=\"article:publisher\" content=\"https:\/\/www.facebook.com\/welovecinema.be\" \/>\n<meta property=\"article:published_time\" content=\"2017-11-28T12:16:59+00:00\" \/>\n<meta property=\"article:modified_time\" content=\"2017-11-28T12:17:16+00:00\" \/>\n<meta property=\"og:image\" content=\"https:\/\/welovecinema.be\/wp-content\/uploads\/sites\/2\/2017\/11\/Maregrave3.jpg\" \/>\n\t<meta property=\"og:image:width\" content=\"2880\" \/>\n\t<meta property=\"og:image:height\" content=\"1364\" \/>\n\t<meta property=\"og:image:type\" content=\"image\/jpeg\" \/>\n<meta name=\"author\" content=\"Kurt.Vandemaele\" \/>\n<meta name=\"twitter:card\" content=\"summary_large_image\" \/>\n<meta name=\"twitter:label1\" content=\"Geschreven door\" \/>\n\t<meta name=\"twitter:data1\" content=\"Kurt.Vandemaele\" \/>\n\t<meta name=\"twitter:label2\" content=\"Geschatte leestijd\" \/>\n\t<meta name=\"twitter:data2\" content=\"10 minuten\" \/>\n<script type=\"application\/ld+json\" class=\"yoast-schema-graph\">{\"@context\":\"https:\/\/schema.org\",\"@graph\":[{\"@type\":\"Article\",\"@id\":\"https:\/\/welovecinema.be\/nl\/ikl-justine-cappelle-maregrave\/#article\",\"isPartOf\":{\"@id\":\"https:\/\/welovecinema.be\/nl\/ikl-justine-cappelle-maregrave\/\"},\"author\":{\"name\":\"Kurt.Vandemaele\",\"@id\":\"https:\/\/welovecinema.be\/nl\/#\/schema\/person\/f475ac81c30903d8505475024494c658\"},\"headline\":\"IKL : Justine Cappelle over &#8216;Maregrave&#8217;\",\"datePublished\":\"2017-11-28T12:16:59+00:00\",\"dateModified\":\"2017-11-28T12:17:16+00:00\",\"mainEntityOfPage\":{\"@id\":\"https:\/\/welovecinema.be\/nl\/ikl-justine-cappelle-maregrave\/\"},\"wordCount\":1934,\"publisher\":{\"@id\":\"https:\/\/welovecinema.be\/nl\/#organization\"},\"keywords\":[\"'Maregrave'\",\"Frank Moens\",\"Justine Cappelle\"],\"articleSection\":[\"Interviews\"],\"inLanguage\":\"nl-NL\"},{\"@type\":\"WebPage\",\"@id\":\"https:\/\/welovecinema.be\/nl\/ikl-justine-cappelle-maregrave\/\",\"url\":\"https:\/\/welovecinema.be\/nl\/ikl-justine-cappelle-maregrave\/\",\"name\":\"IKL : Justine Cappelle over 'Maregrave' - We Love Cinema\",\"isPartOf\":{\"@id\":\"https:\/\/welovecinema.be\/nl\/#website\"},\"datePublished\":\"2017-11-28T12:16:59+00:00\",\"dateModified\":\"2017-11-28T12:17:16+00:00\",\"breadcrumb\":{\"@id\":\"https:\/\/welovecinema.be\/nl\/ikl-justine-cappelle-maregrave\/#breadcrumb\"},\"inLanguage\":\"nl-NL\",\"potentialAction\":[{\"@type\":\"ReadAction\",\"target\":[\"https:\/\/welovecinema.be\/nl\/ikl-justine-cappelle-maregrave\/\"]}]},{\"@type\":\"BreadcrumbList\",\"@id\":\"https:\/\/welovecinema.be\/nl\/ikl-justine-cappelle-maregrave\/#breadcrumb\",\"itemListElement\":[{\"@type\":\"ListItem\",\"position\":1,\"name\":\"Accueil\",\"item\":\"https:\/\/welovecinema.be\/nl\/\"},{\"@type\":\"ListItem\",\"position\":2,\"name\":\"IKL : Justine Cappelle over &#8216;Maregrave&#8217;\"}]},{\"@type\":\"WebSite\",\"@id\":\"https:\/\/welovecinema.be\/nl\/#website\",\"url\":\"https:\/\/welovecinema.be\/nl\/\",\"name\":\"We Love Cinema\",\"description\":\"Toute l\u2019information du cin\u00e9ma en Belgique\",\"publisher\":{\"@id\":\"https:\/\/welovecinema.be\/nl\/#organization\"},\"potentialAction\":[{\"@type\":\"SearchAction\",\"target\":{\"@type\":\"EntryPoint\",\"urlTemplate\":\"https:\/\/welovecinema.be\/nl\/?s={search_term_string}\"},\"query-input\":\"required name=search_term_string\"}],\"inLanguage\":\"nl-NL\"},{\"@type\":\"Organization\",\"@id\":\"https:\/\/welovecinema.be\/nl\/#organization\",\"name\":\"We Love Cinema\",\"url\":\"https:\/\/welovecinema.be\/nl\/\",\"logo\":{\"@type\":\"ImageObject\",\"inLanguage\":\"nl-NL\",\"@id\":\"https:\/\/welovecinema.be\/nl\/#\/schema\/logo\/image\/\",\"url\":\"https:\/\/welovecinema.be\/wp-content\/uploads\/sites\/2\/2023\/03\/Logo-We-Love-Cinema305x128.jpg\",\"contentUrl\":\"https:\/\/welovecinema.be\/wp-content\/uploads\/sites\/2\/2023\/03\/Logo-We-Love-Cinema305x128.jpg\",\"width\":305,\"height\":128,\"caption\":\"We Love Cinema\"},\"image\":{\"@id\":\"https:\/\/welovecinema.be\/nl\/#\/schema\/logo\/image\/\"},\"sameAs\":[\"https:\/\/www.facebook.com\/welovecinema.be\",\"https:\/\/www.youtube.com\/channel\/UCX5LYGVhnKvYauW4Nta4HJA\",\"https:\/\/www.instagram.com\/welovecinema.be\/\"]},{\"@type\":\"Person\",\"@id\":\"https:\/\/welovecinema.be\/nl\/#\/schema\/person\/f475ac81c30903d8505475024494c658\",\"name\":\"Kurt.Vandemaele\",\"url\":\"https:\/\/welovecinema.be\/nl\/author\/kurt-vandemaele\/\"}]}<\/script>\n<!-- \/ Yoast SEO plugin. -->","yoast_head_json":{"title":"IKL : Justine Cappelle over 'Maregrave' - We Love Cinema","robots":{"index":"index","follow":"follow","max-snippet":"max-snippet:-1","max-image-preview":"max-image-preview:large","max-video-preview":"max-video-preview:-1"},"canonical":"https:\/\/welovecinema.be\/nl\/ikl-justine-cappelle-maregrave\/","og_locale":"nl_NL","og_type":"article","og_title":"IKL : Justine Cappelle over 'Maregrave' - We Love Cinema","og_description":"Justine Cappelle heeft haar film al op zee geprojecteerd, maar zou hem ook nog eens op een strand willen vertonen. \u00a0Dat hij in Leuven speelt, daar is ze ook heel blij mee. In haar documentaire zitten heel wat actuele thema&#8217;s. En minder actuele evenzeer. Hoewel, schepen die vergaan, die blijven actueel. \u00a0Al was het maar &hellip;","og_url":"https:\/\/welovecinema.be\/nl\/ikl-justine-cappelle-maregrave\/","og_site_name":"We Love Cinema","article_publisher":"https:\/\/www.facebook.com\/welovecinema.be","article_published_time":"2017-11-28T12:16:59+00:00","article_modified_time":"2017-11-28T12:17:16+00:00","og_image":[{"width":2880,"height":1364,"url":"https:\/\/welovecinema.be\/wp-content\/uploads\/sites\/2\/2017\/11\/Maregrave3.jpg","type":"image\/jpeg"}],"author":"Kurt.Vandemaele","twitter_card":"summary_large_image","twitter_misc":{"Geschreven door":"Kurt.Vandemaele","Geschatte leestijd":"10 minuten"},"schema":{"@context":"https:\/\/schema.org","@graph":[{"@type":"Article","@id":"https:\/\/welovecinema.be\/nl\/ikl-justine-cappelle-maregrave\/#article","isPartOf":{"@id":"https:\/\/welovecinema.be\/nl\/ikl-justine-cappelle-maregrave\/"},"author":{"name":"Kurt.Vandemaele","@id":"https:\/\/welovecinema.be\/nl\/#\/schema\/person\/f475ac81c30903d8505475024494c658"},"headline":"IKL : Justine Cappelle over &#8216;Maregrave&#8217;","datePublished":"2017-11-28T12:16:59+00:00","dateModified":"2017-11-28T12:17:16+00:00","mainEntityOfPage":{"@id":"https:\/\/welovecinema.be\/nl\/ikl-justine-cappelle-maregrave\/"},"wordCount":1934,"publisher":{"@id":"https:\/\/welovecinema.be\/nl\/#organization"},"keywords":["'Maregrave'","Frank Moens","Justine Cappelle"],"articleSection":["Interviews"],"inLanguage":"nl-NL"},{"@type":"WebPage","@id":"https:\/\/welovecinema.be\/nl\/ikl-justine-cappelle-maregrave\/","url":"https:\/\/welovecinema.be\/nl\/ikl-justine-cappelle-maregrave\/","name":"IKL : Justine Cappelle over 'Maregrave' - We Love Cinema","isPartOf":{"@id":"https:\/\/welovecinema.be\/nl\/#website"},"datePublished":"2017-11-28T12:16:59+00:00","dateModified":"2017-11-28T12:17:16+00:00","breadcrumb":{"@id":"https:\/\/welovecinema.be\/nl\/ikl-justine-cappelle-maregrave\/#breadcrumb"},"inLanguage":"nl-NL","potentialAction":[{"@type":"ReadAction","target":["https:\/\/welovecinema.be\/nl\/ikl-justine-cappelle-maregrave\/"]}]},{"@type":"BreadcrumbList","@id":"https:\/\/welovecinema.be\/nl\/ikl-justine-cappelle-maregrave\/#breadcrumb","itemListElement":[{"@type":"ListItem","position":1,"name":"Accueil","item":"https:\/\/welovecinema.be\/nl\/"},{"@type":"ListItem","position":2,"name":"IKL : Justine Cappelle over &#8216;Maregrave&#8217;"}]},{"@type":"WebSite","@id":"https:\/\/welovecinema.be\/nl\/#website","url":"https:\/\/welovecinema.be\/nl\/","name":"We Love Cinema","description":"Toute l\u2019information du cin\u00e9ma en Belgique","publisher":{"@id":"https:\/\/welovecinema.be\/nl\/#organization"},"potentialAction":[{"@type":"SearchAction","target":{"@type":"EntryPoint","urlTemplate":"https:\/\/welovecinema.be\/nl\/?s={search_term_string}"},"query-input":"required name=search_term_string"}],"inLanguage":"nl-NL"},{"@type":"Organization","@id":"https:\/\/welovecinema.be\/nl\/#organization","name":"We Love Cinema","url":"https:\/\/welovecinema.be\/nl\/","logo":{"@type":"ImageObject","inLanguage":"nl-NL","@id":"https:\/\/welovecinema.be\/nl\/#\/schema\/logo\/image\/","url":"https:\/\/welovecinema.be\/wp-content\/uploads\/sites\/2\/2023\/03\/Logo-We-Love-Cinema305x128.jpg","contentUrl":"https:\/\/welovecinema.be\/wp-content\/uploads\/sites\/2\/2023\/03\/Logo-We-Love-Cinema305x128.jpg","width":305,"height":128,"caption":"We Love Cinema"},"image":{"@id":"https:\/\/welovecinema.be\/nl\/#\/schema\/logo\/image\/"},"sameAs":["https:\/\/www.facebook.com\/welovecinema.be","https:\/\/www.youtube.com\/channel\/UCX5LYGVhnKvYauW4Nta4HJA","https:\/\/www.instagram.com\/welovecinema.be\/"]},{"@type":"Person","@id":"https:\/\/welovecinema.be\/nl\/#\/schema\/person\/f475ac81c30903d8505475024494c658","name":"Kurt.Vandemaele","url":"https:\/\/welovecinema.be\/nl\/author\/kurt-vandemaele\/"}]}},"_links":{"self":[{"href":"https:\/\/welovecinema.be\/nl\/wp-json\/wp\/v2\/posts\/204606","targetHints":{"allow":["GET"]}}],"collection":[{"href":"https:\/\/welovecinema.be\/nl\/wp-json\/wp\/v2\/posts"}],"about":[{"href":"https:\/\/welovecinema.be\/nl\/wp-json\/wp\/v2\/types\/post"}],"author":[{"embeddable":true,"href":"https:\/\/welovecinema.be\/nl\/wp-json\/wp\/v2\/users\/8"}],"replies":[{"embeddable":true,"href":"https:\/\/welovecinema.be\/nl\/wp-json\/wp\/v2\/comments?post=204606"}],"version-history":[{"count":0,"href":"https:\/\/welovecinema.be\/nl\/wp-json\/wp\/v2\/posts\/204606\/revisions"}],"wp:featuredmedia":[{"embeddable":true,"href":"https:\/\/welovecinema.be\/nl\/wp-json\/wp\/v2\/media\/204745"}],"wp:attachment":[{"href":"https:\/\/welovecinema.be\/nl\/wp-json\/wp\/v2\/media?parent=204606"}],"wp:term":[{"taxonomy":"category","embeddable":true,"href":"https:\/\/welovecinema.be\/nl\/wp-json\/wp\/v2\/categories?post=204606"},{"taxonomy":"post_tag","embeddable":true,"href":"https:\/\/welovecinema.be\/nl\/wp-json\/wp\/v2\/tags?post=204606"}],"curies":[{"name":"wp","href":"https:\/\/api.w.org\/{rel}","templated":true}]}}