{"id":202549,"date":"2017-08-31T10:45:40","date_gmt":"2017-08-31T08:45:40","guid":{"rendered":"http:\/\/www.cinevox.be\/?p=202549\/"},"modified":"2017-08-31T10:53:33","modified_gmt":"2017-08-31T08:53:33","slug":"cargo-gilles-coulier-competitie-op-london-film-festival","status":"publish","type":"post","link":"https:\/\/welovecinema.be\/nl\/cargo-gilles-coulier-competitie-op-london-film-festival\/","title":{"rendered":"&#8216;Cargo&#8217; van Gilles Coulier in competitie op London Film Festival"},"content":{"rendered":"<p><strong><img loading=\"lazy\" decoding=\"async\" class=\"alignleft size-medium wp-image-201538\" src=\"http:\/\/www.cinevox.be\/wp-content\/uploads\/sites\/2\/2017\/07\/Facebook-Header-380x270.jpg\" alt=\"\" width=\"380\" height=\"270\" srcset=\"https:\/\/welovecinema.be\/wp-content\/uploads\/sites\/2\/2017\/07\/Facebook-Header-380x270.jpg 380w, https:\/\/welovecinema.be\/wp-content\/uploads\/sites\/2\/2017\/07\/Facebook-Header-768x546.jpg 768w, https:\/\/welovecinema.be\/wp-content\/uploads\/sites\/2\/2017\/07\/Facebook-Header-800x569.jpg 800w, https:\/\/welovecinema.be\/wp-content\/uploads\/sites\/2\/2017\/07\/Facebook-Header-100x72.jpg 100w, https:\/\/welovecinema.be\/wp-content\/uploads\/sites\/2\/2017\/07\/Facebook-Header.jpg 1503w\" sizes=\"auto, (max-width: 380px) 100vw, 380px\" \/>BRUSSEL\/LONDEN, 31 augustus 2017. <a href=\"http:\/\/www.cinevox.be\/nl\/201532\/\"><em>&#8216;Cargo&#8217;<\/em><\/a>, het speelfilmdebuut van Bevergem-regisseur <a href=\"http:\/\/www.cinevox.be\/nl\/gilles-coulier-vertelde-ons-al-op-de-set-waarom-we-cargo-moeten-zien\/\">Gilles Coulier<\/a>, is geselecteerd voor de First Features Competition van het prestigieuze London Film Festival (4-15 oktober). Naast <em>&#8216;Cargo&#8217;<\/em> staan ook de speelfilms <em>&#8216;Le Fid\u00e8le&#8217;<\/em> van Micha\u00ebl R. Roskam, <em>&#8216;Cloudboy&#8217;<\/em> van Meikeminne Clinckspoor en drie Vlaamse kortfilms op het programma in Londen.<\/strong><\/p>\n<p><!--more--><\/p>\n<p>&#8216;Cargo&#8217; is het speelfilmdebuut van VAF Wildcardlaureaat <strong>Gilles Coulier<\/strong>, regisseur van de succesreeks &#8216;Bevergem&#8217; (2015) en de voor Cannes geselecteerde korte films <em><a href=\"http:\/\/www.cinevox.be\/nl\/gilles-coulier-over-mont-blanc\/\">&#8216;Mont Blanc&#8217;<\/a><\/em> (2012) en <em>&#8216;IJsland&#8217; <\/em>(2010). &#8216;Cargo&#8217; vertelt het ruwe verhaal van een Oostendse vissersfamilie die tot de rand van de afgrond wordt gedreven. De hoofdrollen zijn voor <strong>Sam Louwyck<\/strong>, <strong>Wim Willaert<\/strong> en<strong> Sebastien Dewaele<\/strong>. Op 8 september opent &#8216;Cargo&#8217; het Filmfestival Oostende en op 13 september komt de film in de Belgische zalen. &#8216;Cargo&#8217; werd eerder geselecteerd voor de New Directors-competitie van het filmfestival van <a href=\"http:\/\/www.cinevox.be\/nl\/201532\/\">San Sebasti\u00e1n<\/a>. Op het London Film Festival dingt de film mee naar een Sutherland Trophy, de hoofdprijs in de First Features Competition.<\/p>\n<p><iframe loading=\"lazy\" title=\"CARGO - Offici\u00eble trailer (Gilles Coulier)\" width=\"618\" height=\"348\" src=\"https:\/\/www.youtube.com\/embed\/jsDuUWoT0rM?feature=oembed\" frameborder=\"0\" allow=\"accelerometer; autoplay; clipboard-write; encrypted-media; gyroscope; picture-in-picture; web-share\" referrerpolicy=\"strict-origin-when-cross-origin\" allowfullscreen><\/iframe><\/p>\n<p>&#8216;Le Fid\u00e8le&#8217;, de derde speelfilm van Micha\u00ebl R. Roskam, wordt eveneens in Londen vertoond, als onderdeel van het Love-programma. Dit donkere liefdesdrama met <strong>Matthias Schoenaerts<\/strong> en <strong>Ad\u00e8le Exarchopoulos<\/strong> in de hoofdrollen werd zopas gekozen als offici\u00eble Belgische inzending voor de Oscars\u00ae. Le Fid\u00e8le gaat begin september in wereldpremi\u00e8re in Veneti\u00eb en wordt nadien ook vertoond in Toronto. In Londen en Toronto wordt &#8216;Le Fid\u00e8le&#8217; geprogrammeerd onder de Engelse titel<em> &#8216;Racer and the Jailbird&#8217;<\/em>.<\/p>\n<p><iframe loading=\"lazy\" title=\"Le Fid\u00e8le - Offici\u00eble Trailer \/ Bande-Annonce\" width=\"618\" height=\"348\" src=\"https:\/\/www.youtube.com\/embed\/SoD0UiTQEKA?feature=oembed\" frameborder=\"0\" allow=\"accelerometer; autoplay; clipboard-write; encrypted-media; gyroscope; picture-in-picture; web-share\" referrerpolicy=\"strict-origin-when-cross-origin\" allowfullscreen><\/iframe><\/p>\n<p>Ook &#8216;Cloudboy&#8217;, het speelfilmdebuut van <strong>Meikeminne Clinckspoor<\/strong>, is geselecteerd voor het London Film Festival, in de Family-sectie. Deze Belgisch-Zweeds-Noors-Nederlandse coproductie vertelt het verhaal van Niilas, een schuchtere twaalfjarige stadsjongen die tegen zijn zin de zomer bij zijn moeder en haar nieuwe gezin in Lapland gaat doorbrengen. De internationale premi\u00e8re van &#8216;Cloudboy&#8217; vond plaats in Toronto in april 2017. Bij ons was de film dit voorjaar in de zalen te zien.<\/p>\n<p><iframe loading=\"lazy\" title=\"CLOUDBOY | trailer | JEF\" width=\"618\" height=\"348\" src=\"https:\/\/www.youtube.com\/embed\/VfzK8rD-m7E?feature=oembed\" frameborder=\"0\" allow=\"accelerometer; autoplay; clipboard-write; encrypted-media; gyroscope; picture-in-picture; web-share\" referrerpolicy=\"strict-origin-when-cross-origin\" allowfullscreen><\/iframe><\/p>\n<p>Ten slotte staan ook drie korte films uit Vlaanderen op het programma in Londen: de korte animatiefilm <em>&#8216;Catherine&#8217;<\/em> (<strong>Britt Raes<\/strong>), de korte documentaire <em>&#8216;Heimat&#8217;<\/em> (<strong>Sam Peeters<\/strong>; onder de Engelse titel <em>&#8216;Homeland&#8217;<\/em>) en de tragikomische kortfilm <em>&#8216;Neverlanding&#8217;<\/em> (<strong>Wim Reygaert<\/strong>).<\/p>\n<p><iframe loading=\"lazy\" title=\"HEIMAT\/HOMELAND Official Trailer\" src=\"https:\/\/player.vimeo.com\/video\/183462456?dnt=1&amp;app_id=122963\" width=\"618\" height=\"348\" frameborder=\"0\" allow=\"autoplay; fullscreen; picture-in-picture; clipboard-write; encrypted-media\"><\/iframe><\/p>\n<p>Het London Film Festival wordt sinds 1953 jaarlijks georganiseerd door het British Film Institute (BFI). De 61ste editie vindt plaats van 4 tot 15 oktober 2017. Op het programma staan meer dan 300 speelfilms, documentaires en kortfilms uit een vijftigtal landen.<\/p>\n<p>&#8216;Cargo&#8217;, &#8216;Le Fid\u00e8le&#8217;, &#8216;Cloudboy&#8217;, &#8216;Catherine&#8217; en &#8216;Neverlanding&#8217; kwamen tot stand met de steun van het VAF. Daarnaast investeerde ook het economisch fonds Screen Flanders in &#8216;Cargo&#8217; en &#8216;Le Fid\u00e8le&#8217;.<\/p>\n","protected":false},"excerpt":{"rendered":"<p>BRUSSEL\/LONDEN, 31 augustus 2017. &#8216;Cargo&#8217;, het speelfilmdebuut van Bevergem-regisseur Gilles Coulier, is geselecteerd voor de First Features Competition van het prestigieuze London Film Festival (4-15 oktober). Naast &#8216;Cargo&#8217; staan ook de speelfilms &#8216;Le Fid\u00e8le&#8217; van Micha\u00ebl R. Roskam, &#8216;Cloudboy&#8217; van Meikeminne Clinckspoor en drie Vlaamse kortfilms op het programma in Londen.<\/p>\n","protected":false},"author":8,"featured_media":202205,"comment_status":"closed","ping_status":"closed","sticky":false,"template":"","format":"standard","meta":{"ngg_post_thumbnail":0,"footnotes":""},"categories":[1069],"tags":[2104,2380,2563,2439,2188,759,2379,1801,566,256,1942,75,1800,498,181,2562,1851,2564],"class_list":["post-202549","post","type-post","status-publish","format-standard","has-post-thumbnail","","category-festivals-nl","tag-cargo","tag-catherine","tag-neverlanding","tag-racer-and-the-jailbird","tag-adele-exarchopoulos","tag-bart-van-langendonck","tag-britt-raes","tag-cloudboy","tag-de-wereldvrede","tag-gilles-coulier","tag-le-fidele","tag-matthias-schoenaerts","tag-meikeminne-clinckspoor","tag-michael-r-roskam","tag-sam-louwyck","tag-sam-peeters","tag-stefaan-degand","tag-wim-reygaert"],"yoast_head":"<!-- This site is optimized with the Yoast SEO plugin v20.4 - https:\/\/yoast.com\/wordpress\/plugins\/seo\/ -->\n<title>&#039;Cargo&#039; van Gilles Coulier in competitie op London Film Festival - We Love Cinema<\/title>\n<meta name=\"robots\" content=\"index, follow, max-snippet:-1, max-image-preview:large, max-video-preview:-1\" \/>\n<link rel=\"canonical\" href=\"https:\/\/welovecinema.be\/nl\/cargo-gilles-coulier-competitie-op-london-film-festival\/\" \/>\n<meta property=\"og:locale\" content=\"nl_NL\" \/>\n<meta property=\"og:type\" content=\"article\" \/>\n<meta property=\"og:title\" content=\"&#039;Cargo&#039; van Gilles Coulier in competitie op London Film Festival - We Love Cinema\" \/>\n<meta property=\"og:description\" content=\"BRUSSEL\/LONDEN, 31 augustus 2017. &#8216;Cargo&#8217;, het speelfilmdebuut van Bevergem-regisseur Gilles Coulier, is geselecteerd voor de First Features Competition van het prestigieuze London Film Festival (4-15 oktober). Naast &#8216;Cargo&#8217; staan ook de speelfilms &#8216;Le Fid\u00e8le&#8217; van Micha\u00ebl R. Roskam, &#8216;Cloudboy&#8217; van Meikeminne Clinckspoor en drie Vlaamse kortfilms op het programma in Londen.\" \/>\n<meta property=\"og:url\" content=\"https:\/\/welovecinema.be\/nl\/cargo-gilles-coulier-competitie-op-london-film-festival\/\" \/>\n<meta property=\"og:site_name\" content=\"We Love Cinema\" \/>\n<meta property=\"article:publisher\" content=\"https:\/\/www.facebook.com\/welovecinema.be\" \/>\n<meta property=\"article:published_time\" content=\"2017-08-31T08:45:40+00:00\" \/>\n<meta property=\"article:modified_time\" content=\"2017-08-31T08:53:33+00:00\" \/>\n<meta property=\"og:image\" content=\"https:\/\/welovecinema.be\/wp-content\/uploads\/sites\/2\/2017\/08\/cargo.jpg\" \/>\n\t<meta property=\"og:image:width\" content=\"670\" \/>\n\t<meta property=\"og:image:height\" content=\"377\" \/>\n\t<meta property=\"og:image:type\" content=\"image\/jpeg\" \/>\n<meta name=\"author\" content=\"Kurt.Vandemaele\" \/>\n<meta name=\"twitter:card\" content=\"summary_large_image\" \/>\n<meta name=\"twitter:label1\" content=\"Geschreven door\" \/>\n\t<meta name=\"twitter:data1\" content=\"Kurt.Vandemaele\" \/>\n\t<meta name=\"twitter:label2\" content=\"Geschatte leestijd\" \/>\n\t<meta name=\"twitter:data2\" content=\"2 minuten\" \/>\n<script type=\"application\/ld+json\" class=\"yoast-schema-graph\">{\"@context\":\"https:\/\/schema.org\",\"@graph\":[{\"@type\":\"Article\",\"@id\":\"https:\/\/welovecinema.be\/nl\/cargo-gilles-coulier-competitie-op-london-film-festival\/#article\",\"isPartOf\":{\"@id\":\"https:\/\/welovecinema.be\/nl\/cargo-gilles-coulier-competitie-op-london-film-festival\/\"},\"author\":{\"name\":\"Kurt.Vandemaele\",\"@id\":\"https:\/\/welovecinema.be\/nl\/#\/schema\/person\/f475ac81c30903d8505475024494c658\"},\"headline\":\"&#8216;Cargo&#8217; van Gilles Coulier in competitie op London Film Festival\",\"datePublished\":\"2017-08-31T08:45:40+00:00\",\"dateModified\":\"2017-08-31T08:53:33+00:00\",\"mainEntityOfPage\":{\"@id\":\"https:\/\/welovecinema.be\/nl\/cargo-gilles-coulier-competitie-op-london-film-festival\/\"},\"wordCount\":451,\"publisher\":{\"@id\":\"https:\/\/welovecinema.be\/nl\/#organization\"},\"keywords\":[\"'Cargo'\",\"'Catherine'\",\"'Neverlanding'\",\"'Racer and the Jailbird'\",\"Ad\u00e8le Exarchopoulos\",\"Bart Van Langendonck\",\"Britt Raes\",\"Cloudboy\",\"De Wereldvrede\",\"Gilles Coulier\",\"Le Fid\u00e8le\",\"matthias schoenaerts\",\"Meikeminne Clinckspoor\",\"Micha\u00ebl R. Roskam\",\"Sam Louwyck\",\"Sam Peeters\",\"Stefaan Degand\",\"Wim Reygaert\"],\"articleSection\":[\"Festivals\"],\"inLanguage\":\"nl-NL\"},{\"@type\":\"WebPage\",\"@id\":\"https:\/\/welovecinema.be\/nl\/cargo-gilles-coulier-competitie-op-london-film-festival\/\",\"url\":\"https:\/\/welovecinema.be\/nl\/cargo-gilles-coulier-competitie-op-london-film-festival\/\",\"name\":\"'Cargo' van Gilles Coulier in competitie op London Film Festival - We Love Cinema\",\"isPartOf\":{\"@id\":\"https:\/\/welovecinema.be\/nl\/#website\"},\"datePublished\":\"2017-08-31T08:45:40+00:00\",\"dateModified\":\"2017-08-31T08:53:33+00:00\",\"breadcrumb\":{\"@id\":\"https:\/\/welovecinema.be\/nl\/cargo-gilles-coulier-competitie-op-london-film-festival\/#breadcrumb\"},\"inLanguage\":\"nl-NL\",\"potentialAction\":[{\"@type\":\"ReadAction\",\"target\":[\"https:\/\/welovecinema.be\/nl\/cargo-gilles-coulier-competitie-op-london-film-festival\/\"]}]},{\"@type\":\"BreadcrumbList\",\"@id\":\"https:\/\/welovecinema.be\/nl\/cargo-gilles-coulier-competitie-op-london-film-festival\/#breadcrumb\",\"itemListElement\":[{\"@type\":\"ListItem\",\"position\":1,\"name\":\"Accueil\",\"item\":\"https:\/\/welovecinema.be\/nl\/\"},{\"@type\":\"ListItem\",\"position\":2,\"name\":\"&#8216;Cargo&#8217; van Gilles Coulier in competitie op London Film Festival\"}]},{\"@type\":\"WebSite\",\"@id\":\"https:\/\/welovecinema.be\/nl\/#website\",\"url\":\"https:\/\/welovecinema.be\/nl\/\",\"name\":\"We Love Cinema\",\"description\":\"Toute l\u2019information du cin\u00e9ma en Belgique\",\"publisher\":{\"@id\":\"https:\/\/welovecinema.be\/nl\/#organization\"},\"potentialAction\":[{\"@type\":\"SearchAction\",\"target\":{\"@type\":\"EntryPoint\",\"urlTemplate\":\"https:\/\/welovecinema.be\/nl\/?s={search_term_string}\"},\"query-input\":\"required name=search_term_string\"}],\"inLanguage\":\"nl-NL\"},{\"@type\":\"Organization\",\"@id\":\"https:\/\/welovecinema.be\/nl\/#organization\",\"name\":\"We Love Cinema\",\"url\":\"https:\/\/welovecinema.be\/nl\/\",\"logo\":{\"@type\":\"ImageObject\",\"inLanguage\":\"nl-NL\",\"@id\":\"https:\/\/welovecinema.be\/nl\/#\/schema\/logo\/image\/\",\"url\":\"https:\/\/welovecinema.be\/wp-content\/uploads\/sites\/2\/2023\/03\/Logo-We-Love-Cinema305x128.jpg\",\"contentUrl\":\"https:\/\/welovecinema.be\/wp-content\/uploads\/sites\/2\/2023\/03\/Logo-We-Love-Cinema305x128.jpg\",\"width\":305,\"height\":128,\"caption\":\"We Love Cinema\"},\"image\":{\"@id\":\"https:\/\/welovecinema.be\/nl\/#\/schema\/logo\/image\/\"},\"sameAs\":[\"https:\/\/www.facebook.com\/welovecinema.be\",\"https:\/\/www.youtube.com\/channel\/UCX5LYGVhnKvYauW4Nta4HJA\",\"https:\/\/www.instagram.com\/welovecinema.be\/\"]},{\"@type\":\"Person\",\"@id\":\"https:\/\/welovecinema.be\/nl\/#\/schema\/person\/f475ac81c30903d8505475024494c658\",\"name\":\"Kurt.Vandemaele\",\"url\":\"https:\/\/welovecinema.be\/nl\/author\/kurt-vandemaele\/\"}]}<\/script>\n<!-- \/ Yoast SEO plugin. -->","yoast_head_json":{"title":"'Cargo' van Gilles Coulier in competitie op London Film Festival - We Love Cinema","robots":{"index":"index","follow":"follow","max-snippet":"max-snippet:-1","max-image-preview":"max-image-preview:large","max-video-preview":"max-video-preview:-1"},"canonical":"https:\/\/welovecinema.be\/nl\/cargo-gilles-coulier-competitie-op-london-film-festival\/","og_locale":"nl_NL","og_type":"article","og_title":"'Cargo' van Gilles Coulier in competitie op London Film Festival - We Love Cinema","og_description":"BRUSSEL\/LONDEN, 31 augustus 2017. &#8216;Cargo&#8217;, het speelfilmdebuut van Bevergem-regisseur Gilles Coulier, is geselecteerd voor de First Features Competition van het prestigieuze London Film Festival (4-15 oktober). Naast &#8216;Cargo&#8217; staan ook de speelfilms &#8216;Le Fid\u00e8le&#8217; van Micha\u00ebl R. Roskam, &#8216;Cloudboy&#8217; van Meikeminne Clinckspoor en drie Vlaamse kortfilms op het programma in Londen.","og_url":"https:\/\/welovecinema.be\/nl\/cargo-gilles-coulier-competitie-op-london-film-festival\/","og_site_name":"We Love Cinema","article_publisher":"https:\/\/www.facebook.com\/welovecinema.be","article_published_time":"2017-08-31T08:45:40+00:00","article_modified_time":"2017-08-31T08:53:33+00:00","og_image":[{"width":670,"height":377,"url":"https:\/\/welovecinema.be\/wp-content\/uploads\/sites\/2\/2017\/08\/cargo.jpg","type":"image\/jpeg"}],"author":"Kurt.Vandemaele","twitter_card":"summary_large_image","twitter_misc":{"Geschreven door":"Kurt.Vandemaele","Geschatte leestijd":"2 minuten"},"schema":{"@context":"https:\/\/schema.org","@graph":[{"@type":"Article","@id":"https:\/\/welovecinema.be\/nl\/cargo-gilles-coulier-competitie-op-london-film-festival\/#article","isPartOf":{"@id":"https:\/\/welovecinema.be\/nl\/cargo-gilles-coulier-competitie-op-london-film-festival\/"},"author":{"name":"Kurt.Vandemaele","@id":"https:\/\/welovecinema.be\/nl\/#\/schema\/person\/f475ac81c30903d8505475024494c658"},"headline":"&#8216;Cargo&#8217; van Gilles Coulier in competitie op London Film Festival","datePublished":"2017-08-31T08:45:40+00:00","dateModified":"2017-08-31T08:53:33+00:00","mainEntityOfPage":{"@id":"https:\/\/welovecinema.be\/nl\/cargo-gilles-coulier-competitie-op-london-film-festival\/"},"wordCount":451,"publisher":{"@id":"https:\/\/welovecinema.be\/nl\/#organization"},"keywords":["'Cargo'","'Catherine'","'Neverlanding'","'Racer and the Jailbird'","Ad\u00e8le Exarchopoulos","Bart Van Langendonck","Britt Raes","Cloudboy","De Wereldvrede","Gilles Coulier","Le Fid\u00e8le","matthias schoenaerts","Meikeminne Clinckspoor","Micha\u00ebl R. Roskam","Sam Louwyck","Sam Peeters","Stefaan Degand","Wim Reygaert"],"articleSection":["Festivals"],"inLanguage":"nl-NL"},{"@type":"WebPage","@id":"https:\/\/welovecinema.be\/nl\/cargo-gilles-coulier-competitie-op-london-film-festival\/","url":"https:\/\/welovecinema.be\/nl\/cargo-gilles-coulier-competitie-op-london-film-festival\/","name":"'Cargo' van Gilles Coulier in competitie op London Film Festival - We Love Cinema","isPartOf":{"@id":"https:\/\/welovecinema.be\/nl\/#website"},"datePublished":"2017-08-31T08:45:40+00:00","dateModified":"2017-08-31T08:53:33+00:00","breadcrumb":{"@id":"https:\/\/welovecinema.be\/nl\/cargo-gilles-coulier-competitie-op-london-film-festival\/#breadcrumb"},"inLanguage":"nl-NL","potentialAction":[{"@type":"ReadAction","target":["https:\/\/welovecinema.be\/nl\/cargo-gilles-coulier-competitie-op-london-film-festival\/"]}]},{"@type":"BreadcrumbList","@id":"https:\/\/welovecinema.be\/nl\/cargo-gilles-coulier-competitie-op-london-film-festival\/#breadcrumb","itemListElement":[{"@type":"ListItem","position":1,"name":"Accueil","item":"https:\/\/welovecinema.be\/nl\/"},{"@type":"ListItem","position":2,"name":"&#8216;Cargo&#8217; van Gilles Coulier in competitie op London Film Festival"}]},{"@type":"WebSite","@id":"https:\/\/welovecinema.be\/nl\/#website","url":"https:\/\/welovecinema.be\/nl\/","name":"We Love Cinema","description":"Toute l\u2019information du cin\u00e9ma en Belgique","publisher":{"@id":"https:\/\/welovecinema.be\/nl\/#organization"},"potentialAction":[{"@type":"SearchAction","target":{"@type":"EntryPoint","urlTemplate":"https:\/\/welovecinema.be\/nl\/?s={search_term_string}"},"query-input":"required name=search_term_string"}],"inLanguage":"nl-NL"},{"@type":"Organization","@id":"https:\/\/welovecinema.be\/nl\/#organization","name":"We Love Cinema","url":"https:\/\/welovecinema.be\/nl\/","logo":{"@type":"ImageObject","inLanguage":"nl-NL","@id":"https:\/\/welovecinema.be\/nl\/#\/schema\/logo\/image\/","url":"https:\/\/welovecinema.be\/wp-content\/uploads\/sites\/2\/2023\/03\/Logo-We-Love-Cinema305x128.jpg","contentUrl":"https:\/\/welovecinema.be\/wp-content\/uploads\/sites\/2\/2023\/03\/Logo-We-Love-Cinema305x128.jpg","width":305,"height":128,"caption":"We Love Cinema"},"image":{"@id":"https:\/\/welovecinema.be\/nl\/#\/schema\/logo\/image\/"},"sameAs":["https:\/\/www.facebook.com\/welovecinema.be","https:\/\/www.youtube.com\/channel\/UCX5LYGVhnKvYauW4Nta4HJA","https:\/\/www.instagram.com\/welovecinema.be\/"]},{"@type":"Person","@id":"https:\/\/welovecinema.be\/nl\/#\/schema\/person\/f475ac81c30903d8505475024494c658","name":"Kurt.Vandemaele","url":"https:\/\/welovecinema.be\/nl\/author\/kurt-vandemaele\/"}]}},"_links":{"self":[{"href":"https:\/\/welovecinema.be\/nl\/wp-json\/wp\/v2\/posts\/202549","targetHints":{"allow":["GET"]}}],"collection":[{"href":"https:\/\/welovecinema.be\/nl\/wp-json\/wp\/v2\/posts"}],"about":[{"href":"https:\/\/welovecinema.be\/nl\/wp-json\/wp\/v2\/types\/post"}],"author":[{"embeddable":true,"href":"https:\/\/welovecinema.be\/nl\/wp-json\/wp\/v2\/users\/8"}],"replies":[{"embeddable":true,"href":"https:\/\/welovecinema.be\/nl\/wp-json\/wp\/v2\/comments?post=202549"}],"version-history":[{"count":0,"href":"https:\/\/welovecinema.be\/nl\/wp-json\/wp\/v2\/posts\/202549\/revisions"}],"wp:featuredmedia":[{"embeddable":true,"href":"https:\/\/welovecinema.be\/nl\/wp-json\/wp\/v2\/media\/202205"}],"wp:attachment":[{"href":"https:\/\/welovecinema.be\/nl\/wp-json\/wp\/v2\/media?parent=202549"}],"wp:term":[{"taxonomy":"category","embeddable":true,"href":"https:\/\/welovecinema.be\/nl\/wp-json\/wp\/v2\/categories?post=202549"},{"taxonomy":"post_tag","embeddable":true,"href":"https:\/\/welovecinema.be\/nl\/wp-json\/wp\/v2\/tags?post=202549"}],"curies":[{"name":"wp","href":"https:\/\/api.w.org\/{rel}","templated":true}]}}