{"id":200889,"date":"2017-06-20T14:42:47","date_gmt":"2017-06-20T12:42:47","guid":{"rendered":"http:\/\/www.cinevox.be\/?p=200889\/"},"modified":"2017-06-21T13:56:15","modified_gmt":"2017-06-21T11:56:15","slug":"bulent-ozturk-filmt-eigen-taal","status":"publish","type":"post","link":"https:\/\/welovecinema.be\/nl\/bulent-ozturk-filmt-eigen-taal\/","title":{"rendered":"B\u00fclent \u00d6zt\u00fcrk filmt niet in eigen taal"},"content":{"rendered":"<p><img loading=\"lazy\" decoding=\"async\" class=\"alignleft size-medium wp-image-200891\" src=\"http:\/\/www.cinevox.be\/wp-content\/uploads\/sites\/2\/2017\/06\/IMG_9383-405x270.jpg\" alt=\"\" width=\"405\" height=\"270\" \/><strong>Als Koerdische Turk is het moeilijk om te weten wat je taal is. \u00a0Zijn moedertaal spreekt hij onvoldoende en de taal die hij op school geleerd heeft, beschouwt hij niet als de zijne. Maar heeft hij geen taal, hij heeft des te meer beelden.<\/strong><\/p>\n<p>Intussen is hij Belg en drukt hij zich, zoals je kunt horen, heel behoorlijk uit in het Nederlands. Maar voorlopig is zijn Nederlands nog niet perfect. \u00a0&#8216;Ik spreek mijn talen alleen maar gebrekkig,&#8217; zegt ie. \u00a0<em>&#8216;Blue Silence&#8217;<\/em> is een film die hij in het Turks heeft geregisseerd, een taal die hem een dubbel gevoel geeft.<\/p>\n<p><iframe loading=\"lazy\" title=\"Bu\u0308lent O\u0308ztu\u0308rk filmt niet in zijn taal\" width=\"618\" height=\"348\" src=\"https:\/\/www.youtube.com\/embed\/jwGMf18KEuw?feature=oembed\" frameborder=\"0\" allow=\"accelerometer; autoplay; clipboard-write; encrypted-media; gyroscope; picture-in-picture; web-share\" referrerpolicy=\"strict-origin-when-cross-origin\" allowfullscreen><\/iframe><\/p>\n<p><strong>Zie ook :\u00a0<\/strong><\/p>\n<ul>\n<li><a href=\"http:\/\/www.cinevox.be\/nl\/bulent-ozturk-blue-silence\/\">B\u00fclent \u00d6zt\u00fcrk over &#8216;Blue Silence&#8217;<\/a><\/li>\n<li><a href=\"http:\/\/www.cinevox.be\/nl\/bulent-ozturk-wil-onzichtbare-zichtbaar-maken\/\">B\u00fclent \u00d6zt\u00fcrk wil het onzichtbare zichtbaar maken<\/a><\/li>\n<li><a href=\"http:\/\/www.cinevox.be\/nl\/bulent-ozturk-filmt-eigen-taal\/\">B\u00fclent \u00d6zt\u00fcrk filmt niet in eigen taal<\/a><\/li>\n<li><a href=\"http:\/\/www.cinevox.be\/nl\/bulent-ozturk-politieke-film-gedraaid-en-ook\/\">B\u00fclent \u00d6zt\u00fcrk heeft een politieke film gemaakt en ook weer niet<\/a><\/li>\n<li><a href=\"http:\/\/www.cinevox.be\/nl\/blue-silence-bulent-ozturk-beleeft-belgische-premiere-op-film-fest-gent\/\">Blue Silence&#8217; beleeft Belgische premi\u00e8re op het Filmfestival van Gent.<\/a><\/li>\n<li><a href=\"http:\/\/www.cinevox.be\/nl\/blue-silence-east-the-west-competitie-karlovy-vary\/\">&#8216;Blue Silence&#8217; in competitie in Karlovy Var<\/a>y<\/li>\n<li><a href=\"http:\/\/www.cinevox.be\/nl\/bulent-ozturk-wil-favoriete-vlaamse-films-kennen\/\">B\u00fclent \u00d6zt\u00fcrk wil weten welke jouw 5 favoriete Vlaamse films zijn<\/a><\/li>\n<li><a href=\"http:\/\/www.cinevox.be\/nl\/blue-silence-meervoudig-winnaar-istanbul\/\">&#8216;Blue Silence&#8217; meervoudig winnaar in Istanboel<\/a><\/li>\n<li><a href=\"http:\/\/www.cinevox.be\/nl\/bulent-ozturk-is-veel-meer-dan-een-vluchteling\/\">Gesprek met B\u00fclent \u00d6zt\u00fcrk<\/a><\/li>\n<\/ul>\n<p>&nbsp;<\/p>\n<p>&nbsp;<\/p>\n","protected":false},"excerpt":{"rendered":"<p>Als Koerdische Turk is het moeilijk om te weten wat je taal is. \u00a0Zijn moedertaal spreekt hij onvoldoende en de taal die hij op school geleerd heeft, beschouwt hij niet als de zijne. Maar heeft hij geen taal, hij heeft des te meer beelden. Intussen is hij Belg en drukt hij zich, zoals je kunt &hellip;<\/p>\n","protected":false},"author":8,"featured_media":200891,"comment_status":"closed","ping_status":"closed","sticky":false,"template":"","format":"standard","meta":{"ngg_post_thumbnail":0,"footnotes":""},"categories":[41],"tags":[1810,706,1380,603,604],"class_list":["post-200889","post","type-post","status-publish","format-standard","has-post-thumbnail","","category-interviews-nl","tag-blue-silence","tag-bulent-ozturk","tag-film-fest-gent","tag-minds-meet","tag-tomas-leyers"],"yoast_head":"<!-- This site is optimized with the Yoast SEO plugin v20.4 - https:\/\/yoast.com\/wordpress\/plugins\/seo\/ -->\n<title>B\u00fclent \u00d6zt\u00fcrk filmt niet in eigen taal - We Love Cinema<\/title>\n<meta name=\"robots\" content=\"index, follow, max-snippet:-1, max-image-preview:large, max-video-preview:-1\" \/>\n<link rel=\"canonical\" href=\"https:\/\/welovecinema.be\/nl\/bulent-ozturk-filmt-eigen-taal\/\" \/>\n<meta property=\"og:locale\" content=\"nl_NL\" \/>\n<meta property=\"og:type\" content=\"article\" \/>\n<meta property=\"og:title\" content=\"B\u00fclent \u00d6zt\u00fcrk filmt niet in eigen taal - We Love Cinema\" \/>\n<meta property=\"og:description\" content=\"Als Koerdische Turk is het moeilijk om te weten wat je taal is. \u00a0Zijn moedertaal spreekt hij onvoldoende en de taal die hij op school geleerd heeft, beschouwt hij niet als de zijne. Maar heeft hij geen taal, hij heeft des te meer beelden. Intussen is hij Belg en drukt hij zich, zoals je kunt &hellip;\" \/>\n<meta property=\"og:url\" content=\"https:\/\/welovecinema.be\/nl\/bulent-ozturk-filmt-eigen-taal\/\" \/>\n<meta property=\"og:site_name\" content=\"We Love Cinema\" \/>\n<meta property=\"article:publisher\" content=\"https:\/\/www.facebook.com\/welovecinema.be\" \/>\n<meta property=\"article:published_time\" content=\"2017-06-20T12:42:47+00:00\" \/>\n<meta property=\"article:modified_time\" content=\"2017-06-21T11:56:15+00:00\" \/>\n<meta property=\"og:image\" content=\"https:\/\/welovecinema.be\/wp-content\/uploads\/sites\/2\/2017\/06\/IMG_9383-e1497962017708.jpg\" \/>\n\t<meta property=\"og:image:width\" content=\"618\" \/>\n\t<meta property=\"og:image:height\" content=\"412\" \/>\n\t<meta property=\"og:image:type\" content=\"image\/jpeg\" \/>\n<meta name=\"author\" content=\"Kurt.Vandemaele\" \/>\n<meta name=\"twitter:card\" content=\"summary_large_image\" \/>\n<meta name=\"twitter:label1\" content=\"Geschreven door\" \/>\n\t<meta name=\"twitter:data1\" content=\"Kurt.Vandemaele\" \/>\n\t<meta name=\"twitter:label2\" content=\"Geschatte leestijd\" \/>\n\t<meta name=\"twitter:data2\" content=\"1 minuut\" \/>\n<script type=\"application\/ld+json\" class=\"yoast-schema-graph\">{\"@context\":\"https:\/\/schema.org\",\"@graph\":[{\"@type\":\"Article\",\"@id\":\"https:\/\/welovecinema.be\/nl\/bulent-ozturk-filmt-eigen-taal\/#article\",\"isPartOf\":{\"@id\":\"https:\/\/welovecinema.be\/nl\/bulent-ozturk-filmt-eigen-taal\/\"},\"author\":{\"name\":\"Kurt.Vandemaele\",\"@id\":\"https:\/\/welovecinema.be\/nl\/#\/schema\/person\/f475ac81c30903d8505475024494c658\"},\"headline\":\"B\u00fclent \u00d6zt\u00fcrk filmt niet in eigen taal\",\"datePublished\":\"2017-06-20T12:42:47+00:00\",\"dateModified\":\"2017-06-21T11:56:15+00:00\",\"mainEntityOfPage\":{\"@id\":\"https:\/\/welovecinema.be\/nl\/bulent-ozturk-filmt-eigen-taal\/\"},\"wordCount\":200,\"publisher\":{\"@id\":\"https:\/\/welovecinema.be\/nl\/#organization\"},\"keywords\":[\"Blue Silence\",\"B\u00fclent \u00d6zt\u00fcrk\",\"Film Fest Gent\",\"Minds Meet\",\"Tomas Leyers\"],\"articleSection\":[\"Interviews\"],\"inLanguage\":\"nl-NL\"},{\"@type\":\"WebPage\",\"@id\":\"https:\/\/welovecinema.be\/nl\/bulent-ozturk-filmt-eigen-taal\/\",\"url\":\"https:\/\/welovecinema.be\/nl\/bulent-ozturk-filmt-eigen-taal\/\",\"name\":\"B\u00fclent \u00d6zt\u00fcrk filmt niet in eigen taal - We Love Cinema\",\"isPartOf\":{\"@id\":\"https:\/\/welovecinema.be\/nl\/#website\"},\"datePublished\":\"2017-06-20T12:42:47+00:00\",\"dateModified\":\"2017-06-21T11:56:15+00:00\",\"breadcrumb\":{\"@id\":\"https:\/\/welovecinema.be\/nl\/bulent-ozturk-filmt-eigen-taal\/#breadcrumb\"},\"inLanguage\":\"nl-NL\",\"potentialAction\":[{\"@type\":\"ReadAction\",\"target\":[\"https:\/\/welovecinema.be\/nl\/bulent-ozturk-filmt-eigen-taal\/\"]}]},{\"@type\":\"BreadcrumbList\",\"@id\":\"https:\/\/welovecinema.be\/nl\/bulent-ozturk-filmt-eigen-taal\/#breadcrumb\",\"itemListElement\":[{\"@type\":\"ListItem\",\"position\":1,\"name\":\"Accueil\",\"item\":\"https:\/\/welovecinema.be\/nl\/\"},{\"@type\":\"ListItem\",\"position\":2,\"name\":\"B\u00fclent \u00d6zt\u00fcrk filmt niet in eigen taal\"}]},{\"@type\":\"WebSite\",\"@id\":\"https:\/\/welovecinema.be\/nl\/#website\",\"url\":\"https:\/\/welovecinema.be\/nl\/\",\"name\":\"We Love Cinema\",\"description\":\"Toute l\u2019information du cin\u00e9ma en Belgique\",\"publisher\":{\"@id\":\"https:\/\/welovecinema.be\/nl\/#organization\"},\"potentialAction\":[{\"@type\":\"SearchAction\",\"target\":{\"@type\":\"EntryPoint\",\"urlTemplate\":\"https:\/\/welovecinema.be\/nl\/?s={search_term_string}\"},\"query-input\":\"required name=search_term_string\"}],\"inLanguage\":\"nl-NL\"},{\"@type\":\"Organization\",\"@id\":\"https:\/\/welovecinema.be\/nl\/#organization\",\"name\":\"We Love Cinema\",\"url\":\"https:\/\/welovecinema.be\/nl\/\",\"logo\":{\"@type\":\"ImageObject\",\"inLanguage\":\"nl-NL\",\"@id\":\"https:\/\/welovecinema.be\/nl\/#\/schema\/logo\/image\/\",\"url\":\"https:\/\/welovecinema.be\/wp-content\/uploads\/sites\/2\/2023\/03\/Logo-We-Love-Cinema305x128.jpg\",\"contentUrl\":\"https:\/\/welovecinema.be\/wp-content\/uploads\/sites\/2\/2023\/03\/Logo-We-Love-Cinema305x128.jpg\",\"width\":305,\"height\":128,\"caption\":\"We Love Cinema\"},\"image\":{\"@id\":\"https:\/\/welovecinema.be\/nl\/#\/schema\/logo\/image\/\"},\"sameAs\":[\"https:\/\/www.facebook.com\/welovecinema.be\",\"https:\/\/www.youtube.com\/channel\/UCX5LYGVhnKvYauW4Nta4HJA\",\"https:\/\/www.instagram.com\/welovecinema.be\/\"]},{\"@type\":\"Person\",\"@id\":\"https:\/\/welovecinema.be\/nl\/#\/schema\/person\/f475ac81c30903d8505475024494c658\",\"name\":\"Kurt.Vandemaele\",\"url\":\"https:\/\/welovecinema.be\/nl\/author\/kurt-vandemaele\/\"}]}<\/script>\n<!-- \/ Yoast SEO plugin. -->","yoast_head_json":{"title":"B\u00fclent \u00d6zt\u00fcrk filmt niet in eigen taal - We Love Cinema","robots":{"index":"index","follow":"follow","max-snippet":"max-snippet:-1","max-image-preview":"max-image-preview:large","max-video-preview":"max-video-preview:-1"},"canonical":"https:\/\/welovecinema.be\/nl\/bulent-ozturk-filmt-eigen-taal\/","og_locale":"nl_NL","og_type":"article","og_title":"B\u00fclent \u00d6zt\u00fcrk filmt niet in eigen taal - We Love Cinema","og_description":"Als Koerdische Turk is het moeilijk om te weten wat je taal is. \u00a0Zijn moedertaal spreekt hij onvoldoende en de taal die hij op school geleerd heeft, beschouwt hij niet als de zijne. Maar heeft hij geen taal, hij heeft des te meer beelden. Intussen is hij Belg en drukt hij zich, zoals je kunt &hellip;","og_url":"https:\/\/welovecinema.be\/nl\/bulent-ozturk-filmt-eigen-taal\/","og_site_name":"We Love Cinema","article_publisher":"https:\/\/www.facebook.com\/welovecinema.be","article_published_time":"2017-06-20T12:42:47+00:00","article_modified_time":"2017-06-21T11:56:15+00:00","og_image":[{"width":618,"height":412,"url":"https:\/\/welovecinema.be\/wp-content\/uploads\/sites\/2\/2017\/06\/IMG_9383-e1497962017708.jpg","type":"image\/jpeg"}],"author":"Kurt.Vandemaele","twitter_card":"summary_large_image","twitter_misc":{"Geschreven door":"Kurt.Vandemaele","Geschatte leestijd":"1 minuut"},"schema":{"@context":"https:\/\/schema.org","@graph":[{"@type":"Article","@id":"https:\/\/welovecinema.be\/nl\/bulent-ozturk-filmt-eigen-taal\/#article","isPartOf":{"@id":"https:\/\/welovecinema.be\/nl\/bulent-ozturk-filmt-eigen-taal\/"},"author":{"name":"Kurt.Vandemaele","@id":"https:\/\/welovecinema.be\/nl\/#\/schema\/person\/f475ac81c30903d8505475024494c658"},"headline":"B\u00fclent \u00d6zt\u00fcrk filmt niet in eigen taal","datePublished":"2017-06-20T12:42:47+00:00","dateModified":"2017-06-21T11:56:15+00:00","mainEntityOfPage":{"@id":"https:\/\/welovecinema.be\/nl\/bulent-ozturk-filmt-eigen-taal\/"},"wordCount":200,"publisher":{"@id":"https:\/\/welovecinema.be\/nl\/#organization"},"keywords":["Blue Silence","B\u00fclent \u00d6zt\u00fcrk","Film Fest Gent","Minds Meet","Tomas Leyers"],"articleSection":["Interviews"],"inLanguage":"nl-NL"},{"@type":"WebPage","@id":"https:\/\/welovecinema.be\/nl\/bulent-ozturk-filmt-eigen-taal\/","url":"https:\/\/welovecinema.be\/nl\/bulent-ozturk-filmt-eigen-taal\/","name":"B\u00fclent \u00d6zt\u00fcrk filmt niet in eigen taal - We Love Cinema","isPartOf":{"@id":"https:\/\/welovecinema.be\/nl\/#website"},"datePublished":"2017-06-20T12:42:47+00:00","dateModified":"2017-06-21T11:56:15+00:00","breadcrumb":{"@id":"https:\/\/welovecinema.be\/nl\/bulent-ozturk-filmt-eigen-taal\/#breadcrumb"},"inLanguage":"nl-NL","potentialAction":[{"@type":"ReadAction","target":["https:\/\/welovecinema.be\/nl\/bulent-ozturk-filmt-eigen-taal\/"]}]},{"@type":"BreadcrumbList","@id":"https:\/\/welovecinema.be\/nl\/bulent-ozturk-filmt-eigen-taal\/#breadcrumb","itemListElement":[{"@type":"ListItem","position":1,"name":"Accueil","item":"https:\/\/welovecinema.be\/nl\/"},{"@type":"ListItem","position":2,"name":"B\u00fclent \u00d6zt\u00fcrk filmt niet in eigen taal"}]},{"@type":"WebSite","@id":"https:\/\/welovecinema.be\/nl\/#website","url":"https:\/\/welovecinema.be\/nl\/","name":"We Love Cinema","description":"Toute l\u2019information du cin\u00e9ma en Belgique","publisher":{"@id":"https:\/\/welovecinema.be\/nl\/#organization"},"potentialAction":[{"@type":"SearchAction","target":{"@type":"EntryPoint","urlTemplate":"https:\/\/welovecinema.be\/nl\/?s={search_term_string}"},"query-input":"required name=search_term_string"}],"inLanguage":"nl-NL"},{"@type":"Organization","@id":"https:\/\/welovecinema.be\/nl\/#organization","name":"We Love Cinema","url":"https:\/\/welovecinema.be\/nl\/","logo":{"@type":"ImageObject","inLanguage":"nl-NL","@id":"https:\/\/welovecinema.be\/nl\/#\/schema\/logo\/image\/","url":"https:\/\/welovecinema.be\/wp-content\/uploads\/sites\/2\/2023\/03\/Logo-We-Love-Cinema305x128.jpg","contentUrl":"https:\/\/welovecinema.be\/wp-content\/uploads\/sites\/2\/2023\/03\/Logo-We-Love-Cinema305x128.jpg","width":305,"height":128,"caption":"We Love Cinema"},"image":{"@id":"https:\/\/welovecinema.be\/nl\/#\/schema\/logo\/image\/"},"sameAs":["https:\/\/www.facebook.com\/welovecinema.be","https:\/\/www.youtube.com\/channel\/UCX5LYGVhnKvYauW4Nta4HJA","https:\/\/www.instagram.com\/welovecinema.be\/"]},{"@type":"Person","@id":"https:\/\/welovecinema.be\/nl\/#\/schema\/person\/f475ac81c30903d8505475024494c658","name":"Kurt.Vandemaele","url":"https:\/\/welovecinema.be\/nl\/author\/kurt-vandemaele\/"}]}},"_links":{"self":[{"href":"https:\/\/welovecinema.be\/nl\/wp-json\/wp\/v2\/posts\/200889","targetHints":{"allow":["GET"]}}],"collection":[{"href":"https:\/\/welovecinema.be\/nl\/wp-json\/wp\/v2\/posts"}],"about":[{"href":"https:\/\/welovecinema.be\/nl\/wp-json\/wp\/v2\/types\/post"}],"author":[{"embeddable":true,"href":"https:\/\/welovecinema.be\/nl\/wp-json\/wp\/v2\/users\/8"}],"replies":[{"embeddable":true,"href":"https:\/\/welovecinema.be\/nl\/wp-json\/wp\/v2\/comments?post=200889"}],"version-history":[{"count":0,"href":"https:\/\/welovecinema.be\/nl\/wp-json\/wp\/v2\/posts\/200889\/revisions"}],"wp:featuredmedia":[{"embeddable":true,"href":"https:\/\/welovecinema.be\/nl\/wp-json\/wp\/v2\/media\/200891"}],"wp:attachment":[{"href":"https:\/\/welovecinema.be\/nl\/wp-json\/wp\/v2\/media?parent=200889"}],"wp:term":[{"taxonomy":"category","embeddable":true,"href":"https:\/\/welovecinema.be\/nl\/wp-json\/wp\/v2\/categories?post=200889"},{"taxonomy":"post_tag","embeddable":true,"href":"https:\/\/welovecinema.be\/nl\/wp-json\/wp\/v2\/tags?post=200889"}],"curies":[{"name":"wp","href":"https:\/\/api.w.org\/{rel}","templated":true}]}}