{"id":200882,"date":"2017-06-20T12:06:33","date_gmt":"2017-06-20T10:06:33","guid":{"rendered":"http:\/\/www.cinevox.be\/?p=200882\/"},"modified":"2017-06-20T12:33:40","modified_gmt":"2017-06-20T10:33:40","slug":"bulent-ozturk-wil-onzichtbare-zichtbaar-maken","status":"publish","type":"post","link":"https:\/\/welovecinema.be\/nl\/bulent-ozturk-wil-onzichtbare-zichtbaar-maken\/","title":{"rendered":"B\u00fclent \u00d6zt\u00fcrk wil het onzichtbare zichtbaar maken"},"content":{"rendered":"<p><img loading=\"lazy\" decoding=\"async\" class=\"alignleft size-medium wp-image-200883\" src=\"http:\/\/www.cinevox.be\/wp-content\/uploads\/sites\/2\/2017\/06\/IMG_9377-405x270.jpg\" alt=\"\" width=\"405\" height=\"270\" \/><strong>B\u00fclent \u00d6zt\u00fcrk begon het verhaal van zijn film met niets meer dan een foto. \u00a0Een beeld dat sterk genoeg was om er tal van andere beelden te laten uit voortvloeien. Sommige dingen heeft hij nog op de set aangepast. \u00a0Eigenlijk wil hij met zijn film het zichtbare maken. Omdat er altijd meer te zien is dan je op het eerste zicht denkt te zien.<\/strong><\/p>\n<p><!--more--><\/p>\n<p>Turkije is een mooi land met schitterende natuur en blauwe hemels, maar achter al dat licht zit misschien wel een donkere waarheid achter verscholen. Lijkt hij te zeggen. Met beelden. Met woorden is hij zuinig, zo vertelde hij ons.<\/p>\n<p>Zie ook :<\/p>\n<ul>\n<li><a href=\"http:\/\/www.cinevox.be\/nl\/bulent-ozturk-blue-silence\/\">B\u00fclent \u00d6zt\u00fcrk over &#8216;Blue Silence&#8217;<\/a><\/li>\n<\/ul>\n<p>&nbsp;<\/p>\n<p><iframe loading=\"lazy\" title=\"Bu\u0308lent O\u0308ztu\u0308rk wil het onzichtbare zichtbaar maken\" width=\"618\" height=\"348\" src=\"https:\/\/www.youtube.com\/embed\/RMQkj4EzlLI?feature=oembed\" frameborder=\"0\" allow=\"accelerometer; autoplay; clipboard-write; encrypted-media; gyroscope; picture-in-picture; web-share\" referrerpolicy=\"strict-origin-when-cross-origin\" allowfullscreen><\/iframe><\/p>\n","protected":false},"excerpt":{"rendered":"<p>B\u00fclent \u00d6zt\u00fcrk begon het verhaal van zijn film met niets meer dan een foto. \u00a0Een beeld dat sterk genoeg was om er tal van andere beelden te laten uit voortvloeien. Sommige dingen heeft hij nog op de set aangepast. \u00a0Eigenlijk wil hij met zijn film het zichtbare maken. Omdat er altijd meer te zien is &hellip;<\/p>\n","protected":false},"author":8,"featured_media":200883,"comment_status":"closed","ping_status":"closed","sticky":false,"template":"","format":"standard","meta":{"ngg_post_thumbnail":0,"footnotes":""},"categories":[41],"tags":[1810,706],"class_list":["post-200882","post","type-post","status-publish","format-standard","has-post-thumbnail","","category-interviews-nl","tag-blue-silence","tag-bulent-ozturk"],"yoast_head":"<!-- This site is optimized with the Yoast SEO plugin v20.4 - https:\/\/yoast.com\/wordpress\/plugins\/seo\/ -->\n<title>B\u00fclent \u00d6zt\u00fcrk wil het onzichtbare zichtbaar maken - We Love Cinema<\/title>\n<meta name=\"robots\" content=\"index, follow, max-snippet:-1, max-image-preview:large, max-video-preview:-1\" \/>\n<link rel=\"canonical\" href=\"https:\/\/welovecinema.be\/nl\/bulent-ozturk-wil-onzichtbare-zichtbaar-maken\/\" \/>\n<meta property=\"og:locale\" content=\"nl_NL\" \/>\n<meta property=\"og:type\" content=\"article\" \/>\n<meta property=\"og:title\" content=\"B\u00fclent \u00d6zt\u00fcrk wil het onzichtbare zichtbaar maken - We Love Cinema\" \/>\n<meta property=\"og:description\" content=\"B\u00fclent \u00d6zt\u00fcrk begon het verhaal van zijn film met niets meer dan een foto. \u00a0Een beeld dat sterk genoeg was om er tal van andere beelden te laten uit voortvloeien. Sommige dingen heeft hij nog op de set aangepast. \u00a0Eigenlijk wil hij met zijn film het zichtbare maken. Omdat er altijd meer te zien is &hellip;\" \/>\n<meta property=\"og:url\" content=\"https:\/\/welovecinema.be\/nl\/bulent-ozturk-wil-onzichtbare-zichtbaar-maken\/\" \/>\n<meta property=\"og:site_name\" content=\"We Love Cinema\" \/>\n<meta property=\"article:publisher\" content=\"https:\/\/www.facebook.com\/welovecinema.be\" \/>\n<meta property=\"article:published_time\" content=\"2017-06-20T10:06:33+00:00\" \/>\n<meta property=\"article:modified_time\" content=\"2017-06-20T10:33:40+00:00\" \/>\n<meta property=\"og:image\" content=\"https:\/\/welovecinema.be\/wp-content\/uploads\/sites\/2\/2017\/06\/IMG_9377-e1497953071159.jpg\" \/>\n\t<meta property=\"og:image:width\" content=\"618\" \/>\n\t<meta property=\"og:image:height\" content=\"412\" \/>\n\t<meta property=\"og:image:type\" content=\"image\/jpeg\" \/>\n<meta name=\"author\" content=\"Kurt.Vandemaele\" \/>\n<meta name=\"twitter:card\" content=\"summary_large_image\" \/>\n<meta name=\"twitter:label1\" content=\"Geschreven door\" \/>\n\t<meta name=\"twitter:data1\" content=\"Kurt.Vandemaele\" \/>\n\t<meta name=\"twitter:label2\" content=\"Geschatte leestijd\" \/>\n\t<meta name=\"twitter:data2\" content=\"1 minuut\" \/>\n<script type=\"application\/ld+json\" class=\"yoast-schema-graph\">{\"@context\":\"https:\/\/schema.org\",\"@graph\":[{\"@type\":\"Article\",\"@id\":\"https:\/\/welovecinema.be\/nl\/bulent-ozturk-wil-onzichtbare-zichtbaar-maken\/#article\",\"isPartOf\":{\"@id\":\"https:\/\/welovecinema.be\/nl\/bulent-ozturk-wil-onzichtbare-zichtbaar-maken\/\"},\"author\":{\"name\":\"Kurt.Vandemaele\",\"@id\":\"https:\/\/welovecinema.be\/nl\/#\/schema\/person\/f475ac81c30903d8505475024494c658\"},\"headline\":\"B\u00fclent \u00d6zt\u00fcrk wil het onzichtbare zichtbaar maken\",\"datePublished\":\"2017-06-20T10:06:33+00:00\",\"dateModified\":\"2017-06-20T10:33:40+00:00\",\"mainEntityOfPage\":{\"@id\":\"https:\/\/welovecinema.be\/nl\/bulent-ozturk-wil-onzichtbare-zichtbaar-maken\/\"},\"wordCount\":132,\"publisher\":{\"@id\":\"https:\/\/welovecinema.be\/nl\/#organization\"},\"keywords\":[\"Blue Silence\",\"B\u00fclent \u00d6zt\u00fcrk\"],\"articleSection\":[\"Interviews\"],\"inLanguage\":\"nl-NL\"},{\"@type\":\"WebPage\",\"@id\":\"https:\/\/welovecinema.be\/nl\/bulent-ozturk-wil-onzichtbare-zichtbaar-maken\/\",\"url\":\"https:\/\/welovecinema.be\/nl\/bulent-ozturk-wil-onzichtbare-zichtbaar-maken\/\",\"name\":\"B\u00fclent \u00d6zt\u00fcrk wil het onzichtbare zichtbaar maken - We Love Cinema\",\"isPartOf\":{\"@id\":\"https:\/\/welovecinema.be\/nl\/#website\"},\"datePublished\":\"2017-06-20T10:06:33+00:00\",\"dateModified\":\"2017-06-20T10:33:40+00:00\",\"breadcrumb\":{\"@id\":\"https:\/\/welovecinema.be\/nl\/bulent-ozturk-wil-onzichtbare-zichtbaar-maken\/#breadcrumb\"},\"inLanguage\":\"nl-NL\",\"potentialAction\":[{\"@type\":\"ReadAction\",\"target\":[\"https:\/\/welovecinema.be\/nl\/bulent-ozturk-wil-onzichtbare-zichtbaar-maken\/\"]}]},{\"@type\":\"BreadcrumbList\",\"@id\":\"https:\/\/welovecinema.be\/nl\/bulent-ozturk-wil-onzichtbare-zichtbaar-maken\/#breadcrumb\",\"itemListElement\":[{\"@type\":\"ListItem\",\"position\":1,\"name\":\"Accueil\",\"item\":\"https:\/\/welovecinema.be\/nl\/\"},{\"@type\":\"ListItem\",\"position\":2,\"name\":\"B\u00fclent \u00d6zt\u00fcrk wil het onzichtbare zichtbaar maken\"}]},{\"@type\":\"WebSite\",\"@id\":\"https:\/\/welovecinema.be\/nl\/#website\",\"url\":\"https:\/\/welovecinema.be\/nl\/\",\"name\":\"We Love Cinema\",\"description\":\"Toute l\u2019information du cin\u00e9ma en Belgique\",\"publisher\":{\"@id\":\"https:\/\/welovecinema.be\/nl\/#organization\"},\"potentialAction\":[{\"@type\":\"SearchAction\",\"target\":{\"@type\":\"EntryPoint\",\"urlTemplate\":\"https:\/\/welovecinema.be\/nl\/?s={search_term_string}\"},\"query-input\":\"required name=search_term_string\"}],\"inLanguage\":\"nl-NL\"},{\"@type\":\"Organization\",\"@id\":\"https:\/\/welovecinema.be\/nl\/#organization\",\"name\":\"We Love Cinema\",\"url\":\"https:\/\/welovecinema.be\/nl\/\",\"logo\":{\"@type\":\"ImageObject\",\"inLanguage\":\"nl-NL\",\"@id\":\"https:\/\/welovecinema.be\/nl\/#\/schema\/logo\/image\/\",\"url\":\"https:\/\/welovecinema.be\/wp-content\/uploads\/sites\/2\/2023\/03\/Logo-We-Love-Cinema305x128.jpg\",\"contentUrl\":\"https:\/\/welovecinema.be\/wp-content\/uploads\/sites\/2\/2023\/03\/Logo-We-Love-Cinema305x128.jpg\",\"width\":305,\"height\":128,\"caption\":\"We Love Cinema\"},\"image\":{\"@id\":\"https:\/\/welovecinema.be\/nl\/#\/schema\/logo\/image\/\"},\"sameAs\":[\"https:\/\/www.facebook.com\/welovecinema.be\",\"https:\/\/www.youtube.com\/channel\/UCX5LYGVhnKvYauW4Nta4HJA\",\"https:\/\/www.instagram.com\/welovecinema.be\/\"]},{\"@type\":\"Person\",\"@id\":\"https:\/\/welovecinema.be\/nl\/#\/schema\/person\/f475ac81c30903d8505475024494c658\",\"name\":\"Kurt.Vandemaele\",\"url\":\"https:\/\/welovecinema.be\/nl\/author\/kurt-vandemaele\/\"}]}<\/script>\n<!-- \/ Yoast SEO plugin. -->","yoast_head_json":{"title":"B\u00fclent \u00d6zt\u00fcrk wil het onzichtbare zichtbaar maken - We Love Cinema","robots":{"index":"index","follow":"follow","max-snippet":"max-snippet:-1","max-image-preview":"max-image-preview:large","max-video-preview":"max-video-preview:-1"},"canonical":"https:\/\/welovecinema.be\/nl\/bulent-ozturk-wil-onzichtbare-zichtbaar-maken\/","og_locale":"nl_NL","og_type":"article","og_title":"B\u00fclent \u00d6zt\u00fcrk wil het onzichtbare zichtbaar maken - We Love Cinema","og_description":"B\u00fclent \u00d6zt\u00fcrk begon het verhaal van zijn film met niets meer dan een foto. \u00a0Een beeld dat sterk genoeg was om er tal van andere beelden te laten uit voortvloeien. Sommige dingen heeft hij nog op de set aangepast. \u00a0Eigenlijk wil hij met zijn film het zichtbare maken. Omdat er altijd meer te zien is &hellip;","og_url":"https:\/\/welovecinema.be\/nl\/bulent-ozturk-wil-onzichtbare-zichtbaar-maken\/","og_site_name":"We Love Cinema","article_publisher":"https:\/\/www.facebook.com\/welovecinema.be","article_published_time":"2017-06-20T10:06:33+00:00","article_modified_time":"2017-06-20T10:33:40+00:00","og_image":[{"width":618,"height":412,"url":"https:\/\/welovecinema.be\/wp-content\/uploads\/sites\/2\/2017\/06\/IMG_9377-e1497953071159.jpg","type":"image\/jpeg"}],"author":"Kurt.Vandemaele","twitter_card":"summary_large_image","twitter_misc":{"Geschreven door":"Kurt.Vandemaele","Geschatte leestijd":"1 minuut"},"schema":{"@context":"https:\/\/schema.org","@graph":[{"@type":"Article","@id":"https:\/\/welovecinema.be\/nl\/bulent-ozturk-wil-onzichtbare-zichtbaar-maken\/#article","isPartOf":{"@id":"https:\/\/welovecinema.be\/nl\/bulent-ozturk-wil-onzichtbare-zichtbaar-maken\/"},"author":{"name":"Kurt.Vandemaele","@id":"https:\/\/welovecinema.be\/nl\/#\/schema\/person\/f475ac81c30903d8505475024494c658"},"headline":"B\u00fclent \u00d6zt\u00fcrk wil het onzichtbare zichtbaar maken","datePublished":"2017-06-20T10:06:33+00:00","dateModified":"2017-06-20T10:33:40+00:00","mainEntityOfPage":{"@id":"https:\/\/welovecinema.be\/nl\/bulent-ozturk-wil-onzichtbare-zichtbaar-maken\/"},"wordCount":132,"publisher":{"@id":"https:\/\/welovecinema.be\/nl\/#organization"},"keywords":["Blue Silence","B\u00fclent \u00d6zt\u00fcrk"],"articleSection":["Interviews"],"inLanguage":"nl-NL"},{"@type":"WebPage","@id":"https:\/\/welovecinema.be\/nl\/bulent-ozturk-wil-onzichtbare-zichtbaar-maken\/","url":"https:\/\/welovecinema.be\/nl\/bulent-ozturk-wil-onzichtbare-zichtbaar-maken\/","name":"B\u00fclent \u00d6zt\u00fcrk wil het onzichtbare zichtbaar maken - We Love Cinema","isPartOf":{"@id":"https:\/\/welovecinema.be\/nl\/#website"},"datePublished":"2017-06-20T10:06:33+00:00","dateModified":"2017-06-20T10:33:40+00:00","breadcrumb":{"@id":"https:\/\/welovecinema.be\/nl\/bulent-ozturk-wil-onzichtbare-zichtbaar-maken\/#breadcrumb"},"inLanguage":"nl-NL","potentialAction":[{"@type":"ReadAction","target":["https:\/\/welovecinema.be\/nl\/bulent-ozturk-wil-onzichtbare-zichtbaar-maken\/"]}]},{"@type":"BreadcrumbList","@id":"https:\/\/welovecinema.be\/nl\/bulent-ozturk-wil-onzichtbare-zichtbaar-maken\/#breadcrumb","itemListElement":[{"@type":"ListItem","position":1,"name":"Accueil","item":"https:\/\/welovecinema.be\/nl\/"},{"@type":"ListItem","position":2,"name":"B\u00fclent \u00d6zt\u00fcrk wil het onzichtbare zichtbaar maken"}]},{"@type":"WebSite","@id":"https:\/\/welovecinema.be\/nl\/#website","url":"https:\/\/welovecinema.be\/nl\/","name":"We Love Cinema","description":"Toute l\u2019information du cin\u00e9ma en Belgique","publisher":{"@id":"https:\/\/welovecinema.be\/nl\/#organization"},"potentialAction":[{"@type":"SearchAction","target":{"@type":"EntryPoint","urlTemplate":"https:\/\/welovecinema.be\/nl\/?s={search_term_string}"},"query-input":"required name=search_term_string"}],"inLanguage":"nl-NL"},{"@type":"Organization","@id":"https:\/\/welovecinema.be\/nl\/#organization","name":"We Love Cinema","url":"https:\/\/welovecinema.be\/nl\/","logo":{"@type":"ImageObject","inLanguage":"nl-NL","@id":"https:\/\/welovecinema.be\/nl\/#\/schema\/logo\/image\/","url":"https:\/\/welovecinema.be\/wp-content\/uploads\/sites\/2\/2023\/03\/Logo-We-Love-Cinema305x128.jpg","contentUrl":"https:\/\/welovecinema.be\/wp-content\/uploads\/sites\/2\/2023\/03\/Logo-We-Love-Cinema305x128.jpg","width":305,"height":128,"caption":"We Love Cinema"},"image":{"@id":"https:\/\/welovecinema.be\/nl\/#\/schema\/logo\/image\/"},"sameAs":["https:\/\/www.facebook.com\/welovecinema.be","https:\/\/www.youtube.com\/channel\/UCX5LYGVhnKvYauW4Nta4HJA","https:\/\/www.instagram.com\/welovecinema.be\/"]},{"@type":"Person","@id":"https:\/\/welovecinema.be\/nl\/#\/schema\/person\/f475ac81c30903d8505475024494c658","name":"Kurt.Vandemaele","url":"https:\/\/welovecinema.be\/nl\/author\/kurt-vandemaele\/"}]}},"_links":{"self":[{"href":"https:\/\/welovecinema.be\/nl\/wp-json\/wp\/v2\/posts\/200882","targetHints":{"allow":["GET"]}}],"collection":[{"href":"https:\/\/welovecinema.be\/nl\/wp-json\/wp\/v2\/posts"}],"about":[{"href":"https:\/\/welovecinema.be\/nl\/wp-json\/wp\/v2\/types\/post"}],"author":[{"embeddable":true,"href":"https:\/\/welovecinema.be\/nl\/wp-json\/wp\/v2\/users\/8"}],"replies":[{"embeddable":true,"href":"https:\/\/welovecinema.be\/nl\/wp-json\/wp\/v2\/comments?post=200882"}],"version-history":[{"count":0,"href":"https:\/\/welovecinema.be\/nl\/wp-json\/wp\/v2\/posts\/200882\/revisions"}],"wp:featuredmedia":[{"embeddable":true,"href":"https:\/\/welovecinema.be\/nl\/wp-json\/wp\/v2\/media\/200883"}],"wp:attachment":[{"href":"https:\/\/welovecinema.be\/nl\/wp-json\/wp\/v2\/media?parent=200882"}],"wp:term":[{"taxonomy":"category","embeddable":true,"href":"https:\/\/welovecinema.be\/nl\/wp-json\/wp\/v2\/categories?post=200882"},{"taxonomy":"post_tag","embeddable":true,"href":"https:\/\/welovecinema.be\/nl\/wp-json\/wp\/v2\/tags?post=200882"}],"curies":[{"name":"wp","href":"https:\/\/api.w.org\/{rel}","templated":true}]}}