{"id":193920,"date":"2016-12-20T19:25:13","date_gmt":"2016-12-20T18:25:13","guid":{"rendered":"http:\/\/www.cinevox.be\/?p=93920"},"modified":"2016-12-20T19:25:15","modified_gmt":"2016-12-20T18:25:15","slug":"bulent-ozturk-en-zijn-overpeinzingen-bij-de-overgang-2016-2017","status":"publish","type":"post","link":"https:\/\/welovecinema.be\/nl\/bulent-ozturk-en-zijn-overpeinzingen-bij-de-overgang-2016-2017\/","title":{"rendered":"B\u00fclent \u00d6zt\u00fcrk en zijn overpeinzingen bij de overgang (2016 &#8211; 2017)"},"content":{"rendered":"<p>&nbsp;<\/p>\n<p>Koerdische Turk <strong>B\u00fclent \u00d6zt\u00fcrk<\/strong> had weinig tijd nodig om onze taal te leren en ook de filmtaal was hij in geen tijd machtig. En zo geraakte hij niet alleen snel ingeburgerd, al vlug bleek dat hij een stem had, en een oog. \u00a0Veel ogen. Als filmmaker vond hij zijn weg en vertelde hij verhalen waarvan de wortels in de grond van zijn thuisland zaten. En toch waren ze universeel en overschreden ze moeiteloos de grenzen. En na de indringende kortfilms, die tal van prijzen wonnen, mogen we ons in 2017 verheugen op zijn eerste langspeler. Blij dat we zo&#8217;n mijnheer aan het woord kunnen laten.<\/p>\n<p><!--more--><\/p>\n<p><strong>1) Was 2016 een goed filmjaar voor u en voor de Belgische film en waarom of waarom niet? (hoogtepunten, laagtepunten\u2026)<\/strong><\/p>\n<p>2016 was een zeer goed jaar voor mij, en stond helemaal in het teken van mijn debuut langspeelfilm<em> &#8216;Blue Silence&#8217;.<\/em> Het is een project waar ik al lange tijd aan had gewerkt, en met de steun van het VAF heb ik dit jaar eindelijk mogen draaien, in Istanbul. Net op tijd, bleek. Aangezien de stad momenteel roerige tijden doormaakt, zou daar filmen nu onmogelijk zijn.<\/p>\n<figure id=\"attachment_94001\" aria-describedby=\"caption-attachment-94001\" style=\"width: 320px\" class=\"wp-caption alignright\"><a href=\"http:\/\/www.cinevox.be\/nl\/bulent-ozturk-en-zijn-overpeinzingen-bij-de-overgang-2016-2017\/filipvanroe-bulent-ozturk-on-set-blue-silence_2\/\" rel=\"attachment wp-att-94001\"><img loading=\"lazy\" decoding=\"async\" class=\"wp-image-94001 size-full\" src=\"http:\/\/www.cinevox.be\/wp-content\/uploads\/sites\/2\/2016\/12\/\u00a9FilipVanRoe-Bulent-Ozturk-on-set-Blue-Silence_2.jpeg\" alt=\"\" width=\"320\" height=\"214\" \/><\/a><figcaption id=\"caption-attachment-94001\" class=\"wp-caption-text\">\u00a9FilipVanRoe<\/figcaption><\/figure>\n<p><strong>2) Wat zijn uw filmplannen voor 2017?<\/strong><\/p>\n<p>Nu &#8216;Blue Silence&#8217; sinds enkele weken geleden volledig is afgerond, hoop ik dat de film op festivals veel harten zal beroeren. En dat de film daarna, zo snel mogelijk in de zalen van ons land verschijnt.<br \/>\n2017 zal ik verder aan het verhaal van <em>\u2018Cowboy Kurt\u2019<\/em> schrijven waarvoor ik scenariosteun heb gekregen van het VAF.<\/p>\n<p><strong>3) Wie waren voor u de figuren van het jaar op filmvlak (Vlaanderen, Belgi\u00eb\u2026)? (dat kunnen acteurs, producers, regisseurs, scenaristen, D.O.P\u2019s, gaffels of om het even wie zijn uit de filmwereld)<\/strong><\/p>\n<figure id=\"attachment_94002\" aria-describedby=\"caption-attachment-94002\" style=\"width: 320px\" class=\"wp-caption alignright\"><a href=\"http:\/\/www.cinevox.be\/nl\/bulent-ozturk-en-zijn-overpeinzingen-bij-de-overgang-2016-2017\/filipvanroe-bulent-ozturk-on-set-blue-silence_5\/\" rel=\"attachment wp-att-94002\"><img loading=\"lazy\" decoding=\"async\" class=\"wp-image-94002 size-full\" src=\"http:\/\/www.cinevox.be\/wp-content\/uploads\/sites\/2\/2016\/12\/\u00a9FilipVanRoe-Bulent-Ozturk-on-set-Blue-Silence_5.jpeg\" alt=\"\" width=\"320\" height=\"214\" \/><\/a><figcaption id=\"caption-attachment-94002\" class=\"wp-caption-text\">\u00a9FilipVanRoe<\/figcaption><\/figure>\n<p>Dat waren zonder meer de mensen die mee hebben gewerkt aan <em>&#8216;Blue Silence&#8217;<\/em>. Allereerst mijn producer, <strong>Tomas Leyers<\/strong>. Een man die de ziel van mijn scenario snel begreep en op artistiek vlak mij alle steun gaf die ik kon gebruiken.<br \/>\nEn dan heb ik ongelofelijk veel respect voor de leden van de crew van mijn film, met hun collectieve vastberadenheid. De opnames van &#8216;Blue Silence&#8217; gebeurden zeker niet onder ideale omstandigheden. We hadden maar 26 draaidagen en iedereen stond elke dag daarvan honderd procent klaar. Het weer was erg veranderlijk, alle seizoenen leken voorbij te komen. Niemand kon ziek worden of klagen, daar was geen tijd voor. Ook de politieke situatie in Turkije maakte de job voor niemand makkelijk. Tijdens het filmen in Istanbul zijn er in de stad zelfs aanslagen geweest. Dat maakte de achterblijvers in Belgi\u00eb uiteraard ongerust. Maar de crew was bijzonder dapper en gemotiveerd, iedereen wilde juist verder gaan met het werk.<\/p>\n<p><strong>4) Wie worden voor u de figuren van volgend jaar? Wie moeten we in de gaten houden?<\/strong><\/p>\n<p>Iemand die aan het begin van zijn carri\u00e8re staat, maar die wat mij betreft erg creatief en getalenteerd is, is monteur <strong>J\u00e9r\u00f4me Bartholomeus<\/strong>. Ik heb hem pas op het einde van het werkproces van mijn film leren kennen, bij het maken van de trailer. Ik hoop zeker nog eens met hem aan de slag te gaan, en gun hem dat zijn vaardigheden worden opgemerkt in montageland.<\/p>\n<figure id=\"attachment_94036\" aria-describedby=\"caption-attachment-94036\" style=\"width: 640px\" class=\"wp-caption aligncenter\"><a href=\"http:\/\/www.cinevox.be\/nl\/bulent-ozturk-en-zijn-overpeinzingen-bij-de-overgang-2016-2017\/filipvanroe_q6a8692\/\" rel=\"attachment wp-att-94036\"><img loading=\"lazy\" decoding=\"async\" class=\"size-full wp-image-94036\" src=\"http:\/\/www.cinevox.be\/wp-content\/uploads\/sites\/2\/2016\/12\/\u00a9FilipVanRoe_Q6A8692.jpg\" alt=\"\" width=\"640\" height=\"427\" \/><\/a><figcaption id=\"caption-attachment-94036\" class=\"wp-caption-text\">\u00a9FilipVanRoe<\/figcaption><\/figure>\n<p><strong>5) Welke vraag zou u zelf gesteld willen krijgen aan het eind van 2016 en\/of het begin van 2017 en wat zou u er op antwoorden?<\/strong><\/p>\n<p>VR. : Op welke manier kan film nog bijdragen aan een betere wereld, wanneer gewelddadige conflicten maar niet op blijken te houden en vluchtelingen bijna nergens veilig lijken te zijn?<\/p>\n<p>A. : Ik vind niet dat iedere filmmaker verplicht is om met zijn werk engagement voor oorlogsverhalen te tonen. Ik weet ook niet of film er echt voor kan zorgen dat zulke grote en nare situaties kunnen worden opgelost. Mijn werk gaat wel vaker over de weerslag van culturele of politieke situaties op mensen. Ik toon de grootsheid van hun kleine verhalen. Omdat ik geloof dat je een beroep kan doen op het geweten van de kijker. Je geeft de kijker zelf de tijd en ruimte om het onderwerp een plaats te geven, op zijn eigen manier. Ik reken op de empathie die in de mens verscholen zit.<\/p>\n<p><strong>6) Is er een vraag die je aan iemand uit de Vlaamse filmwereld gesteld zou willen zien? Zo ja, welke?<\/strong><\/p>\n<p>Ik zou het niet durven, maar ik zou schrijfster <strong>Griet Op de Beeck<\/strong> wel willen vragen of ze met mij zou willen verder schrijven aan het scenario van &#8216;Cowboy Kurt&#8217;. Dat zou mijn eerste Vlaamse film kunnen worden. Ik vind haar werk geweldig.<\/p>\n<p>Zie ook : <a title=\"Overpeinzingen bij de overgang (2016-2017)\" href=\"http:\/\/www.cinevox.be\/nl\/overpeinzingen-bij-de-overgang-2016-2017\/\">anderen die onze nieuwjaarsvraagjes beantwoordden<\/a><\/p>\n<p>&nbsp;<\/p>\n<figure id=\"attachment_94035\" aria-describedby=\"caption-attachment-94035\" style=\"width: 640px\" class=\"wp-caption aligncenter\"><a href=\"http:\/\/www.cinevox.be\/nl\/bulent-ozturk-en-zijn-overpeinzingen-bij-de-overgang-2016-2017\/filipvanroe-bulent-ozturk-director\/\" rel=\"attachment wp-att-94035\"><img loading=\"lazy\" decoding=\"async\" class=\"size-large wp-image-94035\" src=\"http:\/\/www.cinevox.be\/wp-content\/uploads\/sites\/2\/2016\/12\/\u00a9FilipVanRoe-Bulent-Ozturk-director-800x533.jpeg\" alt=\"\" width=\"640\" height=\"426\" \/><\/a><figcaption id=\"caption-attachment-94035\" class=\"wp-caption-text\">\u00a9FilipVanRoe<\/figcaption><\/figure>\n","protected":false},"excerpt":{"rendered":"<p>&nbsp; Koerdische Turk B\u00fclent \u00d6zt\u00fcrk had weinig tijd nodig om onze taal te leren en ook de filmtaal was hij in geen tijd machtig. En zo geraakte hij niet alleen snel ingeburgerd, al vlug bleek dat hij een stem had, en een oog. \u00a0Veel ogen. Als filmmaker vond hij zijn weg en vertelde hij verhalen &hellip;<\/p>\n","protected":false},"author":8,"featured_media":194038,"comment_status":"closed","ping_status":"closed","sticky":false,"template":"","format":"standard","meta":{"ngg_post_thumbnail":0,"footnotes":""},"categories":[30,3],"tags":[],"class_list":["post-193920","post","type-post","status-publish","format-standard","has-post-thumbnail","","category-nieuws","category-varia-nl"],"yoast_head":"<!-- This site is optimized with the Yoast SEO plugin v20.4 - https:\/\/yoast.com\/wordpress\/plugins\/seo\/ -->\n<title>B\u00fclent \u00d6zt\u00fcrk en zijn overpeinzingen bij de overgang (2016 - 2017) - We Love Cinema<\/title>\n<meta name=\"robots\" content=\"index, follow, max-snippet:-1, max-image-preview:large, max-video-preview:-1\" \/>\n<link rel=\"canonical\" href=\"https:\/\/welovecinema.be\/nl\/bulent-ozturk-en-zijn-overpeinzingen-bij-de-overgang-2016-2017\/\" \/>\n<meta property=\"og:locale\" content=\"nl_NL\" \/>\n<meta property=\"og:type\" content=\"article\" \/>\n<meta property=\"og:title\" content=\"B\u00fclent \u00d6zt\u00fcrk en zijn overpeinzingen bij de overgang (2016 - 2017) - We Love Cinema\" \/>\n<meta property=\"og:description\" content=\"&nbsp; Koerdische Turk B\u00fclent \u00d6zt\u00fcrk had weinig tijd nodig om onze taal te leren en ook de filmtaal was hij in geen tijd machtig. En zo geraakte hij niet alleen snel ingeburgerd, al vlug bleek dat hij een stem had, en een oog. \u00a0Veel ogen. Als filmmaker vond hij zijn weg en vertelde hij verhalen &hellip;\" \/>\n<meta property=\"og:url\" content=\"https:\/\/welovecinema.be\/nl\/bulent-ozturk-en-zijn-overpeinzingen-bij-de-overgang-2016-2017\/\" \/>\n<meta property=\"og:site_name\" content=\"We Love Cinema\" \/>\n<meta property=\"article:publisher\" content=\"https:\/\/www.facebook.com\/welovecinema.be\" \/>\n<meta property=\"article:published_time\" content=\"2016-12-20T18:25:13+00:00\" \/>\n<meta property=\"article:modified_time\" content=\"2016-12-20T18:25:15+00:00\" \/>\n<meta property=\"og:image\" content=\"https:\/\/welovecinema.be\/wp-content\/uploads\/sites\/2\/2016\/12\/\u00a9FilipVanRoe-Bulent-Ozturk-director1.jpeg\" \/>\n\t<meta property=\"og:image:width\" content=\"1280\" \/>\n\t<meta property=\"og:image:height\" content=\"854\" \/>\n\t<meta property=\"og:image:type\" content=\"image\/jpeg\" \/>\n<meta name=\"author\" content=\"Kurt.Vandemaele\" \/>\n<meta name=\"twitter:card\" content=\"summary_large_image\" \/>\n<meta name=\"twitter:label1\" content=\"Geschreven door\" \/>\n\t<meta name=\"twitter:data1\" content=\"Kurt.Vandemaele\" \/>\n\t<meta name=\"twitter:label2\" content=\"Geschatte leestijd\" \/>\n\t<meta name=\"twitter:data2\" content=\"4 minuten\" \/>\n<script type=\"application\/ld+json\" class=\"yoast-schema-graph\">{\"@context\":\"https:\/\/schema.org\",\"@graph\":[{\"@type\":\"Article\",\"@id\":\"https:\/\/welovecinema.be\/nl\/bulent-ozturk-en-zijn-overpeinzingen-bij-de-overgang-2016-2017\/#article\",\"isPartOf\":{\"@id\":\"https:\/\/welovecinema.be\/nl\/bulent-ozturk-en-zijn-overpeinzingen-bij-de-overgang-2016-2017\/\"},\"author\":{\"name\":\"Kurt.Vandemaele\",\"@id\":\"https:\/\/welovecinema.be\/nl\/#\/schema\/person\/f475ac81c30903d8505475024494c658\"},\"headline\":\"B\u00fclent \u00d6zt\u00fcrk en zijn overpeinzingen bij de overgang (2016 &#8211; 2017)\",\"datePublished\":\"2016-12-20T18:25:13+00:00\",\"dateModified\":\"2016-12-20T18:25:15+00:00\",\"mainEntityOfPage\":{\"@id\":\"https:\/\/welovecinema.be\/nl\/bulent-ozturk-en-zijn-overpeinzingen-bij-de-overgang-2016-2017\/\"},\"wordCount\":795,\"publisher\":{\"@id\":\"https:\/\/welovecinema.be\/nl\/#organization\"},\"articleSection\":[\"Nieuws\",\"Varia\"],\"inLanguage\":\"nl-NL\"},{\"@type\":\"WebPage\",\"@id\":\"https:\/\/welovecinema.be\/nl\/bulent-ozturk-en-zijn-overpeinzingen-bij-de-overgang-2016-2017\/\",\"url\":\"https:\/\/welovecinema.be\/nl\/bulent-ozturk-en-zijn-overpeinzingen-bij-de-overgang-2016-2017\/\",\"name\":\"B\u00fclent \u00d6zt\u00fcrk en zijn overpeinzingen bij de overgang (2016 - 2017) - We Love Cinema\",\"isPartOf\":{\"@id\":\"https:\/\/welovecinema.be\/nl\/#website\"},\"datePublished\":\"2016-12-20T18:25:13+00:00\",\"dateModified\":\"2016-12-20T18:25:15+00:00\",\"breadcrumb\":{\"@id\":\"https:\/\/welovecinema.be\/nl\/bulent-ozturk-en-zijn-overpeinzingen-bij-de-overgang-2016-2017\/#breadcrumb\"},\"inLanguage\":\"nl-NL\",\"potentialAction\":[{\"@type\":\"ReadAction\",\"target\":[\"https:\/\/welovecinema.be\/nl\/bulent-ozturk-en-zijn-overpeinzingen-bij-de-overgang-2016-2017\/\"]}]},{\"@type\":\"BreadcrumbList\",\"@id\":\"https:\/\/welovecinema.be\/nl\/bulent-ozturk-en-zijn-overpeinzingen-bij-de-overgang-2016-2017\/#breadcrumb\",\"itemListElement\":[{\"@type\":\"ListItem\",\"position\":1,\"name\":\"Accueil\",\"item\":\"https:\/\/welovecinema.be\/nl\/\"},{\"@type\":\"ListItem\",\"position\":2,\"name\":\"B\u00fclent \u00d6zt\u00fcrk en zijn overpeinzingen bij de overgang (2016 &#8211; 2017)\"}]},{\"@type\":\"WebSite\",\"@id\":\"https:\/\/welovecinema.be\/nl\/#website\",\"url\":\"https:\/\/welovecinema.be\/nl\/\",\"name\":\"We Love Cinema\",\"description\":\"Toute l\u2019information du cin\u00e9ma en Belgique\",\"publisher\":{\"@id\":\"https:\/\/welovecinema.be\/nl\/#organization\"},\"potentialAction\":[{\"@type\":\"SearchAction\",\"target\":{\"@type\":\"EntryPoint\",\"urlTemplate\":\"https:\/\/welovecinema.be\/nl\/?s={search_term_string}\"},\"query-input\":\"required name=search_term_string\"}],\"inLanguage\":\"nl-NL\"},{\"@type\":\"Organization\",\"@id\":\"https:\/\/welovecinema.be\/nl\/#organization\",\"name\":\"We Love Cinema\",\"url\":\"https:\/\/welovecinema.be\/nl\/\",\"logo\":{\"@type\":\"ImageObject\",\"inLanguage\":\"nl-NL\",\"@id\":\"https:\/\/welovecinema.be\/nl\/#\/schema\/logo\/image\/\",\"url\":\"https:\/\/welovecinema.be\/wp-content\/uploads\/sites\/2\/2023\/03\/Logo-We-Love-Cinema305x128.jpg\",\"contentUrl\":\"https:\/\/welovecinema.be\/wp-content\/uploads\/sites\/2\/2023\/03\/Logo-We-Love-Cinema305x128.jpg\",\"width\":305,\"height\":128,\"caption\":\"We Love Cinema\"},\"image\":{\"@id\":\"https:\/\/welovecinema.be\/nl\/#\/schema\/logo\/image\/\"},\"sameAs\":[\"https:\/\/www.facebook.com\/welovecinema.be\",\"https:\/\/www.youtube.com\/channel\/UCX5LYGVhnKvYauW4Nta4HJA\",\"https:\/\/www.instagram.com\/welovecinema.be\/\"]},{\"@type\":\"Person\",\"@id\":\"https:\/\/welovecinema.be\/nl\/#\/schema\/person\/f475ac81c30903d8505475024494c658\",\"name\":\"Kurt.Vandemaele\",\"url\":\"https:\/\/welovecinema.be\/nl\/author\/kurt-vandemaele\/\"}]}<\/script>\n<!-- \/ Yoast SEO plugin. -->","yoast_head_json":{"title":"B\u00fclent \u00d6zt\u00fcrk en zijn overpeinzingen bij de overgang (2016 - 2017) - We Love Cinema","robots":{"index":"index","follow":"follow","max-snippet":"max-snippet:-1","max-image-preview":"max-image-preview:large","max-video-preview":"max-video-preview:-1"},"canonical":"https:\/\/welovecinema.be\/nl\/bulent-ozturk-en-zijn-overpeinzingen-bij-de-overgang-2016-2017\/","og_locale":"nl_NL","og_type":"article","og_title":"B\u00fclent \u00d6zt\u00fcrk en zijn overpeinzingen bij de overgang (2016 - 2017) - We Love Cinema","og_description":"&nbsp; Koerdische Turk B\u00fclent \u00d6zt\u00fcrk had weinig tijd nodig om onze taal te leren en ook de filmtaal was hij in geen tijd machtig. En zo geraakte hij niet alleen snel ingeburgerd, al vlug bleek dat hij een stem had, en een oog. \u00a0Veel ogen. Als filmmaker vond hij zijn weg en vertelde hij verhalen &hellip;","og_url":"https:\/\/welovecinema.be\/nl\/bulent-ozturk-en-zijn-overpeinzingen-bij-de-overgang-2016-2017\/","og_site_name":"We Love Cinema","article_publisher":"https:\/\/www.facebook.com\/welovecinema.be","article_published_time":"2016-12-20T18:25:13+00:00","article_modified_time":"2016-12-20T18:25:15+00:00","og_image":[{"width":1280,"height":854,"url":"https:\/\/welovecinema.be\/wp-content\/uploads\/sites\/2\/2016\/12\/\u00a9FilipVanRoe-Bulent-Ozturk-director1.jpeg","type":"image\/jpeg"}],"author":"Kurt.Vandemaele","twitter_card":"summary_large_image","twitter_misc":{"Geschreven door":"Kurt.Vandemaele","Geschatte leestijd":"4 minuten"},"schema":{"@context":"https:\/\/schema.org","@graph":[{"@type":"Article","@id":"https:\/\/welovecinema.be\/nl\/bulent-ozturk-en-zijn-overpeinzingen-bij-de-overgang-2016-2017\/#article","isPartOf":{"@id":"https:\/\/welovecinema.be\/nl\/bulent-ozturk-en-zijn-overpeinzingen-bij-de-overgang-2016-2017\/"},"author":{"name":"Kurt.Vandemaele","@id":"https:\/\/welovecinema.be\/nl\/#\/schema\/person\/f475ac81c30903d8505475024494c658"},"headline":"B\u00fclent \u00d6zt\u00fcrk en zijn overpeinzingen bij de overgang (2016 &#8211; 2017)","datePublished":"2016-12-20T18:25:13+00:00","dateModified":"2016-12-20T18:25:15+00:00","mainEntityOfPage":{"@id":"https:\/\/welovecinema.be\/nl\/bulent-ozturk-en-zijn-overpeinzingen-bij-de-overgang-2016-2017\/"},"wordCount":795,"publisher":{"@id":"https:\/\/welovecinema.be\/nl\/#organization"},"articleSection":["Nieuws","Varia"],"inLanguage":"nl-NL"},{"@type":"WebPage","@id":"https:\/\/welovecinema.be\/nl\/bulent-ozturk-en-zijn-overpeinzingen-bij-de-overgang-2016-2017\/","url":"https:\/\/welovecinema.be\/nl\/bulent-ozturk-en-zijn-overpeinzingen-bij-de-overgang-2016-2017\/","name":"B\u00fclent \u00d6zt\u00fcrk en zijn overpeinzingen bij de overgang (2016 - 2017) - We Love Cinema","isPartOf":{"@id":"https:\/\/welovecinema.be\/nl\/#website"},"datePublished":"2016-12-20T18:25:13+00:00","dateModified":"2016-12-20T18:25:15+00:00","breadcrumb":{"@id":"https:\/\/welovecinema.be\/nl\/bulent-ozturk-en-zijn-overpeinzingen-bij-de-overgang-2016-2017\/#breadcrumb"},"inLanguage":"nl-NL","potentialAction":[{"@type":"ReadAction","target":["https:\/\/welovecinema.be\/nl\/bulent-ozturk-en-zijn-overpeinzingen-bij-de-overgang-2016-2017\/"]}]},{"@type":"BreadcrumbList","@id":"https:\/\/welovecinema.be\/nl\/bulent-ozturk-en-zijn-overpeinzingen-bij-de-overgang-2016-2017\/#breadcrumb","itemListElement":[{"@type":"ListItem","position":1,"name":"Accueil","item":"https:\/\/welovecinema.be\/nl\/"},{"@type":"ListItem","position":2,"name":"B\u00fclent \u00d6zt\u00fcrk en zijn overpeinzingen bij de overgang (2016 &#8211; 2017)"}]},{"@type":"WebSite","@id":"https:\/\/welovecinema.be\/nl\/#website","url":"https:\/\/welovecinema.be\/nl\/","name":"We Love Cinema","description":"Toute l\u2019information du cin\u00e9ma en Belgique","publisher":{"@id":"https:\/\/welovecinema.be\/nl\/#organization"},"potentialAction":[{"@type":"SearchAction","target":{"@type":"EntryPoint","urlTemplate":"https:\/\/welovecinema.be\/nl\/?s={search_term_string}"},"query-input":"required name=search_term_string"}],"inLanguage":"nl-NL"},{"@type":"Organization","@id":"https:\/\/welovecinema.be\/nl\/#organization","name":"We Love Cinema","url":"https:\/\/welovecinema.be\/nl\/","logo":{"@type":"ImageObject","inLanguage":"nl-NL","@id":"https:\/\/welovecinema.be\/nl\/#\/schema\/logo\/image\/","url":"https:\/\/welovecinema.be\/wp-content\/uploads\/sites\/2\/2023\/03\/Logo-We-Love-Cinema305x128.jpg","contentUrl":"https:\/\/welovecinema.be\/wp-content\/uploads\/sites\/2\/2023\/03\/Logo-We-Love-Cinema305x128.jpg","width":305,"height":128,"caption":"We Love Cinema"},"image":{"@id":"https:\/\/welovecinema.be\/nl\/#\/schema\/logo\/image\/"},"sameAs":["https:\/\/www.facebook.com\/welovecinema.be","https:\/\/www.youtube.com\/channel\/UCX5LYGVhnKvYauW4Nta4HJA","https:\/\/www.instagram.com\/welovecinema.be\/"]},{"@type":"Person","@id":"https:\/\/welovecinema.be\/nl\/#\/schema\/person\/f475ac81c30903d8505475024494c658","name":"Kurt.Vandemaele","url":"https:\/\/welovecinema.be\/nl\/author\/kurt-vandemaele\/"}]}},"_links":{"self":[{"href":"https:\/\/welovecinema.be\/nl\/wp-json\/wp\/v2\/posts\/193920","targetHints":{"allow":["GET"]}}],"collection":[{"href":"https:\/\/welovecinema.be\/nl\/wp-json\/wp\/v2\/posts"}],"about":[{"href":"https:\/\/welovecinema.be\/nl\/wp-json\/wp\/v2\/types\/post"}],"author":[{"embeddable":true,"href":"https:\/\/welovecinema.be\/nl\/wp-json\/wp\/v2\/users\/8"}],"replies":[{"embeddable":true,"href":"https:\/\/welovecinema.be\/nl\/wp-json\/wp\/v2\/comments?post=193920"}],"version-history":[{"count":0,"href":"https:\/\/welovecinema.be\/nl\/wp-json\/wp\/v2\/posts\/193920\/revisions"}],"wp:featuredmedia":[{"embeddable":true,"href":"https:\/\/welovecinema.be\/nl\/wp-json\/wp\/v2\/media\/194038"}],"wp:attachment":[{"href":"https:\/\/welovecinema.be\/nl\/wp-json\/wp\/v2\/media?parent=193920"}],"wp:term":[{"taxonomy":"category","embeddable":true,"href":"https:\/\/welovecinema.be\/nl\/wp-json\/wp\/v2\/categories?post=193920"},{"taxonomy":"post_tag","embeddable":true,"href":"https:\/\/welovecinema.be\/nl\/wp-json\/wp\/v2\/tags?post=193920"}],"curies":[{"name":"wp","href":"https:\/\/api.w.org\/{rel}","templated":true}]}}