{"id":193748,"date":"2016-12-16T17:27:11","date_gmt":"2016-12-16T16:27:11","guid":{"rendered":"http:\/\/www.cinevox.be\/?p=93748"},"modified":"2016-12-20T14:45:29","modified_gmt":"2016-12-20T13:45:29","slug":"93748","status":"publish","type":"post","link":"https:\/\/welovecinema.be\/nl\/93748\/","title":{"rendered":"Soufiane Chilah en zijn overpeinzingen bij de overgang (2016 &#8211; 2017)"},"content":{"rendered":"<p><strong>Soufiane Chilah<\/strong>, voormalig Ritsstudent, toerde al rond met<strong> Nic Balthazar<\/strong> en diens theaterstuk<em> &#8216;Neeland&#8217;<\/em>, voor hij echt naam begon te maken met zijn rol in<em> &#8216;Black&#8217;<\/em>, waar hij de leider van een Marokkaanse straatbende in Brussel speelde. \u00a0Even vlot in het Frans als het Nederlands, kan hij alle kanten uit. \u00a0En mocht u hem nog niet kennen, weet dan dat daar spoedig verandering in komt. \u00a0Want in<em> &#8216;Dode Hoek&#8217;<\/em>, de explosieve, controversi\u00eble politieke thriller van <strong>Nabil Ben Yadir<\/strong>, houdt hij moeiteloos stand tegen de op hoog niveau acterende <strong>Jan Decleir<\/strong> en <strong>Peter Van den Begin<\/strong>. En zijn voorjaar heeft nog meer te bieden. Hij is te zien in <em>&#8216;Home&#8217;<\/em> van <strong>Fien Troch<\/strong>, en staat op de planken in de KVS in de uitgebreide Odysseemarathon aldaar. \u00a0Kortom, \u00e9\u00e9n van de drukste acteurs van het moment. We zijn dan ook heel blij dat hij even tijd kon en wou maken voor ons.<\/p>\n<p><!--more--><\/p>\n<p><strong>1) Was 2016 een goed filmjaar voor u en voor de Belgische film en waarom of waarom niet? (hoogtepunten, laagtepunten\u2026)<\/strong><\/p>\n<p>Absoluut, 2016 was voor mij een jaar waar ik mezelf alweer tegenkwam dankzij o.a. &#8216;Dode Hoek&#8217;. Ik was ervan bewust dat ik iets moois kon neerzetten aangezien het inhoudelijk een straf verhaal was, maar ook omdat ik een fysieke en complexe hoofdrol kreeg weg van de clich\u00e9&#8217;s. Daarnaast is Nabil een prefectionist die zeer geconcentreerd en gepassioneerd te werk ging. Kortom alle ingredi\u00ebnten waren er. Voor mij is dit een sterk kader waarin ik me veilig voelde als acteur en waar ik los kon laten door plezier te beleven en risico&#8217;s te nemen. Volgens mij is dat voor elk creatief proces onontbeerlijk. Meer heb je niet nodig. Ik heb de film ondertussen gezien en ik ben er super trots op.<\/p>\n<p><a href=\"http:\/\/www.cinevox.be\/nl\/93748\/2014-11-09_09h18_08-9\/\" rel=\"attachment wp-att-93750\"><img loading=\"lazy\" decoding=\"async\" class=\"alignright size-large wp-image-93750\" src=\"http:\/\/www.cinevox.be\/wp-content\/uploads\/sites\/2\/2016\/12\/2014-11-09_09h18_08-800x444.jpg\" alt=\"\" width=\"640\" height=\"355\" \/><\/a><\/p>\n<p>&nbsp;<\/p>\n<p>&nbsp;<\/p>\n<p>Naast dat is 2016 een fantastisch jaar voor de Vlaamse en Belgische film omdat er verschillende en unieke films werden gemaakt. En dat maakt die Vlaamse authenticiteit zo trendy en populair in het buitenland. &#8216;Home&#8217; van Fien Troch is ook zo&#8217;n unieke film, met een nieuwe, getalenteerde cast en een straf verhaal, waar ik ook super trots op ben. Ik speelde er een minirol,maar niettemin was ik ontzettend blij dat ik deel mocht uitmaken van \u00a0deze straffe prent. Er zijn ook andere Vlaamse films die ik echt goed vond, zoals <em>&#8216;King of the Belgians&#8217;<\/em> van <strong>Jessica Woodworth<\/strong> en <strong>Peter Brosens<\/strong>. En ik ben zeer benieuwd naar <em>&#8216;Le Fid\u00e8le&#8217;<\/em> van <strong>Michael Roskam<\/strong> met<strong> Schoenaerts<\/strong> en <strong>Exarchopoulos<\/strong> in de hoofdrollen. Onze kortfilms doen het ook goed, zoals<a title=\"Setverslag \u2018Lost in the Middle\u2019 van Senne Dehandschutter\" href=\"http:\/\/www.cinevox.be\/nl\/setverslag-lost-the-middle-senne-dehandschutter\"><em> &#8216;Lost in the middle&#8217;<\/em> <\/a>van <strong><a title=\"Senne Dehandschutter en zijn overpeinzingen bij de overgang (2016-2017)\" href=\"http:\/\/www.cinevox.be\/nl\/93675\/\">Senne Dehandschutter<\/a><\/strong> die ik binnenkort ga zien, maar ook <em>&#8216;Boi&#8217;<\/em> van <strong><a title=\"IKL : Anthony Nti over \u2018Boi\u2019\" href=\"http:\/\/www.cinevox.be\/nl\/ikl-anthony-nti-over-boi\/\">Anthony Nti<\/a><\/strong>, allemaal toppers. Dus ja, het gaat zeer goed met de Vlaamse film.<\/p>\n<p>&nbsp;<\/p>\n<p><a href=\"http:\/\/www.cinevox.be\/nl\/93748\/_h7a4430-2\/\" rel=\"attachment wp-att-93753\"><img loading=\"lazy\" decoding=\"async\" class=\"aligncenter size-large wp-image-93753\" src=\"http:\/\/www.cinevox.be\/wp-content\/uploads\/sites\/2\/2016\/12\/H7A4430-800x533.jpg\" alt=\"\" width=\"640\" height=\"426\" \/><\/a><br \/>\n<strong>2) Wat zijn uw filmplannen voor 2017?<\/strong><\/p>\n<p>Ik kan je alvast zeggen dat er \u00e9\u00e9n concreet filmproject is, maar meer wil ik je niet vertellen omdat het deels ook nog niet z\u00f3 concreet is. Misschien ben ik ook wel bijgelovig dus bij deze een citaat van <strong>Frank Ocean<\/strong>: <em>&#8220;Work hard in silence, let your succes make the noise&#8221;<\/em>.<\/p>\n<p><a href=\"http:\/\/www.cinevox.be\/nl\/93748\/image1-4\/\" rel=\"attachment wp-att-93755\"><img loading=\"lazy\" decoding=\"async\" class=\"aligncenter size-large wp-image-93755\" src=\"http:\/\/www.cinevox.be\/wp-content\/uploads\/sites\/2\/2016\/12\/image1-800x501.jpg\" alt=\"\" width=\"640\" height=\"400\" \/><\/a><br \/>\n<strong>3) Wie waren voor u de figuren van het jaar op filmvlak (Vlaanderen, Belgi\u00eb\u2026)? (dat kunnen acteurs, producers, regisseurs, scenaristen, D.O.P\u2019s, gaffers of om het even wie zijn uit de filmwereld)<\/strong><\/p>\n<p><strong>Peter van den Begin<\/strong> is ongetwijfeld De Acteur van het Jaar in Vlaanderen met zijn sterke prestaties in <em>&#8216;Everybody Happy&#8217;<\/em> van Nic Balthazar, maar ook in &#8216;King of the Belgians&#8217;, en in<em> &#8216;Dode Hoek&#8217;.<\/em> In het buitenland deed <strong>Jan Bijvoet<\/strong> met <em>&#8216;El Abrazo de la serpiente&#8217;<\/em> en <em>&#8216;Peaky Blinders&#8217;<\/em> (Britse serie) het goed, en natuurlijk blijft Matthias Schoenaerts \u00e9\u00e9n van de figuren, want hij blijft het doen.<\/p>\n<p><strong>Robbrecht Heyvaert<\/strong> is volgens mij de D.O.P. van 2016 en 2015. Nabil Ben Yadir, Fien Troch, Michael Roskam zijn de regisseurs van het jaar maar ook Anthony Nti en Senne Dehandschutter zijn regisseurs waar we nog veel van zullen horen.<\/p>\n<p>&nbsp;<\/p>\n<p><a href=\"http:\/\/www.cinevox.be\/nl\/93748\/image3-4\/\" rel=\"attachment wp-att-93756\"><img loading=\"lazy\" decoding=\"async\" class=\"aligncenter size-full wp-image-93756\" src=\"http:\/\/www.cinevox.be\/wp-content\/uploads\/sites\/2\/2016\/12\/image3.jpg\" alt=\"\" width=\"800\" height=\"533\" \/><\/a><\/p>\n<p><strong>4) Wie worden voor u de figuren van volgend jaar? Wie moeten we in de gaten houden?<\/strong><\/p>\n<p>Ik ben benieuwd naar hoe wij allen, tesamen, in onze huidige samenleving door deze polarisatiefase gaan waarin veel angst en onzekerheden bestaan. Velen hebben over alles een mening maar weinigen ondernemen actie. Het zijn diegenen die op een positieve manier actie ondernemen, ongeacht hoe groot die actie is, die volgens mij de figuren van 2017 zijn.<\/p>\n<p><a href=\"http:\/\/www.cinevox.be\/nl\/93748\/image4-2\/\" rel=\"attachment wp-att-93757\"><img loading=\"lazy\" decoding=\"async\" class=\"aligncenter size-full wp-image-93757\" src=\"http:\/\/www.cinevox.be\/wp-content\/uploads\/sites\/2\/2016\/12\/image4-2.jpg\" alt=\"\" width=\"800\" height=\"533\" \/><\/a><\/p>\n<p><strong>5) Welke vraag zou u zelf gesteld willen krijgen aan het eind van 2016 en\/of het begin van 2017 en wat zou u er op antwoorden?<\/strong><\/p>\n<p>Dat weet ik niet, de vraag die ik rond nieuwjaar het meest gesteld krijg, is: wat zijn jouw voornemens voor 2017? In 2017 wil ik bewuster door het leven stappen, meer sporten en meer omgaan met de mensen die ik koester. En los van mezelf hoop ik dat de mensen overal ter wereld meer aandacht geven aan wat ons samenbrengt en niet aan wat ons van elkaar scheidt. Misschien utopisch, maar dat meen ik.<\/p>\n<p><a href=\"http:\/\/www.cinevox.be\/nl\/93748\/15195837_10209590822979862_3759788896959350523_o\/\" rel=\"attachment wp-att-93758\"><img loading=\"lazy\" decoding=\"async\" class=\"aligncenter size-large wp-image-93758\" src=\"http:\/\/www.cinevox.be\/wp-content\/uploads\/sites\/2\/2016\/12\/15195837_10209590822979862_3759788896959350523_o-800x219.jpg\" alt=\"\" width=\"640\" height=\"175\" \/><\/a><br \/>\n<strong>6) Is er een vraag die je aan iemand uit de Vlaamse filmwereld gesteld zou willen zien? Zo ja, welke?<\/strong><\/p>\n<p>De filmprojecten die ikzelf wens te doen zijn de uitdagende projecten waarin ik mezelf kan blijven verrassen en waaruit ik kan bijleren. En niet zozeer de projecten waar ze een Marokkaan of Moslim voor nodig hebben, want daar krijg ik schijt van en dan zeg ik vriendelijk dat ze in Molenbeek of Borgerhout kunnen gaan casten want daar lopen ontzettend veel karakterkoppen rond. En zolang de filmkeuzes die ik als acteur maak dezelfde keuzes zijn als deze die ik als bioscoopganger maak, heb ik niet te klagen. Maar ik stel ook vast dat we geleidelijk aan het evolueren zijn in de Vlaamse film : net zoals Nabil de rol van inspecteur Dries Ben A\u00efssa schreef in &#8216;Dode Hoek&#8217; en <strong>Adil<\/strong> en<strong> Bilall<\/strong> voor hun nieuwste film <em>&#8216;Patser&#8217;<\/em> de rol schreven van een Marokkaan waar ze <strong>Matteo Simoni<\/strong> voor gaan casten. Interessante keuzes denk ik en zij zijn de hoekstenen van deze Vlaamse filmrevolutie. Dus de vraag die ik aan alle andere Belgische regisseurs stel: Wanneer doen jullie mee aan deze Vlaamse filmrevolutie?<\/p>\n<p>Zie ook : <a title=\"Trailer \u2018Dode Hoek\u2019\" href=\"http:\/\/www.cinevox.be\/nl\/trailer-dode-hoek\">trailer &#8216;Dode Hoek&#8217;<\/a><\/p>\n<p><a title=\"Overpeinzingen bij de overgang (2016-2017)\" href=\"http:\/\/www.cinevox.be\/nl\/overpeinzingen-bij-de-overgang-2016-2017\/\">Anderen die onze nieuwjaarsvraagjes beantwoordden<\/a><\/p>\n<p><a href=\"http:\/\/www.cinevox.be\/nl\/93748\/1690619_10202217801018921_973691699_n\/\" rel=\"attachment wp-att-93759\"><img loading=\"lazy\" decoding=\"async\" class=\"aligncenter size-large wp-image-93759\" src=\"http:\/\/www.cinevox.be\/wp-content\/uploads\/sites\/2\/2016\/12\/1690619_10202217801018921_973691699_n-800x600.jpg\" alt=\"\" width=\"640\" height=\"480\" \/><\/a><\/p>\n","protected":false},"excerpt":{"rendered":"<p>Soufiane Chilah, voormalig Ritsstudent, toerde al rond met Nic Balthazar en diens theaterstuk &#8216;Neeland&#8217;, voor hij echt naam begon te maken met zijn rol in &#8216;Black&#8217;, waar hij de leider van een Marokkaanse straatbende in Brussel speelde. \u00a0Even vlot in het Frans als het Nederlands, kan hij alle kanten uit. \u00a0En mocht u hem nog &hellip;<\/p>\n","protected":false},"author":8,"featured_media":193761,"comment_status":"closed","ping_status":"closed","sticky":false,"template":"","format":"standard","meta":{"ngg_post_thumbnail":0,"footnotes":""},"categories":[30,3],"tags":[],"class_list":["post-193748","post","type-post","status-publish","format-standard","has-post-thumbnail","","category-nieuws","category-varia-nl"],"yoast_head":"<!-- This site is optimized with the Yoast SEO plugin v20.4 - https:\/\/yoast.com\/wordpress\/plugins\/seo\/ -->\n<title>Soufiane Chilah en zijn overpeinzingen bij de overgang (2016 - 2017) - We Love Cinema<\/title>\n<meta name=\"robots\" content=\"index, follow, max-snippet:-1, max-image-preview:large, max-video-preview:-1\" \/>\n<link rel=\"canonical\" href=\"https:\/\/welovecinema.be\/nl\/93748\/\" \/>\n<meta property=\"og:locale\" content=\"nl_NL\" \/>\n<meta property=\"og:type\" content=\"article\" \/>\n<meta property=\"og:title\" content=\"Soufiane Chilah en zijn overpeinzingen bij de overgang (2016 - 2017) - We Love Cinema\" \/>\n<meta property=\"og:description\" content=\"Soufiane Chilah, voormalig Ritsstudent, toerde al rond met Nic Balthazar en diens theaterstuk &#8216;Neeland&#8217;, voor hij echt naam begon te maken met zijn rol in &#8216;Black&#8217;, waar hij de leider van een Marokkaanse straatbende in Brussel speelde. \u00a0Even vlot in het Frans als het Nederlands, kan hij alle kanten uit. \u00a0En mocht u hem nog &hellip;\" \/>\n<meta property=\"og:url\" content=\"https:\/\/welovecinema.be\/nl\/93748\/\" \/>\n<meta property=\"og:site_name\" content=\"We Love Cinema\" \/>\n<meta property=\"article:publisher\" content=\"https:\/\/www.facebook.com\/welovecinema.be\" \/>\n<meta property=\"article:published_time\" content=\"2016-12-16T16:27:11+00:00\" \/>\n<meta property=\"article:modified_time\" content=\"2016-12-20T13:45:29+00:00\" \/>\n<meta property=\"og:image\" content=\"https:\/\/welovecinema.be\/wp-content\/uploads\/sites\/2\/2016\/12\/142.jpg\" \/>\n\t<meta property=\"og:image:width\" content=\"1920\" \/>\n\t<meta property=\"og:image:height\" content=\"1080\" \/>\n\t<meta property=\"og:image:type\" content=\"image\/jpeg\" \/>\n<meta name=\"author\" content=\"Kurt.Vandemaele\" \/>\n<meta name=\"twitter:card\" content=\"summary_large_image\" \/>\n<meta name=\"twitter:label1\" content=\"Geschreven door\" \/>\n\t<meta name=\"twitter:data1\" content=\"Kurt.Vandemaele\" \/>\n\t<meta name=\"twitter:label2\" content=\"Geschatte leestijd\" \/>\n\t<meta name=\"twitter:data2\" content=\"5 minuten\" \/>\n<script type=\"application\/ld+json\" class=\"yoast-schema-graph\">{\"@context\":\"https:\/\/schema.org\",\"@graph\":[{\"@type\":\"Article\",\"@id\":\"https:\/\/welovecinema.be\/nl\/93748\/#article\",\"isPartOf\":{\"@id\":\"https:\/\/welovecinema.be\/nl\/93748\/\"},\"author\":{\"name\":\"Kurt.Vandemaele\",\"@id\":\"https:\/\/welovecinema.be\/nl\/#\/schema\/person\/f475ac81c30903d8505475024494c658\"},\"headline\":\"Soufiane Chilah en zijn overpeinzingen bij de overgang (2016 &#8211; 2017)\",\"datePublished\":\"2016-12-16T16:27:11+00:00\",\"dateModified\":\"2016-12-20T13:45:29+00:00\",\"mainEntityOfPage\":{\"@id\":\"https:\/\/welovecinema.be\/nl\/93748\/\"},\"wordCount\":1026,\"publisher\":{\"@id\":\"https:\/\/welovecinema.be\/nl\/#organization\"},\"articleSection\":[\"Nieuws\",\"Varia\"],\"inLanguage\":\"nl-NL\"},{\"@type\":\"WebPage\",\"@id\":\"https:\/\/welovecinema.be\/nl\/93748\/\",\"url\":\"https:\/\/welovecinema.be\/nl\/93748\/\",\"name\":\"Soufiane Chilah en zijn overpeinzingen bij de overgang (2016 - 2017) - We Love Cinema\",\"isPartOf\":{\"@id\":\"https:\/\/welovecinema.be\/nl\/#website\"},\"datePublished\":\"2016-12-16T16:27:11+00:00\",\"dateModified\":\"2016-12-20T13:45:29+00:00\",\"breadcrumb\":{\"@id\":\"https:\/\/welovecinema.be\/nl\/93748\/#breadcrumb\"},\"inLanguage\":\"nl-NL\",\"potentialAction\":[{\"@type\":\"ReadAction\",\"target\":[\"https:\/\/welovecinema.be\/nl\/93748\/\"]}]},{\"@type\":\"BreadcrumbList\",\"@id\":\"https:\/\/welovecinema.be\/nl\/93748\/#breadcrumb\",\"itemListElement\":[{\"@type\":\"ListItem\",\"position\":1,\"name\":\"Accueil\",\"item\":\"https:\/\/welovecinema.be\/nl\/\"},{\"@type\":\"ListItem\",\"position\":2,\"name\":\"Soufiane Chilah en zijn overpeinzingen bij de overgang (2016 &#8211; 2017)\"}]},{\"@type\":\"WebSite\",\"@id\":\"https:\/\/welovecinema.be\/nl\/#website\",\"url\":\"https:\/\/welovecinema.be\/nl\/\",\"name\":\"We Love Cinema\",\"description\":\"Toute l\u2019information du cin\u00e9ma en Belgique\",\"publisher\":{\"@id\":\"https:\/\/welovecinema.be\/nl\/#organization\"},\"potentialAction\":[{\"@type\":\"SearchAction\",\"target\":{\"@type\":\"EntryPoint\",\"urlTemplate\":\"https:\/\/welovecinema.be\/nl\/?s={search_term_string}\"},\"query-input\":\"required name=search_term_string\"}],\"inLanguage\":\"nl-NL\"},{\"@type\":\"Organization\",\"@id\":\"https:\/\/welovecinema.be\/nl\/#organization\",\"name\":\"We Love Cinema\",\"url\":\"https:\/\/welovecinema.be\/nl\/\",\"logo\":{\"@type\":\"ImageObject\",\"inLanguage\":\"nl-NL\",\"@id\":\"https:\/\/welovecinema.be\/nl\/#\/schema\/logo\/image\/\",\"url\":\"https:\/\/welovecinema.be\/wp-content\/uploads\/sites\/2\/2023\/03\/Logo-We-Love-Cinema305x128.jpg\",\"contentUrl\":\"https:\/\/welovecinema.be\/wp-content\/uploads\/sites\/2\/2023\/03\/Logo-We-Love-Cinema305x128.jpg\",\"width\":305,\"height\":128,\"caption\":\"We Love Cinema\"},\"image\":{\"@id\":\"https:\/\/welovecinema.be\/nl\/#\/schema\/logo\/image\/\"},\"sameAs\":[\"https:\/\/www.facebook.com\/welovecinema.be\",\"https:\/\/www.youtube.com\/channel\/UCX5LYGVhnKvYauW4Nta4HJA\",\"https:\/\/www.instagram.com\/welovecinema.be\/\"]},{\"@type\":\"Person\",\"@id\":\"https:\/\/welovecinema.be\/nl\/#\/schema\/person\/f475ac81c30903d8505475024494c658\",\"name\":\"Kurt.Vandemaele\",\"url\":\"https:\/\/welovecinema.be\/nl\/author\/kurt-vandemaele\/\"}]}<\/script>\n<!-- \/ Yoast SEO plugin. -->","yoast_head_json":{"title":"Soufiane Chilah en zijn overpeinzingen bij de overgang (2016 - 2017) - We Love Cinema","robots":{"index":"index","follow":"follow","max-snippet":"max-snippet:-1","max-image-preview":"max-image-preview:large","max-video-preview":"max-video-preview:-1"},"canonical":"https:\/\/welovecinema.be\/nl\/93748\/","og_locale":"nl_NL","og_type":"article","og_title":"Soufiane Chilah en zijn overpeinzingen bij de overgang (2016 - 2017) - We Love Cinema","og_description":"Soufiane Chilah, voormalig Ritsstudent, toerde al rond met Nic Balthazar en diens theaterstuk &#8216;Neeland&#8217;, voor hij echt naam begon te maken met zijn rol in &#8216;Black&#8217;, waar hij de leider van een Marokkaanse straatbende in Brussel speelde. \u00a0Even vlot in het Frans als het Nederlands, kan hij alle kanten uit. \u00a0En mocht u hem nog &hellip;","og_url":"https:\/\/welovecinema.be\/nl\/93748\/","og_site_name":"We Love Cinema","article_publisher":"https:\/\/www.facebook.com\/welovecinema.be","article_published_time":"2016-12-16T16:27:11+00:00","article_modified_time":"2016-12-20T13:45:29+00:00","og_image":[{"width":1920,"height":1080,"url":"https:\/\/welovecinema.be\/wp-content\/uploads\/sites\/2\/2016\/12\/142.jpg","type":"image\/jpeg"}],"author":"Kurt.Vandemaele","twitter_card":"summary_large_image","twitter_misc":{"Geschreven door":"Kurt.Vandemaele","Geschatte leestijd":"5 minuten"},"schema":{"@context":"https:\/\/schema.org","@graph":[{"@type":"Article","@id":"https:\/\/welovecinema.be\/nl\/93748\/#article","isPartOf":{"@id":"https:\/\/welovecinema.be\/nl\/93748\/"},"author":{"name":"Kurt.Vandemaele","@id":"https:\/\/welovecinema.be\/nl\/#\/schema\/person\/f475ac81c30903d8505475024494c658"},"headline":"Soufiane Chilah en zijn overpeinzingen bij de overgang (2016 &#8211; 2017)","datePublished":"2016-12-16T16:27:11+00:00","dateModified":"2016-12-20T13:45:29+00:00","mainEntityOfPage":{"@id":"https:\/\/welovecinema.be\/nl\/93748\/"},"wordCount":1026,"publisher":{"@id":"https:\/\/welovecinema.be\/nl\/#organization"},"articleSection":["Nieuws","Varia"],"inLanguage":"nl-NL"},{"@type":"WebPage","@id":"https:\/\/welovecinema.be\/nl\/93748\/","url":"https:\/\/welovecinema.be\/nl\/93748\/","name":"Soufiane Chilah en zijn overpeinzingen bij de overgang (2016 - 2017) - We Love Cinema","isPartOf":{"@id":"https:\/\/welovecinema.be\/nl\/#website"},"datePublished":"2016-12-16T16:27:11+00:00","dateModified":"2016-12-20T13:45:29+00:00","breadcrumb":{"@id":"https:\/\/welovecinema.be\/nl\/93748\/#breadcrumb"},"inLanguage":"nl-NL","potentialAction":[{"@type":"ReadAction","target":["https:\/\/welovecinema.be\/nl\/93748\/"]}]},{"@type":"BreadcrumbList","@id":"https:\/\/welovecinema.be\/nl\/93748\/#breadcrumb","itemListElement":[{"@type":"ListItem","position":1,"name":"Accueil","item":"https:\/\/welovecinema.be\/nl\/"},{"@type":"ListItem","position":2,"name":"Soufiane Chilah en zijn overpeinzingen bij de overgang (2016 &#8211; 2017)"}]},{"@type":"WebSite","@id":"https:\/\/welovecinema.be\/nl\/#website","url":"https:\/\/welovecinema.be\/nl\/","name":"We Love Cinema","description":"Toute l\u2019information du cin\u00e9ma en Belgique","publisher":{"@id":"https:\/\/welovecinema.be\/nl\/#organization"},"potentialAction":[{"@type":"SearchAction","target":{"@type":"EntryPoint","urlTemplate":"https:\/\/welovecinema.be\/nl\/?s={search_term_string}"},"query-input":"required name=search_term_string"}],"inLanguage":"nl-NL"},{"@type":"Organization","@id":"https:\/\/welovecinema.be\/nl\/#organization","name":"We Love Cinema","url":"https:\/\/welovecinema.be\/nl\/","logo":{"@type":"ImageObject","inLanguage":"nl-NL","@id":"https:\/\/welovecinema.be\/nl\/#\/schema\/logo\/image\/","url":"https:\/\/welovecinema.be\/wp-content\/uploads\/sites\/2\/2023\/03\/Logo-We-Love-Cinema305x128.jpg","contentUrl":"https:\/\/welovecinema.be\/wp-content\/uploads\/sites\/2\/2023\/03\/Logo-We-Love-Cinema305x128.jpg","width":305,"height":128,"caption":"We Love Cinema"},"image":{"@id":"https:\/\/welovecinema.be\/nl\/#\/schema\/logo\/image\/"},"sameAs":["https:\/\/www.facebook.com\/welovecinema.be","https:\/\/www.youtube.com\/channel\/UCX5LYGVhnKvYauW4Nta4HJA","https:\/\/www.instagram.com\/welovecinema.be\/"]},{"@type":"Person","@id":"https:\/\/welovecinema.be\/nl\/#\/schema\/person\/f475ac81c30903d8505475024494c658","name":"Kurt.Vandemaele","url":"https:\/\/welovecinema.be\/nl\/author\/kurt-vandemaele\/"}]}},"_links":{"self":[{"href":"https:\/\/welovecinema.be\/nl\/wp-json\/wp\/v2\/posts\/193748","targetHints":{"allow":["GET"]}}],"collection":[{"href":"https:\/\/welovecinema.be\/nl\/wp-json\/wp\/v2\/posts"}],"about":[{"href":"https:\/\/welovecinema.be\/nl\/wp-json\/wp\/v2\/types\/post"}],"author":[{"embeddable":true,"href":"https:\/\/welovecinema.be\/nl\/wp-json\/wp\/v2\/users\/8"}],"replies":[{"embeddable":true,"href":"https:\/\/welovecinema.be\/nl\/wp-json\/wp\/v2\/comments?post=193748"}],"version-history":[{"count":0,"href":"https:\/\/welovecinema.be\/nl\/wp-json\/wp\/v2\/posts\/193748\/revisions"}],"wp:featuredmedia":[{"embeddable":true,"href":"https:\/\/welovecinema.be\/nl\/wp-json\/wp\/v2\/media\/193761"}],"wp:attachment":[{"href":"https:\/\/welovecinema.be\/nl\/wp-json\/wp\/v2\/media?parent=193748"}],"wp:term":[{"taxonomy":"category","embeddable":true,"href":"https:\/\/welovecinema.be\/nl\/wp-json\/wp\/v2\/categories?post=193748"},{"taxonomy":"post_tag","embeddable":true,"href":"https:\/\/welovecinema.be\/nl\/wp-json\/wp\/v2\/tags?post=193748"}],"curies":[{"name":"wp","href":"https:\/\/api.w.org\/{rel}","templated":true}]}}