{"id":15425,"date":"2012-02-06T15:23:46","date_gmt":"2012-02-06T15:23:46","guid":{"rendered":"http:\/\/www.cinevox.be\/?p=15425"},"modified":"2012-02-06T15:24:13","modified_gmt":"2012-02-06T15:24:13","slug":"gesprek-met-christophe-dirickx","status":"publish","type":"post","link":"https:\/\/welovecinema.be\/nl\/gesprek-met-christophe-dirickx\/","title":{"rendered":"Gesprek met Christophe Dirickx"},"content":{"rendered":"<h1><span style=\"color: #ffffff;\">Vlaams scenarist schrijft &#8216;Hazes&#8217;<\/span><\/h1>\n<p>Vorige week viel in Nederlandse en Vlaamse kranten te lezen dat er een film komt over het leven van <span style=\"color: #ffffff;\">Andr\u00e9 Hazes<\/span>, de Nederlandse volkszanger die het levenslied hip een vooral razend populair maakte. Toen hij op 53<sup>ste<\/sup> veel te vroeg overleed, woonden maar liefst 48.000. mensen zijn begrafenis bij in de Amsterdamse ArenA.\u00a0 Nederland heeft weinig volkshelden van die orde voortgebracht.\u00a0 Het is dan ook enigszins logisch dat zijn leven wordt verfilmd.\u00a0 Maar dat het verhaal van zijn leven wordt geschreven door een Belg is dan wel weer zeer verrassend.\u00a0 De man heet <span style=\"color: #ffffff;\">Christophe Dirickx <\/span>en in het Vlaamse filmmilieu is hij een vertrouwde naam, ook al woont hij al enkele decennia niet meer in de streek. Hoe vertrouwd hij wel is, weet u meteen wanneer we enkele filmtitels opsommen waarvoor hij het scenario heeft geschreven : <em><span style=\"color: #ffffff;\">\u2018Manneke Pis\u2019<\/span><\/em>, <em><span style=\"color: #ffffff;\">\u2018Villa Des Roses\u2019<\/span><\/em>, <em><span style=\"color: #ffffff;\">\u2018Linkeroever\u2019<\/span><\/em> en vooral<em><span style=\"color: #ffffff;\"> \u2018De Helaasheid der Dingen\u2019<\/span><\/em>. \u00a0We zijn hem al een tijd kwijt aan het buitenland, maar dat heeft meer met de liefde te maken, dan met zijn professionele successen. \u00a0Gelukkig kregen we hem toch aan de lijn.<\/p>\n<p>&nbsp;<\/p>\n<p><strong><span style=\"color: #ffffff;\">Christophe Dirickx <\/span><\/strong>: \u201cIk ben aangezocht door de regisseur, <span style=\"color: #ffffff;\">Joram L\u00fcrsen<\/span>, die in Nederland onder andere<em><span style=\"color: #ffffff;\"> \u2018Alles is Liefde\u2019 <\/span><\/em>heeft gemaakt, en het productiehuis Lemming Film, en die zijn bij mij terechtgekomen omwille van het scenario van \u2018De Helaasheid der Dingen\u2019, dat ze heel mooi vonden.\u00a0 En ook omdat ze van mijn pitch hielden.\u00a0 Ze hadden aan verschillende scenaristen gevraagd om een pitch te doen, en ze vonden mijn benadering van het verhaal het leukst.\u201d<\/p>\n<p>&nbsp;<\/p>\n<p><strong><span style=\"color: #ffffff;\">En wat is dan jouw benadering?\u00a0 Hoe zie je het verhaal van de Amsterdamse volkszanger?<\/span><\/strong><\/p>\n<p>&nbsp;<\/p>\n<p><strong><span style=\"color: #ffffff;\">Christophe Dirickx<\/span><\/strong> : \u201cIntussen zijn we al een drietal maanden verder, en mijn benadering is ge\u00ebvolueerd. Want het is niet zo eenvoudig om het leven van Andr\u00e9 Hazes in \u00e9\u00e9n film te brengen.\u00a0 De laatste piste die we bedacht hebben, waar iedereen nu enthousiast over is, is dat we zijn levensverhaal zullen vertellen als een soort van Grieks heldenepos.\u00a0 We volgen echt de mythologische structuur, van iemand die op het eerste zicht weinig kansen heeft om te slagen in het leven \u2013 hij heeft een afschuwelijke jeugd gehad \u2013 maar dan ontdekt wordt.\u00a0 Hij is in feite drie keer ontdekt geweest. En de laatste keer was het succes enorm.\u00a0 Daarnaast hebben we ook het verhaal van zijn leven met Rachel, de enige vrouw die hem echt beschermde en ook echt van hem hield.\u00a0 We zijn nu bezig met het scenario te schrijven\u2026\u201d<\/p>\n<p>&nbsp;<\/p>\n<p><strong><span style=\"color: #ffffff;\">We? Schrijf je samen met de regisseur?<\/span><\/strong><\/p>\n<p>&nbsp;<\/p>\n<p><strong><span style=\"color: #ffffff;\">Christophe Dierickx<\/span><\/strong> : \u201cNee, ik schrijf het scenario alleen, maar ik doe de ontwikkeling van het verhaal wel met Joram.\u00a0 We skypen heel veel, hij leest alle versies en geeft dan feedback.\u00a0 Bedoeling is dat ik alleen schrijf aan het script.\u201d<\/p>\n<p>&nbsp;<\/p>\n<p><strong><span style=\"color: #ffffff;\">Andr\u00e9 Hazes is een Amsterdamse straatjongen.\u00a0 Jij bent een Vlaams scenarist en je woont dan nog eens in Londen.\u00a0 Lijkt me niet makkelijk om hem de juiste taal te laten spreken?<\/span><\/strong><\/p>\n<p>&nbsp;<\/p>\n<p><strong><span style=\"color: #ffffff;\">Christophe Dierickx<\/span><\/strong> : \u201cDat klopt, we zijn van plan om in het laatste stadium samen met een Amsterdamse schrijver, een vriend van de regisseur, door de dialogen te gaan. Om er zeker van te zijn dat hij echt wel spreekt zoals Hazes dat deed. Die Amsterdamse volkstaal ken ik zelf natuurlijk niet. De bedoeling is dat ik de dialogen schrijf en dat die andere schrijver ze dan, samen met mij, in het Amsterdamse dialect omzet. Soms gebruik ik ook een Vlaamse uitdrukking die ze in Nederland niet kennen.\u00a0 Dus puur op het vlak van de taal krijg ik wel hulp van mensen van ter plekke.\u00a0 Maar nu werk ik dus vooral aan het verhaal.\u201d<\/p>\n<p>&nbsp;<\/p>\n<p><strong><span style=\"color: #ffffff;\">Heb jij iets met de figuur van Andr\u00e9 Hazes? Of is het puur toeval dat je in dit project verzeild bent geraakt?<\/span><\/strong><\/p>\n<p>&nbsp;<\/p>\n<p><strong><span style=\"color: #ffffff;\">Christophe Dirickx <\/span><\/strong>: \u201cNee, toen de producent uit Nederland me belde of ik mijn idee\u00ebn wou pitchen, was ik supercontent. Ik ben al fan van Andr\u00e9 sinds de jaren \u201980.\u00a0 Een enorm boeiende figuur, altijd gevonden, en ik hou ook erg van zijn muziek. Sindsdien heb ik ook het geluk gehad om Rachel verschillende keren te mogen ontmoeten, en ik ben in het huis geweest van Andr\u00e9 en heb op zijn stoel gezeten. En ik ook al lang kunnen spreken met Theo, zijn jongere broer, die mij vertelde over de verschrikkelijke jeugd die ze gehad hebben. Ja, het is een boeiend avontuur. Ik heb al veel interessante mensen ontmoet.\u201d<\/p>\n<p>&nbsp;<\/p>\n<p><span style=\"color: #ffffff;\">Jij bent een rasechte Vlaming maar je woont in Engeland.<\/span><\/p>\n<p>&nbsp;<\/p>\n<p><span style=\"color: #ffffff;\">Christophe Dirickx<\/span> : \u201cIk woon al 20 jaar in Londen, ja.\u00a0 Begin de jaren \u201990 ben ik hier komen studeren aan de <span style=\"color: #ffffff;\">National Film &amp; Television School in Beaconsfield <\/span>als scenarist.\u00a0 En daar heb ik mijn eerste script geschreven, \u2018Manneke Pis\u2019, verfilmd door <span style=\"color: #ffffff;\">Frank Van Passel<\/span>. Dat was mijn afstudeerproject.\u00a0 En daarna ben ik hier blijven hangen. \u00a0De liefde.\u201d<\/p>\n<p>&nbsp;<\/p>\n<p><strong><span style=\"color: #ffffff;\">Werk jij dan ook aan Engelse projecten?<\/span><\/strong><\/p>\n<p>&nbsp;<\/p>\n<p><strong><span style=\"color: #ffffff;\">Christophe Dirickx <\/span><\/strong>: \u201cIk heb een aantal <em>spec scripts (nvdr : speculative scripts, zelf ingediende scenario\u2019s, geschreven op eigen initiatief)<\/em> die hier de ronde doen, ik heb hier een agent.\u00a0 Maar ik heb tot nu toe nog niets verkocht in Engeland.\u201d<\/p>\n<p>&nbsp;<\/p>\n<p><strong><span style=\"color: #ffffff;\">En heeft een film als \u2018De Helaasheid der Dingen\u2019 jouw internationale faam dan geen duwtje gegeven?<\/span><\/strong><\/p>\n<p>&nbsp;<\/p>\n<p><strong><span style=\"color: #ffffff;\">Christophe Dirickx<\/span><\/strong> : \u201cVia de \u2018Helaasheid\u2019 heb ik heel veel werk in Nederland en ook in Walloni\u00eb en Duitsland.\u00a0 Dus ja, die film heeft veel teweeg gebracht voor mij.\u00a0 Maar in Engeland is \u2018De Helaasheid\u2019 nooit uitgekomen.\u00a0 Heel spijtig voor mij.\u00a0 En sowieso is de Engelstalige markt heel moeilijk om er door te breken.\u201d<\/p>\n<p>&nbsp;<\/p>\n<p><strong><span style=\"color: #ffffff;\">Waar ben je momenteel voor de rest mee bezig?<\/span><\/strong><\/p>\n<p>&nbsp;<\/p>\n<p><strong><span style=\"color: #ffffff;\">Christophe Dirickx <\/span><\/strong>: \u201cIn Nederland ben ik een boek aan het bewerken, \u2018Ik Houd van U\u2019 van <span style=\"color: #ffffff;\">Nicole Van Nierop<\/span>. En ik ben ook met een aantal projecten bezig die nog niet zijn aangekondigd, dus daar kan ik moeilijk over praten.\u00a0 Daarnaast werk ik aan enkele verhalen met een vriend van mij, een Engelse scenarist.\u00a0 Zo zijn we onder meer bezig aan een thriller voor een Nederlandse productiefirma ook.\u00a0 In Walloni\u00eb werk ik samen met regisseur <span style=\"color: #ffffff;\">Frederic Fonteyne<\/span> op een project dat ik schrijf met <span style=\"color: #ffffff;\">Paul Pourveur<\/span>, een Vlaamse scenarist ook.\u00a0 Ik heb het heel druk.\u201d<\/p>\n<p>&nbsp;<\/p>\n<p>&nbsp;<\/p>\n<p>&nbsp;<\/p>\n","protected":false},"excerpt":{"rendered":"<p>Vlaams scenarist schrijft &#8216;Hazes&#8217; Vorige week viel in Nederlandse en Vlaamse kranten te lezen dat er een film komt over het leven van Andr\u00e9 Hazes, de Nederlandse volkszanger die het levenslied hip een vooral razend populair maakte. Toen hij op 53ste veel te vroeg overleed, woonden maar liefst 48.000. mensen zijn begrafenis bij in de &hellip;<\/p>\n","protected":false},"author":8,"featured_media":15428,"comment_status":"closed","ping_status":"closed","sticky":false,"template":"","format":"standard","meta":{"ngg_post_thumbnail":0,"footnotes":""},"categories":[30,3],"tags":[],"class_list":["post-15425","post","type-post","status-publish","format-standard","has-post-thumbnail","","category-nieuws","category-varia-nl"],"yoast_head":"<!-- This site is optimized with the Yoast SEO plugin v20.4 - https:\/\/yoast.com\/wordpress\/plugins\/seo\/ -->\n<title>Gesprek met Christophe Dirickx - We Love Cinema<\/title>\n<meta name=\"robots\" content=\"index, follow, max-snippet:-1, max-image-preview:large, max-video-preview:-1\" \/>\n<link rel=\"canonical\" href=\"https:\/\/welovecinema.be\/nl\/gesprek-met-christophe-dirickx\/\" \/>\n<meta property=\"og:locale\" content=\"nl_NL\" \/>\n<meta property=\"og:type\" content=\"article\" \/>\n<meta property=\"og:title\" content=\"Gesprek met Christophe Dirickx - We Love Cinema\" \/>\n<meta property=\"og:description\" content=\"Vlaams scenarist schrijft &#8216;Hazes&#8217; Vorige week viel in Nederlandse en Vlaamse kranten te lezen dat er een film komt over het leven van Andr\u00e9 Hazes, de Nederlandse volkszanger die het levenslied hip een vooral razend populair maakte. Toen hij op 53ste veel te vroeg overleed, woonden maar liefst 48.000. mensen zijn begrafenis bij in de &hellip;\" \/>\n<meta property=\"og:url\" content=\"https:\/\/welovecinema.be\/nl\/gesprek-met-christophe-dirickx\/\" \/>\n<meta property=\"og:site_name\" content=\"We Love Cinema\" \/>\n<meta property=\"article:publisher\" content=\"https:\/\/www.facebook.com\/welovecinema.be\" \/>\n<meta property=\"article:published_time\" content=\"2012-02-06T15:23:46+00:00\" \/>\n<meta property=\"article:modified_time\" content=\"2012-02-06T15:24:13+00:00\" \/>\n<meta property=\"og:image\" content=\"https:\/\/welovecinema.be\/wp-content\/uploads\/sites\/2\/2012\/02\/Christophe-Dirickx.jpg\" \/>\n\t<meta property=\"og:image:width\" content=\"320\" \/>\n\t<meta property=\"og:image:height\" content=\"240\" \/>\n\t<meta property=\"og:image:type\" content=\"image\/jpeg\" \/>\n<meta name=\"author\" content=\"Kurt.Vandemaele\" \/>\n<meta name=\"twitter:card\" content=\"summary_large_image\" \/>\n<meta name=\"twitter:label1\" content=\"Geschreven door\" \/>\n\t<meta name=\"twitter:data1\" content=\"Kurt.Vandemaele\" \/>\n\t<meta name=\"twitter:label2\" content=\"Geschatte leestijd\" \/>\n\t<meta name=\"twitter:data2\" content=\"5 minuten\" \/>\n<script type=\"application\/ld+json\" class=\"yoast-schema-graph\">{\"@context\":\"https:\/\/schema.org\",\"@graph\":[{\"@type\":\"Article\",\"@id\":\"https:\/\/welovecinema.be\/nl\/gesprek-met-christophe-dirickx\/#article\",\"isPartOf\":{\"@id\":\"https:\/\/welovecinema.be\/nl\/gesprek-met-christophe-dirickx\/\"},\"author\":{\"name\":\"Kurt.Vandemaele\",\"@id\":\"https:\/\/welovecinema.be\/nl\/#\/schema\/person\/f475ac81c30903d8505475024494c658\"},\"headline\":\"Gesprek met Christophe Dirickx\",\"datePublished\":\"2012-02-06T15:23:46+00:00\",\"dateModified\":\"2012-02-06T15:24:13+00:00\",\"mainEntityOfPage\":{\"@id\":\"https:\/\/welovecinema.be\/nl\/gesprek-met-christophe-dirickx\/\"},\"wordCount\":1044,\"publisher\":{\"@id\":\"https:\/\/welovecinema.be\/nl\/#organization\"},\"articleSection\":[\"Nieuws\",\"Varia\"],\"inLanguage\":\"nl-NL\"},{\"@type\":\"WebPage\",\"@id\":\"https:\/\/welovecinema.be\/nl\/gesprek-met-christophe-dirickx\/\",\"url\":\"https:\/\/welovecinema.be\/nl\/gesprek-met-christophe-dirickx\/\",\"name\":\"Gesprek met Christophe Dirickx - We Love Cinema\",\"isPartOf\":{\"@id\":\"https:\/\/welovecinema.be\/nl\/#website\"},\"datePublished\":\"2012-02-06T15:23:46+00:00\",\"dateModified\":\"2012-02-06T15:24:13+00:00\",\"breadcrumb\":{\"@id\":\"https:\/\/welovecinema.be\/nl\/gesprek-met-christophe-dirickx\/#breadcrumb\"},\"inLanguage\":\"nl-NL\",\"potentialAction\":[{\"@type\":\"ReadAction\",\"target\":[\"https:\/\/welovecinema.be\/nl\/gesprek-met-christophe-dirickx\/\"]}]},{\"@type\":\"BreadcrumbList\",\"@id\":\"https:\/\/welovecinema.be\/nl\/gesprek-met-christophe-dirickx\/#breadcrumb\",\"itemListElement\":[{\"@type\":\"ListItem\",\"position\":1,\"name\":\"Accueil\",\"item\":\"https:\/\/welovecinema.be\/nl\/\"},{\"@type\":\"ListItem\",\"position\":2,\"name\":\"Gesprek met Christophe Dirickx\"}]},{\"@type\":\"WebSite\",\"@id\":\"https:\/\/welovecinema.be\/nl\/#website\",\"url\":\"https:\/\/welovecinema.be\/nl\/\",\"name\":\"We Love Cinema\",\"description\":\"Toute l\u2019information du cin\u00e9ma en Belgique\",\"publisher\":{\"@id\":\"https:\/\/welovecinema.be\/nl\/#organization\"},\"potentialAction\":[{\"@type\":\"SearchAction\",\"target\":{\"@type\":\"EntryPoint\",\"urlTemplate\":\"https:\/\/welovecinema.be\/nl\/?s={search_term_string}\"},\"query-input\":\"required name=search_term_string\"}],\"inLanguage\":\"nl-NL\"},{\"@type\":\"Organization\",\"@id\":\"https:\/\/welovecinema.be\/nl\/#organization\",\"name\":\"We Love Cinema\",\"url\":\"https:\/\/welovecinema.be\/nl\/\",\"logo\":{\"@type\":\"ImageObject\",\"inLanguage\":\"nl-NL\",\"@id\":\"https:\/\/welovecinema.be\/nl\/#\/schema\/logo\/image\/\",\"url\":\"https:\/\/welovecinema.be\/wp-content\/uploads\/sites\/2\/2023\/03\/Logo-We-Love-Cinema305x128.jpg\",\"contentUrl\":\"https:\/\/welovecinema.be\/wp-content\/uploads\/sites\/2\/2023\/03\/Logo-We-Love-Cinema305x128.jpg\",\"width\":305,\"height\":128,\"caption\":\"We Love Cinema\"},\"image\":{\"@id\":\"https:\/\/welovecinema.be\/nl\/#\/schema\/logo\/image\/\"},\"sameAs\":[\"https:\/\/www.facebook.com\/welovecinema.be\",\"https:\/\/www.youtube.com\/channel\/UCX5LYGVhnKvYauW4Nta4HJA\",\"https:\/\/www.instagram.com\/welovecinema.be\/\"]},{\"@type\":\"Person\",\"@id\":\"https:\/\/welovecinema.be\/nl\/#\/schema\/person\/f475ac81c30903d8505475024494c658\",\"name\":\"Kurt.Vandemaele\",\"url\":\"https:\/\/welovecinema.be\/nl\/author\/kurt-vandemaele\/\"}]}<\/script>\n<!-- \/ Yoast SEO plugin. -->","yoast_head_json":{"title":"Gesprek met Christophe Dirickx - We Love Cinema","robots":{"index":"index","follow":"follow","max-snippet":"max-snippet:-1","max-image-preview":"max-image-preview:large","max-video-preview":"max-video-preview:-1"},"canonical":"https:\/\/welovecinema.be\/nl\/gesprek-met-christophe-dirickx\/","og_locale":"nl_NL","og_type":"article","og_title":"Gesprek met Christophe Dirickx - We Love Cinema","og_description":"Vlaams scenarist schrijft &#8216;Hazes&#8217; Vorige week viel in Nederlandse en Vlaamse kranten te lezen dat er een film komt over het leven van Andr\u00e9 Hazes, de Nederlandse volkszanger die het levenslied hip een vooral razend populair maakte. Toen hij op 53ste veel te vroeg overleed, woonden maar liefst 48.000. mensen zijn begrafenis bij in de &hellip;","og_url":"https:\/\/welovecinema.be\/nl\/gesprek-met-christophe-dirickx\/","og_site_name":"We Love Cinema","article_publisher":"https:\/\/www.facebook.com\/welovecinema.be","article_published_time":"2012-02-06T15:23:46+00:00","article_modified_time":"2012-02-06T15:24:13+00:00","og_image":[{"width":"320","height":"240","url":"https:\/\/welovecinema.be\/wp-content\/uploads\/sites\/2\/2012\/02\/Christophe-Dirickx.jpg","type":"image\/jpeg"}],"author":"Kurt.Vandemaele","twitter_card":"summary_large_image","twitter_misc":{"Geschreven door":"Kurt.Vandemaele","Geschatte leestijd":"5 minuten"},"schema":{"@context":"https:\/\/schema.org","@graph":[{"@type":"Article","@id":"https:\/\/welovecinema.be\/nl\/gesprek-met-christophe-dirickx\/#article","isPartOf":{"@id":"https:\/\/welovecinema.be\/nl\/gesprek-met-christophe-dirickx\/"},"author":{"name":"Kurt.Vandemaele","@id":"https:\/\/welovecinema.be\/nl\/#\/schema\/person\/f475ac81c30903d8505475024494c658"},"headline":"Gesprek met Christophe Dirickx","datePublished":"2012-02-06T15:23:46+00:00","dateModified":"2012-02-06T15:24:13+00:00","mainEntityOfPage":{"@id":"https:\/\/welovecinema.be\/nl\/gesprek-met-christophe-dirickx\/"},"wordCount":1044,"publisher":{"@id":"https:\/\/welovecinema.be\/nl\/#organization"},"articleSection":["Nieuws","Varia"],"inLanguage":"nl-NL"},{"@type":"WebPage","@id":"https:\/\/welovecinema.be\/nl\/gesprek-met-christophe-dirickx\/","url":"https:\/\/welovecinema.be\/nl\/gesprek-met-christophe-dirickx\/","name":"Gesprek met Christophe Dirickx - We Love Cinema","isPartOf":{"@id":"https:\/\/welovecinema.be\/nl\/#website"},"datePublished":"2012-02-06T15:23:46+00:00","dateModified":"2012-02-06T15:24:13+00:00","breadcrumb":{"@id":"https:\/\/welovecinema.be\/nl\/gesprek-met-christophe-dirickx\/#breadcrumb"},"inLanguage":"nl-NL","potentialAction":[{"@type":"ReadAction","target":["https:\/\/welovecinema.be\/nl\/gesprek-met-christophe-dirickx\/"]}]},{"@type":"BreadcrumbList","@id":"https:\/\/welovecinema.be\/nl\/gesprek-met-christophe-dirickx\/#breadcrumb","itemListElement":[{"@type":"ListItem","position":1,"name":"Accueil","item":"https:\/\/welovecinema.be\/nl\/"},{"@type":"ListItem","position":2,"name":"Gesprek met Christophe Dirickx"}]},{"@type":"WebSite","@id":"https:\/\/welovecinema.be\/nl\/#website","url":"https:\/\/welovecinema.be\/nl\/","name":"We Love Cinema","description":"Toute l\u2019information du cin\u00e9ma en Belgique","publisher":{"@id":"https:\/\/welovecinema.be\/nl\/#organization"},"potentialAction":[{"@type":"SearchAction","target":{"@type":"EntryPoint","urlTemplate":"https:\/\/welovecinema.be\/nl\/?s={search_term_string}"},"query-input":"required name=search_term_string"}],"inLanguage":"nl-NL"},{"@type":"Organization","@id":"https:\/\/welovecinema.be\/nl\/#organization","name":"We Love Cinema","url":"https:\/\/welovecinema.be\/nl\/","logo":{"@type":"ImageObject","inLanguage":"nl-NL","@id":"https:\/\/welovecinema.be\/nl\/#\/schema\/logo\/image\/","url":"https:\/\/welovecinema.be\/wp-content\/uploads\/sites\/2\/2023\/03\/Logo-We-Love-Cinema305x128.jpg","contentUrl":"https:\/\/welovecinema.be\/wp-content\/uploads\/sites\/2\/2023\/03\/Logo-We-Love-Cinema305x128.jpg","width":305,"height":128,"caption":"We Love Cinema"},"image":{"@id":"https:\/\/welovecinema.be\/nl\/#\/schema\/logo\/image\/"},"sameAs":["https:\/\/www.facebook.com\/welovecinema.be","https:\/\/www.youtube.com\/channel\/UCX5LYGVhnKvYauW4Nta4HJA","https:\/\/www.instagram.com\/welovecinema.be\/"]},{"@type":"Person","@id":"https:\/\/welovecinema.be\/nl\/#\/schema\/person\/f475ac81c30903d8505475024494c658","name":"Kurt.Vandemaele","url":"https:\/\/welovecinema.be\/nl\/author\/kurt-vandemaele\/"}]}},"_links":{"self":[{"href":"https:\/\/welovecinema.be\/nl\/wp-json\/wp\/v2\/posts\/15425","targetHints":{"allow":["GET"]}}],"collection":[{"href":"https:\/\/welovecinema.be\/nl\/wp-json\/wp\/v2\/posts"}],"about":[{"href":"https:\/\/welovecinema.be\/nl\/wp-json\/wp\/v2\/types\/post"}],"author":[{"embeddable":true,"href":"https:\/\/welovecinema.be\/nl\/wp-json\/wp\/v2\/users\/8"}],"replies":[{"embeddable":true,"href":"https:\/\/welovecinema.be\/nl\/wp-json\/wp\/v2\/comments?post=15425"}],"version-history":[{"count":0,"href":"https:\/\/welovecinema.be\/nl\/wp-json\/wp\/v2\/posts\/15425\/revisions"}],"wp:featuredmedia":[{"embeddable":true,"href":"https:\/\/welovecinema.be\/nl\/wp-json\/wp\/v2\/media\/15428"}],"wp:attachment":[{"href":"https:\/\/welovecinema.be\/nl\/wp-json\/wp\/v2\/media?parent=15425"}],"wp:term":[{"taxonomy":"category","embeddable":true,"href":"https:\/\/welovecinema.be\/nl\/wp-json\/wp\/v2\/categories?post=15425"},{"taxonomy":"post_tag","embeddable":true,"href":"https:\/\/welovecinema.be\/nl\/wp-json\/wp\/v2\/tags?post=15425"}],"curies":[{"name":"wp","href":"https:\/\/api.w.org\/{rel}","templated":true}]}}