{"id":15084,"date":"2012-02-03T18:32:37","date_gmt":"2012-02-03T18:32:37","guid":{"rendered":"http:\/\/www.cinevox.be\/?p=15084"},"modified":"2018-04-03T16:41:36","modified_gmt":"2018-04-03T14:41:36","slug":"15084","status":"publish","type":"post","link":"https:\/\/welovecinema.be\/nl\/15084\/","title":{"rendered":"Wint Vlaamse Vanja d&#8217;Alcantara Magritte voor Beste Film?"},"content":{"rendered":"<h1>Vlaamse Vanja d\u2019Alcantara maakt een kans op de prijs voor de beste Franstalige film<\/h1>\n<h2>Wij zeggen van &#8216;Ja&#8217; voor Vanja!!!<\/h2>\n<p>&nbsp;<\/p>\n<p><strong>Vanja d\u2019Alcantara is nog altijd geen grote naam in de Belgische filmwereld, maar daar komt zeker verandering in.\u00a0 Toen haar film <em>\u2018Beyond the Steppes\u2019<\/em> uitkwam, waren de kritieken unaniem lovend, maar kreeg een te bescheiden release in veel te weinig zalen en mede daardoor vond het publiek niet meteen de weg naar dit boeiende en ontroerende verhaal dat zich tijdens de tweede wereldoorlog in de Kazakse steppes afspeelt.\u00a0 Ook toen ze uit handen van juryvoorzitter John Malkovich en in het bijzijn van \u00a0juryleden Gael Garcia Bernal en Maggie Cheung de hoofdprijs in ontvangst mocht nemen op het Festival van Marrakech werd daar in eigen land niet bijzonder veel aandacht aan besteed. Het was in feite pas met de uitreiking van de Vlaamse Filmprijzen \u2013 toen haar film vier keer werd genomineerd \u2013 dat velen begonnen te beseffen dat ze misschien wel een unieke parel aan zich voorbij hadden laten gaan.\u00a0 Een vermoeden dat nog werd versterkt toen haar Poolse hoofdactrice Agnieszka Grochowska meteen ook tot de Beste Actrice werd gekozen die dit jaar in een Vlaamse film te zien was.\u00a0 Ondertussen graaide ze ook nog een regieprijs in Skip City in Japan mee.\u00a0 Een bekroning die haar goed uitkwam, want ze kon nog wel wat Japanse steun gebruiken voor haar volgende project.\u00a0 Wij hadden op de valreep \u2013 nog net voor de uitreiking van de Magritte\u2019s \u2013 een gesprek met de sympathieke Brusselse filmmaakster.<\/strong><\/p>\n<p>&nbsp;<\/p>\n<p><span style=\"text-decoration: underline;\">Zat jij nog wel op die nominatie te wachten?\u00a0 Je film is intussen al een tijd uit de bioscopen en ook de dvd is al maanden uit.\u00a0 Met andere woorden, de carri\u00e8re van de film is achter de rug.<\/span><\/p>\n<p>&nbsp;<\/p>\n<p>Vanja d\u2019Alcantara : \u201cJa, daarom dat het ook zo aangenaam is om nu nog een nominatie te krijgen. Het is een heel mooie manier om de carri\u00e8re af te ronden. De film heeft meer dan anderhalf jaar geleden zijn wereldpremi\u00e8re beleefd op het Festival van Locarno.\u00a0 Dat was het begin van een avontuur. Ondertussen zijn er tal van enorm toffe dingen gebeurd. En nu in schoonheid afronden in eigen land met een nominatie voor \u2018Beste Film\u2019 op<em> \u2018Les Magritte du Cin\u00e9ma\u2019<\/em>.\u00a0 Hierna kan ik de film helemaal loslaten.\u00a0 Hij bestaat, hij is op dvd en hij is er voor altijd.\u201d<\/p>\n<p>&nbsp;<\/p>\nngg_shortcode_0_placeholder\n<p>&nbsp;<\/p>\n<p>&nbsp;<\/p>\n<p><span style=\"text-decoration: underline;\">Voor de mensen die niet thuis zijn in de filmsector moet jij nog eens uitleggen hoe het komt dat \u2018Beyond the Steppes\u2019 wel in aanmerking komt voor \u2018Beste Film\u2019, terwijl bijvoorbeeld een \u2018Rundskop\u2019 niet.<\/span><\/p>\n<p>&nbsp;<\/p>\n<p>Vanja d\u2019Alcantara : \u201cDe Franstalige en de Vlaamse Gemeenschap zijn twee verschillende regio\u2019s wat cultuur en de financiering ervan betreft.\u00a0 Als je een Belgische film maakt, dan moet je eigenlijk altijd kiezen voor \u00e9\u00e9n van die gemeenschappen, kiezen welke gemeenschap jouw film voor het grootste deel zal financieren.\u00a0 Als de Vlamingen meer geld geven dan de Walen, dan is het een Vlaamse film of andersom, als de Walen of de Franstaligen meer geld geven dan de Vlamingen, dan is het een Franstalige film.\u00a0 Dat is de regel. Mijn film is eigenlijk een beetje een uitzondering geweest op die regel.\u00a0 Hij is zowel Vlaams als Waals. En dat zal waarschijnlijk nooit meer gebeuren in de Belgische filmgeschiedenis <em>(lacht)<\/em>. Het is echt een 50\/50 productie.\u00a0 Vlamingen en Franstaligen hebben exact hetzelfde bedrag neergeteld.\u00a0 Dus de film kan door beide gemeenschappen geclaimd worden en is voor beide kanten een majoritaire productie.\u00a0 Dat is uitzonderlijk en ik vind dat natuurlijk fantastisch.\u00a0 Aangezien ikzelf beide identiteiten draag, vind ik het ook super dat ook mijn film dat doet.\u00a0 Dat was ook alleen maar mogelijk doordat mijn film in Kazachstan gedraaid werd en doordat de dialogen in het Pools en het Russisch zijn.\u00a0 Was het een film geweest met een duidelijke Franstalige of Vlaamse identiteit, zou die situatie wellicht niet mogelijk geweest zijn.\u201d<\/p>\n<h2>Een multi-culturele dame<\/h2>\n<p><span style=\"text-decoration: underline;\">Je zegt : \u2018ik heb ook beide identiteiten.\u2019 Ja, je bent perfect tweetalig, maar je hebt er ook nog die exotische naam bovenop.\u00a0 Kunnen wij misschien even in het kort een familiegeschiedenis?<\/span><\/p>\n<p>&nbsp;<\/p>\n<p>Vanja d\u2019Alcantara : \u201cD\u2019Alcantara is een Spaanse naam, dat is dus aan vaderskant.\u00a0 Maar de sporen van die naam gaan al een tijd terug. Want mijn grootvader was een Vlaming uit het Gentse.\u00a0 Hij was ooit burgemeester van Eeklo en ook een tijdlang minister.\u00a0 En zijn vrouw was een Fran\u00e7aise uit Bretagne.\u00a0 En aan moederskant is de familie volledig Pools.\u00a0 Maar mijn moeder is wel in Congo geboren en in Belgi\u00eb opgegroeid. Dat is dus eigenlijk \u00e9\u00e9n grote culturele mix en ik ben in Brussel opgegroeid, in een tweetalige omgeving.\u00a0 Ik ben altijd in het Vlaams naar school geweest en dan later naar de Europese School en ik heb dan uiteindelijk\u00a0 aan het RITS film gestudeerd.\u00a0 Thuis spraken we dan weer meer Frans. Mijn moeder spreekt een beetje Nederlands, maar zij is wel meer Franstalig en mijn pa is ook perfect tweetalig.\u00a0 Hij heeft ook altijd in het Nederlands gewerkt. \u00a0En nog. \u00a0Gonzales d\u2019Alcantara. Hij is professor econometrie aan de universiteit van Antwerpen.\u00a0 Ik heb dus eigenlijk altijd beide talen gesproken.\u201d<\/p>\n<h2>STEM VAN JA, STEM VANJA<\/h2>\n<p><span style=\"text-decoration: underline;\">Je bent genomineerd in de categorie \u2018Beste Film\u2019.\u00a0 Beter kan eigenlijk niet.\u00a0 Maar dat betekent ook dat je het echt tegen de kleppers opneemt.\u00a0 Is er niettemin toch de hoop om te winnen?<\/span><\/p>\n<p>&nbsp;<\/p>\n<p>Vanja d\u2019Alcantara : \u201cNatuurlijk, de gebroeders Dardenne en Bouli Lanners zijn bekend en populair, en ze zijn niet uit de media weg te slaan, maar aangezien er gewerkt wordt met een akademie van 650 of 700 leden, die allemaal een box gekregen hebben met alle dvd\u2019s die uitgekomen zijn dit jaar en die alle films moeten zien om te kunnen stemmen, maak ik een kans.\u00a0 Als ze echt met het hart gaan stemmen, denk ik wel dat ik een kans maak. De film heeft zijn kwaliteiten en doordat ik maar in \u00e9\u00e9n categorie genomineerd ben, is het ook de enige kans voor de juryleden om voor mij te stemmen <em>(lacht)<\/em>.\u00a0 Dus, diegenen die de film goed vonden en dat willen laten blijken, heeft maar die ene kans.&#8221;<\/p>\nngg_shortcode_1_placeholder\n<p>&nbsp;<\/p>\n<p>&#8220;Ik weet natuurlijk goed dat ik geen favoriet ben, maar ik ben heel fier op mijn outsider-positionering en ik ga er echt wel voor.\u00a0 Ik denk zeker niet dat ik geen enkele kans maak. Ik heb al mensen gehoord die zeiden : \u2018We willen absoluut voor jou stemmen\u2019.\u00a0 Dus het zou kunnen.\u00a0 Maar voor mij is het op zich al een grote eer dat ik samen met de Dardenne\u2019s en Bouli Lanners genomineerd ben.\u00a0 Die nominatie heeft de film veel zichtbaarheid en bekendheid gegeven.\u00a0 Ik besta nu tenminste, men weet van het bestaan van mijn film af.\u00a0 Dat was ook de indruk die ik overhield aan de Vlaamse Filmprijzen. En nu hetzelfde voor de Magritte\u2019s.\u00a0 Ik kan dus zeggen dat mijn eerste langspeelfilm me op de kaart gezet heeft als filmmaker in Belgi\u00eb. En nu kan ik verder met mijn volgende.\u00a0\u00a0 Ik moet tenminste al niet meer twee of drie films verder knokken om te bewijzen dat ik besta als regisseur.\u00a0 De erkenning is er.\u00a0 En wat er nu nog mag gebeuren, is bonus.\u201d<\/p>\n<p>&nbsp;<\/p>\n<p><span style=\"text-decoration: underline;\">Voor de film zelf mocht die erkenning misschien wel wat vroeger gekomen zijn.<\/span><\/p>\n<p>&nbsp;<\/p>\n<p>Vanja d\u2019Alcantara : \u201cJa, inderdaad, maar zo werkt het met de media. \u00a0Er is geen buzz geweest rond de film. De film heeft een heel goeie wereldpremi\u00e8re gekregen in Locarno, met heel goeie kritiek. Al van de eerste dag kregen we een formidabele kritiek in The Hollywood Reporter.\u00a0 Er waren positieve reacties in overvloed. Maar voor de rest was het natuurlijk een heel fragiele film, zonder sterren of bekende namen.\u00a0 En ik heb tot mijn schade en schande moeten vaststellen dat er voor zo\u2019n film weinig mogelijkheden zijn : ofwel Cannes, ofwel niets.\u00a0 Dat is het enige festival die zo\u2019n film kan helpen om een publiek te vinden.\u00a0 Want zelf heb ik geen commerci\u00eble argumenten naar het publiek toe.\u00a0 Het volstaat niet tegenwoordig dat een film goed is.\u00a0 Ik heb er zeker geen spijt van dat ik hem gemaakt heb.\u00a0 Uiteindelijk heeft de film een heel mooi traject afgelegd, maar nu weet ik hoe het allemaal marcheert en snap ik dat je zonder een buzz in de media zo\u2019n film niet verkocht krijgt.\u00a0 Ik had geen geld voor een grote campagne.\u201d<\/p>\n<p>&nbsp;<\/p>\nngg_shortcode_2_placeholder\n<p><em>(op de foto : Vanja met haar actrice en links John Malkovich, voorzitter van de jury van het Festival van Marrakech)<\/em><\/p>\n<h2>VANJA IN JAPAN<\/h2>\n<p><span style=\"text-decoration: underline;\">Ben je intussen bezig met je volgende film?<\/span><\/p>\n<p>&nbsp;<\/p>\n<p>Vanja d\u2019Alcantara : \u201cJa, ik ben volop aan het schrijven aan een nieuw verhaal dat zich deels in Frankrijk en deels in Japan moet afspelen. Een totaal nieuwe reis, een nieuw avontuur.\u00a0 Ik ben heel enthousiast.\u00a0 Nu ik deze eerste langspeler gemaakt heb, kan ik eindelijk zeggen dat ik filmmaker ben en is alles mogelijk.\u00a0 De wereld staat open.\u00a0 Ik ben nu dat ene project aan het ontwikkelen, maar waarom ook niet andere projecten tegelijkertijd ontwikkelen?\u00a0 Misschien moet ik aan twee, drie, vier verschillende projecten werken met verschillende personen.\u00a0 Ik wil van alles uitproberen.\u201d<\/p>\n<p>&nbsp;<\/p>\nngg_shortcode_3_placeholder\n<p>&nbsp;<\/p>\n<p><span style=\"text-decoration: underline;\">Het volgende project zal zich deels in Japan, deels in Frankrijk afspelen, zeg je.\u00a0 Is het toeval dat je voor internationale projecten gaat?<\/span><\/p>\n<p>&nbsp;<\/p>\n<p>Vanja d\u2019Alcantara : \u201cToeval bestaat niet h\u00e9. Ik voel me gewoon aangetrokken door het buitenland.\u00a0 Tot nu toe val ik voor verhalen die ver weg plaatsvinden. Ik heb ook een idee dat ik wil ontwikkelen dat meer Brussels zou kunnen zijn en ik wil dat vroeg of laat echt ook proberen.\u00a0 Dat zou voor mij echt meer een experiment zijn.\u00a0 Maar ik vind het echt fantastisch dat ik door mijn multiculturele identiteit alle kanten uit kan gaan, want ik ben een gepassioneerde reiziger : met mijn kortfilm<em> \u2018Granitsa\u2019<\/em> was dat de Trans-Siberische trein in Rusland, met \u2018Beyond the Steppes\u2019 was het Polen en Kazachstan, met mijn nieuwe film wordt het Japan.\u00a0 Elke nieuwe film is zo\u2019n avontuur, zo\u2019n experiment.\u00a0 En als ik telkens een nieuwe cultuur en een ander land kan ontdekken, vind ik het fantastisch.\u00a0 Maar hopelijk maak ik nog heel veel films en spelen een deel daarvan zich hier af.\u00a0 We zullen zien h\u00e9.\u201d<\/p>\nngg_shortcode_4_placeholder\n<p>(Vanja en Agnieszka Grochowska in Marrakech in het gezelschap van juryleden Gael Garcia Bernal, Maggie Cheung en Dominic Cooper).<\/p>\n<p>Zie ook :<\/p>\n<p><a title=\"Vanja D\u2019Alcantara wint in Japan\" href=\"http:\/\/www.cinevox.be\/nl\/vanja-dalcantara-wint-in-japan\/\">Vanja in Japan<\/a><\/p>\n<p><a title=\"Nu uit op dvd : \u2018BEYOND THE STEPPES\u2019 van VANJA D\u2019ALCANTARA\" href=\"http:\/\/www.cinevox.be\/nl\/nu-uit-op-dvd-beyond-the-steppes-van-vanja-dalcantara\/\">&#8216;Beyond the Steppes&#8217;<\/a><\/p>\n<p><a title=\"Is de Magritte voor The Bony King of Nowhere?\" href=\"http:\/\/www.cinevox.be\/nl\/the-bony-king-of-nowhere-is-overal\/\">The Bony King of Nowhere genomineerd voor de Magrittes<\/a><\/p>\n<p><a title=\"Eerst een Magritte en dan een Oscar!\" href=\"http:\/\/www.cinevox.be\/nl\/eerst-een-magritte-en-dan-een-oscar\/\">Michael Roskam over &#8216;Les Magritte du Cin\u00e9ma&#8217;<\/a><\/p>\n<p><a title=\"Franstalig Belgi\u00eb reikt prijzen uit, ook voor de Vlamingen!\" href=\"http:\/\/www.cinevox.be\/nl\/13474\/\">&#8216;De Magrittes&#8217;<\/a><\/p>\n<p>&nbsp;<\/p>\n<p>&nbsp;<\/p>\n<p>&nbsp;<\/p>\n","protected":false},"excerpt":{"rendered":"<p>Vlaamse Vanja d\u2019Alcantara maakt een kans op de prijs voor de beste Franstalige film Wij zeggen van &#8216;Ja&#8217; voor Vanja!!! &nbsp; Vanja d\u2019Alcantara is nog altijd geen grote naam in de Belgische filmwereld, maar daar komt zeker verandering in.\u00a0 Toen haar film \u2018Beyond the Steppes\u2019 uitkwam, waren de kritieken unaniem lovend, maar kreeg een te &hellip;<\/p>\n","protected":false},"author":8,"featured_media":15090,"comment_status":"closed","ping_status":"closed","sticky":false,"template":"","format":"standard","meta":{"ngg_post_thumbnail":0,"footnotes":""},"categories":[30,31],"tags":[],"class_list":["post-15084","post","type-post","status-publish","format-standard","has-post-thumbnail","","category-nieuws","category-prijzen"],"yoast_head":"<!-- This site is optimized with the Yoast SEO plugin v20.4 - https:\/\/yoast.com\/wordpress\/plugins\/seo\/ -->\n<title>Wint Vlaamse Vanja d&#039;Alcantara Magritte voor Beste Film? - We Love Cinema<\/title>\n<meta name=\"robots\" content=\"index, follow, max-snippet:-1, max-image-preview:large, max-video-preview:-1\" \/>\n<link rel=\"canonical\" href=\"https:\/\/welovecinema.be\/nl\/15084\/\" \/>\n<meta property=\"og:locale\" content=\"nl_NL\" \/>\n<meta property=\"og:type\" content=\"article\" \/>\n<meta property=\"og:title\" content=\"Wint Vlaamse Vanja d&#039;Alcantara Magritte voor Beste Film? - We Love Cinema\" \/>\n<meta property=\"og:description\" content=\"Vlaamse Vanja d\u2019Alcantara maakt een kans op de prijs voor de beste Franstalige film Wij zeggen van &#8216;Ja&#8217; voor Vanja!!! &nbsp; Vanja d\u2019Alcantara is nog altijd geen grote naam in de Belgische filmwereld, maar daar komt zeker verandering in.\u00a0 Toen haar film \u2018Beyond the Steppes\u2019 uitkwam, waren de kritieken unaniem lovend, maar kreeg een te &hellip;\" \/>\n<meta property=\"og:url\" content=\"https:\/\/welovecinema.be\/nl\/15084\/\" \/>\n<meta property=\"og:site_name\" content=\"We Love Cinema\" \/>\n<meta property=\"article:publisher\" content=\"https:\/\/www.facebook.com\/welovecinema.be\" \/>\n<meta property=\"article:published_time\" content=\"2012-02-03T18:32:37+00:00\" \/>\n<meta property=\"article:modified_time\" content=\"2018-04-03T14:41:36+00:00\" \/>\n<meta property=\"og:image\" content=\"https:\/\/welovecinema.be\/wp-content\/uploads\/sites\/2\/2012\/02\/VANJA.jpg\" \/>\n\t<meta property=\"og:image:width\" content=\"604\" \/>\n\t<meta property=\"og:image:height\" content=\"322\" \/>\n\t<meta property=\"og:image:type\" content=\"image\/jpeg\" \/>\n<meta name=\"author\" content=\"Kurt.Vandemaele\" \/>\n<meta name=\"twitter:card\" content=\"summary_large_image\" \/>\n<meta name=\"twitter:label1\" content=\"Geschreven door\" \/>\n\t<meta name=\"twitter:data1\" content=\"Kurt.Vandemaele\" \/>\n\t<meta name=\"twitter:label2\" content=\"Geschatte leestijd\" \/>\n\t<meta name=\"twitter:data2\" content=\"9 minuten\" \/>\n<script type=\"application\/ld+json\" class=\"yoast-schema-graph\">{\"@context\":\"https:\/\/schema.org\",\"@graph\":[{\"@type\":\"Article\",\"@id\":\"https:\/\/welovecinema.be\/nl\/15084\/#article\",\"isPartOf\":{\"@id\":\"https:\/\/welovecinema.be\/nl\/15084\/\"},\"author\":{\"name\":\"Kurt.Vandemaele\",\"@id\":\"https:\/\/welovecinema.be\/nl\/#\/schema\/person\/f475ac81c30903d8505475024494c658\"},\"headline\":\"Wint Vlaamse Vanja d&#8217;Alcantara Magritte voor Beste Film?\",\"datePublished\":\"2012-02-03T18:32:37+00:00\",\"dateModified\":\"2018-04-03T14:41:36+00:00\",\"mainEntityOfPage\":{\"@id\":\"https:\/\/welovecinema.be\/nl\/15084\/\"},\"wordCount\":1797,\"publisher\":{\"@id\":\"https:\/\/welovecinema.be\/nl\/#organization\"},\"articleSection\":[\"Nieuws\",\"Prijzen\"],\"inLanguage\":\"nl-NL\"},{\"@type\":\"WebPage\",\"@id\":\"https:\/\/welovecinema.be\/nl\/15084\/\",\"url\":\"https:\/\/welovecinema.be\/nl\/15084\/\",\"name\":\"Wint Vlaamse Vanja d'Alcantara Magritte voor Beste Film? - We Love Cinema\",\"isPartOf\":{\"@id\":\"https:\/\/welovecinema.be\/nl\/#website\"},\"datePublished\":\"2012-02-03T18:32:37+00:00\",\"dateModified\":\"2018-04-03T14:41:36+00:00\",\"breadcrumb\":{\"@id\":\"https:\/\/welovecinema.be\/nl\/15084\/#breadcrumb\"},\"inLanguage\":\"nl-NL\",\"potentialAction\":[{\"@type\":\"ReadAction\",\"target\":[\"https:\/\/welovecinema.be\/nl\/15084\/\"]}]},{\"@type\":\"BreadcrumbList\",\"@id\":\"https:\/\/welovecinema.be\/nl\/15084\/#breadcrumb\",\"itemListElement\":[{\"@type\":\"ListItem\",\"position\":1,\"name\":\"Accueil\",\"item\":\"https:\/\/welovecinema.be\/nl\/\"},{\"@type\":\"ListItem\",\"position\":2,\"name\":\"Wint Vlaamse Vanja d&#8217;Alcantara Magritte voor Beste Film?\"}]},{\"@type\":\"WebSite\",\"@id\":\"https:\/\/welovecinema.be\/nl\/#website\",\"url\":\"https:\/\/welovecinema.be\/nl\/\",\"name\":\"We Love Cinema\",\"description\":\"Toute l\u2019information du cin\u00e9ma en Belgique\",\"publisher\":{\"@id\":\"https:\/\/welovecinema.be\/nl\/#organization\"},\"potentialAction\":[{\"@type\":\"SearchAction\",\"target\":{\"@type\":\"EntryPoint\",\"urlTemplate\":\"https:\/\/welovecinema.be\/nl\/?s={search_term_string}\"},\"query-input\":\"required name=search_term_string\"}],\"inLanguage\":\"nl-NL\"},{\"@type\":\"Organization\",\"@id\":\"https:\/\/welovecinema.be\/nl\/#organization\",\"name\":\"We Love Cinema\",\"url\":\"https:\/\/welovecinema.be\/nl\/\",\"logo\":{\"@type\":\"ImageObject\",\"inLanguage\":\"nl-NL\",\"@id\":\"https:\/\/welovecinema.be\/nl\/#\/schema\/logo\/image\/\",\"url\":\"https:\/\/welovecinema.be\/wp-content\/uploads\/sites\/2\/2023\/03\/Logo-We-Love-Cinema305x128.jpg\",\"contentUrl\":\"https:\/\/welovecinema.be\/wp-content\/uploads\/sites\/2\/2023\/03\/Logo-We-Love-Cinema305x128.jpg\",\"width\":305,\"height\":128,\"caption\":\"We Love Cinema\"},\"image\":{\"@id\":\"https:\/\/welovecinema.be\/nl\/#\/schema\/logo\/image\/\"},\"sameAs\":[\"https:\/\/www.facebook.com\/welovecinema.be\",\"https:\/\/www.youtube.com\/channel\/UCX5LYGVhnKvYauW4Nta4HJA\",\"https:\/\/www.instagram.com\/welovecinema.be\/\"]},{\"@type\":\"Person\",\"@id\":\"https:\/\/welovecinema.be\/nl\/#\/schema\/person\/f475ac81c30903d8505475024494c658\",\"name\":\"Kurt.Vandemaele\",\"url\":\"https:\/\/welovecinema.be\/nl\/author\/kurt-vandemaele\/\"}]}<\/script>\n<!-- \/ Yoast SEO plugin. -->","yoast_head_json":{"title":"Wint Vlaamse Vanja d'Alcantara Magritte voor Beste Film? - We Love Cinema","robots":{"index":"index","follow":"follow","max-snippet":"max-snippet:-1","max-image-preview":"max-image-preview:large","max-video-preview":"max-video-preview:-1"},"canonical":"https:\/\/welovecinema.be\/nl\/15084\/","og_locale":"nl_NL","og_type":"article","og_title":"Wint Vlaamse Vanja d'Alcantara Magritte voor Beste Film? - We Love Cinema","og_description":"Vlaamse Vanja d\u2019Alcantara maakt een kans op de prijs voor de beste Franstalige film Wij zeggen van &#8216;Ja&#8217; voor Vanja!!! &nbsp; Vanja d\u2019Alcantara is nog altijd geen grote naam in de Belgische filmwereld, maar daar komt zeker verandering in.\u00a0 Toen haar film \u2018Beyond the Steppes\u2019 uitkwam, waren de kritieken unaniem lovend, maar kreeg een te &hellip;","og_url":"https:\/\/welovecinema.be\/nl\/15084\/","og_site_name":"We Love Cinema","article_publisher":"https:\/\/www.facebook.com\/welovecinema.be","article_published_time":"2012-02-03T18:32:37+00:00","article_modified_time":"2018-04-03T14:41:36+00:00","og_image":[{"width":"604","height":"322","url":"https:\/\/welovecinema.be\/wp-content\/uploads\/sites\/2\/2012\/02\/VANJA.jpg","type":"image\/jpeg"}],"author":"Kurt.Vandemaele","twitter_card":"summary_large_image","twitter_misc":{"Geschreven door":"Kurt.Vandemaele","Geschatte leestijd":"9 minuten"},"schema":{"@context":"https:\/\/schema.org","@graph":[{"@type":"Article","@id":"https:\/\/welovecinema.be\/nl\/15084\/#article","isPartOf":{"@id":"https:\/\/welovecinema.be\/nl\/15084\/"},"author":{"name":"Kurt.Vandemaele","@id":"https:\/\/welovecinema.be\/nl\/#\/schema\/person\/f475ac81c30903d8505475024494c658"},"headline":"Wint Vlaamse Vanja d&#8217;Alcantara Magritte voor Beste Film?","datePublished":"2012-02-03T18:32:37+00:00","dateModified":"2018-04-03T14:41:36+00:00","mainEntityOfPage":{"@id":"https:\/\/welovecinema.be\/nl\/15084\/"},"wordCount":1797,"publisher":{"@id":"https:\/\/welovecinema.be\/nl\/#organization"},"articleSection":["Nieuws","Prijzen"],"inLanguage":"nl-NL"},{"@type":"WebPage","@id":"https:\/\/welovecinema.be\/nl\/15084\/","url":"https:\/\/welovecinema.be\/nl\/15084\/","name":"Wint Vlaamse Vanja d'Alcantara Magritte voor Beste Film? - We Love Cinema","isPartOf":{"@id":"https:\/\/welovecinema.be\/nl\/#website"},"datePublished":"2012-02-03T18:32:37+00:00","dateModified":"2018-04-03T14:41:36+00:00","breadcrumb":{"@id":"https:\/\/welovecinema.be\/nl\/15084\/#breadcrumb"},"inLanguage":"nl-NL","potentialAction":[{"@type":"ReadAction","target":["https:\/\/welovecinema.be\/nl\/15084\/"]}]},{"@type":"BreadcrumbList","@id":"https:\/\/welovecinema.be\/nl\/15084\/#breadcrumb","itemListElement":[{"@type":"ListItem","position":1,"name":"Accueil","item":"https:\/\/welovecinema.be\/nl\/"},{"@type":"ListItem","position":2,"name":"Wint Vlaamse Vanja d&#8217;Alcantara Magritte voor Beste Film?"}]},{"@type":"WebSite","@id":"https:\/\/welovecinema.be\/nl\/#website","url":"https:\/\/welovecinema.be\/nl\/","name":"We Love Cinema","description":"Toute l\u2019information du cin\u00e9ma en Belgique","publisher":{"@id":"https:\/\/welovecinema.be\/nl\/#organization"},"potentialAction":[{"@type":"SearchAction","target":{"@type":"EntryPoint","urlTemplate":"https:\/\/welovecinema.be\/nl\/?s={search_term_string}"},"query-input":"required name=search_term_string"}],"inLanguage":"nl-NL"},{"@type":"Organization","@id":"https:\/\/welovecinema.be\/nl\/#organization","name":"We Love Cinema","url":"https:\/\/welovecinema.be\/nl\/","logo":{"@type":"ImageObject","inLanguage":"nl-NL","@id":"https:\/\/welovecinema.be\/nl\/#\/schema\/logo\/image\/","url":"https:\/\/welovecinema.be\/wp-content\/uploads\/sites\/2\/2023\/03\/Logo-We-Love-Cinema305x128.jpg","contentUrl":"https:\/\/welovecinema.be\/wp-content\/uploads\/sites\/2\/2023\/03\/Logo-We-Love-Cinema305x128.jpg","width":305,"height":128,"caption":"We Love Cinema"},"image":{"@id":"https:\/\/welovecinema.be\/nl\/#\/schema\/logo\/image\/"},"sameAs":["https:\/\/www.facebook.com\/welovecinema.be","https:\/\/www.youtube.com\/channel\/UCX5LYGVhnKvYauW4Nta4HJA","https:\/\/www.instagram.com\/welovecinema.be\/"]},{"@type":"Person","@id":"https:\/\/welovecinema.be\/nl\/#\/schema\/person\/f475ac81c30903d8505475024494c658","name":"Kurt.Vandemaele","url":"https:\/\/welovecinema.be\/nl\/author\/kurt-vandemaele\/"}]}},"_links":{"self":[{"href":"https:\/\/welovecinema.be\/nl\/wp-json\/wp\/v2\/posts\/15084","targetHints":{"allow":["GET"]}}],"collection":[{"href":"https:\/\/welovecinema.be\/nl\/wp-json\/wp\/v2\/posts"}],"about":[{"href":"https:\/\/welovecinema.be\/nl\/wp-json\/wp\/v2\/types\/post"}],"author":[{"embeddable":true,"href":"https:\/\/welovecinema.be\/nl\/wp-json\/wp\/v2\/users\/8"}],"replies":[{"embeddable":true,"href":"https:\/\/welovecinema.be\/nl\/wp-json\/wp\/v2\/comments?post=15084"}],"version-history":[{"count":0,"href":"https:\/\/welovecinema.be\/nl\/wp-json\/wp\/v2\/posts\/15084\/revisions"}],"wp:featuredmedia":[{"embeddable":true,"href":"https:\/\/welovecinema.be\/nl\/wp-json\/wp\/v2\/media\/15090"}],"wp:attachment":[{"href":"https:\/\/welovecinema.be\/nl\/wp-json\/wp\/v2\/media?parent=15084"}],"wp:term":[{"taxonomy":"category","embeddable":true,"href":"https:\/\/welovecinema.be\/nl\/wp-json\/wp\/v2\/categories?post=15084"},{"taxonomy":"post_tag","embeddable":true,"href":"https:\/\/welovecinema.be\/nl\/wp-json\/wp\/v2\/tags?post=15084"}],"curies":[{"name":"wp","href":"https:\/\/api.w.org\/{rel}","templated":true}]}}