{"id":9785,"date":"2012-04-12T06:47:13","date_gmt":"2012-04-12T06:47:13","guid":{"rendered":"http:\/\/www.cinevox.be\/?p=9785"},"modified":"2012-04-12T11:21:52","modified_gmt":"2012-04-12T11:21:52","slug":"le-gamin-un-an-apres","status":"publish","type":"post","link":"https:\/\/welovecinema.be\/fr\/le-gamin-un-an-apres\/","title":{"rendered":"Le Gamin, un an apr\u00e8s (ou presque)"},"content":{"rendered":"<p>Stars mythiques du Festival de Cannes depuis 12 ans, les <strong>Fr\u00e8res Dardenne<\/strong> n&rsquo;ont plus rien \u00e0 prouver aux cin\u00e9philes du monde entier. Mais depuis <em>Rosetta<\/em>, Palme d&rsquo;Or en 1999 (doubl\u00e9e d&rsquo;un prix d&rsquo;interpr\u00e9tation pour\u00a0<strong>\u00c9milie Dequenne<\/strong>), il leur manquait un vrai succ\u00e8s public. Ils le tiennent enfin. Oui, pour une \u0153uvre de ce calibre, <em>Le Gamin au V\u00e9lo<\/em> est une exceptionnelle r\u00e9ussite commerciale. \u00a0Et si vous ne l&rsquo;avez pas vu en salles, n&rsquo;h\u00e9sitez pas: le DVD est disponible depuis quelques mois d\u00e9j\u00e0 !<!--more--><\/p>\n<p>&nbsp;<\/p>\n<p>&nbsp;<\/p>\n<p><a rel=\"attachment wp-att-19167\" href=\"http:\/\/www.cinevox.be\/le-gamin-un-an-apres\/le-gamin-5\/\"><img loading=\"lazy\" decoding=\"async\" class=\"alignright size-medium wp-image-19167\" title=\"Le gamin\" src=\"http:\/\/www.cinevox.be\/wp-content\/uploads\/sites\/2\/2012\/04\/Le-gamin-360x270.jpg\" alt=\"\" width=\"360\" height=\"270\" srcset=\"https:\/\/welovecinema.be\/wp-content\/uploads\/sites\/2\/2012\/04\/Le-gamin-360x270.jpg 360w, https:\/\/welovecinema.be\/wp-content\/uploads\/sites\/2\/2012\/04\/Le-gamin-800x600.jpg 800w, https:\/\/welovecinema.be\/wp-content\/uploads\/sites\/2\/2012\/04\/Le-gamin-300x225.jpg 300w, https:\/\/welovecinema.be\/wp-content\/uploads\/sites\/2\/2012\/04\/Le-gamin.jpg 1024w\" sizes=\"auto, (max-width: 360px) 100vw, 360px\" \/><\/a>Avec deux Palmes d&rsquo;Or conquises sur la Croisette, plus deux prix d&rsquo;interpr\u00e9tation, le prix du meilleur sc\u00e9nario et un Grand Prix sp\u00e9cial du jury (\u00e7a donne le tournis\u2026), Jean-Pierre et Luc Dardenne\u00a0 se sont hiss\u00e9s parmi l&rsquo;\u00e9lite du 7e Art. Personne n&rsquo;a fait mieux. Personne. Dans le monde entier. \u00c0 l&rsquo;aune de ce triomphe,\u00a0 le <a href=\"http:\/\/www.cinevox.be\/jean-pierre-et-luc-dardenne-un-gand-de-velours-sur-un-plateau\/\"><em>Joseph Plateau Belgian Talent Award<\/em><\/a> que le festival de Gand a remis aux fr\u00e8res pour les remercier de faire rayonner le nom de la Belgique \u00e0 travers la plan\u00e8te est, on ne peut plus, justifi\u00e9.<\/p>\n<p>&nbsp;<\/p>\n<p>Alors certes, les frangins Dardenne pourraient continuer \u00e0 exister sans le soutien du grand public. Mais, et <a href=\"http:\/\/www.cinevox.be\/parce-quils-le-valent-bien\/\" target=\"_blank\">nous posions la question d\u00e8s le mois de mai<\/a> 2011, le spectateur belge francophone qui aime le cin\u00e9ma pouvait-il faire plus longtemps l&rsquo;impasse sur deux de ses ambassadeurs les plus prestigieux? Apparemment pas! <em>Le Gamin au V\u00e9lo,<\/em> sorti dans les salles en plein Festival de Cannes, a formidablement bien fonctionn\u00e9 en Belgique et \u00e0 l&rsquo;\u00e9tranger.<\/p>\n<p>&nbsp;<\/p>\n<p><a rel=\"attachment wp-att-19172\" href=\"http:\/\/www.cinevox.be\/le-gamin-un-an-apres\/2012-04-11-11h35_08\/\"><img loading=\"lazy\" decoding=\"async\" class=\"aligncenter size-full wp-image-19172\" title=\"2012-04-11 11h35_08\" src=\"http:\/\/www.cinevox.be\/wp-content\/uploads\/sites\/2\/2012\/04\/2012-04-11-11h35_08.png\" alt=\"\" width=\"908\" height=\"506\" srcset=\"https:\/\/welovecinema.be\/wp-content\/uploads\/sites\/2\/2012\/04\/2012-04-11-11h35_08.png 908w, https:\/\/welovecinema.be\/wp-content\/uploads\/sites\/2\/2012\/04\/2012-04-11-11h35_08-480x267.png 480w, https:\/\/welovecinema.be\/wp-content\/uploads\/sites\/2\/2012\/04\/2012-04-11-11h35_08-800x445.png 800w\" sizes=\"auto, (max-width: 908px) 100vw, 908px\" \/><\/a><\/p>\n<p>&nbsp;<\/p>\n<p>Un succ\u00e8s d&rsquo;autant plus agr\u00e9able qu&rsquo;avant de partir le long de la M\u00e9diterran\u00e9e, les deux artistes nous avouaient qu&rsquo;ils r\u00eavaient de concilier r\u00e9ussite commerciale et reconnaissance. Pour y parvenir, une strat\u00e9gie claire avait \u00e9t\u00e9 \u00e9tablie et ils nous l&rsquo;avaient expliqu\u00e9e <a href=\"http:\/\/www.cinevox.be\/videos\/dardenne-3eme-palme\/\" target=\"_blank\">ICI<\/a>.<\/p>\n<p>&nbsp;<\/p>\n<p>Alors certes, on n&rsquo;a pas atteint les 5 millions, mais notre alternative relevait \u00e9videmment de la boutade provocatrice. En dix mois de pr\u00e9sence dans les cin\u00e9mas, le film comptabilise 1.300.000 tickets vendus. S&rsquo;il en \u00e9tait besoin, voil\u00e0 la notori\u00e9t\u00e9 des r\u00e9alisateurs li\u00e9geois et leur potentiel \u00e0 l\u2019international largement confirm\u00e9s. Naturellement, ce r\u00e9sultat fait d\u2019ores et d\u00e9j\u00e0 du <em>Gamin<\/em> le film belge de 2011 ayant rassembl\u00e9 le plus de spectateurs Une simple comparaison devrait ravir ces fans de foot que sont Jean-Pierre et Luc : avec leur <em>Gamin<\/em>, c&rsquo;est un peu comme s&rsquo;ils avaient rempli 32 fois leur stade f\u00e9tiche de Sclessin. Quand on conna\u00eet la popularit\u00e9 du Standard de Li\u00e8ge, il y a de quoi \u00eatre ahuri !<\/p>\n<p>&nbsp;<\/p>\n<p><a rel=\"attachment wp-att-19173\" href=\"http:\/\/www.cinevox.be\/le-gamin-un-an-apres\/gamin4-2\/\"><img loading=\"lazy\" decoding=\"async\" class=\"aligncenter size-full wp-image-19173\" title=\"gamin4\" src=\"http:\/\/www.cinevox.be\/wp-content\/uploads\/sites\/2\/2012\/04\/gamin4.jpg\" alt=\"\" width=\"1505\" height=\"1000\" srcset=\"https:\/\/welovecinema.be\/wp-content\/uploads\/sites\/2\/2012\/04\/gamin4.jpg 1505w, https:\/\/welovecinema.be\/wp-content\/uploads\/sites\/2\/2012\/04\/gamin4-406x270.jpg 406w, https:\/\/welovecinema.be\/wp-content\/uploads\/sites\/2\/2012\/04\/gamin4-800x531.jpg 800w\" sizes=\"auto, (max-width: 1505px) 100vw, 1505px\" \/><\/a><\/p>\n<p>&nbsp;<\/p>\n<p><em>Le Gamin au V\u00e9lo<\/em> b\u00e9n\u00e9ficie par ailleurs d\u2019un engouement sans pr\u00e9c\u00e9dent de la part de la presse internationale et notamment anglo-saxonne. Pour la sortie du film aux \u00c9tats unis le 16 mars dernier (distribution IFC Films), plusieurs revues et hebdomadaires lui d\u00e9di\u00e8rent de longs articles. En cliquant sur les liens, vous verrez ce qu&rsquo;en disent <a href=\"http:\/\/users.coditel.net\/space\/tny.pdf\">le New Yorker<\/a>,\u00a0 <a href=\"file:\/\/\/J:\/JOBS_admin\/Cinevox\/news\/Art%20Info\" target=\"_blank\">Art Info<\/a> ou Film Journal (<a href=\"http:\/\/www.filmjournal.com\/filmjournal\/content_display\/esearch\/e3ifa6c3aac9d16c90786df3c8b35a84f9a\">1<\/a>&amp;<a href=\"http:\/\/www.filmjournal.com\/filmjournal\/content_display\/esearch\/e3i2d467920fb3af8d7012b847afaaa2ed8\">2<\/a>) \u2026 Le tr\u00e8s fameux \u00e9crivain Bret Easton Ellis s&rsquo;est \u00e9galement fendu sur <a href=\"https:\/\/twitter.com\/#!\/BretEastonEllis\/status\/182674463408656384\">Twitter<\/a> d&rsquo;un commentaire enthousiaste, assez inhabituel pour lui. Il ne d\u00e9sire pas survendre le film, mais estime que \u00ab\u00a0<em>Le Gamin au v\u00e9lo<\/em> est \u00ab(\u2026) incroyablement \u00e9mouvant. Leur chef-d\u2019\u0153uvre\u00a0\u00bb \u00bb.<\/p>\n<p>&nbsp;<\/p>\n<p><a rel=\"attachment wp-att-19189\" href=\"http:\/\/www.cinevox.be\/le-gamin-un-an-apres\/2012-04-11-11h35_57\/\"><img loading=\"lazy\" decoding=\"async\" class=\"aligncenter size-full wp-image-19189\" title=\"2012-04-11 11h35_57\" src=\"http:\/\/www.cinevox.be\/wp-content\/uploads\/sites\/2\/2012\/04\/2012-04-11-11h35_57.png\" alt=\"\" width=\"894\" height=\"505\" srcset=\"https:\/\/welovecinema.be\/wp-content\/uploads\/sites\/2\/2012\/04\/2012-04-11-11h35_57.png 894w, https:\/\/welovecinema.be\/wp-content\/uploads\/sites\/2\/2012\/04\/2012-04-11-11h35_57-200x113.png 200w, https:\/\/welovecinema.be\/wp-content\/uploads\/sites\/2\/2012\/04\/2012-04-11-11h35_57-477x270.png 477w, https:\/\/welovecinema.be\/wp-content\/uploads\/sites\/2\/2012\/04\/2012-04-11-11h35_57-800x451.png 800w, https:\/\/welovecinema.be\/wp-content\/uploads\/sites\/2\/2012\/04\/2012-04-11-11h35_57-480x270.png 480w, https:\/\/welovecinema.be\/wp-content\/uploads\/sites\/2\/2012\/04\/2012-04-11-11h35_57-300x169.png 300w, https:\/\/welovecinema.be\/wp-content\/uploads\/sites\/2\/2012\/04\/2012-04-11-11h35_57-620x350.png 620w\" sizes=\"auto, (max-width: 894px) 100vw, 894px\" \/><\/a><\/p>\n<p>&nbsp;<\/p>\n<p>M\u00eames r\u00e9actions de la part de la presse britannique lors de sa sortie au Royaume-Uni le 23 mars dernier (Artificial Eye) o\u00f9 la revue Sight &amp; Sound consacre aux fr\u00e8res un \u00e9pais dossier tandis que le <a href=\"http:\/\/dl.dropbox.com\/u\/53764436\/2012_03_22_financialtimes_UK.pdf\">Financial Times <\/a> et le <a href=\"http:\/\/dl.dropbox.com\/u\/53764436\/2012_03_15_guardian_UK.pdf\">Guardian<\/a> louent les qualit\u00e9s de leur dernier opus.<\/p>\n<p>&nbsp;<\/p>\n<p><a rel=\"attachment wp-att-19174\" href=\"http:\/\/www.cinevox.be\/le-gamin-un-an-apres\/2012-03-29-11h16_26\/\"><img loading=\"lazy\" decoding=\"async\" class=\"alignleft size-medium wp-image-19174\" title=\"2012-03-29 11h16_26\" src=\"http:\/\/www.cinevox.be\/wp-content\/uploads\/sites\/2\/2012\/04\/2012-03-29-11h16_26-438x270.jpg\" alt=\"\" width=\"438\" height=\"270\" srcset=\"https:\/\/welovecinema.be\/wp-content\/uploads\/sites\/2\/2012\/04\/2012-03-29-11h16_26-438x270.jpg 438w, https:\/\/welovecinema.be\/wp-content\/uploads\/sites\/2\/2012\/04\/2012-03-29-11h16_26-800x492.jpg 800w, https:\/\/welovecinema.be\/wp-content\/uploads\/sites\/2\/2012\/04\/2012-03-29-11h16_26.jpg 834w\" sizes=\"auto, (max-width: 438px) 100vw, 438px\" \/><\/a>Aucune raison que l&rsquo;aventure s&rsquo;ach\u00e8ve en si bon chemin : apr\u00e8s avoir visit\u00e9 27 territoires, le long m\u00e9trage d\u00e9barquera bient\u00f4t en Roumaine (Independenta Film 97 SRL), au Danemark (\u00d8st for Paradis) et en Turquie (Yeni Bir Film Ldt).<\/p>\n<p>&nbsp;<\/p>\n<p>Cette r\u00e9ussite est-elle due au hasard? Pas vraiment. \u00a0En 2011, sans rien c\u00e9der \u00e0 la facilit\u00e9, les fr\u00e8res Dardenne \u00a0nous ont offert leur travail le plus engageant.\u00a0<em>Le Gamin au V\u00e9lo <\/em><em>a \u00e9t\u00e9 salu\u00e9 par tous comme une \u0153uvre<\/em><em> lumineuse<\/em>, plut\u00f4t optimiste. Et surtout, il b\u00e9n\u00e9ficiait, pour la premi\u00e8re fois, de l&rsquo;apport d&rsquo;une vraie vedette, jusqu&rsquo;ici \u00e9trang\u00e8re \u00e0 leur univers. Retrouver\u00a0<strong>C\u00e9cile de France<\/strong><strong> <\/strong>chez les fr\u00e8res est pourtant presque une \u00e9vidence, l&rsquo;expression d&rsquo;un plaisir partag\u00e9, la combinaison de deux mondes dont on obtient ici le meilleur. Mais, naturellement, s&rsquo;ils ont profit\u00e9 de l&rsquo;aura de la star, les fr\u00e8res ne se sont pas abandonn\u00e9s \u00e0 un cin\u00e9ma outrageusement commercial : <a href=\"http:\/\/www.cinevox.be\/videos\/les-freres-dardenne-a-propos-de-laccent-cecile\/\">c&rsquo;est C\u00e9cile qui s&rsquo;est coul\u00e9e dans leur moule. Pas l&rsquo;inverse.<\/a><\/p>\n<p>&nbsp;<\/p>\n<p><a rel=\"attachment wp-att-19211\" href=\"http:\/\/www.cinevox.be\/le-gamin-un-an-apres\/mdc-2012-5\/\"><img loading=\"lazy\" decoding=\"async\" class=\"aligncenter size-full wp-image-19211\" title=\"MDC 2012\" src=\"http:\/\/www.cinevox.be\/wp-content\/uploads\/sites\/2\/2012\/04\/IMAGELLAN_00003239-225.jpg\" alt=\"\" width=\"4510\" height=\"3096\" srcset=\"https:\/\/welovecinema.be\/wp-content\/uploads\/sites\/2\/2012\/04\/IMAGELLAN_00003239-225.jpg 4510w, https:\/\/welovecinema.be\/wp-content\/uploads\/sites\/2\/2012\/04\/IMAGELLAN_00003239-225-393x270.jpg 393w, https:\/\/welovecinema.be\/wp-content\/uploads\/sites\/2\/2012\/04\/IMAGELLAN_00003239-225-800x549.jpg 800w\" sizes=\"auto, (max-width: 4510px) 100vw, 4510px\" \/><\/a><\/p>\n<p>&nbsp;<\/p>\n<p>D&rsquo;autant que, de l&rsquo;avis g\u00e9n\u00e9ral, l&rsquo;attraction est ailleurs: outre la ma\u00eetrise formelle du film, la rigueur et la pr\u00e9cision de sa mise en sc\u00e8ne, on ne peut \u00e9chapper au formidable <strong>Thomas Doret,<\/strong> <a href=\"http:\/\/www.cinevox.be\/le-papa-de-thomas-doret-commence-une-photo-cannoise-de-son-fils\/\">acclam\u00e9 \u00e0 Cannes<\/a>, mais aussi dans les avant-premi\u00e8res belges et fran\u00e7aises, ou au <a href=\"http:\/\/www.cinevox.be\/thomas-doret-de-cannes-a-munich\/\">Festival de Munich o\u00f9 il a fait le show<\/a>. <a href=\"http:\/\/www.cinevox.be\/videos\/director-3\/\">Ce petit paquet de nerfs incroyablement sympathique dans la vie<\/a> a d&rsquo;ailleurs tap\u00e9 dans l&rsquo;\u0153il de tous les professionnels. Il a tourn\u00e9 \u00a0un deuxi\u00e8me long m\u00e9trage aux c\u00f4t\u00e9s de Vincent Rottiers et Michel Bouquet : <a href=\"http:\/\/www.cinevox.be\/thomas-doret-comme-dans-un-tableau-de-renoir\/\"><em>Renoir, La Source<\/em>.<\/a><em> <\/em>En f\u00e9vrier, il a \u00e9galement remport\u00e9 un indiscutable <a href=\"http:\/\/www.cinevox.be\/2e-magritte-du-cinema-les-resultats\/\">Magritte de la r\u00e9v\u00e9lation masculine de l&rsquo;ann\u00e9e<\/a>.<\/p>\n<p>&nbsp;<\/p>\n<p>&nbsp;<\/p>\n<p><a rel=\"attachment wp-att-19180\" href=\"http:\/\/www.cinevox.be\/le-gamin-un-an-apres\/le-gamin-dvd-3d-3\/\"><img loading=\"lazy\" decoding=\"async\" class=\"alignright size-large wp-image-19180\" title=\"LE GAMIN DVD-3D\" src=\"http:\/\/www.cinevox.be\/wp-content\/uploads\/sites\/2\/2012\/04\/LE-GAMIN-DVD-3D1-399x600.png\" alt=\"\" width=\"399\" height=\"600\" srcset=\"https:\/\/welovecinema.be\/wp-content\/uploads\/sites\/2\/2012\/04\/LE-GAMIN-DVD-3D1-399x600.png 399w, https:\/\/welovecinema.be\/wp-content\/uploads\/sites\/2\/2012\/04\/LE-GAMIN-DVD-3D1-179x270.png 179w, https:\/\/welovecinema.be\/wp-content\/uploads\/sites\/2\/2012\/04\/LE-GAMIN-DVD-3D1.png 665w\" sizes=\"auto, (max-width: 399px) 100vw, 399px\" \/><\/a>Jusqu&rsquo;ici\u00a0<em>Le Gamin au V\u00e9lo<\/em> a donc connu un parcours sans faute: il y a eu\u00a0<a href=\"http:\/\/www.cinevox.be\/le-cinema-belge-plebiscite-a-cannes\/\">Cannes<\/a>, une<a href=\"http:\/\/www.cinevox.be\/les-freres-dardenne-stanno-tutti-bene\/\">avalanche de prix sp\u00e9ciaux en Italie<\/a> (voir\u00a0<a href=\"http:\/\/www.cinevox.be\/i-fratelli-in-italia\/\">ICI<\/a>), des nominations aux\u00a0<a href=\"http:\/\/www.cinevox.be\/le-gamin-se-fait-l-a\/\">Golden Globes<\/a>, aux<a href=\"http:\/\/www.cinevox.be\/le-gamin-aux-cesar-avec-olivier\/\">C\u00e9sars<\/a> et aux\u00a0<a href=\"http:\/\/www.cinevox.be\/que-la-lumiere-soit\/\">prix Lumi\u00e8res<\/a> et plusieurs\u00a0<a href=\"http:\/\/www.cinevox.be\/les-laureats-cannois-a-lelysette\/\">reconnaissances wallonne<\/a>s, ce qui est important pour une \u00e9quipe aussi attach\u00e9e \u00e0 son terroir.<\/p>\n<p>&nbsp;<\/p>\n<p>film qui va bient\u00f4t \u00eatre diffus\u00e9 sur BeTV, il est disponible en DVD, servi en 16\/9, Dolby Digital 5.1 avec des sous-titres n\u00e9erlandais ce qui montre une vraie volont\u00e9 d&rsquo;ouverture (ce n&rsquo;est h\u00e9las pas assez souvent le cas dans l&rsquo;autre sens).<\/p>\n<p>&nbsp;<\/p>\n<p>En bonus, une interview de C\u00e9cile de France, des s\u00e9quences sur le tournage,\u00a0 un module intitul\u00e9 Retour \u00e0 Seraing et des sc\u00e8nes comment\u00e9es par les r\u00e9alisateurs.<\/p>\n<p>&nbsp;<\/p>\n<p>Et si on n&rsquo;y apprend pas dans ce DVD ce qui distingue forc\u00e9ment les deux fr\u00e8res, ne vous en faites pas: pour ce genre de question idiote, vous pouvez compter sur Cinevox. La r\u00e9ponse est <a href=\"http:\/\/www.cinevox.be\/videos\/les-freres-dardenne-qui-fait-quoi\/\">ici<\/a>.<\/p>\n<p>&nbsp;<\/p>\n","protected":false},"excerpt":{"rendered":"<p>Stars mythiques du Festival de Cannes depuis 12 ans, les Fr\u00e8res Dardenne n&rsquo;ont plus rien \u00e0 prouver aux cin\u00e9philes du monde entier. Mais depuis Rosetta, Palme d&rsquo;Or en 1999 (doubl\u00e9e d&rsquo;un prix d&rsquo;interpr\u00e9tation pour\u00a0\u00c9milie Dequenne), il leur manquait un vrai succ\u00e8s public. Ils le tiennent enfin. Oui, pour une \u0153uvre de ce calibre, Le Gamin &hellip;<\/p>\n","protected":false},"author":7,"featured_media":9788,"comment_status":"closed","ping_status":"closed","sticky":false,"template":"","format":"standard","meta":{"ngg_post_thumbnail":0,"footnotes":""},"categories":[1923],"tags":[],"class_list":["post-9785","post","type-post","status-publish","format-standard","has-post-thumbnail","","category-en-bref"],"yoast_head":"<!-- This site is optimized with the Yoast SEO plugin v20.4 - https:\/\/yoast.com\/wordpress\/plugins\/seo\/ -->\n<title>Le Gamin, un an apr\u00e8s (ou presque) - We Love Cinema<\/title>\n<meta name=\"robots\" content=\"index, follow, max-snippet:-1, max-image-preview:large, max-video-preview:-1\" \/>\n<link rel=\"canonical\" href=\"https:\/\/welovecinema.be\/fr\/le-gamin-un-an-apres\/\" \/>\n<meta property=\"og:locale\" content=\"fr_FR\" \/>\n<meta property=\"og:type\" content=\"article\" \/>\n<meta property=\"og:title\" content=\"Le Gamin, un an apr\u00e8s (ou presque) - We Love Cinema\" \/>\n<meta property=\"og:description\" content=\"Stars mythiques du Festival de Cannes depuis 12 ans, les Fr\u00e8res Dardenne n&rsquo;ont plus rien \u00e0 prouver aux cin\u00e9philes du monde entier. Mais depuis Rosetta, Palme d&rsquo;Or en 1999 (doubl\u00e9e d&rsquo;un prix d&rsquo;interpr\u00e9tation pour\u00a0\u00c9milie Dequenne), il leur manquait un vrai succ\u00e8s public. Ils le tiennent enfin. Oui, pour une \u0153uvre de ce calibre, Le Gamin &hellip;\" \/>\n<meta property=\"og:url\" content=\"https:\/\/welovecinema.be\/fr\/le-gamin-un-an-apres\/\" \/>\n<meta property=\"og:site_name\" content=\"We Love Cinema\" \/>\n<meta property=\"article:publisher\" content=\"https:\/\/www.facebook.com\/welovecinema.be\" \/>\n<meta property=\"article:published_time\" content=\"2012-04-12T06:47:13+00:00\" \/>\n<meta property=\"article:modified_time\" content=\"2012-04-12T11:21:52+00:00\" \/>\n<meta property=\"og:image\" content=\"https:\/\/welovecinema.be\/wp-content\/uploads\/sites\/2\/2011\/10\/gamin.jpg\" \/>\n\t<meta property=\"og:image:width\" content=\"650\" \/>\n\t<meta property=\"og:image:height\" content=\"495\" \/>\n\t<meta property=\"og:image:type\" content=\"image\/jpeg\" \/>\n<meta name=\"author\" content=\"Philippe.Pierquin\" \/>\n<meta name=\"twitter:card\" content=\"summary_large_image\" \/>\n<meta name=\"twitter:label1\" content=\"\u00c9crit par\" \/>\n\t<meta name=\"twitter:data1\" content=\"Philippe.Pierquin\" \/>\n\t<meta name=\"twitter:label2\" content=\"Dur\u00e9e de lecture estim\u00e9e\" \/>\n\t<meta name=\"twitter:data2\" content=\"5 minutes\" \/>\n<script type=\"application\/ld+json\" class=\"yoast-schema-graph\">{\"@context\":\"https:\/\/schema.org\",\"@graph\":[{\"@type\":\"Article\",\"@id\":\"https:\/\/welovecinema.be\/fr\/le-gamin-un-an-apres\/#article\",\"isPartOf\":{\"@id\":\"https:\/\/welovecinema.be\/fr\/le-gamin-un-an-apres\/\"},\"author\":{\"name\":\"Philippe.Pierquin\",\"@id\":\"https:\/\/welovecinema.be\/nl\/#\/schema\/person\/4b9b1d857f0943453a38a7c2859ef756\"},\"headline\":\"Le Gamin, un an apr\u00e8s (ou presque)\",\"datePublished\":\"2012-04-12T06:47:13+00:00\",\"dateModified\":\"2012-04-12T11:21:52+00:00\",\"mainEntityOfPage\":{\"@id\":\"https:\/\/welovecinema.be\/fr\/le-gamin-un-an-apres\/\"},\"wordCount\":1123,\"publisher\":{\"@id\":\"https:\/\/welovecinema.be\/nl\/#organization\"},\"articleSection\":[\"En bref\"],\"inLanguage\":\"fr-FR\"},{\"@type\":\"WebPage\",\"@id\":\"https:\/\/welovecinema.be\/fr\/le-gamin-un-an-apres\/\",\"url\":\"https:\/\/welovecinema.be\/fr\/le-gamin-un-an-apres\/\",\"name\":\"Le Gamin, un an apr\u00e8s (ou presque) - We Love Cinema\",\"isPartOf\":{\"@id\":\"https:\/\/welovecinema.be\/nl\/#website\"},\"datePublished\":\"2012-04-12T06:47:13+00:00\",\"dateModified\":\"2012-04-12T11:21:52+00:00\",\"breadcrumb\":{\"@id\":\"https:\/\/welovecinema.be\/fr\/le-gamin-un-an-apres\/#breadcrumb\"},\"inLanguage\":\"fr-FR\",\"potentialAction\":[{\"@type\":\"ReadAction\",\"target\":[\"https:\/\/welovecinema.be\/fr\/le-gamin-un-an-apres\/\"]}]},{\"@type\":\"BreadcrumbList\",\"@id\":\"https:\/\/welovecinema.be\/fr\/le-gamin-un-an-apres\/#breadcrumb\",\"itemListElement\":[{\"@type\":\"ListItem\",\"position\":1,\"name\":\"Accueil\",\"item\":\"https:\/\/welovecinema.be\/fr\/\"},{\"@type\":\"ListItem\",\"position\":2,\"name\":\"Le Gamin, un an apr\u00e8s (ou presque)\"}]},{\"@type\":\"WebSite\",\"@id\":\"https:\/\/welovecinema.be\/nl\/#website\",\"url\":\"https:\/\/welovecinema.be\/nl\/\",\"name\":\"We Love Cinema\",\"description\":\"Toute l\u2019information du cin\u00e9ma en Belgique\",\"publisher\":{\"@id\":\"https:\/\/welovecinema.be\/nl\/#organization\"},\"potentialAction\":[{\"@type\":\"SearchAction\",\"target\":{\"@type\":\"EntryPoint\",\"urlTemplate\":\"https:\/\/welovecinema.be\/nl\/?s={search_term_string}\"},\"query-input\":\"required name=search_term_string\"}],\"inLanguage\":\"fr-FR\"},{\"@type\":\"Organization\",\"@id\":\"https:\/\/welovecinema.be\/nl\/#organization\",\"name\":\"We Love Cinema\",\"url\":\"https:\/\/welovecinema.be\/nl\/\",\"logo\":{\"@type\":\"ImageObject\",\"inLanguage\":\"fr-FR\",\"@id\":\"https:\/\/welovecinema.be\/nl\/#\/schema\/logo\/image\/\",\"url\":\"https:\/\/welovecinema.be\/wp-content\/uploads\/sites\/2\/2023\/03\/Logo-We-Love-Cinema305x128.jpg\",\"contentUrl\":\"https:\/\/welovecinema.be\/wp-content\/uploads\/sites\/2\/2023\/03\/Logo-We-Love-Cinema305x128.jpg\",\"width\":305,\"height\":128,\"caption\":\"We Love Cinema\"},\"image\":{\"@id\":\"https:\/\/welovecinema.be\/nl\/#\/schema\/logo\/image\/\"},\"sameAs\":[\"https:\/\/www.facebook.com\/welovecinema.be\",\"https:\/\/www.youtube.com\/channel\/UCX5LYGVhnKvYauW4Nta4HJA\",\"https:\/\/www.instagram.com\/welovecinema.be\/\"]},{\"@type\":\"Person\",\"@id\":\"https:\/\/welovecinema.be\/nl\/#\/schema\/person\/4b9b1d857f0943453a38a7c2859ef756\",\"name\":\"Philippe.Pierquin\",\"url\":\"https:\/\/welovecinema.be\/fr\/author\/philippe-pierquin\/\"}]}<\/script>\n<!-- \/ Yoast SEO plugin. -->","yoast_head_json":{"title":"Le Gamin, un an apr\u00e8s (ou presque) - We Love Cinema","robots":{"index":"index","follow":"follow","max-snippet":"max-snippet:-1","max-image-preview":"max-image-preview:large","max-video-preview":"max-video-preview:-1"},"canonical":"https:\/\/welovecinema.be\/fr\/le-gamin-un-an-apres\/","og_locale":"fr_FR","og_type":"article","og_title":"Le Gamin, un an apr\u00e8s (ou presque) - We Love Cinema","og_description":"Stars mythiques du Festival de Cannes depuis 12 ans, les Fr\u00e8res Dardenne n&rsquo;ont plus rien \u00e0 prouver aux cin\u00e9philes du monde entier. Mais depuis Rosetta, Palme d&rsquo;Or en 1999 (doubl\u00e9e d&rsquo;un prix d&rsquo;interpr\u00e9tation pour\u00a0\u00c9milie Dequenne), il leur manquait un vrai succ\u00e8s public. Ils le tiennent enfin. Oui, pour une \u0153uvre de ce calibre, Le Gamin &hellip;","og_url":"https:\/\/welovecinema.be\/fr\/le-gamin-un-an-apres\/","og_site_name":"We Love Cinema","article_publisher":"https:\/\/www.facebook.com\/welovecinema.be","article_published_time":"2012-04-12T06:47:13+00:00","article_modified_time":"2012-04-12T11:21:52+00:00","og_image":[{"width":"650","height":"495","url":"https:\/\/welovecinema.be\/wp-content\/uploads\/sites\/2\/2011\/10\/gamin.jpg","type":"image\/jpeg"}],"author":"Philippe.Pierquin","twitter_card":"summary_large_image","twitter_misc":{"\u00c9crit par":"Philippe.Pierquin","Dur\u00e9e de lecture estim\u00e9e":"5 minutes"},"schema":{"@context":"https:\/\/schema.org","@graph":[{"@type":"Article","@id":"https:\/\/welovecinema.be\/fr\/le-gamin-un-an-apres\/#article","isPartOf":{"@id":"https:\/\/welovecinema.be\/fr\/le-gamin-un-an-apres\/"},"author":{"name":"Philippe.Pierquin","@id":"https:\/\/welovecinema.be\/nl\/#\/schema\/person\/4b9b1d857f0943453a38a7c2859ef756"},"headline":"Le Gamin, un an apr\u00e8s (ou presque)","datePublished":"2012-04-12T06:47:13+00:00","dateModified":"2012-04-12T11:21:52+00:00","mainEntityOfPage":{"@id":"https:\/\/welovecinema.be\/fr\/le-gamin-un-an-apres\/"},"wordCount":1123,"publisher":{"@id":"https:\/\/welovecinema.be\/nl\/#organization"},"articleSection":["En bref"],"inLanguage":"fr-FR"},{"@type":"WebPage","@id":"https:\/\/welovecinema.be\/fr\/le-gamin-un-an-apres\/","url":"https:\/\/welovecinema.be\/fr\/le-gamin-un-an-apres\/","name":"Le Gamin, un an apr\u00e8s (ou presque) - We Love Cinema","isPartOf":{"@id":"https:\/\/welovecinema.be\/nl\/#website"},"datePublished":"2012-04-12T06:47:13+00:00","dateModified":"2012-04-12T11:21:52+00:00","breadcrumb":{"@id":"https:\/\/welovecinema.be\/fr\/le-gamin-un-an-apres\/#breadcrumb"},"inLanguage":"fr-FR","potentialAction":[{"@type":"ReadAction","target":["https:\/\/welovecinema.be\/fr\/le-gamin-un-an-apres\/"]}]},{"@type":"BreadcrumbList","@id":"https:\/\/welovecinema.be\/fr\/le-gamin-un-an-apres\/#breadcrumb","itemListElement":[{"@type":"ListItem","position":1,"name":"Accueil","item":"https:\/\/welovecinema.be\/fr\/"},{"@type":"ListItem","position":2,"name":"Le Gamin, un an apr\u00e8s (ou presque)"}]},{"@type":"WebSite","@id":"https:\/\/welovecinema.be\/nl\/#website","url":"https:\/\/welovecinema.be\/nl\/","name":"We Love Cinema","description":"Toute l\u2019information du cin\u00e9ma en Belgique","publisher":{"@id":"https:\/\/welovecinema.be\/nl\/#organization"},"potentialAction":[{"@type":"SearchAction","target":{"@type":"EntryPoint","urlTemplate":"https:\/\/welovecinema.be\/nl\/?s={search_term_string}"},"query-input":"required name=search_term_string"}],"inLanguage":"fr-FR"},{"@type":"Organization","@id":"https:\/\/welovecinema.be\/nl\/#organization","name":"We Love Cinema","url":"https:\/\/welovecinema.be\/nl\/","logo":{"@type":"ImageObject","inLanguage":"fr-FR","@id":"https:\/\/welovecinema.be\/nl\/#\/schema\/logo\/image\/","url":"https:\/\/welovecinema.be\/wp-content\/uploads\/sites\/2\/2023\/03\/Logo-We-Love-Cinema305x128.jpg","contentUrl":"https:\/\/welovecinema.be\/wp-content\/uploads\/sites\/2\/2023\/03\/Logo-We-Love-Cinema305x128.jpg","width":305,"height":128,"caption":"We Love Cinema"},"image":{"@id":"https:\/\/welovecinema.be\/nl\/#\/schema\/logo\/image\/"},"sameAs":["https:\/\/www.facebook.com\/welovecinema.be","https:\/\/www.youtube.com\/channel\/UCX5LYGVhnKvYauW4Nta4HJA","https:\/\/www.instagram.com\/welovecinema.be\/"]},{"@type":"Person","@id":"https:\/\/welovecinema.be\/nl\/#\/schema\/person\/4b9b1d857f0943453a38a7c2859ef756","name":"Philippe.Pierquin","url":"https:\/\/welovecinema.be\/fr\/author\/philippe-pierquin\/"}]}},"_links":{"self":[{"href":"https:\/\/welovecinema.be\/fr\/wp-json\/wp\/v2\/posts\/9785","targetHints":{"allow":["GET"]}}],"collection":[{"href":"https:\/\/welovecinema.be\/fr\/wp-json\/wp\/v2\/posts"}],"about":[{"href":"https:\/\/welovecinema.be\/fr\/wp-json\/wp\/v2\/types\/post"}],"author":[{"embeddable":true,"href":"https:\/\/welovecinema.be\/fr\/wp-json\/wp\/v2\/users\/7"}],"replies":[{"embeddable":true,"href":"https:\/\/welovecinema.be\/fr\/wp-json\/wp\/v2\/comments?post=9785"}],"version-history":[{"count":0,"href":"https:\/\/welovecinema.be\/fr\/wp-json\/wp\/v2\/posts\/9785\/revisions"}],"wp:featuredmedia":[{"embeddable":true,"href":"https:\/\/welovecinema.be\/fr\/wp-json\/wp\/v2\/media\/9788"}],"wp:attachment":[{"href":"https:\/\/welovecinema.be\/fr\/wp-json\/wp\/v2\/media?parent=9785"}],"wp:term":[{"taxonomy":"category","embeddable":true,"href":"https:\/\/welovecinema.be\/fr\/wp-json\/wp\/v2\/categories?post=9785"},{"taxonomy":"post_tag","embeddable":true,"href":"https:\/\/welovecinema.be\/fr\/wp-json\/wp\/v2\/tags?post=9785"}],"curies":[{"name":"wp","href":"https:\/\/api.w.org\/{rel}","templated":true}]}}