{"id":9396,"date":"2011-10-09T08:24:00","date_gmt":"2011-10-09T08:24:00","guid":{"rendered":"http:\/\/www.cinevox.be\/?p=9396"},"modified":"2011-10-09T20:03:33","modified_gmt":"2011-10-09T20:03:33","slug":"soiree-de-cloture-du-fiff-du-bonheur-pour-notre-cine","status":"publish","type":"post","link":"https:\/\/welovecinema.be\/fr\/soiree-de-cloture-du-fiff-du-bonheur-pour-notre-cine\/","title":{"rendered":"Soir\u00e9e de cl\u00f4ture du FIFF <br> Du bonheur pour notre cin\u00e9 !"},"content":{"rendered":"<p>Qui dit palmar\u00e8s et remise des Bayard dit aussi sourires, remerciements, enthousiasme; soir\u00e9e pass\u00e9e dans la joie et l&rsquo;all\u00e9gresse. De quoi boucler en beaut\u00e9 un des\u00a0plus\u00a0beaux FIFF de l&rsquo;histoire dont tout le monde, pendant toute la semaine, a lou\u00e9 le professionnalisme d\u00e9contract\u00e9 et le niveau de la s\u00e9lection.<\/p>\n<p><!--more--><\/p>\n<p>Evidemment, ce facteur d\u00e9pend en partie de la qualit\u00e9 des productions disponibles \u00e0 un moment pr\u00e9cis du calendrier. N&#8217;emp\u00eache : personne n&rsquo;a d\u00fb se forcer\u00a0pour\u00a0aller assister aux\u00a0visions\u00a0de presse, beaucoup de spectateurs se pressaient aux projections publiques et les invit\u00e9s belges ou \u00e9trangers que nous avons crois\u00e9s \u00e9taient tous ravis d&rsquo;avoir \u00e9t\u00e9 convi\u00e9s \u00e0 l&rsquo;\u00e9v\u00e8nement.<\/p>\n<p>Comme la m\u00e9t\u00e9o a \u00a0\u00e9t\u00e9 radieuse pendant les quatre premiers jours de la manifestation, on se dit qu&rsquo;on avait tous beaucoup de chance d&rsquo;\u00eatre l\u00e0.<\/p>\n<p>Et qu&rsquo;on est d\u00e9j\u00e0 impatients de revenir l&rsquo;ann\u00e9e prochaine.<\/p>\n<p>Une des tendances lourdes de cette ann\u00e9e (d&rsquo;o\u00f9 le classement de cet article) fut l&rsquo;excellente vitalit\u00e9 de nos repr\u00e9sentants qui ont arrach\u00e9 trois prix dans les sections internationales. Et affich\u00e9 d&rsquo;excellentes dispositions dans toutes les autres comp\u00e9titions.<\/p>\n<p>&nbsp;<\/p>\n<p style=\"text-align: right;\"><a rel=\"attachment wp-att-9406\" href=\"http:\/\/www.cinevox.be\/soiree-de-cloture-du-fiff-du-bonheur-pour-notre-cine\/_ant0282\/\"><img loading=\"lazy\" decoding=\"async\" class=\"aligncenter size-full wp-image-9406\" title=\"_ANT0282\" src=\"http:\/\/www.cinevox.be\/wp-content\/uploads\/sites\/2\/2011\/10\/ANT0282.jpg\" alt=\"\" width=\"1000\" height=\"665\" srcset=\"https:\/\/welovecinema.be\/wp-content\/uploads\/sites\/2\/2011\/10\/ANT0282.jpg 1000w, https:\/\/welovecinema.be\/wp-content\/uploads\/sites\/2\/2011\/10\/ANT0282-406x270.jpg 406w, https:\/\/welovecinema.be\/wp-content\/uploads\/sites\/2\/2011\/10\/ANT0282-800x532.jpg 800w\" sizes=\"auto, (max-width: 1000px) 100vw, 1000px\" \/><\/a><em>[<strong>Pierre Schoeller<\/strong> ravi et <strong>Olivier Gourmet <\/strong>d\u00e9cha\u00een\u00e9: ce Bayard du meilleur sc\u00e9nario est presque un minimum pour L&rsquo;Exercice de l&rsquo;Etat qui a fait l&rsquo;unanimit\u00e9 pendant cette semaine]<\/em><\/p>\n<p>&nbsp;<\/p>\n<p><a rel=\"attachment wp-att-9398\" href=\"http:\/\/www.cinevox.be\/soiree-de-cloture-du-fiff-du-bonheur-pour-notre-cine\/_ant0251\/\"><img loading=\"lazy\" decoding=\"async\" class=\"aligncenter size-full wp-image-9398\" title=\"_ANT0251\" src=\"http:\/\/www.cinevox.be\/wp-content\/uploads\/sites\/2\/2011\/10\/ANT0251.jpg\" alt=\"\" width=\"1000\" height=\"665\" srcset=\"https:\/\/welovecinema.be\/wp-content\/uploads\/sites\/2\/2011\/10\/ANT0251.jpg 1000w, https:\/\/welovecinema.be\/wp-content\/uploads\/sites\/2\/2011\/10\/ANT0251-406x270.jpg 406w, https:\/\/welovecinema.be\/wp-content\/uploads\/sites\/2\/2011\/10\/ANT0251-800x532.jpg 800w\" sizes=\"auto, (max-width: 1000px) 100vw, 1000px\" \/><\/a><\/p>\n<p style=\"text-align: right;\"><em>[<strong>Paul Bartel <\/strong>et<strong> Martin Nissen<\/strong>, deux des trois jeunes G\u00e9ants de Bouli. Et d\u00e9j\u00e0 de sacr\u00e9s acteurs qui se\u00a0pr\u00eatent\u00a0volontiers aux interviews. mais acceptent aussi de prendre la pause quand on leur demande gentiment&#8230;]<\/em><\/p>\n<p style=\"text-align: right;\"><em><br \/>\n<\/em><\/p>\n<p><a rel=\"attachment wp-att-9422\" href=\"http:\/\/www.cinevox.be\/soiree-de-cloture-du-fiff-du-bonheur-pour-notre-cine\/_ant0252\/\"><img loading=\"lazy\" decoding=\"async\" class=\"aligncenter size-full wp-image-9422\" title=\"_ANT0252\" src=\"http:\/\/www.cinevox.be\/wp-content\/uploads\/sites\/2\/2011\/10\/ANT0252.jpg\" alt=\"\" width=\"1000\" height=\"665\" srcset=\"https:\/\/welovecinema.be\/wp-content\/uploads\/sites\/2\/2011\/10\/ANT0252.jpg 1000w, https:\/\/welovecinema.be\/wp-content\/uploads\/sites\/2\/2011\/10\/ANT0252-406x270.jpg 406w, https:\/\/welovecinema.be\/wp-content\/uploads\/sites\/2\/2011\/10\/ANT0252-800x532.jpg 800w\" sizes=\"auto, (max-width: 1000px) 100vw, 1000px\" \/><\/a><\/p>\n<p>&nbsp;<\/p>\n<p>&nbsp;<\/p>\n<p><a rel=\"attachment wp-att-9399\" href=\"http:\/\/www.cinevox.be\/soiree-de-cloture-du-fiff-du-bonheur-pour-notre-cine\/_ant0260\/\"><img loading=\"lazy\" decoding=\"async\" class=\"aligncenter size-full wp-image-9399\" title=\"_ANT0260\" src=\"http:\/\/www.cinevox.be\/wp-content\/uploads\/sites\/2\/2011\/10\/ANT0260.jpg\" alt=\"\" width=\"1000\" height=\"665\" srcset=\"https:\/\/welovecinema.be\/wp-content\/uploads\/sites\/2\/2011\/10\/ANT0260.jpg 1000w, https:\/\/welovecinema.be\/wp-content\/uploads\/sites\/2\/2011\/10\/ANT0260-406x270.jpg 406w, https:\/\/welovecinema.be\/wp-content\/uploads\/sites\/2\/2011\/10\/ANT0260-800x532.jpg 800w\" sizes=\"auto, (max-width: 1000px) 100vw, 1000px\" \/><\/a><\/p>\n<p style=\"text-align: right;\"><strong><em>[Jonathan Zaccai<\/em><\/strong><strong><em> <\/em><\/strong><em>avec sa compagne<\/em><em> <\/em><strong><em>Elodie Hesme<\/em><\/strong><em>, actrice, r\u00e9alisatrice, sc\u00e9nariste et paroli\u00e8re qui joue dans son premier long m\u00e9trage. Un joli dipl\u00f4me qui augure d&rsquo;une nouvelle carri\u00e8re pour une des stars montantes de notre cin\u00e9ma. \u00a0]<\/em><\/p>\n<p style=\"text-align: right;\">&nbsp;<\/p>\n<p style=\"text-align: right;\"><a rel=\"attachment wp-att-9423\" href=\"http:\/\/www.cinevox.be\/soiree-de-cloture-du-fiff-du-bonheur-pour-notre-cine\/_ant0268\/\"><img loading=\"lazy\" decoding=\"async\" class=\"aligncenter size-full wp-image-9423\" title=\"_ANT0268\" src=\"http:\/\/www.cinevox.be\/wp-content\/uploads\/sites\/2\/2011\/10\/ANT0268.jpg\" alt=\"\" width=\"1000\" height=\"665\" srcset=\"https:\/\/welovecinema.be\/wp-content\/uploads\/sites\/2\/2011\/10\/ANT0268.jpg 1000w, https:\/\/welovecinema.be\/wp-content\/uploads\/sites\/2\/2011\/10\/ANT0268-406x270.jpg 406w, https:\/\/welovecinema.be\/wp-content\/uploads\/sites\/2\/2011\/10\/ANT0268-800x532.jpg 800w\" sizes=\"auto, (max-width: 1000px) 100vw, 1000px\" \/><\/a><\/p>\n<p style=\"text-align: right;\"><em> [ BeTV soutient \u00a0la diffusion et la promotion du cin\u00e9ma belge francophone par l\u2019interm\u00e9diaire de ce prix consistant en l\u2019achat des droits de diffusion sur la cha\u00eene et d\u00e9cern\u00e9 au sein de la s\u00e9lection Longs m\u00e9trages belges] <\/em><\/p>\n<p style=\"text-align: right;\">&nbsp;<\/p>\n<p><a rel=\"attachment wp-att-9400\" href=\"http:\/\/www.cinevox.be\/soiree-de-cloture-du-fiff-du-bonheur-pour-notre-cine\/_ant0273\/\"><img loading=\"lazy\" decoding=\"async\" class=\"aligncenter size-full wp-image-9400\" title=\"_ANT0273\" src=\"http:\/\/www.cinevox.be\/wp-content\/uploads\/sites\/2\/2011\/10\/ANT0273.jpg\" alt=\"\" width=\"1000\" height=\"665\" srcset=\"https:\/\/welovecinema.be\/wp-content\/uploads\/sites\/2\/2011\/10\/ANT0273.jpg 1000w, https:\/\/welovecinema.be\/wp-content\/uploads\/sites\/2\/2011\/10\/ANT0273-406x270.jpg 406w, https:\/\/welovecinema.be\/wp-content\/uploads\/sites\/2\/2011\/10\/ANT0273-800x532.jpg 800w\" sizes=\"auto, (max-width: 1000px) 100vw, 1000px\" \/><\/a><\/p>\n<p style=\"text-align: right;\"><em>[Apr\u00e8s sa distinction cannoise, Dimanches de<\/em><em> <\/em><strong><em>Valery Rosier<\/em><\/strong><em> <\/em><em>a re\u00e7u le prix de la meilleur photo (<\/em><strong><em>Olivier Boonjing)<\/em><\/strong><strong><em> <\/em><\/strong><em>dans la comp\u00e9tition des courts m\u00e9trages belges]<\/em><\/p>\n<p style=\"text-align: right;\">&nbsp;<\/p>\n<p style=\"text-align: right;\"><a rel=\"attachment wp-att-9469\" href=\"http:\/\/www.cinevox.be\/soiree-de-cloture-du-fiff-du-bonheur-pour-notre-cine\/_ant0028\/\"><img loading=\"lazy\" decoding=\"async\" class=\"aligncenter size-full wp-image-9469\" title=\"_ANT0028\" src=\"http:\/\/www.cinevox.be\/wp-content\/uploads\/sites\/2\/2011\/10\/ANT0028.jpg\" alt=\"\" width=\"1000\" height=\"665\" srcset=\"https:\/\/welovecinema.be\/wp-content\/uploads\/sites\/2\/2011\/10\/ANT0028.jpg 1000w, https:\/\/welovecinema.be\/wp-content\/uploads\/sites\/2\/2011\/10\/ANT0028-406x270.jpg 406w, https:\/\/welovecinema.be\/wp-content\/uploads\/sites\/2\/2011\/10\/ANT0028-800x532.jpg 800w\" sizes=\"auto, (max-width: 1000px) 100vw, 1000px\" \/><\/a><\/p>\n<p style=\"text-align: right;\"><em>[<strong>Christophe Hermans<\/strong>, prix du public du\u00a0meilleur\u00a0documentaire. Il a aussi tourn\u00e9 r\u00e9cemment le making of de Mobil Home]<\/em><\/p>\n<p style=\"text-align: right;\">&nbsp;<\/p>\n<p style=\"text-align: right;\"><em><a rel=\"attachment wp-att-9426\" href=\"http:\/\/www.cinevox.be\/soiree-de-cloture-du-fiff-du-bonheur-pour-notre-cine\/_ant0277\/\"><img loading=\"lazy\" decoding=\"async\" class=\"aligncenter size-full wp-image-9426\" title=\"_ANT0277\" src=\"http:\/\/www.cinevox.be\/wp-content\/uploads\/sites\/2\/2011\/10\/ANT0277.jpg\" alt=\"\" width=\"1000\" height=\"665\" srcset=\"https:\/\/welovecinema.be\/wp-content\/uploads\/sites\/2\/2011\/10\/ANT0277.jpg 1000w, https:\/\/welovecinema.be\/wp-content\/uploads\/sites\/2\/2011\/10\/ANT0277-406x270.jpg 406w, https:\/\/welovecinema.be\/wp-content\/uploads\/sites\/2\/2011\/10\/ANT0277-800x532.jpg 800w\" sizes=\"auto, (max-width: 1000px) 100vw, 1000px\" \/><\/a><\/em><\/p>\n<p style=\"text-align: right;\"><em>[Dans la cat\u00e9gorie des courts m\u00e9trages belges, <strong>Jean-Jacques Rausin<\/strong> a re\u00e7u le prix d&rsquo;interpr\u00e9tation pour Mauvaise Lune de <strong>Xavier Seron<\/strong> et <strong>M\u00e9ryl Fortunat-Rossi]<\/strong><\/em><\/p>\n<p style=\"text-align: right;\">&nbsp;<\/p>\n<p style=\"text-align: right;\"><em><strong><a rel=\"attachment wp-att-9429\" href=\"http:\/\/www.cinevox.be\/soiree-de-cloture-du-fiff-du-bonheur-pour-notre-cine\/_ant0097\/\"><img loading=\"lazy\" decoding=\"async\" class=\"aligncenter size-full wp-image-9429\" title=\"_ANT0097\" src=\"http:\/\/www.cinevox.be\/wp-content\/uploads\/sites\/2\/2011\/10\/ANT0097.jpg\" alt=\"\" width=\"1000\" height=\"665\" srcset=\"https:\/\/welovecinema.be\/wp-content\/uploads\/sites\/2\/2011\/10\/ANT0097.jpg 1000w, https:\/\/welovecinema.be\/wp-content\/uploads\/sites\/2\/2011\/10\/ANT0097-406x270.jpg 406w, https:\/\/welovecinema.be\/wp-content\/uploads\/sites\/2\/2011\/10\/ANT0097-800x532.jpg 800w\" sizes=\"auto, (max-width: 1000px) 100vw, 1000px\" \/><\/a><\/strong><\/em><\/p>\n<p style=\"text-align: right;\"><em>[<strong>Matthieu Donck<\/strong>, r\u00e9alisateur de Torpedo avec Fran\u00e7ois Damiens qui devrait nous arriver au printemps a remis \u00e0 <strong>Emmanuel Marre<\/strong> le prix du meilleur court m\u00e9trage belge pour Le Petit Chevalier]<\/em><\/p>\n<p style=\"text-align: right;\"><em><br \/>\n<\/em><\/p>\n<p style=\"text-align: right;\"><a rel=\"attachment wp-att-9432\" href=\"http:\/\/www.cinevox.be\/soiree-de-cloture-du-fiff-du-bonheur-pour-notre-cine\/_ant0091\/\"><img loading=\"lazy\" decoding=\"async\" class=\"aligncenter size-full wp-image-9432\" title=\"_ANT0091\" src=\"http:\/\/www.cinevox.be\/wp-content\/uploads\/sites\/2\/2011\/10\/ANT0091.jpg\" alt=\"\" width=\"1000\" height=\"665\" srcset=\"https:\/\/welovecinema.be\/wp-content\/uploads\/sites\/2\/2011\/10\/ANT0091.jpg 1000w, https:\/\/welovecinema.be\/wp-content\/uploads\/sites\/2\/2011\/10\/ANT0091-406x270.jpg 406w, https:\/\/welovecinema.be\/wp-content\/uploads\/sites\/2\/2011\/10\/ANT0091-800x532.jpg 800w\" sizes=\"auto, (max-width: 1000px) 100vw, 1000px\" \/><\/a><em>[Matthieu a\u00a0d\u2019ailleurs\u00a0assur\u00e9 deux service remettant \u00e0 <strong>Gerlando Infuso<\/strong>, le prix du jury du meilleur court m\u00e9trage belge pour L&rsquo;Oeil du Paon]<\/em><\/p>\n<p>&nbsp;<\/p>\n<p>Voir aussi notre article et les photos consacr\u00e9s au <a href=\"http:\/\/www.cinevox.be\/superbe-cloture-du-fiff-les-geants-et-lexercice-de-letat-au-palmares\/\" target=\"_blank\">palmar\u00e8s du FIFF<\/a><\/p>\n","protected":false},"excerpt":{"rendered":"<p>Qui dit palmar\u00e8s et remise des Bayard dit aussi sourires, remerciements, enthousiasme; soir\u00e9e pass\u00e9e dans la joie et l&rsquo;all\u00e9gresse. De quoi boucler en beaut\u00e9 un des\u00a0plus\u00a0beaux FIFF de l&rsquo;histoire dont tout le monde, pendant toute la semaine, a lou\u00e9 le professionnalisme d\u00e9contract\u00e9 et le niveau de la s\u00e9lection.<\/p>\n","protected":false},"author":7,"featured_media":9408,"comment_status":"closed","ping_status":"closed","sticky":false,"template":"","format":"standard","meta":{"ngg_post_thumbnail":0,"footnotes":""},"categories":[1923],"tags":[],"class_list":["post-9396","post","type-post","status-publish","format-standard","has-post-thumbnail","","category-en-bref"],"yoast_head":"<!-- This site is optimized with the Yoast SEO plugin v20.4 - https:\/\/yoast.com\/wordpress\/plugins\/seo\/ -->\n<title>Soir\u00e9e de cl\u00f4ture du FIFF  Du bonheur pour notre cin\u00e9 ! - We Love Cinema<\/title>\n<meta name=\"robots\" content=\"index, follow, max-snippet:-1, max-image-preview:large, max-video-preview:-1\" \/>\n<link rel=\"canonical\" href=\"https:\/\/welovecinema.be\/fr\/soiree-de-cloture-du-fiff-du-bonheur-pour-notre-cine\/\" \/>\n<meta property=\"og:locale\" content=\"fr_FR\" \/>\n<meta property=\"og:type\" content=\"article\" \/>\n<meta property=\"og:title\" content=\"Soir\u00e9e de cl\u00f4ture du FIFF  Du bonheur pour notre cin\u00e9 ! - We Love Cinema\" \/>\n<meta property=\"og:description\" content=\"Qui dit palmar\u00e8s et remise des Bayard dit aussi sourires, remerciements, enthousiasme; soir\u00e9e pass\u00e9e dans la joie et l&rsquo;all\u00e9gresse. De quoi boucler en beaut\u00e9 un des\u00a0plus\u00a0beaux FIFF de l&rsquo;histoire dont tout le monde, pendant toute la semaine, a lou\u00e9 le professionnalisme d\u00e9contract\u00e9 et le niveau de la s\u00e9lection.\" \/>\n<meta property=\"og:url\" content=\"https:\/\/welovecinema.be\/fr\/soiree-de-cloture-du-fiff-du-bonheur-pour-notre-cine\/\" \/>\n<meta property=\"og:site_name\" content=\"We Love Cinema\" \/>\n<meta property=\"article:publisher\" content=\"https:\/\/www.facebook.com\/welovecinema.be\" \/>\n<meta property=\"article:published_time\" content=\"2011-10-09T08:24:00+00:00\" \/>\n<meta property=\"article:modified_time\" content=\"2011-10-09T20:03:33+00:00\" \/>\n<meta property=\"og:image\" content=\"https:\/\/welovecinema.be\/wp-content\/uploads\/sites\/2\/2011\/10\/ANT0204.jpg\" \/>\n\t<meta property=\"og:image:width\" content=\"1000\" \/>\n\t<meta property=\"og:image:height\" content=\"665\" \/>\n\t<meta property=\"og:image:type\" content=\"image\/jpeg\" \/>\n<meta name=\"author\" content=\"Philippe.Pierquin\" \/>\n<meta name=\"twitter:card\" content=\"summary_large_image\" \/>\n<meta name=\"twitter:label1\" content=\"\u00c9crit par\" \/>\n\t<meta name=\"twitter:data1\" content=\"Philippe.Pierquin\" \/>\n\t<meta name=\"twitter:label2\" content=\"Dur\u00e9e de lecture estim\u00e9e\" \/>\n\t<meta name=\"twitter:data2\" content=\"3 minutes\" \/>\n<script type=\"application\/ld+json\" class=\"yoast-schema-graph\">{\"@context\":\"https:\/\/schema.org\",\"@graph\":[{\"@type\":\"Article\",\"@id\":\"https:\/\/welovecinema.be\/fr\/soiree-de-cloture-du-fiff-du-bonheur-pour-notre-cine\/#article\",\"isPartOf\":{\"@id\":\"https:\/\/welovecinema.be\/fr\/soiree-de-cloture-du-fiff-du-bonheur-pour-notre-cine\/\"},\"author\":{\"name\":\"Philippe.Pierquin\",\"@id\":\"https:\/\/welovecinema.be\/nl\/#\/schema\/person\/4b9b1d857f0943453a38a7c2859ef756\"},\"headline\":\"Soir\u00e9e de cl\u00f4ture du FIFF Du bonheur pour notre cin\u00e9 !\",\"datePublished\":\"2011-10-09T08:24:00+00:00\",\"dateModified\":\"2011-10-09T20:03:33+00:00\",\"mainEntityOfPage\":{\"@id\":\"https:\/\/welovecinema.be\/fr\/soiree-de-cloture-du-fiff-du-bonheur-pour-notre-cine\/\"},\"wordCount\":539,\"publisher\":{\"@id\":\"https:\/\/welovecinema.be\/nl\/#organization\"},\"articleSection\":[\"En bref\"],\"inLanguage\":\"fr-FR\"},{\"@type\":\"WebPage\",\"@id\":\"https:\/\/welovecinema.be\/fr\/soiree-de-cloture-du-fiff-du-bonheur-pour-notre-cine\/\",\"url\":\"https:\/\/welovecinema.be\/fr\/soiree-de-cloture-du-fiff-du-bonheur-pour-notre-cine\/\",\"name\":\"Soir\u00e9e de cl\u00f4ture du FIFF Du bonheur pour notre cin\u00e9 ! - We Love Cinema\",\"isPartOf\":{\"@id\":\"https:\/\/welovecinema.be\/nl\/#website\"},\"datePublished\":\"2011-10-09T08:24:00+00:00\",\"dateModified\":\"2011-10-09T20:03:33+00:00\",\"breadcrumb\":{\"@id\":\"https:\/\/welovecinema.be\/fr\/soiree-de-cloture-du-fiff-du-bonheur-pour-notre-cine\/#breadcrumb\"},\"inLanguage\":\"fr-FR\",\"potentialAction\":[{\"@type\":\"ReadAction\",\"target\":[\"https:\/\/welovecinema.be\/fr\/soiree-de-cloture-du-fiff-du-bonheur-pour-notre-cine\/\"]}]},{\"@type\":\"BreadcrumbList\",\"@id\":\"https:\/\/welovecinema.be\/fr\/soiree-de-cloture-du-fiff-du-bonheur-pour-notre-cine\/#breadcrumb\",\"itemListElement\":[{\"@type\":\"ListItem\",\"position\":1,\"name\":\"Accueil\",\"item\":\"https:\/\/welovecinema.be\/fr\/\"},{\"@type\":\"ListItem\",\"position\":2,\"name\":\"Soir\u00e9e de cl\u00f4ture du FIFF Du bonheur pour notre cin\u00e9 !\"}]},{\"@type\":\"WebSite\",\"@id\":\"https:\/\/welovecinema.be\/nl\/#website\",\"url\":\"https:\/\/welovecinema.be\/nl\/\",\"name\":\"We Love Cinema\",\"description\":\"Toute l\u2019information du cin\u00e9ma en Belgique\",\"publisher\":{\"@id\":\"https:\/\/welovecinema.be\/nl\/#organization\"},\"potentialAction\":[{\"@type\":\"SearchAction\",\"target\":{\"@type\":\"EntryPoint\",\"urlTemplate\":\"https:\/\/welovecinema.be\/nl\/?s={search_term_string}\"},\"query-input\":\"required name=search_term_string\"}],\"inLanguage\":\"fr-FR\"},{\"@type\":\"Organization\",\"@id\":\"https:\/\/welovecinema.be\/nl\/#organization\",\"name\":\"We Love Cinema\",\"url\":\"https:\/\/welovecinema.be\/nl\/\",\"logo\":{\"@type\":\"ImageObject\",\"inLanguage\":\"fr-FR\",\"@id\":\"https:\/\/welovecinema.be\/nl\/#\/schema\/logo\/image\/\",\"url\":\"https:\/\/welovecinema.be\/wp-content\/uploads\/sites\/2\/2023\/03\/Logo-We-Love-Cinema305x128.jpg\",\"contentUrl\":\"https:\/\/welovecinema.be\/wp-content\/uploads\/sites\/2\/2023\/03\/Logo-We-Love-Cinema305x128.jpg\",\"width\":305,\"height\":128,\"caption\":\"We Love Cinema\"},\"image\":{\"@id\":\"https:\/\/welovecinema.be\/nl\/#\/schema\/logo\/image\/\"},\"sameAs\":[\"https:\/\/www.facebook.com\/welovecinema.be\",\"https:\/\/www.youtube.com\/channel\/UCX5LYGVhnKvYauW4Nta4HJA\",\"https:\/\/www.instagram.com\/welovecinema.be\/\"]},{\"@type\":\"Person\",\"@id\":\"https:\/\/welovecinema.be\/nl\/#\/schema\/person\/4b9b1d857f0943453a38a7c2859ef756\",\"name\":\"Philippe.Pierquin\",\"url\":\"https:\/\/welovecinema.be\/fr\/author\/philippe-pierquin\/\"}]}<\/script>\n<!-- \/ Yoast SEO plugin. -->","yoast_head_json":{"title":"Soir\u00e9e de cl\u00f4ture du FIFF  Du bonheur pour notre cin\u00e9 ! - We Love Cinema","robots":{"index":"index","follow":"follow","max-snippet":"max-snippet:-1","max-image-preview":"max-image-preview:large","max-video-preview":"max-video-preview:-1"},"canonical":"https:\/\/welovecinema.be\/fr\/soiree-de-cloture-du-fiff-du-bonheur-pour-notre-cine\/","og_locale":"fr_FR","og_type":"article","og_title":"Soir\u00e9e de cl\u00f4ture du FIFF  Du bonheur pour notre cin\u00e9 ! - We Love Cinema","og_description":"Qui dit palmar\u00e8s et remise des Bayard dit aussi sourires, remerciements, enthousiasme; soir\u00e9e pass\u00e9e dans la joie et l&rsquo;all\u00e9gresse. De quoi boucler en beaut\u00e9 un des\u00a0plus\u00a0beaux FIFF de l&rsquo;histoire dont tout le monde, pendant toute la semaine, a lou\u00e9 le professionnalisme d\u00e9contract\u00e9 et le niveau de la s\u00e9lection.","og_url":"https:\/\/welovecinema.be\/fr\/soiree-de-cloture-du-fiff-du-bonheur-pour-notre-cine\/","og_site_name":"We Love Cinema","article_publisher":"https:\/\/www.facebook.com\/welovecinema.be","article_published_time":"2011-10-09T08:24:00+00:00","article_modified_time":"2011-10-09T20:03:33+00:00","og_image":[{"width":"1000","height":"665","url":"https:\/\/welovecinema.be\/wp-content\/uploads\/sites\/2\/2011\/10\/ANT0204.jpg","type":"image\/jpeg"}],"author":"Philippe.Pierquin","twitter_card":"summary_large_image","twitter_misc":{"\u00c9crit par":"Philippe.Pierquin","Dur\u00e9e de lecture estim\u00e9e":"3 minutes"},"schema":{"@context":"https:\/\/schema.org","@graph":[{"@type":"Article","@id":"https:\/\/welovecinema.be\/fr\/soiree-de-cloture-du-fiff-du-bonheur-pour-notre-cine\/#article","isPartOf":{"@id":"https:\/\/welovecinema.be\/fr\/soiree-de-cloture-du-fiff-du-bonheur-pour-notre-cine\/"},"author":{"name":"Philippe.Pierquin","@id":"https:\/\/welovecinema.be\/nl\/#\/schema\/person\/4b9b1d857f0943453a38a7c2859ef756"},"headline":"Soir\u00e9e de cl\u00f4ture du FIFF Du bonheur pour notre cin\u00e9 !","datePublished":"2011-10-09T08:24:00+00:00","dateModified":"2011-10-09T20:03:33+00:00","mainEntityOfPage":{"@id":"https:\/\/welovecinema.be\/fr\/soiree-de-cloture-du-fiff-du-bonheur-pour-notre-cine\/"},"wordCount":539,"publisher":{"@id":"https:\/\/welovecinema.be\/nl\/#organization"},"articleSection":["En bref"],"inLanguage":"fr-FR"},{"@type":"WebPage","@id":"https:\/\/welovecinema.be\/fr\/soiree-de-cloture-du-fiff-du-bonheur-pour-notre-cine\/","url":"https:\/\/welovecinema.be\/fr\/soiree-de-cloture-du-fiff-du-bonheur-pour-notre-cine\/","name":"Soir\u00e9e de cl\u00f4ture du FIFF Du bonheur pour notre cin\u00e9 ! - We Love Cinema","isPartOf":{"@id":"https:\/\/welovecinema.be\/nl\/#website"},"datePublished":"2011-10-09T08:24:00+00:00","dateModified":"2011-10-09T20:03:33+00:00","breadcrumb":{"@id":"https:\/\/welovecinema.be\/fr\/soiree-de-cloture-du-fiff-du-bonheur-pour-notre-cine\/#breadcrumb"},"inLanguage":"fr-FR","potentialAction":[{"@type":"ReadAction","target":["https:\/\/welovecinema.be\/fr\/soiree-de-cloture-du-fiff-du-bonheur-pour-notre-cine\/"]}]},{"@type":"BreadcrumbList","@id":"https:\/\/welovecinema.be\/fr\/soiree-de-cloture-du-fiff-du-bonheur-pour-notre-cine\/#breadcrumb","itemListElement":[{"@type":"ListItem","position":1,"name":"Accueil","item":"https:\/\/welovecinema.be\/fr\/"},{"@type":"ListItem","position":2,"name":"Soir\u00e9e de cl\u00f4ture du FIFF Du bonheur pour notre cin\u00e9 !"}]},{"@type":"WebSite","@id":"https:\/\/welovecinema.be\/nl\/#website","url":"https:\/\/welovecinema.be\/nl\/","name":"We Love Cinema","description":"Toute l\u2019information du cin\u00e9ma en Belgique","publisher":{"@id":"https:\/\/welovecinema.be\/nl\/#organization"},"potentialAction":[{"@type":"SearchAction","target":{"@type":"EntryPoint","urlTemplate":"https:\/\/welovecinema.be\/nl\/?s={search_term_string}"},"query-input":"required name=search_term_string"}],"inLanguage":"fr-FR"},{"@type":"Organization","@id":"https:\/\/welovecinema.be\/nl\/#organization","name":"We Love Cinema","url":"https:\/\/welovecinema.be\/nl\/","logo":{"@type":"ImageObject","inLanguage":"fr-FR","@id":"https:\/\/welovecinema.be\/nl\/#\/schema\/logo\/image\/","url":"https:\/\/welovecinema.be\/wp-content\/uploads\/sites\/2\/2023\/03\/Logo-We-Love-Cinema305x128.jpg","contentUrl":"https:\/\/welovecinema.be\/wp-content\/uploads\/sites\/2\/2023\/03\/Logo-We-Love-Cinema305x128.jpg","width":305,"height":128,"caption":"We Love Cinema"},"image":{"@id":"https:\/\/welovecinema.be\/nl\/#\/schema\/logo\/image\/"},"sameAs":["https:\/\/www.facebook.com\/welovecinema.be","https:\/\/www.youtube.com\/channel\/UCX5LYGVhnKvYauW4Nta4HJA","https:\/\/www.instagram.com\/welovecinema.be\/"]},{"@type":"Person","@id":"https:\/\/welovecinema.be\/nl\/#\/schema\/person\/4b9b1d857f0943453a38a7c2859ef756","name":"Philippe.Pierquin","url":"https:\/\/welovecinema.be\/fr\/author\/philippe-pierquin\/"}]}},"_links":{"self":[{"href":"https:\/\/welovecinema.be\/fr\/wp-json\/wp\/v2\/posts\/9396","targetHints":{"allow":["GET"]}}],"collection":[{"href":"https:\/\/welovecinema.be\/fr\/wp-json\/wp\/v2\/posts"}],"about":[{"href":"https:\/\/welovecinema.be\/fr\/wp-json\/wp\/v2\/types\/post"}],"author":[{"embeddable":true,"href":"https:\/\/welovecinema.be\/fr\/wp-json\/wp\/v2\/users\/7"}],"replies":[{"embeddable":true,"href":"https:\/\/welovecinema.be\/fr\/wp-json\/wp\/v2\/comments?post=9396"}],"version-history":[{"count":0,"href":"https:\/\/welovecinema.be\/fr\/wp-json\/wp\/v2\/posts\/9396\/revisions"}],"wp:featuredmedia":[{"embeddable":true,"href":"https:\/\/welovecinema.be\/fr\/wp-json\/wp\/v2\/media\/9408"}],"wp:attachment":[{"href":"https:\/\/welovecinema.be\/fr\/wp-json\/wp\/v2\/media?parent=9396"}],"wp:term":[{"taxonomy":"category","embeddable":true,"href":"https:\/\/welovecinema.be\/fr\/wp-json\/wp\/v2\/categories?post=9396"},{"taxonomy":"post_tag","embeddable":true,"href":"https:\/\/welovecinema.be\/fr\/wp-json\/wp\/v2\/tags?post=9396"}],"curies":[{"name":"wp","href":"https:\/\/api.w.org\/{rel}","templated":true}]}}