{"id":92509,"date":"2016-11-17T07:37:56","date_gmt":"2016-11-17T06:37:56","guid":{"rendered":"http:\/\/www.cinevox.be\/?p=92509"},"modified":"2016-11-17T19:03:53","modified_gmt":"2016-11-17T18:03:53","slug":"bon-anniversaire-mademoiselle","status":"publish","type":"post","link":"https:\/\/welovecinema.be\/fr\/bon-anniversaire-mademoiselle\/","title":{"rendered":"Bon anniversaire mademoiselle\u00a0!"},"content":{"rendered":"<p>Elle fait partie de ces dames d\u2019un certain \u00e2ge dont l\u2019allure un peu classique s\u2019assorti d\u2019un fort esprit d\u2019\u00e0-propos et d\u2019une certaine espi\u00e8glerie. De celles \u00e0 qui la r\u00e9volution num\u00e9rique ne fait pas peur, bien au contraire. De celles dont la m\u00e9moire intacte promet des heures de d\u00e9couvertes passionnantes \u00e0 qui prend le temps. Celui d\u2019un samedi d\u2019automne, la Cin\u00e9math\u00e8que de la F\u00e9d\u00e9ration Wallonie-Bruxelles \u2013 c\u2019est d\u2019elle qu\u2019il s\u2019agit \u2013 f\u00eate ses 70 ans \u00e0 BOZAR\u00a0!<!--more--><\/p>\n<p>&nbsp;<\/p>\n<p>N\u00e9e au lendemain de la seconde guerre mondiale, l\u2019institution n\u2019avait \u00e0 l\u2019origine aucune vocation patrimoniale. Les collections constitu\u00e9es au fil du temps et les films coproduits ou command\u00e9s \u00e9taient destin\u00e9s \u00e0 offrir des supports audiovisuels aux enseignants belges.<\/p>\n<p>&nbsp;<\/p>\n<p>En sept d\u00e9cennies, bien s\u00fbr, la Cin\u00e9math\u00e8que a vu ses missions \u00e9voluer et se diversifier. Le pr\u00eat en ligne (notamment via <a href=\"http:\/\/www.laplateforme.be\" target=\"_blank\">www.laplateforme.be<\/a>) d\u00e9passe aujourd\u2019hui largement le pr\u00eat de films physiques. En plus de la conservation de ses collections historiques sur film, ses services assurent d\u00e9sormais la conservation num\u00e9rique des \u0153uvres cin\u00e9matographiques soutenues par la F\u00e9d\u00e9ration Wallonie-Bruxelles (une partie de ce contenu est \u00e0 d\u00e9couvrir sur <a href=\"http:\/\/www.numeriques.be\" target=\"_blank\">www.numeriques.be<\/a>). La Cin\u00e9math\u00e8que est par ailleurs active dans l\u2019\u00e9dition d\u2019ouvrages et de DVD.<\/p>\n<p>&nbsp;<\/p>\n<p><a href=\"http:\/\/www.cinevox.be\/wp-content\/uploads\/sites\/2\/2016\/11\/15146737_10154684549373670_581098583_o.jpg\"><img loading=\"lazy\" decoding=\"async\" class=\"alignright size-large wp-image-92540\" src=\"http:\/\/www.cinevox.be\/wp-content\/uploads\/sites\/2\/2016\/11\/15146737_10154684549373670_581098583_o-800x533.jpg\" alt=\"\" width=\"640\" height=\"426\" srcset=\"https:\/\/welovecinema.be\/wp-content\/uploads\/sites\/2\/2016\/11\/15146737_10154684549373670_581098583_o-800x533.jpg 800w, https:\/\/welovecinema.be\/wp-content\/uploads\/sites\/2\/2016\/11\/15146737_10154684549373670_581098583_o-405x270.jpg 405w, https:\/\/welovecinema.be\/wp-content\/uploads\/sites\/2\/2016\/11\/15146737_10154684549373670_581098583_o.jpg 2048w\" sizes=\"auto, (max-width: 640px) 100vw, 640px\" \/><\/a><\/p>\n<p>&nbsp;<\/p>\n<p>Autant d\u2019axes de travail et d\u2019outils pour sensibiliser le public, plus uniquement scolaire, \u00e0 notre patrimoine cin\u00e9matographique et \u00e0 sa richesse. La collection de la Cin\u00e9math\u00e8que se compose aujourd\u2019hui de plus de 8000 titres, essentiellement belges, principalement documentaires, ce qui la singularise.<\/p>\n<p>&nbsp;<\/p>\n<p>A l\u2019occasion de son anniversaire, la Cin\u00e9math\u00e8que a d\u00e9nich\u00e9 dans son fond des titres embl\u00e9matiques ou au contraire compl\u00e8tement inconnus. Elle propose trois s\u00e9ances de courts-m\u00e9trages th\u00e9matiques ce <strong>samedi 19 novembre<\/strong>. Bienvenue dans son cabinet de curiosit\u00e9s\u00a0!<\/p>\n<p>&nbsp;<\/p>\n<p><a href=\"http:\/\/www.cinevox.be\/wp-content\/uploads\/sites\/2\/2016\/11\/knokke.jpeg\"><img loading=\"lazy\" decoding=\"async\" class=\"aligncenter wp-image-92513 size-full\" src=\"http:\/\/www.cinevox.be\/wp-content\/uploads\/sites\/2\/2016\/11\/knokke.jpeg\" alt=\"\" width=\"768\" height=\"576\" srcset=\"https:\/\/welovecinema.be\/wp-content\/uploads\/sites\/2\/2016\/11\/knokke.jpeg 768w, https:\/\/welovecinema.be\/wp-content\/uploads\/sites\/2\/2016\/11\/knokke-360x270.jpeg 360w, https:\/\/welovecinema.be\/wp-content\/uploads\/sites\/2\/2016\/11\/knokke-300x225.jpeg 300w\" sizes=\"auto, (max-width: 768px) 100vw, 768px\" \/><\/a><\/p>\n<p>&nbsp;<\/p>\n<p><strong>\u00ab\u00a0Ici et ailleurs\u00a0\u00bb (14h)<\/strong> vous embarquera pour des p\u00e9r\u00e9grinations en images sur le th\u00e8me du voyage, \u00e0 Bruxelles et autour du monde. L\u2019actualit\u00e9 nous am\u00e8ne \u00e0 \u00e9pingler <em>L\u2019Am\u00e9ricain se d\u00e9tend<\/em> de Francois Reichenbach (1958). A travers la cocasserie des habitudes des Am\u00e9ricains en vacances, le film propose une r\u00e9flexion sur cette qu\u00eate du bonheur qui va jusqu&rsquo;\u00e0 \u00eatre garantie par la constitution am\u00e9ricaine. Balade touristico-sociologique \u00e0 travers la station baln\u00e9aire, <em>Knokke-le-Zoute<\/em> de Jean Ripert (1965) offrira un contre point national int\u00e9ressant sur fond de Jacques Brel et de Marc Aryan. Les choses ont-elles vraiment chang\u00e9 en 51 ans\u00a0?<\/p>\n<p>&nbsp;<\/p>\n<p><a href=\"http:\/\/www.cinevox.be\/wp-content\/uploads\/sites\/2\/2016\/11\/Goldframe4.jpg\"><img loading=\"lazy\" decoding=\"async\" class=\"aligncenter size-full wp-image-92510\" src=\"http:\/\/www.cinevox.be\/wp-content\/uploads\/sites\/2\/2016\/11\/Goldframe4.jpg\" alt=\"\" width=\"768\" height=\"576\" srcset=\"https:\/\/welovecinema.be\/wp-content\/uploads\/sites\/2\/2016\/11\/Goldframe4.jpg 768w, https:\/\/welovecinema.be\/wp-content\/uploads\/sites\/2\/2016\/11\/Goldframe4-360x270.jpg 360w, https:\/\/welovecinema.be\/wp-content\/uploads\/sites\/2\/2016\/11\/Goldframe4-300x225.jpg 300w\" sizes=\"auto, (max-width: 768px) 100vw, 768px\" \/><\/a><\/p>\n<p>&nbsp;<\/p>\n<p>Pour la s\u00e9lection du programme <strong>\u00ab\u00a0Cin\u00e9ma d\u2019animation\u00a0\u00bb (15h30)<\/strong>, la Cin\u00e9math\u00e8que a pu compter sur la collaboration de Philippe Moins, cr\u00e9ateur du Festival Anima et auteur-directeur du r\u00e9cent ouvrage <em>Le cin\u00e9ma d&rsquo;animation en 100 films. <\/em>Il pr\u00e9sentera cette s\u00e9ance qui mettra l\u2019animation \u00e0 l\u2019honneur dans ses formes les plus originales, du huit clos dramatique et d\u00e9pressif \u00e0 la perle psych\u00e9d\u00e9lique. Elle permettra notamment de (re)d\u00e9couvrir <em>Goldframe<\/em> de Raoul Servais (1969) ou <em>Energ\u00e9tiquement v\u00f4tre <\/em>de Ronald Searle (1957). Un court-m\u00e9trage de commande pour la Standard Oil Company et Esso, ode aux \u00e9nergies fossiles, r\u00e9alis\u00e9 \u00e0 une \u00e9poque o\u00f9 l\u2019on pensait encore qu\u2019elles allaient sauver le monde\u00a0!<\/p>\n<p>&nbsp;<\/p>\n<p><a href=\"http:\/\/www.cinevox.be\/wp-content\/uploads\/sites\/2\/2016\/11\/Garde-toi5.png\"><img loading=\"lazy\" decoding=\"async\" class=\"aligncenter size-large wp-image-92511\" src=\"http:\/\/www.cinevox.be\/wp-content\/uploads\/sites\/2\/2016\/11\/Garde-toi5-800x586.png\" alt=\"\" width=\"640\" height=\"468\" srcset=\"https:\/\/welovecinema.be\/wp-content\/uploads\/sites\/2\/2016\/11\/Garde-toi5-800x586.png 800w, https:\/\/welovecinema.be\/wp-content\/uploads\/sites\/2\/2016\/11\/Garde-toi5-368x270.png 368w, https:\/\/welovecinema.be\/wp-content\/uploads\/sites\/2\/2016\/11\/Garde-toi5.png 1144w\" sizes=\"auto, (max-width: 640px) 100vw, 640px\" \/><\/a><\/p>\n<p>&nbsp;<\/p>\n<p><strong>\u00ab\u00a0Toute une \u00e9poque\u00a0\u00bb (17h)<\/strong>, justement, d\u00e9voilera des films gentiment d\u00e9suets aux st\u00e9r\u00e9otypes compl\u00e8tement d\u00e9pass\u00e9s\u2026 et d\u00e9plac\u00e9s. <em>Ngiri <\/em>de G\u00e9rard de Boe (1946), pur film de propagande coloniale, y c\u00f4toiera <em>Garde-toi <\/em>de Jean Boulanger (1949), un court-m\u00e9trage d\u00e9licieusement surann\u00e9 sur la s\u00e9curit\u00e9 routi\u00e8re. Et pour vous servir \u00ab\u00a0cette dose de satire et d\u2019absurde\u00a0\u00bb, la Cin\u00e9math\u00e8que pourra compter sur la participation de Vincent Patar et St\u00e9phane Aubier.<\/p>\n<p>&nbsp;<\/p>\n<p><a href=\"http:\/\/www.cinevox.be\/wp-content\/uploads\/sites\/2\/2016\/11\/AU-DELA-DES-MOTS.jpg\"><img loading=\"lazy\" decoding=\"async\" class=\"alignright size-large wp-image-92512\" src=\"http:\/\/www.cinevox.be\/wp-content\/uploads\/sites\/2\/2016\/11\/AU-DELA-DES-MOTS-424x600.jpg\" alt=\"\" width=\"424\" height=\"600\" srcset=\"https:\/\/welovecinema.be\/wp-content\/uploads\/sites\/2\/2016\/11\/AU-DELA-DES-MOTS-424x600.jpg 424w, https:\/\/welovecinema.be\/wp-content\/uploads\/sites\/2\/2016\/11\/AU-DELA-DES-MOTS-190x270.jpg 190w\" sizes=\"auto, (max-width: 424px) 100vw, 424px\" \/><\/a>Cet anniversaire est \u00e9galement l\u2019occasion de rappeler que la Cin\u00e9math\u00e8que a initi\u00e9, en 2010, la collection Cin\u00e9astes d\u2019aujourd\u2019hui. Cette s\u00e9rie de documentaires sur les cin\u00e9astes belges contemporains s\u2019enrichi d\u2019un sixi\u00e8me film : <strong><em>Au-del\u00e0 des mots, le cin\u00e9ma de Joachim Lafosse<\/em><\/strong>. Il sera pr\u00e9sent\u00e9 <strong>en avant-premi\u00e8re \u00e0 19h30<\/strong>.<\/p>\n<p>&nbsp;<\/p>\n<p>Luc Jabon y filme celui qui fut son \u00e9l\u00e8ve en sc\u00e9nario \u00e0 l\u2019Institut des Arts de Diffusion. Pour mieux approcher la complexit\u00e9 du cin\u00e9aste ainsi que celle de son \u0153uvre (7 fictions en moins de 15 ans), le film met en situation quelques-uns de celles et ceux (com\u00e9diens, producteurs, cosc\u00e9naristes) qui accompagnent le trajet artistique de Joachim Lafosse. M\u00eal\u00e9s \u00e0 des extraits de making-of et \u00e0 des images in\u00e9dites du r\u00e9alisateur au travail, ces t\u00e9moignages r\u00e9v\u00e8lent \u00e0 quel point il est \u00ab\u00a0un homme, somme toute, qui raconte les hommes\u00a0\u00bb.<\/p>\n<p>Projet\u00e9 en pr\u00e9sence des deux r\u00e9alisateurs, le film sera pr\u00e9c\u00e9d\u00e9 de <em>Scarface<\/em>, l\u2019unique contribution de Joachim Lafosse \u00e0 l\u2019\u00e9mission Striptease.<\/p>\n<p>&nbsp;<\/p>\n<p>Un copieux programme, donc, sur lequel souffler ces 70 bougies. Vous \u00eates toutes et tous invit\u00e9s \u00e0 rejoindre l\u2019\u00e9v\u00e9nement\u00a0!<\/p>\n<p>&nbsp;<\/p>\n<p style=\"text-align: right;\"><strong><em>JM\u00a0<\/em><\/strong><\/p>\n<p>&nbsp;<\/p>\n<p>D\u00e9tails sur Facebook\u00a0: <a href=\"https:\/\/www.facebook.com\/events\/601943143323541\/\" target=\"_blank\">ICI <\/a><\/p>\n<p>Tickets via le site de BOZAR\u00a0: <a href=\"http:\/\/www.bozar.be\/fr\/activities\/120592-cinematheque-fwb-fete-70-ans\" target=\"_blank\">ICI<\/a><\/p>\n<p>&nbsp;<\/p>\n","protected":false},"excerpt":{"rendered":"<p>Elle fait partie de ces dames d\u2019un certain \u00e2ge dont l\u2019allure un peu classique s\u2019assorti d\u2019un fort esprit d\u2019\u00e0-propos et d\u2019une certaine espi\u00e8glerie. De celles \u00e0 qui la r\u00e9volution num\u00e9rique ne fait pas peur, bien au contraire. De celles dont la m\u00e9moire intacte promet des heures de d\u00e9couvertes passionnantes \u00e0 qui prend le temps. Celui &hellip;<\/p>\n","protected":false},"author":7,"featured_media":92516,"comment_status":"closed","ping_status":"closed","sticky":false,"template":"","format":"standard","meta":{"ngg_post_thumbnail":0,"footnotes":""},"categories":[1923],"tags":[],"class_list":["post-92509","post","type-post","status-publish","format-standard","has-post-thumbnail","","category-en-bref"],"yoast_head":"<!-- This site is optimized with the Yoast SEO plugin v20.4 - https:\/\/yoast.com\/wordpress\/plugins\/seo\/ -->\n<title>Bon anniversaire mademoiselle\u00a0! - We Love Cinema<\/title>\n<meta name=\"robots\" content=\"index, follow, max-snippet:-1, max-image-preview:large, max-video-preview:-1\" \/>\n<link rel=\"canonical\" href=\"https:\/\/welovecinema.be\/fr\/bon-anniversaire-mademoiselle\/\" \/>\n<meta property=\"og:locale\" content=\"fr_FR\" \/>\n<meta property=\"og:type\" content=\"article\" \/>\n<meta property=\"og:title\" content=\"Bon anniversaire mademoiselle\u00a0! - We Love Cinema\" \/>\n<meta property=\"og:description\" content=\"Elle fait partie de ces dames d\u2019un certain \u00e2ge dont l\u2019allure un peu classique s\u2019assorti d\u2019un fort esprit d\u2019\u00e0-propos et d\u2019une certaine espi\u00e8glerie. De celles \u00e0 qui la r\u00e9volution num\u00e9rique ne fait pas peur, bien au contraire. De celles dont la m\u00e9moire intacte promet des heures de d\u00e9couvertes passionnantes \u00e0 qui prend le temps. Celui &hellip;\" \/>\n<meta property=\"og:url\" content=\"https:\/\/welovecinema.be\/fr\/bon-anniversaire-mademoiselle\/\" \/>\n<meta property=\"og:site_name\" content=\"We Love Cinema\" \/>\n<meta property=\"article:publisher\" content=\"https:\/\/www.facebook.com\/welovecinema.be\" \/>\n<meta property=\"article:published_time\" content=\"2016-11-17T06:37:56+00:00\" \/>\n<meta property=\"article:modified_time\" content=\"2016-11-17T18:03:53+00:00\" \/>\n<meta property=\"og:image\" content=\"https:\/\/welovecinema.be\/wp-content\/uploads\/sites\/2\/2016\/11\/invit70ans-avant.jpg\" \/>\n\t<meta property=\"og:image:width\" content=\"1370\" \/>\n\t<meta property=\"og:image:height\" content=\"731\" \/>\n\t<meta property=\"og:image:type\" content=\"image\/jpeg\" \/>\n<meta name=\"author\" content=\"Philippe.Pierquin\" \/>\n<meta name=\"twitter:card\" content=\"summary_large_image\" \/>\n<meta name=\"twitter:label1\" content=\"\u00c9crit par\" \/>\n\t<meta name=\"twitter:data1\" content=\"Philippe.Pierquin\" \/>\n\t<meta name=\"twitter:label2\" content=\"Dur\u00e9e de lecture estim\u00e9e\" \/>\n\t<meta name=\"twitter:data2\" content=\"4 minutes\" \/>\n<script type=\"application\/ld+json\" class=\"yoast-schema-graph\">{\"@context\":\"https:\/\/schema.org\",\"@graph\":[{\"@type\":\"Article\",\"@id\":\"https:\/\/welovecinema.be\/fr\/bon-anniversaire-mademoiselle\/#article\",\"isPartOf\":{\"@id\":\"https:\/\/welovecinema.be\/fr\/bon-anniversaire-mademoiselle\/\"},\"author\":{\"name\":\"Philippe.Pierquin\",\"@id\":\"https:\/\/welovecinema.be\/nl\/#\/schema\/person\/4b9b1d857f0943453a38a7c2859ef756\"},\"headline\":\"Bon anniversaire mademoiselle\u00a0!\",\"datePublished\":\"2016-11-17T06:37:56+00:00\",\"dateModified\":\"2016-11-17T18:03:53+00:00\",\"mainEntityOfPage\":{\"@id\":\"https:\/\/welovecinema.be\/fr\/bon-anniversaire-mademoiselle\/\"},\"wordCount\":867,\"publisher\":{\"@id\":\"https:\/\/welovecinema.be\/nl\/#organization\"},\"articleSection\":[\"En bref\"],\"inLanguage\":\"fr-FR\"},{\"@type\":\"WebPage\",\"@id\":\"https:\/\/welovecinema.be\/fr\/bon-anniversaire-mademoiselle\/\",\"url\":\"https:\/\/welovecinema.be\/fr\/bon-anniversaire-mademoiselle\/\",\"name\":\"Bon anniversaire mademoiselle\u00a0! - We Love Cinema\",\"isPartOf\":{\"@id\":\"https:\/\/welovecinema.be\/nl\/#website\"},\"datePublished\":\"2016-11-17T06:37:56+00:00\",\"dateModified\":\"2016-11-17T18:03:53+00:00\",\"breadcrumb\":{\"@id\":\"https:\/\/welovecinema.be\/fr\/bon-anniversaire-mademoiselle\/#breadcrumb\"},\"inLanguage\":\"fr-FR\",\"potentialAction\":[{\"@type\":\"ReadAction\",\"target\":[\"https:\/\/welovecinema.be\/fr\/bon-anniversaire-mademoiselle\/\"]}]},{\"@type\":\"BreadcrumbList\",\"@id\":\"https:\/\/welovecinema.be\/fr\/bon-anniversaire-mademoiselle\/#breadcrumb\",\"itemListElement\":[{\"@type\":\"ListItem\",\"position\":1,\"name\":\"Accueil\",\"item\":\"https:\/\/welovecinema.be\/fr\/\"},{\"@type\":\"ListItem\",\"position\":2,\"name\":\"Bon anniversaire mademoiselle\u00a0!\"}]},{\"@type\":\"WebSite\",\"@id\":\"https:\/\/welovecinema.be\/nl\/#website\",\"url\":\"https:\/\/welovecinema.be\/nl\/\",\"name\":\"We Love Cinema\",\"description\":\"Toute l\u2019information du cin\u00e9ma en Belgique\",\"publisher\":{\"@id\":\"https:\/\/welovecinema.be\/nl\/#organization\"},\"potentialAction\":[{\"@type\":\"SearchAction\",\"target\":{\"@type\":\"EntryPoint\",\"urlTemplate\":\"https:\/\/welovecinema.be\/nl\/?s={search_term_string}\"},\"query-input\":\"required name=search_term_string\"}],\"inLanguage\":\"fr-FR\"},{\"@type\":\"Organization\",\"@id\":\"https:\/\/welovecinema.be\/nl\/#organization\",\"name\":\"We Love Cinema\",\"url\":\"https:\/\/welovecinema.be\/nl\/\",\"logo\":{\"@type\":\"ImageObject\",\"inLanguage\":\"fr-FR\",\"@id\":\"https:\/\/welovecinema.be\/nl\/#\/schema\/logo\/image\/\",\"url\":\"https:\/\/welovecinema.be\/wp-content\/uploads\/sites\/2\/2023\/03\/Logo-We-Love-Cinema305x128.jpg\",\"contentUrl\":\"https:\/\/welovecinema.be\/wp-content\/uploads\/sites\/2\/2023\/03\/Logo-We-Love-Cinema305x128.jpg\",\"width\":305,\"height\":128,\"caption\":\"We Love Cinema\"},\"image\":{\"@id\":\"https:\/\/welovecinema.be\/nl\/#\/schema\/logo\/image\/\"},\"sameAs\":[\"https:\/\/www.facebook.com\/welovecinema.be\",\"https:\/\/www.youtube.com\/channel\/UCX5LYGVhnKvYauW4Nta4HJA\",\"https:\/\/www.instagram.com\/welovecinema.be\/\"]},{\"@type\":\"Person\",\"@id\":\"https:\/\/welovecinema.be\/nl\/#\/schema\/person\/4b9b1d857f0943453a38a7c2859ef756\",\"name\":\"Philippe.Pierquin\",\"url\":\"https:\/\/welovecinema.be\/fr\/author\/philippe-pierquin\/\"}]}<\/script>\n<!-- \/ Yoast SEO plugin. -->","yoast_head_json":{"title":"Bon anniversaire mademoiselle\u00a0! - We Love Cinema","robots":{"index":"index","follow":"follow","max-snippet":"max-snippet:-1","max-image-preview":"max-image-preview:large","max-video-preview":"max-video-preview:-1"},"canonical":"https:\/\/welovecinema.be\/fr\/bon-anniversaire-mademoiselle\/","og_locale":"fr_FR","og_type":"article","og_title":"Bon anniversaire mademoiselle\u00a0! - We Love Cinema","og_description":"Elle fait partie de ces dames d\u2019un certain \u00e2ge dont l\u2019allure un peu classique s\u2019assorti d\u2019un fort esprit d\u2019\u00e0-propos et d\u2019une certaine espi\u00e8glerie. De celles \u00e0 qui la r\u00e9volution num\u00e9rique ne fait pas peur, bien au contraire. De celles dont la m\u00e9moire intacte promet des heures de d\u00e9couvertes passionnantes \u00e0 qui prend le temps. Celui &hellip;","og_url":"https:\/\/welovecinema.be\/fr\/bon-anniversaire-mademoiselle\/","og_site_name":"We Love Cinema","article_publisher":"https:\/\/www.facebook.com\/welovecinema.be","article_published_time":"2016-11-17T06:37:56+00:00","article_modified_time":"2016-11-17T18:03:53+00:00","og_image":[{"width":1370,"height":731,"url":"https:\/\/welovecinema.be\/wp-content\/uploads\/sites\/2\/2016\/11\/invit70ans-avant.jpg","type":"image\/jpeg"}],"author":"Philippe.Pierquin","twitter_card":"summary_large_image","twitter_misc":{"\u00c9crit par":"Philippe.Pierquin","Dur\u00e9e de lecture estim\u00e9e":"4 minutes"},"schema":{"@context":"https:\/\/schema.org","@graph":[{"@type":"Article","@id":"https:\/\/welovecinema.be\/fr\/bon-anniversaire-mademoiselle\/#article","isPartOf":{"@id":"https:\/\/welovecinema.be\/fr\/bon-anniversaire-mademoiselle\/"},"author":{"name":"Philippe.Pierquin","@id":"https:\/\/welovecinema.be\/nl\/#\/schema\/person\/4b9b1d857f0943453a38a7c2859ef756"},"headline":"Bon anniversaire mademoiselle\u00a0!","datePublished":"2016-11-17T06:37:56+00:00","dateModified":"2016-11-17T18:03:53+00:00","mainEntityOfPage":{"@id":"https:\/\/welovecinema.be\/fr\/bon-anniversaire-mademoiselle\/"},"wordCount":867,"publisher":{"@id":"https:\/\/welovecinema.be\/nl\/#organization"},"articleSection":["En bref"],"inLanguage":"fr-FR"},{"@type":"WebPage","@id":"https:\/\/welovecinema.be\/fr\/bon-anniversaire-mademoiselle\/","url":"https:\/\/welovecinema.be\/fr\/bon-anniversaire-mademoiselle\/","name":"Bon anniversaire mademoiselle\u00a0! - We Love Cinema","isPartOf":{"@id":"https:\/\/welovecinema.be\/nl\/#website"},"datePublished":"2016-11-17T06:37:56+00:00","dateModified":"2016-11-17T18:03:53+00:00","breadcrumb":{"@id":"https:\/\/welovecinema.be\/fr\/bon-anniversaire-mademoiselle\/#breadcrumb"},"inLanguage":"fr-FR","potentialAction":[{"@type":"ReadAction","target":["https:\/\/welovecinema.be\/fr\/bon-anniversaire-mademoiselle\/"]}]},{"@type":"BreadcrumbList","@id":"https:\/\/welovecinema.be\/fr\/bon-anniversaire-mademoiselle\/#breadcrumb","itemListElement":[{"@type":"ListItem","position":1,"name":"Accueil","item":"https:\/\/welovecinema.be\/fr\/"},{"@type":"ListItem","position":2,"name":"Bon anniversaire mademoiselle\u00a0!"}]},{"@type":"WebSite","@id":"https:\/\/welovecinema.be\/nl\/#website","url":"https:\/\/welovecinema.be\/nl\/","name":"We Love Cinema","description":"Toute l\u2019information du cin\u00e9ma en Belgique","publisher":{"@id":"https:\/\/welovecinema.be\/nl\/#organization"},"potentialAction":[{"@type":"SearchAction","target":{"@type":"EntryPoint","urlTemplate":"https:\/\/welovecinema.be\/nl\/?s={search_term_string}"},"query-input":"required name=search_term_string"}],"inLanguage":"fr-FR"},{"@type":"Organization","@id":"https:\/\/welovecinema.be\/nl\/#organization","name":"We Love Cinema","url":"https:\/\/welovecinema.be\/nl\/","logo":{"@type":"ImageObject","inLanguage":"fr-FR","@id":"https:\/\/welovecinema.be\/nl\/#\/schema\/logo\/image\/","url":"https:\/\/welovecinema.be\/wp-content\/uploads\/sites\/2\/2023\/03\/Logo-We-Love-Cinema305x128.jpg","contentUrl":"https:\/\/welovecinema.be\/wp-content\/uploads\/sites\/2\/2023\/03\/Logo-We-Love-Cinema305x128.jpg","width":305,"height":128,"caption":"We Love Cinema"},"image":{"@id":"https:\/\/welovecinema.be\/nl\/#\/schema\/logo\/image\/"},"sameAs":["https:\/\/www.facebook.com\/welovecinema.be","https:\/\/www.youtube.com\/channel\/UCX5LYGVhnKvYauW4Nta4HJA","https:\/\/www.instagram.com\/welovecinema.be\/"]},{"@type":"Person","@id":"https:\/\/welovecinema.be\/nl\/#\/schema\/person\/4b9b1d857f0943453a38a7c2859ef756","name":"Philippe.Pierquin","url":"https:\/\/welovecinema.be\/fr\/author\/philippe-pierquin\/"}]}},"_links":{"self":[{"href":"https:\/\/welovecinema.be\/fr\/wp-json\/wp\/v2\/posts\/92509","targetHints":{"allow":["GET"]}}],"collection":[{"href":"https:\/\/welovecinema.be\/fr\/wp-json\/wp\/v2\/posts"}],"about":[{"href":"https:\/\/welovecinema.be\/fr\/wp-json\/wp\/v2\/types\/post"}],"author":[{"embeddable":true,"href":"https:\/\/welovecinema.be\/fr\/wp-json\/wp\/v2\/users\/7"}],"replies":[{"embeddable":true,"href":"https:\/\/welovecinema.be\/fr\/wp-json\/wp\/v2\/comments?post=92509"}],"version-history":[{"count":0,"href":"https:\/\/welovecinema.be\/fr\/wp-json\/wp\/v2\/posts\/92509\/revisions"}],"wp:featuredmedia":[{"embeddable":true,"href":"https:\/\/welovecinema.be\/fr\/wp-json\/wp\/v2\/media\/92516"}],"wp:attachment":[{"href":"https:\/\/welovecinema.be\/fr\/wp-json\/wp\/v2\/media?parent=92509"}],"wp:term":[{"taxonomy":"category","embeddable":true,"href":"https:\/\/welovecinema.be\/fr\/wp-json\/wp\/v2\/categories?post=92509"},{"taxonomy":"post_tag","embeddable":true,"href":"https:\/\/welovecinema.be\/fr\/wp-json\/wp\/v2\/tags?post=92509"}],"curies":[{"name":"wp","href":"https:\/\/api.w.org\/{rel}","templated":true}]}}