{"id":92312,"date":"2016-11-15T07:44:32","date_gmt":"2016-11-15T06:44:32","guid":{"rendered":"http:\/\/www.cinevox.be\/?p=92312"},"modified":"2016-11-22T15:23:11","modified_gmt":"2016-11-22T14:23:11","slug":"maman-a-tort-si-maman-si-tu-voyais-ta-vie","status":"publish","type":"post","link":"https:\/\/welovecinema.be\/fr\/maman-a-tort-si-maman-si-tu-voyais-ta-vie\/","title":{"rendered":"Maman a tort, \u00ab\u00a0si maman, si tu voyais ta vie\u00a0\u00bb"},"content":{"rendered":"<p>Un, maman a tort. Deux, papa vend du pinard. Trois, ils se disputent. Et quatre, dans tout \u00e7a, Anouk (Jeanne Jestin) n&rsquo;a toujours pas de stage d&rsquo;observation en vue ! Du haut de ses quatorze ans, elle se r\u00eavait d\u00e9j\u00e0 sur un plateau de t\u00e9l\u00e9vision, mais bardaf, l&rsquo;\u00e9mission est annul\u00e9e ! Et reste, contrainte et forc\u00e9e, \u00e0 Anouk de rejoindre le bureau de maman Cyrielle (\u00c9milie Dequenne) : une compagnie d&rsquo;assurance. Super et enthousiasmant quand on sait que sa meilleure pote a \u00e9t\u00e9 parachut\u00e9e dans un magazine de mode duquel elle ram\u00e8ne maquillage et autres artifices de beaut\u00e9. Bon, ce n&rsquo;est pas gagn\u00e9, mais il va falloir se faire aux assurances et aller au-del\u00e0 des apparences.<!--more--><\/p>\n<p>&nbsp;<\/p>\n<p>Et d&rsquo;ailleurs, ce stage commence plut\u00f4t bien et le service dans lequel Anouk se retrouve promet quelques tranches de rire et des potins \u00e0 gogo entre Simone (Annie Gr\u00e9gorio) et Perrine (une St\u00e9phane Bissot qui fait mouche par sa folie naturelle). Mais l&rsquo;\u00e9claircie n&rsquo;est que de courte dur\u00e9e et d\u00e9j\u00e0 Anouk change d&rsquo;\u00e9tage pour rejoindre le service beaucoup plus aust\u00e8re de B\u00e9n\u00e9dicte (Nelly Antignac) et Mathilde (Camille Chamoux en pleine explosion). Anouk est cantonn\u00e9e \u00e0 ranger et d\u00e9ranger le placard des deux pimb\u00eaches. Croire qu&rsquo;elle va s&rsquo;en contenter, c&rsquo;est bien mal la conna\u00eetre ! Alors, fouineuse au grand c\u0153ur, Anouk d\u00e9cide d&rsquo;aider une veuve (Sabrina Ouazani) d\u00e9sesp\u00e9r\u00e9e dont la couverture d&rsquo;assurance d\u00e9c\u00e8s de son mari a \u00e9t\u00e9 refus\u00e9e. Si Cyrielle fait mine de ne rien savoir, Anouk est certaine qu&rsquo;il y a quelque chose de louche dans ce dossier et, quitte \u00e0 sauter \u00e0 pied joint dans l&rsquo;ill\u00e9galit\u00e9 (apr\u00e8s tout, ne pardonne-t-on pas tout aux enfants ?), la jeune enqu\u00eatrice va tirer \u00e7a au clair.<\/p>\n<p>&nbsp;<\/p>\n<p><a href=\"http:\/\/www.cinevox.be\/wp-content\/uploads\/sites\/2\/2016\/11\/Maman-a-tort-8.jpg\"><img loading=\"lazy\" decoding=\"async\" class=\"aligncenter size-large wp-image-92313\" src=\"http:\/\/www.cinevox.be\/wp-content\/uploads\/sites\/2\/2016\/11\/Maman-a-tort-8-800x533.jpg\" alt=\"\" width=\"640\" height=\"426\" srcset=\"https:\/\/welovecinema.be\/wp-content\/uploads\/sites\/2\/2016\/11\/Maman-a-tort-8-800x533.jpg 800w, https:\/\/welovecinema.be\/wp-content\/uploads\/sites\/2\/2016\/11\/Maman-a-tort-8-404x270.jpg 404w\" sizes=\"auto, (max-width: 640px) 100vw, 640px\" \/><\/a><\/p>\n<p>&nbsp;<\/p>\n<p><em>Maman \u00e0 tort<\/em>, ce sont un peu les id\u00e9aux enfantins qui se retrouvent trop vite dans le monde implacable de la loi du march\u00e9. Un terrain de jeu in\u00e9dit sur lequel Marc Fitoussi poursuit la dynamique de ses pr\u00e9c\u00e9dents films : faire jouer les d\u00e9tectives \u00e0 Monsieur et Madame-tout-le-monde. En l\u2019occurrence, ici, Mademoiselle-m\u00eale-tout. Et si l&rsquo;affiche du film nous laissait penser vaguement que le film se voulait comique, hormis quelques moments taill\u00e9s pour nos zygomatiques, on \u00e9tait tr\u00e8s loin du compte. <em>Maman a tort<\/em> instille un doute d\u00e9j\u00e0 bien pr\u00e9sent quand on \u00e9coute les actualit\u00e9s : il est bien difficile de faire confiance \u00e0 ces institutions et soci\u00e9t\u00e9s qui pr\u00e9tendent nous aider tout en voulant faire un maximum de b\u00e9n\u00e9fices. C&rsquo;est l&rsquo;apanage des banques, mais les caisses d&rsquo;assurances ne sont jamais loin.<\/p>\n<p>&nbsp;<\/p>\n<p><a href=\"http:\/\/www.cinevox.be\/wp-content\/uploads\/sites\/2\/2016\/11\/Maman-a-tort-3.jpg\"><img loading=\"lazy\" decoding=\"async\" class=\"aligncenter size-large wp-image-92314\" src=\"http:\/\/www.cinevox.be\/wp-content\/uploads\/sites\/2\/2016\/11\/Maman-a-tort-3-800x450.jpg\" alt=\"\" width=\"640\" height=\"360\" srcset=\"https:\/\/welovecinema.be\/wp-content\/uploads\/sites\/2\/2016\/11\/Maman-a-tort-3-800x450.jpg 800w, https:\/\/welovecinema.be\/wp-content\/uploads\/sites\/2\/2016\/11\/Maman-a-tort-3-200x113.jpg 200w, https:\/\/welovecinema.be\/wp-content\/uploads\/sites\/2\/2016\/11\/Maman-a-tort-3-480x270.jpg 480w, https:\/\/welovecinema.be\/wp-content\/uploads\/sites\/2\/2016\/11\/Maman-a-tort-3-300x169.jpg 300w, https:\/\/welovecinema.be\/wp-content\/uploads\/sites\/2\/2016\/11\/Maman-a-tort-3-620x350.jpg 620w, https:\/\/welovecinema.be\/wp-content\/uploads\/sites\/2\/2016\/11\/Maman-a-tort-3.jpg 1280w\" sizes=\"auto, (max-width: 640px) 100vw, 640px\" \/><\/a><\/p>\n<p>&nbsp;<\/p>\n<p>La force de son film, Marc Fitoussi la tire ind\u00e9niablement du jeu de regard entre cette fille encore assez na\u00efve et innocente et sa m\u00e8re \u00e0 laquelle elle s&rsquo;oppose. Sa maman qui a tort mais se voile la face, broy\u00e9e, bringuebal\u00e9e par un sup\u00e9rieur vicieux qui est toutefois lui aussi prisonnier d&rsquo;un syst\u00e8me, d&rsquo;un monstre cr\u00e9\u00e9 par d&rsquo;autres. Face \u00e0 la v\u00e9h\u00e9mence de la petite Jeanne Jestin qui, sous son air \u00e0 la Hermione Granger, porte quasiment tout le poids de ce drame sur ses \u00e9paules ; \u00c9milie Dequenne est impeccable. Ce r\u00f4le de femme, qui tente de faire tenir la baraque tout en ne se posant plus de question et en ex\u00e9cutant m\u00e9caniquement les consignes borderlines, lui va comme un gant. En faisant fi de tout sentiment, de toute humanit\u00e9. Un r\u00f4le loin d&rsquo;\u00eatre sexy sur papier, une humaine en pilotage automatique, et qui tente, en-dehors du bureau, de retrouver la l\u00e9g\u00e8ret\u00e9 de sa vie. C&rsquo;est cet \u00e9quilibre instable que va venir perturber la petite Anouck; avec ses grands sabots et ses id\u00e9aux.<\/p>\n<p>&nbsp;<\/p>\n<p><a href=\"http:\/\/www.cinevox.be\/wp-content\/uploads\/sites\/2\/2016\/11\/Maman-a-tort-10.jpg\"><img loading=\"lazy\" decoding=\"async\" class=\"aligncenter  wp-image-92315\" src=\"http:\/\/www.cinevox.be\/wp-content\/uploads\/sites\/2\/2016\/11\/Maman-a-tort-10.jpg\" alt=\"\" width=\"620\" height=\"413\" srcset=\"https:\/\/welovecinema.be\/wp-content\/uploads\/sites\/2\/2016\/11\/Maman-a-tort-10.jpg 420w, https:\/\/welovecinema.be\/wp-content\/uploads\/sites\/2\/2016\/11\/Maman-a-tort-10-405x270.jpg 405w\" sizes=\"auto, (max-width: 620px) 100vw, 620px\" \/><\/a><\/p>\n<p>&nbsp;<\/p>\n<p>Ne r\u00e9sistant pas \u00e0 un peu de fantaisie pour all\u00e9ger un propos qui fait froid dans le dos, Marc Fitoussi n&rsquo;accable ni n&rsquo;accuse aucun personnage dans cette enqu\u00eate qu&rsquo;Anouck m\u00e8ne pourtant \u00e0 charge et avec les \u00e9l\u00e9ments pour le faire. <em>Maman a tort<\/em> est un film sensible et d\u00e9licat, capable de nuances tout en n&rsquo;h\u00e9sitant pas \u00e0 ruer dans les brancards, en sauvant les apparences mais en s&rsquo;attaquant au vrai n\u0153ud du probl\u00e8me. Une invitation, par-dessus tout, \u00e0 retrouver notre \u00e2me et nos id\u00e9aux d&rsquo;enfant et \u00e0 les garder en m\u00e9moire le plus longtemps possible.<\/p>\n<p>&nbsp;<\/p>\n<p style=\"text-align: right;\">AS<\/p>\n<p>&nbsp;<\/p>\n<p><strong>Titre :<\/strong> Maman \u00e0 tort<\/p>\n<p><strong>\u00a0<\/strong><strong>R\u00e9alisateur : <\/strong>Marc Fitoussi<\/p>\n<p><strong>Avec :<\/strong> Jeanne Jestin, \u00c9milie Dequenne, Nelly Antignac, Camille Chamoux, Annie Gr\u00e9gorio, Sabrina Ouazani, Gr\u00e9goire Ludig, St\u00e9phane Bissot<\/p>\n<p><strong>Genre :<\/strong> Com\u00e9die dramatique<\/p>\n<p><strong>Dur\u00e9e :<\/strong> 1h50<\/p>\n<p><strong>\u00a0<\/strong><strong>Pays :<\/strong> France\/Belgique<\/p>\n<p><strong>Date de sortie belge :<\/strong> le 23\/11\/2016<\/p>\n","protected":false},"excerpt":{"rendered":"<p>Un, maman a tort. Deux, papa vend du pinard. Trois, ils se disputent. Et quatre, dans tout \u00e7a, Anouk (Jeanne Jestin) n&rsquo;a toujours pas de stage d&rsquo;observation en vue ! Du haut de ses quatorze ans, elle se r\u00eavait d\u00e9j\u00e0 sur un plateau de t\u00e9l\u00e9vision, mais bardaf, l&rsquo;\u00e9mission est annul\u00e9e ! Et reste, contrainte et &hellip;<\/p>\n","protected":false},"author":7,"featured_media":92650,"comment_status":"closed","ping_status":"closed","sticky":false,"template":"","format":"standard","meta":{"ngg_post_thumbnail":0,"footnotes":""},"categories":[53],"tags":[],"class_list":["post-92312","post","type-post","status-publish","format-standard","has-post-thumbnail","","category-coming-soon"],"yoast_head":"<!-- This site is optimized with the Yoast SEO plugin v20.4 - https:\/\/yoast.com\/wordpress\/plugins\/seo\/ -->\n<title>Maman a tort, \u00ab\u00a0si maman, si tu voyais ta vie\u00a0\u00bb - We Love Cinema<\/title>\n<meta name=\"robots\" content=\"index, follow, max-snippet:-1, max-image-preview:large, max-video-preview:-1\" \/>\n<link rel=\"canonical\" href=\"https:\/\/welovecinema.be\/fr\/maman-a-tort-si-maman-si-tu-voyais-ta-vie\/\" \/>\n<meta property=\"og:locale\" content=\"fr_FR\" \/>\n<meta property=\"og:type\" content=\"article\" \/>\n<meta property=\"og:title\" content=\"Maman a tort, \u00ab\u00a0si maman, si tu voyais ta vie\u00a0\u00bb - We Love Cinema\" \/>\n<meta property=\"og:description\" content=\"Un, maman a tort. Deux, papa vend du pinard. Trois, ils se disputent. Et quatre, dans tout \u00e7a, Anouk (Jeanne Jestin) n&rsquo;a toujours pas de stage d&rsquo;observation en vue ! Du haut de ses quatorze ans, elle se r\u00eavait d\u00e9j\u00e0 sur un plateau de t\u00e9l\u00e9vision, mais bardaf, l&rsquo;\u00e9mission est annul\u00e9e ! Et reste, contrainte et &hellip;\" \/>\n<meta property=\"og:url\" content=\"https:\/\/welovecinema.be\/fr\/maman-a-tort-si-maman-si-tu-voyais-ta-vie\/\" \/>\n<meta property=\"og:site_name\" content=\"We Love Cinema\" \/>\n<meta property=\"article:publisher\" content=\"https:\/\/www.facebook.com\/welovecinema.be\" \/>\n<meta property=\"article:published_time\" content=\"2016-11-15T06:44:32+00:00\" \/>\n<meta property=\"article:modified_time\" content=\"2016-11-22T14:23:11+00:00\" \/>\n<meta property=\"og:image\" content=\"https:\/\/welovecinema.be\/wp-content\/uploads\/sites\/2\/2016\/11\/Maman-a-tort-71.jpg\" \/>\n\t<meta property=\"og:image:width\" content=\"1600\" \/>\n\t<meta property=\"og:image:height\" content=\"1067\" \/>\n\t<meta property=\"og:image:type\" content=\"image\/jpeg\" \/>\n<meta name=\"author\" content=\"Philippe.Pierquin\" \/>\n<meta name=\"twitter:card\" content=\"summary_large_image\" \/>\n<meta name=\"twitter:label1\" content=\"\u00c9crit par\" \/>\n\t<meta name=\"twitter:data1\" content=\"Philippe.Pierquin\" \/>\n\t<meta name=\"twitter:label2\" content=\"Dur\u00e9e de lecture estim\u00e9e\" \/>\n\t<meta name=\"twitter:data2\" content=\"4 minutes\" \/>\n<script type=\"application\/ld+json\" class=\"yoast-schema-graph\">{\"@context\":\"https:\/\/schema.org\",\"@graph\":[{\"@type\":\"Article\",\"@id\":\"https:\/\/welovecinema.be\/fr\/maman-a-tort-si-maman-si-tu-voyais-ta-vie\/#article\",\"isPartOf\":{\"@id\":\"https:\/\/welovecinema.be\/fr\/maman-a-tort-si-maman-si-tu-voyais-ta-vie\/\"},\"author\":{\"name\":\"Philippe.Pierquin\",\"@id\":\"https:\/\/welovecinema.be\/nl\/#\/schema\/person\/4b9b1d857f0943453a38a7c2859ef756\"},\"headline\":\"Maman a tort, \u00ab\u00a0si maman, si tu voyais ta vie\u00a0\u00bb\",\"datePublished\":\"2016-11-15T06:44:32+00:00\",\"dateModified\":\"2016-11-22T14:23:11+00:00\",\"mainEntityOfPage\":{\"@id\":\"https:\/\/welovecinema.be\/fr\/maman-a-tort-si-maman-si-tu-voyais-ta-vie\/\"},\"wordCount\":827,\"publisher\":{\"@id\":\"https:\/\/welovecinema.be\/nl\/#organization\"},\"articleSection\":[\"Coming soon\"],\"inLanguage\":\"fr-FR\"},{\"@type\":\"WebPage\",\"@id\":\"https:\/\/welovecinema.be\/fr\/maman-a-tort-si-maman-si-tu-voyais-ta-vie\/\",\"url\":\"https:\/\/welovecinema.be\/fr\/maman-a-tort-si-maman-si-tu-voyais-ta-vie\/\",\"name\":\"Maman a tort, \u00ab\u00a0si maman, si tu voyais ta vie\u00a0\u00bb - We Love Cinema\",\"isPartOf\":{\"@id\":\"https:\/\/welovecinema.be\/nl\/#website\"},\"datePublished\":\"2016-11-15T06:44:32+00:00\",\"dateModified\":\"2016-11-22T14:23:11+00:00\",\"breadcrumb\":{\"@id\":\"https:\/\/welovecinema.be\/fr\/maman-a-tort-si-maman-si-tu-voyais-ta-vie\/#breadcrumb\"},\"inLanguage\":\"fr-FR\",\"potentialAction\":[{\"@type\":\"ReadAction\",\"target\":[\"https:\/\/welovecinema.be\/fr\/maman-a-tort-si-maman-si-tu-voyais-ta-vie\/\"]}]},{\"@type\":\"BreadcrumbList\",\"@id\":\"https:\/\/welovecinema.be\/fr\/maman-a-tort-si-maman-si-tu-voyais-ta-vie\/#breadcrumb\",\"itemListElement\":[{\"@type\":\"ListItem\",\"position\":1,\"name\":\"Accueil\",\"item\":\"https:\/\/welovecinema.be\/fr\/\"},{\"@type\":\"ListItem\",\"position\":2,\"name\":\"Maman a tort, \u00ab\u00a0si maman, si tu voyais ta vie\u00a0\u00bb\"}]},{\"@type\":\"WebSite\",\"@id\":\"https:\/\/welovecinema.be\/nl\/#website\",\"url\":\"https:\/\/welovecinema.be\/nl\/\",\"name\":\"We Love Cinema\",\"description\":\"Toute l\u2019information du cin\u00e9ma en Belgique\",\"publisher\":{\"@id\":\"https:\/\/welovecinema.be\/nl\/#organization\"},\"potentialAction\":[{\"@type\":\"SearchAction\",\"target\":{\"@type\":\"EntryPoint\",\"urlTemplate\":\"https:\/\/welovecinema.be\/nl\/?s={search_term_string}\"},\"query-input\":\"required name=search_term_string\"}],\"inLanguage\":\"fr-FR\"},{\"@type\":\"Organization\",\"@id\":\"https:\/\/welovecinema.be\/nl\/#organization\",\"name\":\"We Love Cinema\",\"url\":\"https:\/\/welovecinema.be\/nl\/\",\"logo\":{\"@type\":\"ImageObject\",\"inLanguage\":\"fr-FR\",\"@id\":\"https:\/\/welovecinema.be\/nl\/#\/schema\/logo\/image\/\",\"url\":\"https:\/\/welovecinema.be\/wp-content\/uploads\/sites\/2\/2023\/03\/Logo-We-Love-Cinema305x128.jpg\",\"contentUrl\":\"https:\/\/welovecinema.be\/wp-content\/uploads\/sites\/2\/2023\/03\/Logo-We-Love-Cinema305x128.jpg\",\"width\":305,\"height\":128,\"caption\":\"We Love Cinema\"},\"image\":{\"@id\":\"https:\/\/welovecinema.be\/nl\/#\/schema\/logo\/image\/\"},\"sameAs\":[\"https:\/\/www.facebook.com\/welovecinema.be\",\"https:\/\/www.youtube.com\/channel\/UCX5LYGVhnKvYauW4Nta4HJA\",\"https:\/\/www.instagram.com\/welovecinema.be\/\"]},{\"@type\":\"Person\",\"@id\":\"https:\/\/welovecinema.be\/nl\/#\/schema\/person\/4b9b1d857f0943453a38a7c2859ef756\",\"name\":\"Philippe.Pierquin\",\"url\":\"https:\/\/welovecinema.be\/fr\/author\/philippe-pierquin\/\"}]}<\/script>\n<!-- \/ Yoast SEO plugin. -->","yoast_head_json":{"title":"Maman a tort, \u00ab\u00a0si maman, si tu voyais ta vie\u00a0\u00bb - We Love Cinema","robots":{"index":"index","follow":"follow","max-snippet":"max-snippet:-1","max-image-preview":"max-image-preview:large","max-video-preview":"max-video-preview:-1"},"canonical":"https:\/\/welovecinema.be\/fr\/maman-a-tort-si-maman-si-tu-voyais-ta-vie\/","og_locale":"fr_FR","og_type":"article","og_title":"Maman a tort, \u00ab\u00a0si maman, si tu voyais ta vie\u00a0\u00bb - We Love Cinema","og_description":"Un, maman a tort. Deux, papa vend du pinard. Trois, ils se disputent. Et quatre, dans tout \u00e7a, Anouk (Jeanne Jestin) n&rsquo;a toujours pas de stage d&rsquo;observation en vue ! Du haut de ses quatorze ans, elle se r\u00eavait d\u00e9j\u00e0 sur un plateau de t\u00e9l\u00e9vision, mais bardaf, l&rsquo;\u00e9mission est annul\u00e9e ! Et reste, contrainte et &hellip;","og_url":"https:\/\/welovecinema.be\/fr\/maman-a-tort-si-maman-si-tu-voyais-ta-vie\/","og_site_name":"We Love Cinema","article_publisher":"https:\/\/www.facebook.com\/welovecinema.be","article_published_time":"2016-11-15T06:44:32+00:00","article_modified_time":"2016-11-22T14:23:11+00:00","og_image":[{"width":1600,"height":1067,"url":"https:\/\/welovecinema.be\/wp-content\/uploads\/sites\/2\/2016\/11\/Maman-a-tort-71.jpg","type":"image\/jpeg"}],"author":"Philippe.Pierquin","twitter_card":"summary_large_image","twitter_misc":{"\u00c9crit par":"Philippe.Pierquin","Dur\u00e9e de lecture estim\u00e9e":"4 minutes"},"schema":{"@context":"https:\/\/schema.org","@graph":[{"@type":"Article","@id":"https:\/\/welovecinema.be\/fr\/maman-a-tort-si-maman-si-tu-voyais-ta-vie\/#article","isPartOf":{"@id":"https:\/\/welovecinema.be\/fr\/maman-a-tort-si-maman-si-tu-voyais-ta-vie\/"},"author":{"name":"Philippe.Pierquin","@id":"https:\/\/welovecinema.be\/nl\/#\/schema\/person\/4b9b1d857f0943453a38a7c2859ef756"},"headline":"Maman a tort, \u00ab\u00a0si maman, si tu voyais ta vie\u00a0\u00bb","datePublished":"2016-11-15T06:44:32+00:00","dateModified":"2016-11-22T14:23:11+00:00","mainEntityOfPage":{"@id":"https:\/\/welovecinema.be\/fr\/maman-a-tort-si-maman-si-tu-voyais-ta-vie\/"},"wordCount":827,"publisher":{"@id":"https:\/\/welovecinema.be\/nl\/#organization"},"articleSection":["Coming soon"],"inLanguage":"fr-FR"},{"@type":"WebPage","@id":"https:\/\/welovecinema.be\/fr\/maman-a-tort-si-maman-si-tu-voyais-ta-vie\/","url":"https:\/\/welovecinema.be\/fr\/maman-a-tort-si-maman-si-tu-voyais-ta-vie\/","name":"Maman a tort, \u00ab\u00a0si maman, si tu voyais ta vie\u00a0\u00bb - We Love Cinema","isPartOf":{"@id":"https:\/\/welovecinema.be\/nl\/#website"},"datePublished":"2016-11-15T06:44:32+00:00","dateModified":"2016-11-22T14:23:11+00:00","breadcrumb":{"@id":"https:\/\/welovecinema.be\/fr\/maman-a-tort-si-maman-si-tu-voyais-ta-vie\/#breadcrumb"},"inLanguage":"fr-FR","potentialAction":[{"@type":"ReadAction","target":["https:\/\/welovecinema.be\/fr\/maman-a-tort-si-maman-si-tu-voyais-ta-vie\/"]}]},{"@type":"BreadcrumbList","@id":"https:\/\/welovecinema.be\/fr\/maman-a-tort-si-maman-si-tu-voyais-ta-vie\/#breadcrumb","itemListElement":[{"@type":"ListItem","position":1,"name":"Accueil","item":"https:\/\/welovecinema.be\/fr\/"},{"@type":"ListItem","position":2,"name":"Maman a tort, \u00ab\u00a0si maman, si tu voyais ta vie\u00a0\u00bb"}]},{"@type":"WebSite","@id":"https:\/\/welovecinema.be\/nl\/#website","url":"https:\/\/welovecinema.be\/nl\/","name":"We Love Cinema","description":"Toute l\u2019information du cin\u00e9ma en Belgique","publisher":{"@id":"https:\/\/welovecinema.be\/nl\/#organization"},"potentialAction":[{"@type":"SearchAction","target":{"@type":"EntryPoint","urlTemplate":"https:\/\/welovecinema.be\/nl\/?s={search_term_string}"},"query-input":"required name=search_term_string"}],"inLanguage":"fr-FR"},{"@type":"Organization","@id":"https:\/\/welovecinema.be\/nl\/#organization","name":"We Love Cinema","url":"https:\/\/welovecinema.be\/nl\/","logo":{"@type":"ImageObject","inLanguage":"fr-FR","@id":"https:\/\/welovecinema.be\/nl\/#\/schema\/logo\/image\/","url":"https:\/\/welovecinema.be\/wp-content\/uploads\/sites\/2\/2023\/03\/Logo-We-Love-Cinema305x128.jpg","contentUrl":"https:\/\/welovecinema.be\/wp-content\/uploads\/sites\/2\/2023\/03\/Logo-We-Love-Cinema305x128.jpg","width":305,"height":128,"caption":"We Love Cinema"},"image":{"@id":"https:\/\/welovecinema.be\/nl\/#\/schema\/logo\/image\/"},"sameAs":["https:\/\/www.facebook.com\/welovecinema.be","https:\/\/www.youtube.com\/channel\/UCX5LYGVhnKvYauW4Nta4HJA","https:\/\/www.instagram.com\/welovecinema.be\/"]},{"@type":"Person","@id":"https:\/\/welovecinema.be\/nl\/#\/schema\/person\/4b9b1d857f0943453a38a7c2859ef756","name":"Philippe.Pierquin","url":"https:\/\/welovecinema.be\/fr\/author\/philippe-pierquin\/"}]}},"_links":{"self":[{"href":"https:\/\/welovecinema.be\/fr\/wp-json\/wp\/v2\/posts\/92312","targetHints":{"allow":["GET"]}}],"collection":[{"href":"https:\/\/welovecinema.be\/fr\/wp-json\/wp\/v2\/posts"}],"about":[{"href":"https:\/\/welovecinema.be\/fr\/wp-json\/wp\/v2\/types\/post"}],"author":[{"embeddable":true,"href":"https:\/\/welovecinema.be\/fr\/wp-json\/wp\/v2\/users\/7"}],"replies":[{"embeddable":true,"href":"https:\/\/welovecinema.be\/fr\/wp-json\/wp\/v2\/comments?post=92312"}],"version-history":[{"count":0,"href":"https:\/\/welovecinema.be\/fr\/wp-json\/wp\/v2\/posts\/92312\/revisions"}],"wp:featuredmedia":[{"embeddable":true,"href":"https:\/\/welovecinema.be\/fr\/wp-json\/wp\/v2\/media\/92650"}],"wp:attachment":[{"href":"https:\/\/welovecinema.be\/fr\/wp-json\/wp\/v2\/media?parent=92312"}],"wp:term":[{"taxonomy":"category","embeddable":true,"href":"https:\/\/welovecinema.be\/fr\/wp-json\/wp\/v2\/categories?post=92312"},{"taxonomy":"post_tag","embeddable":true,"href":"https:\/\/welovecinema.be\/fr\/wp-json\/wp\/v2\/tags?post=92312"}],"curies":[{"name":"wp","href":"https:\/\/api.w.org\/{rel}","templated":true}]}}