{"id":91975,"date":"2016-10-27T15:49:07","date_gmt":"2016-10-27T13:49:07","guid":{"rendered":"http:\/\/www.cinevox.be\/?p=91975"},"modified":"2016-10-27T15:50:58","modified_gmt":"2016-10-27T13:50:58","slug":"voici-les-films-qui-se-disputeront-des-deux-magritte-du-court-metrage","status":"publish","type":"post","link":"https:\/\/welovecinema.be\/fr\/voici-les-films-qui-se-disputeront-des-deux-magritte-du-court-metrage\/","title":{"rendered":"Voici les films qui se disputeront les deux Magritte du court m\u00e9trage"},"content":{"rendered":"<p>Le Comit\u00e9 Court M\u00e9trage de l&rsquo;Acad\u00e9mie Andr\u00e9 Delvaux a s\u00e9lectionn\u00e9 les 8 films de fiction et les 8 films d&rsquo;animation qui concourront pour les Magritte du Meilleur court m\u00e9trage de fiction et Magritte du Meilleur court m\u00e9trage d&rsquo;animation 2017.<\/p>\n<p>Le comit\u00e9, compos\u00e9 de personnes d\u00e9sign\u00e9es par le CA de l&rsquo;Acad\u00e9mie Andr\u00e9 Delvaux pour leur expertise en mati\u00e8re de court m\u00e9trage, a proc\u00e9d\u00e9 \u00e0 cette s\u00e9lection \u00e0 partir d&rsquo;une centaine de titres r\u00e9pondant aux conditions d&rsquo;\u00e9ligibilit\u00e9 dans ces deux cat\u00e9gories :<\/p>\n<p>&nbsp;<\/p>\n<p>&nbsp;<\/p>\n<p><strong>Films \u00e9ligibles au Magritte du Meilleur court m\u00e9trage d&rsquo;animation : <\/strong><\/p>\n<p>&nbsp;<\/p>\n<p>&#8211; De longues vacances de Caroline Nugues-Bourchat<\/p>\n<p>&#8211; Estate de Ronny Trocker<\/p>\n<p>&#8211; La valse m\u00e9canique de Julien Dykmans<\/p>\n<p>&#8211; No-go zone de l&rsquo;Atelier Collectif de Zorobabel<\/p>\n<p>&#8211; Pornography d&rsquo;Eric Ledune<\/p>\n<p>&#8211; Pour une poign\u00e9e de girolles de Julien Grande<\/p>\n<p>&#8211; Totems de Paul Jadoul<\/p>\n<p>&#8211; Toutes nuanc\u00e9es de Chlo\u00e9 Alliez<\/p>\n<p>&nbsp;<\/p>\n<p>&nbsp;<\/p>\n<p><strong>Films \u00e9ligibles pour le Magritte du Meilleur court m\u00e9trage de fiction : <\/strong><\/p>\n<p>&nbsp;<\/p>\n<p>&#8211; A l&rsquo;arrach\u00e9 d&rsquo;Emmanuelle Nicot<\/p>\n<p>&#8211; Complices de Mathieu Mortelmans<\/p>\n<p>&#8211; L&rsquo;oeil silencieux de Karim Ouelhaj<\/p>\n<p>&#8211; Le plombier de M\u00e9ryl Fortunat-Rossi et Xavier Seron<\/p>\n<p>&#8211; Les amoureuses de Catherine Cosme<\/p>\n<p>&#8211; Les dauphines de Juliette Klinke<\/p>\n<p>&#8211; Rena\u00eetre de Jean-Fran\u00e7ois Ravagnan<\/p>\n<p>&#8211; The hidden part de Caroline D&rsquo;hondt et Monique Marnette<\/p>\n<p>&nbsp;<\/p>\n<p>La 7\u00e8me \u00e9dition des Magritte du Cin\u00e9ma se d\u00e9roulera au Square le 4 f\u00e9vrier 2017. D&rsquo;ici l\u00e0, les membres de l&rsquo;Acad\u00e9mie (pr\u00e8s de 800 professionnels du cin\u00e9ma) seront appel\u00e9s \u00e0 se prononcer, en deux tours de votes, pour d\u00e9signer les nomin\u00e9s d&rsquo;abord, puis les laur\u00e9ats de la 7\u00e8me C\u00e9r\u00e9monie.<\/p>\n","protected":false},"excerpt":{"rendered":"<p>Le Comit\u00e9 Court M\u00e9trage de l&rsquo;Acad\u00e9mie Andr\u00e9 Delvaux a s\u00e9lectionn\u00e9 les 8 films de fiction et les 8 films d&rsquo;animation qui concourront pour les Magritte du Meilleur court m\u00e9trage de fiction et Magritte du Meilleur court m\u00e9trage d&rsquo;animation 2017. Le comit\u00e9, compos\u00e9 de personnes d\u00e9sign\u00e9es par le CA de l&rsquo;Acad\u00e9mie Andr\u00e9 Delvaux pour leur expertise &hellip;<\/p>\n","protected":false},"author":7,"featured_media":91977,"comment_status":"closed","ping_status":"closed","sticky":false,"template":"","format":"standard","meta":{"ngg_post_thumbnail":0,"footnotes":""},"categories":[12],"tags":[],"class_list":["post-91975","post","type-post","status-publish","format-standard","has-post-thumbnail","","category-awards"],"yoast_head":"<!-- This site is optimized with the Yoast SEO plugin v20.4 - https:\/\/yoast.com\/wordpress\/plugins\/seo\/ -->\n<title>Voici les films qui se disputeront les deux Magritte du court m\u00e9trage - We Love Cinema<\/title>\n<meta name=\"robots\" content=\"index, follow, max-snippet:-1, max-image-preview:large, max-video-preview:-1\" \/>\n<link rel=\"canonical\" href=\"https:\/\/welovecinema.be\/fr\/voici-les-films-qui-se-disputeront-des-deux-magritte-du-court-metrage\/\" \/>\n<meta property=\"og:locale\" content=\"fr_FR\" \/>\n<meta property=\"og:type\" content=\"article\" \/>\n<meta property=\"og:title\" content=\"Voici les films qui se disputeront les deux Magritte du court m\u00e9trage - We Love Cinema\" \/>\n<meta property=\"og:description\" content=\"Le Comit\u00e9 Court M\u00e9trage de l&rsquo;Acad\u00e9mie Andr\u00e9 Delvaux a s\u00e9lectionn\u00e9 les 8 films de fiction et les 8 films d&rsquo;animation qui concourront pour les Magritte du Meilleur court m\u00e9trage de fiction et Magritte du Meilleur court m\u00e9trage d&rsquo;animation 2017. Le comit\u00e9, compos\u00e9 de personnes d\u00e9sign\u00e9es par le CA de l&rsquo;Acad\u00e9mie Andr\u00e9 Delvaux pour leur expertise &hellip;\" \/>\n<meta property=\"og:url\" content=\"https:\/\/welovecinema.be\/fr\/voici-les-films-qui-se-disputeront-des-deux-magritte-du-court-metrage\/\" \/>\n<meta property=\"og:site_name\" content=\"We Love Cinema\" \/>\n<meta property=\"article:publisher\" content=\"https:\/\/www.facebook.com\/welovecinema.be\" \/>\n<meta property=\"article:published_time\" content=\"2016-10-27T13:49:07+00:00\" \/>\n<meta property=\"article:modified_time\" content=\"2016-10-27T13:50:58+00:00\" \/>\n<meta property=\"og:image\" content=\"https:\/\/welovecinema.be\/wp-content\/uploads\/sites\/2\/2016\/10\/IMG_2190-800x533.jpg\" \/>\n\t<meta property=\"og:image:width\" content=\"800\" \/>\n\t<meta property=\"og:image:height\" content=\"533\" \/>\n\t<meta property=\"og:image:type\" content=\"image\/jpeg\" \/>\n<meta name=\"author\" content=\"Philippe.Pierquin\" \/>\n<meta name=\"twitter:card\" content=\"summary_large_image\" \/>\n<meta name=\"twitter:label1\" content=\"\u00c9crit par\" \/>\n\t<meta name=\"twitter:data1\" content=\"Philippe.Pierquin\" \/>\n\t<meta name=\"twitter:label2\" content=\"Dur\u00e9e de lecture estim\u00e9e\" \/>\n\t<meta name=\"twitter:data2\" content=\"1 minute\" \/>\n<script type=\"application\/ld+json\" class=\"yoast-schema-graph\">{\"@context\":\"https:\/\/schema.org\",\"@graph\":[{\"@type\":\"Article\",\"@id\":\"https:\/\/welovecinema.be\/fr\/voici-les-films-qui-se-disputeront-des-deux-magritte-du-court-metrage\/#article\",\"isPartOf\":{\"@id\":\"https:\/\/welovecinema.be\/fr\/voici-les-films-qui-se-disputeront-des-deux-magritte-du-court-metrage\/\"},\"author\":{\"name\":\"Philippe.Pierquin\",\"@id\":\"https:\/\/welovecinema.be\/nl\/#\/schema\/person\/4b9b1d857f0943453a38a7c2859ef756\"},\"headline\":\"Voici les films qui se disputeront les deux Magritte du court m\u00e9trage\",\"datePublished\":\"2016-10-27T13:49:07+00:00\",\"dateModified\":\"2016-10-27T13:50:58+00:00\",\"mainEntityOfPage\":{\"@id\":\"https:\/\/welovecinema.be\/fr\/voici-les-films-qui-se-disputeront-des-deux-magritte-du-court-metrage\/\"},\"wordCount\":312,\"publisher\":{\"@id\":\"https:\/\/welovecinema.be\/nl\/#organization\"},\"articleSection\":[\"Evenements\"],\"inLanguage\":\"fr-FR\"},{\"@type\":\"WebPage\",\"@id\":\"https:\/\/welovecinema.be\/fr\/voici-les-films-qui-se-disputeront-des-deux-magritte-du-court-metrage\/\",\"url\":\"https:\/\/welovecinema.be\/fr\/voici-les-films-qui-se-disputeront-des-deux-magritte-du-court-metrage\/\",\"name\":\"Voici les films qui se disputeront les deux Magritte du court m\u00e9trage - We Love Cinema\",\"isPartOf\":{\"@id\":\"https:\/\/welovecinema.be\/nl\/#website\"},\"datePublished\":\"2016-10-27T13:49:07+00:00\",\"dateModified\":\"2016-10-27T13:50:58+00:00\",\"breadcrumb\":{\"@id\":\"https:\/\/welovecinema.be\/fr\/voici-les-films-qui-se-disputeront-des-deux-magritte-du-court-metrage\/#breadcrumb\"},\"inLanguage\":\"fr-FR\",\"potentialAction\":[{\"@type\":\"ReadAction\",\"target\":[\"https:\/\/welovecinema.be\/fr\/voici-les-films-qui-se-disputeront-des-deux-magritte-du-court-metrage\/\"]}]},{\"@type\":\"BreadcrumbList\",\"@id\":\"https:\/\/welovecinema.be\/fr\/voici-les-films-qui-se-disputeront-des-deux-magritte-du-court-metrage\/#breadcrumb\",\"itemListElement\":[{\"@type\":\"ListItem\",\"position\":1,\"name\":\"Accueil\",\"item\":\"https:\/\/welovecinema.be\/fr\/\"},{\"@type\":\"ListItem\",\"position\":2,\"name\":\"Voici les films qui se disputeront les deux Magritte du court m\u00e9trage\"}]},{\"@type\":\"WebSite\",\"@id\":\"https:\/\/welovecinema.be\/nl\/#website\",\"url\":\"https:\/\/welovecinema.be\/nl\/\",\"name\":\"We Love Cinema\",\"description\":\"Toute l\u2019information du cin\u00e9ma en Belgique\",\"publisher\":{\"@id\":\"https:\/\/welovecinema.be\/nl\/#organization\"},\"potentialAction\":[{\"@type\":\"SearchAction\",\"target\":{\"@type\":\"EntryPoint\",\"urlTemplate\":\"https:\/\/welovecinema.be\/nl\/?s={search_term_string}\"},\"query-input\":\"required name=search_term_string\"}],\"inLanguage\":\"fr-FR\"},{\"@type\":\"Organization\",\"@id\":\"https:\/\/welovecinema.be\/nl\/#organization\",\"name\":\"We Love Cinema\",\"url\":\"https:\/\/welovecinema.be\/nl\/\",\"logo\":{\"@type\":\"ImageObject\",\"inLanguage\":\"fr-FR\",\"@id\":\"https:\/\/welovecinema.be\/nl\/#\/schema\/logo\/image\/\",\"url\":\"https:\/\/welovecinema.be\/wp-content\/uploads\/sites\/2\/2023\/03\/Logo-We-Love-Cinema305x128.jpg\",\"contentUrl\":\"https:\/\/welovecinema.be\/wp-content\/uploads\/sites\/2\/2023\/03\/Logo-We-Love-Cinema305x128.jpg\",\"width\":305,\"height\":128,\"caption\":\"We Love Cinema\"},\"image\":{\"@id\":\"https:\/\/welovecinema.be\/nl\/#\/schema\/logo\/image\/\"},\"sameAs\":[\"https:\/\/www.facebook.com\/welovecinema.be\",\"https:\/\/www.youtube.com\/channel\/UCX5LYGVhnKvYauW4Nta4HJA\",\"https:\/\/www.instagram.com\/welovecinema.be\/\"]},{\"@type\":\"Person\",\"@id\":\"https:\/\/welovecinema.be\/nl\/#\/schema\/person\/4b9b1d857f0943453a38a7c2859ef756\",\"name\":\"Philippe.Pierquin\",\"url\":\"https:\/\/welovecinema.be\/fr\/author\/philippe-pierquin\/\"}]}<\/script>\n<!-- \/ Yoast SEO plugin. -->","yoast_head_json":{"title":"Voici les films qui se disputeront les deux Magritte du court m\u00e9trage - We Love Cinema","robots":{"index":"index","follow":"follow","max-snippet":"max-snippet:-1","max-image-preview":"max-image-preview:large","max-video-preview":"max-video-preview:-1"},"canonical":"https:\/\/welovecinema.be\/fr\/voici-les-films-qui-se-disputeront-des-deux-magritte-du-court-metrage\/","og_locale":"fr_FR","og_type":"article","og_title":"Voici les films qui se disputeront les deux Magritte du court m\u00e9trage - We Love Cinema","og_description":"Le Comit\u00e9 Court M\u00e9trage de l&rsquo;Acad\u00e9mie Andr\u00e9 Delvaux a s\u00e9lectionn\u00e9 les 8 films de fiction et les 8 films d&rsquo;animation qui concourront pour les Magritte du Meilleur court m\u00e9trage de fiction et Magritte du Meilleur court m\u00e9trage d&rsquo;animation 2017. Le comit\u00e9, compos\u00e9 de personnes d\u00e9sign\u00e9es par le CA de l&rsquo;Acad\u00e9mie Andr\u00e9 Delvaux pour leur expertise &hellip;","og_url":"https:\/\/welovecinema.be\/fr\/voici-les-films-qui-se-disputeront-des-deux-magritte-du-court-metrage\/","og_site_name":"We Love Cinema","article_publisher":"https:\/\/www.facebook.com\/welovecinema.be","article_published_time":"2016-10-27T13:49:07+00:00","article_modified_time":"2016-10-27T13:50:58+00:00","og_image":[{"width":800,"height":533,"url":"https:\/\/welovecinema.be\/wp-content\/uploads\/sites\/2\/2016\/10\/IMG_2190-800x533.jpg","type":"image\/jpeg"}],"author":"Philippe.Pierquin","twitter_card":"summary_large_image","twitter_misc":{"\u00c9crit par":"Philippe.Pierquin","Dur\u00e9e de lecture estim\u00e9e":"1 minute"},"schema":{"@context":"https:\/\/schema.org","@graph":[{"@type":"Article","@id":"https:\/\/welovecinema.be\/fr\/voici-les-films-qui-se-disputeront-des-deux-magritte-du-court-metrage\/#article","isPartOf":{"@id":"https:\/\/welovecinema.be\/fr\/voici-les-films-qui-se-disputeront-des-deux-magritte-du-court-metrage\/"},"author":{"name":"Philippe.Pierquin","@id":"https:\/\/welovecinema.be\/nl\/#\/schema\/person\/4b9b1d857f0943453a38a7c2859ef756"},"headline":"Voici les films qui se disputeront les deux Magritte du court m\u00e9trage","datePublished":"2016-10-27T13:49:07+00:00","dateModified":"2016-10-27T13:50:58+00:00","mainEntityOfPage":{"@id":"https:\/\/welovecinema.be\/fr\/voici-les-films-qui-se-disputeront-des-deux-magritte-du-court-metrage\/"},"wordCount":312,"publisher":{"@id":"https:\/\/welovecinema.be\/nl\/#organization"},"articleSection":["Evenements"],"inLanguage":"fr-FR"},{"@type":"WebPage","@id":"https:\/\/welovecinema.be\/fr\/voici-les-films-qui-se-disputeront-des-deux-magritte-du-court-metrage\/","url":"https:\/\/welovecinema.be\/fr\/voici-les-films-qui-se-disputeront-des-deux-magritte-du-court-metrage\/","name":"Voici les films qui se disputeront les deux Magritte du court m\u00e9trage - We Love Cinema","isPartOf":{"@id":"https:\/\/welovecinema.be\/nl\/#website"},"datePublished":"2016-10-27T13:49:07+00:00","dateModified":"2016-10-27T13:50:58+00:00","breadcrumb":{"@id":"https:\/\/welovecinema.be\/fr\/voici-les-films-qui-se-disputeront-des-deux-magritte-du-court-metrage\/#breadcrumb"},"inLanguage":"fr-FR","potentialAction":[{"@type":"ReadAction","target":["https:\/\/welovecinema.be\/fr\/voici-les-films-qui-se-disputeront-des-deux-magritte-du-court-metrage\/"]}]},{"@type":"BreadcrumbList","@id":"https:\/\/welovecinema.be\/fr\/voici-les-films-qui-se-disputeront-des-deux-magritte-du-court-metrage\/#breadcrumb","itemListElement":[{"@type":"ListItem","position":1,"name":"Accueil","item":"https:\/\/welovecinema.be\/fr\/"},{"@type":"ListItem","position":2,"name":"Voici les films qui se disputeront les deux Magritte du court m\u00e9trage"}]},{"@type":"WebSite","@id":"https:\/\/welovecinema.be\/nl\/#website","url":"https:\/\/welovecinema.be\/nl\/","name":"We Love Cinema","description":"Toute l\u2019information du cin\u00e9ma en Belgique","publisher":{"@id":"https:\/\/welovecinema.be\/nl\/#organization"},"potentialAction":[{"@type":"SearchAction","target":{"@type":"EntryPoint","urlTemplate":"https:\/\/welovecinema.be\/nl\/?s={search_term_string}"},"query-input":"required name=search_term_string"}],"inLanguage":"fr-FR"},{"@type":"Organization","@id":"https:\/\/welovecinema.be\/nl\/#organization","name":"We Love Cinema","url":"https:\/\/welovecinema.be\/nl\/","logo":{"@type":"ImageObject","inLanguage":"fr-FR","@id":"https:\/\/welovecinema.be\/nl\/#\/schema\/logo\/image\/","url":"https:\/\/welovecinema.be\/wp-content\/uploads\/sites\/2\/2023\/03\/Logo-We-Love-Cinema305x128.jpg","contentUrl":"https:\/\/welovecinema.be\/wp-content\/uploads\/sites\/2\/2023\/03\/Logo-We-Love-Cinema305x128.jpg","width":305,"height":128,"caption":"We Love Cinema"},"image":{"@id":"https:\/\/welovecinema.be\/nl\/#\/schema\/logo\/image\/"},"sameAs":["https:\/\/www.facebook.com\/welovecinema.be","https:\/\/www.youtube.com\/channel\/UCX5LYGVhnKvYauW4Nta4HJA","https:\/\/www.instagram.com\/welovecinema.be\/"]},{"@type":"Person","@id":"https:\/\/welovecinema.be\/nl\/#\/schema\/person\/4b9b1d857f0943453a38a7c2859ef756","name":"Philippe.Pierquin","url":"https:\/\/welovecinema.be\/fr\/author\/philippe-pierquin\/"}]}},"_links":{"self":[{"href":"https:\/\/welovecinema.be\/fr\/wp-json\/wp\/v2\/posts\/91975","targetHints":{"allow":["GET"]}}],"collection":[{"href":"https:\/\/welovecinema.be\/fr\/wp-json\/wp\/v2\/posts"}],"about":[{"href":"https:\/\/welovecinema.be\/fr\/wp-json\/wp\/v2\/types\/post"}],"author":[{"embeddable":true,"href":"https:\/\/welovecinema.be\/fr\/wp-json\/wp\/v2\/users\/7"}],"replies":[{"embeddable":true,"href":"https:\/\/welovecinema.be\/fr\/wp-json\/wp\/v2\/comments?post=91975"}],"version-history":[{"count":0,"href":"https:\/\/welovecinema.be\/fr\/wp-json\/wp\/v2\/posts\/91975\/revisions"}],"wp:featuredmedia":[{"embeddable":true,"href":"https:\/\/welovecinema.be\/fr\/wp-json\/wp\/v2\/media\/91977"}],"wp:attachment":[{"href":"https:\/\/welovecinema.be\/fr\/wp-json\/wp\/v2\/media?parent=91975"}],"wp:term":[{"taxonomy":"category","embeddable":true,"href":"https:\/\/welovecinema.be\/fr\/wp-json\/wp\/v2\/categories?post=91975"},{"taxonomy":"post_tag","embeddable":true,"href":"https:\/\/welovecinema.be\/fr\/wp-json\/wp\/v2\/tags?post=91975"}],"curies":[{"name":"wp","href":"https:\/\/api.w.org\/{rel}","templated":true}]}}