{"id":91919,"date":"2016-10-25T11:16:02","date_gmt":"2016-10-25T09:16:02","guid":{"rendered":"http:\/\/www.cinevox.be\/?p=91919"},"modified":"2016-10-25T18:03:01","modified_gmt":"2016-10-25T16:03:01","slug":"91919","status":"publish","type":"post","link":"https:\/\/welovecinema.be\/fr\/91919\/","title":{"rendered":"Figuration pour un court m\u00e9trage IAD"},"content":{"rendered":"<p>Pour le tournage d&rsquo;un court-m\u00e9trage de fin d&rsquo;\u00e9tudes de l&rsquo;IAD, un groupe d&rsquo;\u00e9tudiant\u00a0recherche environ 60 figurants.<br \/>\nC&rsquo;est un film de super-h\u00e9ros social, dr\u00f4le et d\u00e9cal\u00e9. La participation n&rsquo;est ni r\u00e9mun\u00e9r\u00e9e ni d\u00e9fray\u00e9e mais l&rsquo;\u00e9quipe promet d&rsquo;\u00eatre aux petits soins avec vous et il y aura de quoi boire et manger. Le tournage est pr\u00e9vu \u00e0 Bruxelles. <!--more--><\/p>\n<p>&nbsp;<\/p>\n<p>L&rsquo;\u00e9quipe a besoin de:<\/p>\n<p>&#8211; le 15\/12: 2 hommes et 1 femme, ou 3 hommes, + de 30 ans, pour figurer des sans-abris.<\/p>\n<p>&#8211; le 15\/12: de 5 \u00e0 10 figurants, + de 18 ans, pour figurer les clients d&rsquo;une pharmacie et des passants dans la rue.<\/p>\n<p>&#8211; le 19\/12 + le 20\/12: 50 figurants, de 18 \u00e0 45 ans environ, pour figurer les participants d&rsquo;une f\u00eate d\u00e9guis\u00e9e (venir avec son d\u00e9guisement).<\/p>\n<p>&nbsp;<\/p>\n<p>Id\u00e9alement il faudrait \u00eatre dispo toute la journ\u00e9e, des horaires plus pr\u00e9cis arriveront en temps voulu.<\/p>\n<p>&nbsp;<\/p>\n<p>Si int\u00e9ress\u00e9(e), vous pouvez vous inscrire\u00a0par email en pr\u00e9cisant:<\/p>\n<p>&#8211; jour(s) de disponibilit\u00e9: 15\/12 uniquement, ou 19+20\/12 [\u00eatre l\u00e0 les deux jours], ou 15+19+20\/12<\/p>\n<p>&#8211; r\u00f4le pr\u00e9f\u00e9r\u00e9 s&rsquo;il y en a un: sans-abri, client, passant, f\u00eateur<\/p>\n<p>&#8211; sexe\/genre, \u00e2ge<\/p>\n<p>&#8211; pr\u00e9nom+nom<\/p>\n<p>&#8211; num\u00e9ro de t\u00e9l\u00e9phone<\/p>\n<p>&#8211; questions s&rsquo;il y en a<\/p>\n<p>&nbsp;<\/p>\n<p>Adresse email de contact&#8230; <a href=\"mailto:figu.dynaman@gmail.com\" target=\"_blank\">figu.dynaman@gmail.com<\/a><\/p>\n<p>&nbsp;<\/p>\n<p>&nbsp;<\/p>\n","protected":false},"excerpt":{"rendered":"<p>Pour le tournage d&rsquo;un court-m\u00e9trage de fin d&rsquo;\u00e9tudes de l&rsquo;IAD, un groupe d&rsquo;\u00e9tudiant\u00a0recherche environ 60 figurants. C&rsquo;est un film de super-h\u00e9ros social, dr\u00f4le et d\u00e9cal\u00e9. La participation n&rsquo;est ni r\u00e9mun\u00e9r\u00e9e ni d\u00e9fray\u00e9e mais l&rsquo;\u00e9quipe promet d&rsquo;\u00eatre aux petits soins avec vous et il y aura de quoi boire et manger. Le tournage est pr\u00e9vu \u00e0 &hellip;<\/p>\n","protected":false},"author":7,"featured_media":91921,"comment_status":"closed","ping_status":"closed","sticky":false,"template":"","format":"standard","meta":{"ngg_post_thumbnail":0,"footnotes":""},"categories":[20],"tags":[],"class_list":["post-91919","post","type-post","status-publish","format-standard","has-post-thumbnail","","category-cinejobs"],"yoast_head":"<!-- This site is optimized with the Yoast SEO plugin v20.4 - https:\/\/yoast.com\/wordpress\/plugins\/seo\/ -->\n<title>Figuration pour un court m\u00e9trage IAD - We Love Cinema<\/title>\n<meta name=\"robots\" content=\"index, follow, max-snippet:-1, max-image-preview:large, max-video-preview:-1\" \/>\n<link rel=\"canonical\" href=\"https:\/\/welovecinema.be\/fr\/91919\/\" \/>\n<meta property=\"og:locale\" content=\"fr_FR\" \/>\n<meta property=\"og:type\" content=\"article\" \/>\n<meta property=\"og:title\" content=\"Figuration pour un court m\u00e9trage IAD - We Love Cinema\" \/>\n<meta property=\"og:description\" content=\"Pour le tournage d&rsquo;un court-m\u00e9trage de fin d&rsquo;\u00e9tudes de l&rsquo;IAD, un groupe d&rsquo;\u00e9tudiant\u00a0recherche environ 60 figurants. C&rsquo;est un film de super-h\u00e9ros social, dr\u00f4le et d\u00e9cal\u00e9. La participation n&rsquo;est ni r\u00e9mun\u00e9r\u00e9e ni d\u00e9fray\u00e9e mais l&rsquo;\u00e9quipe promet d&rsquo;\u00eatre aux petits soins avec vous et il y aura de quoi boire et manger. Le tournage est pr\u00e9vu \u00e0 &hellip;\" \/>\n<meta property=\"og:url\" content=\"https:\/\/welovecinema.be\/fr\/91919\/\" \/>\n<meta property=\"og:site_name\" content=\"We Love Cinema\" \/>\n<meta property=\"article:publisher\" content=\"https:\/\/www.facebook.com\/welovecinema.be\" \/>\n<meta property=\"article:published_time\" content=\"2016-10-25T09:16:02+00:00\" \/>\n<meta property=\"article:modified_time\" content=\"2016-10-25T16:03:01+00:00\" \/>\n<meta property=\"og:image\" content=\"https:\/\/welovecinema.be\/wp-content\/uploads\/sites\/2\/2016\/10\/figuration-600x340.jpg\" \/>\n\t<meta property=\"og:image:width\" content=\"600\" \/>\n\t<meta property=\"og:image:height\" content=\"340\" \/>\n\t<meta property=\"og:image:type\" content=\"image\/jpeg\" \/>\n<meta name=\"author\" content=\"Philippe.Pierquin\" \/>\n<meta name=\"twitter:card\" content=\"summary_large_image\" \/>\n<meta name=\"twitter:label1\" content=\"\u00c9crit par\" \/>\n\t<meta name=\"twitter:data1\" content=\"Philippe.Pierquin\" \/>\n\t<meta name=\"twitter:label2\" content=\"Dur\u00e9e de lecture estim\u00e9e\" \/>\n\t<meta name=\"twitter:data2\" content=\"1 minute\" \/>\n<script type=\"application\/ld+json\" class=\"yoast-schema-graph\">{\"@context\":\"https:\/\/schema.org\",\"@graph\":[{\"@type\":\"Article\",\"@id\":\"https:\/\/welovecinema.be\/fr\/91919\/#article\",\"isPartOf\":{\"@id\":\"https:\/\/welovecinema.be\/fr\/91919\/\"},\"author\":{\"name\":\"Philippe.Pierquin\",\"@id\":\"https:\/\/welovecinema.be\/nl\/#\/schema\/person\/4b9b1d857f0943453a38a7c2859ef756\"},\"headline\":\"Figuration pour un court m\u00e9trage IAD\",\"datePublished\":\"2016-10-25T09:16:02+00:00\",\"dateModified\":\"2016-10-25T16:03:01+00:00\",\"mainEntityOfPage\":{\"@id\":\"https:\/\/welovecinema.be\/fr\/91919\/\"},\"wordCount\":238,\"publisher\":{\"@id\":\"https:\/\/welovecinema.be\/nl\/#organization\"},\"articleSection\":[\"Cinejobs\"],\"inLanguage\":\"fr-FR\"},{\"@type\":\"WebPage\",\"@id\":\"https:\/\/welovecinema.be\/fr\/91919\/\",\"url\":\"https:\/\/welovecinema.be\/fr\/91919\/\",\"name\":\"Figuration pour un court m\u00e9trage IAD - We Love Cinema\",\"isPartOf\":{\"@id\":\"https:\/\/welovecinema.be\/nl\/#website\"},\"datePublished\":\"2016-10-25T09:16:02+00:00\",\"dateModified\":\"2016-10-25T16:03:01+00:00\",\"breadcrumb\":{\"@id\":\"https:\/\/welovecinema.be\/fr\/91919\/#breadcrumb\"},\"inLanguage\":\"fr-FR\",\"potentialAction\":[{\"@type\":\"ReadAction\",\"target\":[\"https:\/\/welovecinema.be\/fr\/91919\/\"]}]},{\"@type\":\"BreadcrumbList\",\"@id\":\"https:\/\/welovecinema.be\/fr\/91919\/#breadcrumb\",\"itemListElement\":[{\"@type\":\"ListItem\",\"position\":1,\"name\":\"Accueil\",\"item\":\"https:\/\/welovecinema.be\/fr\/\"},{\"@type\":\"ListItem\",\"position\":2,\"name\":\"Figuration pour un court m\u00e9trage IAD\"}]},{\"@type\":\"WebSite\",\"@id\":\"https:\/\/welovecinema.be\/nl\/#website\",\"url\":\"https:\/\/welovecinema.be\/nl\/\",\"name\":\"We Love Cinema\",\"description\":\"Toute l\u2019information du cin\u00e9ma en Belgique\",\"publisher\":{\"@id\":\"https:\/\/welovecinema.be\/nl\/#organization\"},\"potentialAction\":[{\"@type\":\"SearchAction\",\"target\":{\"@type\":\"EntryPoint\",\"urlTemplate\":\"https:\/\/welovecinema.be\/nl\/?s={search_term_string}\"},\"query-input\":\"required name=search_term_string\"}],\"inLanguage\":\"fr-FR\"},{\"@type\":\"Organization\",\"@id\":\"https:\/\/welovecinema.be\/nl\/#organization\",\"name\":\"We Love Cinema\",\"url\":\"https:\/\/welovecinema.be\/nl\/\",\"logo\":{\"@type\":\"ImageObject\",\"inLanguage\":\"fr-FR\",\"@id\":\"https:\/\/welovecinema.be\/nl\/#\/schema\/logo\/image\/\",\"url\":\"https:\/\/welovecinema.be\/wp-content\/uploads\/sites\/2\/2023\/03\/Logo-We-Love-Cinema305x128.jpg\",\"contentUrl\":\"https:\/\/welovecinema.be\/wp-content\/uploads\/sites\/2\/2023\/03\/Logo-We-Love-Cinema305x128.jpg\",\"width\":305,\"height\":128,\"caption\":\"We Love Cinema\"},\"image\":{\"@id\":\"https:\/\/welovecinema.be\/nl\/#\/schema\/logo\/image\/\"},\"sameAs\":[\"https:\/\/www.facebook.com\/welovecinema.be\",\"https:\/\/www.youtube.com\/channel\/UCX5LYGVhnKvYauW4Nta4HJA\",\"https:\/\/www.instagram.com\/welovecinema.be\/\"]},{\"@type\":\"Person\",\"@id\":\"https:\/\/welovecinema.be\/nl\/#\/schema\/person\/4b9b1d857f0943453a38a7c2859ef756\",\"name\":\"Philippe.Pierquin\",\"url\":\"https:\/\/welovecinema.be\/fr\/author\/philippe-pierquin\/\"}]}<\/script>\n<!-- \/ Yoast SEO plugin. -->","yoast_head_json":{"title":"Figuration pour un court m\u00e9trage IAD - We Love Cinema","robots":{"index":"index","follow":"follow","max-snippet":"max-snippet:-1","max-image-preview":"max-image-preview:large","max-video-preview":"max-video-preview:-1"},"canonical":"https:\/\/welovecinema.be\/fr\/91919\/","og_locale":"fr_FR","og_type":"article","og_title":"Figuration pour un court m\u00e9trage IAD - We Love Cinema","og_description":"Pour le tournage d&rsquo;un court-m\u00e9trage de fin d&rsquo;\u00e9tudes de l&rsquo;IAD, un groupe d&rsquo;\u00e9tudiant\u00a0recherche environ 60 figurants. C&rsquo;est un film de super-h\u00e9ros social, dr\u00f4le et d\u00e9cal\u00e9. La participation n&rsquo;est ni r\u00e9mun\u00e9r\u00e9e ni d\u00e9fray\u00e9e mais l&rsquo;\u00e9quipe promet d&rsquo;\u00eatre aux petits soins avec vous et il y aura de quoi boire et manger. Le tournage est pr\u00e9vu \u00e0 &hellip;","og_url":"https:\/\/welovecinema.be\/fr\/91919\/","og_site_name":"We Love Cinema","article_publisher":"https:\/\/www.facebook.com\/welovecinema.be","article_published_time":"2016-10-25T09:16:02+00:00","article_modified_time":"2016-10-25T16:03:01+00:00","og_image":[{"width":600,"height":340,"url":"https:\/\/welovecinema.be\/wp-content\/uploads\/sites\/2\/2016\/10\/figuration-600x340.jpg","type":"image\/jpeg"}],"author":"Philippe.Pierquin","twitter_card":"summary_large_image","twitter_misc":{"\u00c9crit par":"Philippe.Pierquin","Dur\u00e9e de lecture estim\u00e9e":"1 minute"},"schema":{"@context":"https:\/\/schema.org","@graph":[{"@type":"Article","@id":"https:\/\/welovecinema.be\/fr\/91919\/#article","isPartOf":{"@id":"https:\/\/welovecinema.be\/fr\/91919\/"},"author":{"name":"Philippe.Pierquin","@id":"https:\/\/welovecinema.be\/nl\/#\/schema\/person\/4b9b1d857f0943453a38a7c2859ef756"},"headline":"Figuration pour un court m\u00e9trage IAD","datePublished":"2016-10-25T09:16:02+00:00","dateModified":"2016-10-25T16:03:01+00:00","mainEntityOfPage":{"@id":"https:\/\/welovecinema.be\/fr\/91919\/"},"wordCount":238,"publisher":{"@id":"https:\/\/welovecinema.be\/nl\/#organization"},"articleSection":["Cinejobs"],"inLanguage":"fr-FR"},{"@type":"WebPage","@id":"https:\/\/welovecinema.be\/fr\/91919\/","url":"https:\/\/welovecinema.be\/fr\/91919\/","name":"Figuration pour un court m\u00e9trage IAD - We Love Cinema","isPartOf":{"@id":"https:\/\/welovecinema.be\/nl\/#website"},"datePublished":"2016-10-25T09:16:02+00:00","dateModified":"2016-10-25T16:03:01+00:00","breadcrumb":{"@id":"https:\/\/welovecinema.be\/fr\/91919\/#breadcrumb"},"inLanguage":"fr-FR","potentialAction":[{"@type":"ReadAction","target":["https:\/\/welovecinema.be\/fr\/91919\/"]}]},{"@type":"BreadcrumbList","@id":"https:\/\/welovecinema.be\/fr\/91919\/#breadcrumb","itemListElement":[{"@type":"ListItem","position":1,"name":"Accueil","item":"https:\/\/welovecinema.be\/fr\/"},{"@type":"ListItem","position":2,"name":"Figuration pour un court m\u00e9trage IAD"}]},{"@type":"WebSite","@id":"https:\/\/welovecinema.be\/nl\/#website","url":"https:\/\/welovecinema.be\/nl\/","name":"We Love Cinema","description":"Toute l\u2019information du cin\u00e9ma en Belgique","publisher":{"@id":"https:\/\/welovecinema.be\/nl\/#organization"},"potentialAction":[{"@type":"SearchAction","target":{"@type":"EntryPoint","urlTemplate":"https:\/\/welovecinema.be\/nl\/?s={search_term_string}"},"query-input":"required name=search_term_string"}],"inLanguage":"fr-FR"},{"@type":"Organization","@id":"https:\/\/welovecinema.be\/nl\/#organization","name":"We Love Cinema","url":"https:\/\/welovecinema.be\/nl\/","logo":{"@type":"ImageObject","inLanguage":"fr-FR","@id":"https:\/\/welovecinema.be\/nl\/#\/schema\/logo\/image\/","url":"https:\/\/welovecinema.be\/wp-content\/uploads\/sites\/2\/2023\/03\/Logo-We-Love-Cinema305x128.jpg","contentUrl":"https:\/\/welovecinema.be\/wp-content\/uploads\/sites\/2\/2023\/03\/Logo-We-Love-Cinema305x128.jpg","width":305,"height":128,"caption":"We Love Cinema"},"image":{"@id":"https:\/\/welovecinema.be\/nl\/#\/schema\/logo\/image\/"},"sameAs":["https:\/\/www.facebook.com\/welovecinema.be","https:\/\/www.youtube.com\/channel\/UCX5LYGVhnKvYauW4Nta4HJA","https:\/\/www.instagram.com\/welovecinema.be\/"]},{"@type":"Person","@id":"https:\/\/welovecinema.be\/nl\/#\/schema\/person\/4b9b1d857f0943453a38a7c2859ef756","name":"Philippe.Pierquin","url":"https:\/\/welovecinema.be\/fr\/author\/philippe-pierquin\/"}]}},"_links":{"self":[{"href":"https:\/\/welovecinema.be\/fr\/wp-json\/wp\/v2\/posts\/91919","targetHints":{"allow":["GET"]}}],"collection":[{"href":"https:\/\/welovecinema.be\/fr\/wp-json\/wp\/v2\/posts"}],"about":[{"href":"https:\/\/welovecinema.be\/fr\/wp-json\/wp\/v2\/types\/post"}],"author":[{"embeddable":true,"href":"https:\/\/welovecinema.be\/fr\/wp-json\/wp\/v2\/users\/7"}],"replies":[{"embeddable":true,"href":"https:\/\/welovecinema.be\/fr\/wp-json\/wp\/v2\/comments?post=91919"}],"version-history":[{"count":0,"href":"https:\/\/welovecinema.be\/fr\/wp-json\/wp\/v2\/posts\/91919\/revisions"}],"wp:featuredmedia":[{"embeddable":true,"href":"https:\/\/welovecinema.be\/fr\/wp-json\/wp\/v2\/media\/91921"}],"wp:attachment":[{"href":"https:\/\/welovecinema.be\/fr\/wp-json\/wp\/v2\/media?parent=91919"}],"wp:term":[{"taxonomy":"category","embeddable":true,"href":"https:\/\/welovecinema.be\/fr\/wp-json\/wp\/v2\/categories?post=91919"},{"taxonomy":"post_tag","embeddable":true,"href":"https:\/\/welovecinema.be\/fr\/wp-json\/wp\/v2\/tags?post=91919"}],"curies":[{"name":"wp","href":"https:\/\/api.w.org\/{rel}","templated":true}]}}