{"id":9173,"date":"2011-10-06T09:43:13","date_gmt":"2011-10-06T09:43:13","guid":{"rendered":"http:\/\/www.cinevox.be\/?p=9173"},"modified":"2011-10-06T09:48:17","modified_gmt":"2011-10-06T09:48:17","slug":"vu-du-fiff-la-folie-akerman","status":"publish","type":"post","link":"https:\/\/welovecinema.be\/fr\/vu-du-fiff-la-folie-akerman\/","title":{"rendered":"Vu du FIFF  <br> La folie Akerman"},"content":{"rendered":"<p><em>Un fleuve qui se d\u00e9cha\u00eene. Un soleil qui br\u00fble les yeux. Une femme qui perd la t\u00eate. Une fille qui chante dans un bouiboui. Un chinois qui r\u00eave sous l\u2019opium. Une chasse \u00e0 l\u2019enfant dans la jungle. Un \u00e9clair ! Une histoire tragique, comme les trag\u00e9dies antiques qui ne vieillissent jamais. Une histoire vieille\u00a0 comme le monde. Une histoire jeune comme le monde. D\u2019amour et de folie. De r\u00eaves impossibles.<\/em> <em><!--more--> <\/em><\/p>\n<p>&nbsp;<\/p>\n<p>Oui, c&rsquo;est bien \u00a0<em><a href=\"http:\/\/www.cinevox.be\/la-folie-almayer-les-caprices-dun-fleuve\/\" target=\"_blank\">La Folie Almayer<\/a><\/em>, dernier long m\u00e9trage en date de <strong>Chantal Akerman<\/strong> qui a \u00e9t\u00e9 choisi pour incarner la soir\u00e9e de la F\u00e9d\u00e9ration Wallonie-Bruxelles au FIFF namurois. Une soir\u00e9e fort pris\u00e9e : on s&rsquo;arrachait les invitations tr\u00e8s exclusives depuis plusieurs semaines. \u00c0 la cannoise.  Tr\u00e8s librement adapt\u00e9 du roman de Joseph Conrad, ce drame intimiste a \u00e9t\u00e9 film\u00e9 dans des paysages d&rsquo;une beaut\u00e9 surnaturelle au Cambodge.<\/p>\n<p>&nbsp;<\/p>\n<p><a rel=\"attachment wp-att-9192\" href=\"http:\/\/www.cinevox.be\/vu-du-fiff-la-folie-akerman\/_mg01606\/\"><img loading=\"lazy\" decoding=\"async\" class=\"alignright size-medium wp-image-9192\" title=\"_MG01606\" src=\"http:\/\/www.cinevox.be\/wp-content\/uploads\/sites\/2\/2011\/10\/MG01606-406x270.jpg\" alt=\"\" width=\"406\" height=\"270\" srcset=\"https:\/\/welovecinema.be\/wp-content\/uploads\/sites\/2\/2011\/10\/MG01606-406x270.jpg 406w, https:\/\/welovecinema.be\/wp-content\/uploads\/sites\/2\/2011\/10\/MG01606-800x532.jpg 800w, https:\/\/welovecinema.be\/wp-content\/uploads\/sites\/2\/2011\/10\/MG01606.jpg 1000w\" sizes=\"auto, (max-width: 406px) 100vw, 406px\" \/><\/a>\u00ab\u00a0&#8211; Aujourd&rsquo;hui, c&rsquo;est moins du Conrad que du Chantal Akerman\u00a0\u00bb, reconna\u00eet le producteur <strong>Patrick Quinet<\/strong> (<em>Artemis<\/em>). \u00ab\u00a0\u00c0 travers les versions successives de son sc\u00e9nario, je voyais que Chantal s&rsquo;appropriait le roman. C&rsquo;\u00e9tait enthousiasmant. Au d\u00e9but de ma carri\u00e8re, je fus son premier assistant et je sais parfaitement qu&rsquo;elle excelle dans cette d\u00e9marche.\u00a0\u00bb<\/p>\n<p>&nbsp;<\/p>\n<p>Pour vous faire vivre cette soir\u00e9e, pas besoin de longs discours. \u00a0Quelques photos bien choisies feront bien mieux l&rsquo;affaire\u2026<\/p>\n<p>&nbsp;<\/p>\n<p>&nbsp;<\/p>\n<p><a rel=\"attachment wp-att-9193\" href=\"http:\/\/www.cinevox.be\/vu-du-fiff-la-folie-akerman\/_mg01426\/\"><img loading=\"lazy\" decoding=\"async\" class=\"aligncenter size-full wp-image-9193\" title=\"_MG01426\" src=\"http:\/\/www.cinevox.be\/wp-content\/uploads\/sites\/2\/2011\/10\/MG01426.jpg\" alt=\"\" width=\"1000\" height=\"665\" srcset=\"https:\/\/welovecinema.be\/wp-content\/uploads\/sites\/2\/2011\/10\/MG01426.jpg 1000w, https:\/\/welovecinema.be\/wp-content\/uploads\/sites\/2\/2011\/10\/MG01426-406x270.jpg 406w, https:\/\/welovecinema.be\/wp-content\/uploads\/sites\/2\/2011\/10\/MG01426-800x532.jpg 800w\" sizes=\"auto, (max-width: 1000px) 100vw, 1000px\" \/><\/a><\/p>\n<p>&nbsp;<\/p>\n<p><a rel=\"attachment wp-att-9194\" href=\"http:\/\/www.cinevox.be\/vu-du-fiff-la-folie-akerman\/_mg01495\/\"><img loading=\"lazy\" decoding=\"async\" class=\"aligncenter size-full wp-image-9194\" title=\"_MG01495\" src=\"http:\/\/www.cinevox.be\/wp-content\/uploads\/sites\/2\/2011\/10\/MG01495.jpg\" alt=\"\" width=\"1000\" height=\"665\" srcset=\"https:\/\/welovecinema.be\/wp-content\/uploads\/sites\/2\/2011\/10\/MG01495.jpg 1000w, https:\/\/welovecinema.be\/wp-content\/uploads\/sites\/2\/2011\/10\/MG01495-406x270.jpg 406w, https:\/\/welovecinema.be\/wp-content\/uploads\/sites\/2\/2011\/10\/MG01495-800x532.jpg 800w\" sizes=\"auto, (max-width: 1000px) 100vw, 1000px\" \/><\/a><\/p>\n<p>&nbsp;<\/p>\n<p><a rel=\"attachment wp-att-9195\" href=\"http:\/\/www.cinevox.be\/vu-du-fiff-la-folie-akerman\/_mg01514\/\"><img loading=\"lazy\" decoding=\"async\" class=\"aligncenter size-full wp-image-9195\" title=\"_MG01514\" src=\"http:\/\/www.cinevox.be\/wp-content\/uploads\/sites\/2\/2011\/10\/MG01514.jpg\" alt=\"\" width=\"1000\" height=\"665\" srcset=\"https:\/\/welovecinema.be\/wp-content\/uploads\/sites\/2\/2011\/10\/MG01514.jpg 1000w, https:\/\/welovecinema.be\/wp-content\/uploads\/sites\/2\/2011\/10\/MG01514-406x270.jpg 406w, https:\/\/welovecinema.be\/wp-content\/uploads\/sites\/2\/2011\/10\/MG01514-800x532.jpg 800w\" sizes=\"auto, (max-width: 1000px) 100vw, 1000px\" \/><\/a><\/p>\n<p>&nbsp;<\/p>\n<p><a rel=\"attachment wp-att-9199\" href=\"http:\/\/www.cinevox.be\/vu-du-fiff-la-folie-akerman\/_mg01518\/\"><img loading=\"lazy\" decoding=\"async\" class=\"aligncenter size-full wp-image-9199\" title=\"_MG01518\" src=\"http:\/\/www.cinevox.be\/wp-content\/uploads\/sites\/2\/2011\/10\/MG01518.jpg\" alt=\"\" width=\"1000\" height=\"665\" srcset=\"https:\/\/welovecinema.be\/wp-content\/uploads\/sites\/2\/2011\/10\/MG01518.jpg 1000w, https:\/\/welovecinema.be\/wp-content\/uploads\/sites\/2\/2011\/10\/MG01518-406x270.jpg 406w, https:\/\/welovecinema.be\/wp-content\/uploads\/sites\/2\/2011\/10\/MG01518-800x532.jpg 800w\" sizes=\"auto, (max-width: 1000px) 100vw, 1000px\" \/><\/a><\/p>\n<p>&nbsp;<\/p>\n<p><a rel=\"attachment wp-att-9196\" href=\"http:\/\/www.cinevox.be\/vu-du-fiff-la-folie-akerman\/_mg01598\/\"><img loading=\"lazy\" decoding=\"async\" class=\"aligncenter size-full wp-image-9196\" title=\"_MG01598\" src=\"http:\/\/www.cinevox.be\/wp-content\/uploads\/sites\/2\/2011\/10\/MG01598.jpg\" alt=\"\" width=\"1000\" height=\"665\" srcset=\"https:\/\/welovecinema.be\/wp-content\/uploads\/sites\/2\/2011\/10\/MG01598.jpg 1000w, https:\/\/welovecinema.be\/wp-content\/uploads\/sites\/2\/2011\/10\/MG01598-406x270.jpg 406w, https:\/\/welovecinema.be\/wp-content\/uploads\/sites\/2\/2011\/10\/MG01598-800x532.jpg 800w\" sizes=\"auto, (max-width: 1000px) 100vw, 1000px\" \/><\/a><\/p>\n<p>&nbsp;<\/p>\n<p style=\"text-align: center;\"><a rel=\"attachment wp-att-9198\" href=\"http:\/\/www.cinevox.be\/vu-du-fiff-la-folie-akerman\/_mg01604\/\"><img loading=\"lazy\" decoding=\"async\" class=\"aligncenter size-full wp-image-9198\" title=\"_MG01604\" src=\"http:\/\/www.cinevox.be\/wp-content\/uploads\/sites\/2\/2011\/10\/MG01604.jpg\" alt=\"\" width=\"1000\" height=\"665\" srcset=\"https:\/\/welovecinema.be\/wp-content\/uploads\/sites\/2\/2011\/10\/MG01604.jpg 1000w, https:\/\/welovecinema.be\/wp-content\/uploads\/sites\/2\/2011\/10\/MG01604-406x270.jpg 406w, https:\/\/welovecinema.be\/wp-content\/uploads\/sites\/2\/2011\/10\/MG01604-800x532.jpg 800w\" sizes=\"auto, (max-width: 1000px) 100vw, 1000px\" \/><\/a><\/p>\n<p style=\"text-align: center;\">&nbsp;<\/p>\n<p style=\"text-align: center;\"><a rel=\"attachment wp-att-9200\" href=\"http:\/\/www.cinevox.be\/vu-du-fiff-la-folie-akerman\/_mg01572\/\"><img loading=\"lazy\" decoding=\"async\" class=\"aligncenter size-full wp-image-9200\" title=\"_MG01572\" src=\"http:\/\/www.cinevox.be\/wp-content\/uploads\/sites\/2\/2011\/10\/MG01572.jpg\" alt=\"\" width=\"1000\" height=\"665\" srcset=\"https:\/\/welovecinema.be\/wp-content\/uploads\/sites\/2\/2011\/10\/MG01572.jpg 1000w, https:\/\/welovecinema.be\/wp-content\/uploads\/sites\/2\/2011\/10\/MG01572-406x270.jpg 406w, https:\/\/welovecinema.be\/wp-content\/uploads\/sites\/2\/2011\/10\/MG01572-800x532.jpg 800w\" sizes=\"auto, (max-width: 1000px) 100vw, 1000px\" \/><\/a><\/p>\n","protected":false},"excerpt":{"rendered":"<p>Un fleuve qui se d\u00e9cha\u00eene. Un soleil qui br\u00fble les yeux. Une femme qui perd la t\u00eate. Une fille qui chante dans un bouiboui. Un chinois qui r\u00eave sous l\u2019opium. Une chasse \u00e0 l\u2019enfant dans la jungle. Un \u00e9clair ! Une histoire tragique, comme les trag\u00e9dies antiques qui ne vieillissent jamais. Une histoire vieille\u00a0 comme &hellip;<\/p>\n","protected":false},"author":7,"featured_media":9202,"comment_status":"closed","ping_status":"closed","sticky":false,"template":"","format":"standard","meta":{"ngg_post_thumbnail":0,"footnotes":""},"categories":[1923,7],"tags":[],"class_list":["post-9173","post","type-post","status-publish","format-standard","has-post-thumbnail","","category-en-bref","category-actualites"],"yoast_head":"<!-- This site is optimized with the Yoast SEO plugin v20.4 - https:\/\/yoast.com\/wordpress\/plugins\/seo\/ -->\n<title>Vu du FIFF  La folie Akerman - We Love Cinema<\/title>\n<meta name=\"robots\" content=\"index, follow, max-snippet:-1, max-image-preview:large, max-video-preview:-1\" \/>\n<link rel=\"canonical\" href=\"https:\/\/welovecinema.be\/fr\/vu-du-fiff-la-folie-akerman\/\" \/>\n<meta property=\"og:locale\" content=\"fr_FR\" \/>\n<meta property=\"og:type\" content=\"article\" \/>\n<meta property=\"og:title\" content=\"Vu du FIFF  La folie Akerman - We Love Cinema\" \/>\n<meta property=\"og:description\" content=\"Un fleuve qui se d\u00e9cha\u00eene. Un soleil qui br\u00fble les yeux. Une femme qui perd la t\u00eate. Une fille qui chante dans un bouiboui. Un chinois qui r\u00eave sous l\u2019opium. Une chasse \u00e0 l\u2019enfant dans la jungle. Un \u00e9clair ! Une histoire tragique, comme les trag\u00e9dies antiques qui ne vieillissent jamais. Une histoire vieille\u00a0 comme &hellip;\" \/>\n<meta property=\"og:url\" content=\"https:\/\/welovecinema.be\/fr\/vu-du-fiff-la-folie-akerman\/\" \/>\n<meta property=\"og:site_name\" content=\"We Love Cinema\" \/>\n<meta property=\"article:publisher\" content=\"https:\/\/www.facebook.com\/welovecinema.be\" \/>\n<meta property=\"article:published_time\" content=\"2011-10-06T09:43:13+00:00\" \/>\n<meta property=\"article:modified_time\" content=\"2011-10-06T09:48:17+00:00\" \/>\n<meta property=\"og:image\" content=\"https:\/\/welovecinema.be\/wp-content\/uploads\/sites\/2\/2011\/10\/MG01565.jpg\" \/>\n\t<meta property=\"og:image:width\" content=\"1000\" \/>\n\t<meta property=\"og:image:height\" content=\"665\" \/>\n\t<meta property=\"og:image:type\" content=\"image\/jpeg\" \/>\n<meta name=\"author\" content=\"Philippe.Pierquin\" \/>\n<meta name=\"twitter:card\" content=\"summary_large_image\" \/>\n<meta name=\"twitter:label1\" content=\"\u00c9crit par\" \/>\n\t<meta name=\"twitter:data1\" content=\"Philippe.Pierquin\" \/>\n\t<meta name=\"twitter:label2\" content=\"Dur\u00e9e de lecture estim\u00e9e\" \/>\n\t<meta name=\"twitter:data2\" content=\"1 minute\" \/>\n<script type=\"application\/ld+json\" class=\"yoast-schema-graph\">{\"@context\":\"https:\/\/schema.org\",\"@graph\":[{\"@type\":\"Article\",\"@id\":\"https:\/\/welovecinema.be\/fr\/vu-du-fiff-la-folie-akerman\/#article\",\"isPartOf\":{\"@id\":\"https:\/\/welovecinema.be\/fr\/vu-du-fiff-la-folie-akerman\/\"},\"author\":{\"name\":\"Philippe.Pierquin\",\"@id\":\"https:\/\/welovecinema.be\/nl\/#\/schema\/person\/4b9b1d857f0943453a38a7c2859ef756\"},\"headline\":\"Vu du FIFF La folie Akerman\",\"datePublished\":\"2011-10-06T09:43:13+00:00\",\"dateModified\":\"2011-10-06T09:48:17+00:00\",\"mainEntityOfPage\":{\"@id\":\"https:\/\/welovecinema.be\/fr\/vu-du-fiff-la-folie-akerman\/\"},\"wordCount\":254,\"publisher\":{\"@id\":\"https:\/\/welovecinema.be\/nl\/#organization\"},\"articleSection\":[\"En bref\",\"News\"],\"inLanguage\":\"fr-FR\"},{\"@type\":\"WebPage\",\"@id\":\"https:\/\/welovecinema.be\/fr\/vu-du-fiff-la-folie-akerman\/\",\"url\":\"https:\/\/welovecinema.be\/fr\/vu-du-fiff-la-folie-akerman\/\",\"name\":\"Vu du FIFF La folie Akerman - We Love Cinema\",\"isPartOf\":{\"@id\":\"https:\/\/welovecinema.be\/nl\/#website\"},\"datePublished\":\"2011-10-06T09:43:13+00:00\",\"dateModified\":\"2011-10-06T09:48:17+00:00\",\"breadcrumb\":{\"@id\":\"https:\/\/welovecinema.be\/fr\/vu-du-fiff-la-folie-akerman\/#breadcrumb\"},\"inLanguage\":\"fr-FR\",\"potentialAction\":[{\"@type\":\"ReadAction\",\"target\":[\"https:\/\/welovecinema.be\/fr\/vu-du-fiff-la-folie-akerman\/\"]}]},{\"@type\":\"BreadcrumbList\",\"@id\":\"https:\/\/welovecinema.be\/fr\/vu-du-fiff-la-folie-akerman\/#breadcrumb\",\"itemListElement\":[{\"@type\":\"ListItem\",\"position\":1,\"name\":\"Accueil\",\"item\":\"https:\/\/welovecinema.be\/fr\/\"},{\"@type\":\"ListItem\",\"position\":2,\"name\":\"Vu du FIFF La folie Akerman\"}]},{\"@type\":\"WebSite\",\"@id\":\"https:\/\/welovecinema.be\/nl\/#website\",\"url\":\"https:\/\/welovecinema.be\/nl\/\",\"name\":\"We Love Cinema\",\"description\":\"Toute l\u2019information du cin\u00e9ma en Belgique\",\"publisher\":{\"@id\":\"https:\/\/welovecinema.be\/nl\/#organization\"},\"potentialAction\":[{\"@type\":\"SearchAction\",\"target\":{\"@type\":\"EntryPoint\",\"urlTemplate\":\"https:\/\/welovecinema.be\/nl\/?s={search_term_string}\"},\"query-input\":\"required name=search_term_string\"}],\"inLanguage\":\"fr-FR\"},{\"@type\":\"Organization\",\"@id\":\"https:\/\/welovecinema.be\/nl\/#organization\",\"name\":\"We Love Cinema\",\"url\":\"https:\/\/welovecinema.be\/nl\/\",\"logo\":{\"@type\":\"ImageObject\",\"inLanguage\":\"fr-FR\",\"@id\":\"https:\/\/welovecinema.be\/nl\/#\/schema\/logo\/image\/\",\"url\":\"https:\/\/welovecinema.be\/wp-content\/uploads\/sites\/2\/2023\/03\/Logo-We-Love-Cinema305x128.jpg\",\"contentUrl\":\"https:\/\/welovecinema.be\/wp-content\/uploads\/sites\/2\/2023\/03\/Logo-We-Love-Cinema305x128.jpg\",\"width\":305,\"height\":128,\"caption\":\"We Love Cinema\"},\"image\":{\"@id\":\"https:\/\/welovecinema.be\/nl\/#\/schema\/logo\/image\/\"},\"sameAs\":[\"https:\/\/www.facebook.com\/welovecinema.be\",\"https:\/\/www.youtube.com\/channel\/UCX5LYGVhnKvYauW4Nta4HJA\",\"https:\/\/www.instagram.com\/welovecinema.be\/\"]},{\"@type\":\"Person\",\"@id\":\"https:\/\/welovecinema.be\/nl\/#\/schema\/person\/4b9b1d857f0943453a38a7c2859ef756\",\"name\":\"Philippe.Pierquin\",\"url\":\"https:\/\/welovecinema.be\/fr\/author\/philippe-pierquin\/\"}]}<\/script>\n<!-- \/ Yoast SEO plugin. -->","yoast_head_json":{"title":"Vu du FIFF  La folie Akerman - We Love Cinema","robots":{"index":"index","follow":"follow","max-snippet":"max-snippet:-1","max-image-preview":"max-image-preview:large","max-video-preview":"max-video-preview:-1"},"canonical":"https:\/\/welovecinema.be\/fr\/vu-du-fiff-la-folie-akerman\/","og_locale":"fr_FR","og_type":"article","og_title":"Vu du FIFF  La folie Akerman - We Love Cinema","og_description":"Un fleuve qui se d\u00e9cha\u00eene. Un soleil qui br\u00fble les yeux. Une femme qui perd la t\u00eate. Une fille qui chante dans un bouiboui. Un chinois qui r\u00eave sous l\u2019opium. Une chasse \u00e0 l\u2019enfant dans la jungle. Un \u00e9clair ! Une histoire tragique, comme les trag\u00e9dies antiques qui ne vieillissent jamais. Une histoire vieille\u00a0 comme &hellip;","og_url":"https:\/\/welovecinema.be\/fr\/vu-du-fiff-la-folie-akerman\/","og_site_name":"We Love Cinema","article_publisher":"https:\/\/www.facebook.com\/welovecinema.be","article_published_time":"2011-10-06T09:43:13+00:00","article_modified_time":"2011-10-06T09:48:17+00:00","og_image":[{"width":"1000","height":"665","url":"https:\/\/welovecinema.be\/wp-content\/uploads\/sites\/2\/2011\/10\/MG01565.jpg","type":"image\/jpeg"}],"author":"Philippe.Pierquin","twitter_card":"summary_large_image","twitter_misc":{"\u00c9crit par":"Philippe.Pierquin","Dur\u00e9e de lecture estim\u00e9e":"1 minute"},"schema":{"@context":"https:\/\/schema.org","@graph":[{"@type":"Article","@id":"https:\/\/welovecinema.be\/fr\/vu-du-fiff-la-folie-akerman\/#article","isPartOf":{"@id":"https:\/\/welovecinema.be\/fr\/vu-du-fiff-la-folie-akerman\/"},"author":{"name":"Philippe.Pierquin","@id":"https:\/\/welovecinema.be\/nl\/#\/schema\/person\/4b9b1d857f0943453a38a7c2859ef756"},"headline":"Vu du FIFF La folie Akerman","datePublished":"2011-10-06T09:43:13+00:00","dateModified":"2011-10-06T09:48:17+00:00","mainEntityOfPage":{"@id":"https:\/\/welovecinema.be\/fr\/vu-du-fiff-la-folie-akerman\/"},"wordCount":254,"publisher":{"@id":"https:\/\/welovecinema.be\/nl\/#organization"},"articleSection":["En bref","News"],"inLanguage":"fr-FR"},{"@type":"WebPage","@id":"https:\/\/welovecinema.be\/fr\/vu-du-fiff-la-folie-akerman\/","url":"https:\/\/welovecinema.be\/fr\/vu-du-fiff-la-folie-akerman\/","name":"Vu du FIFF La folie Akerman - We Love Cinema","isPartOf":{"@id":"https:\/\/welovecinema.be\/nl\/#website"},"datePublished":"2011-10-06T09:43:13+00:00","dateModified":"2011-10-06T09:48:17+00:00","breadcrumb":{"@id":"https:\/\/welovecinema.be\/fr\/vu-du-fiff-la-folie-akerman\/#breadcrumb"},"inLanguage":"fr-FR","potentialAction":[{"@type":"ReadAction","target":["https:\/\/welovecinema.be\/fr\/vu-du-fiff-la-folie-akerman\/"]}]},{"@type":"BreadcrumbList","@id":"https:\/\/welovecinema.be\/fr\/vu-du-fiff-la-folie-akerman\/#breadcrumb","itemListElement":[{"@type":"ListItem","position":1,"name":"Accueil","item":"https:\/\/welovecinema.be\/fr\/"},{"@type":"ListItem","position":2,"name":"Vu du FIFF La folie Akerman"}]},{"@type":"WebSite","@id":"https:\/\/welovecinema.be\/nl\/#website","url":"https:\/\/welovecinema.be\/nl\/","name":"We Love Cinema","description":"Toute l\u2019information du cin\u00e9ma en Belgique","publisher":{"@id":"https:\/\/welovecinema.be\/nl\/#organization"},"potentialAction":[{"@type":"SearchAction","target":{"@type":"EntryPoint","urlTemplate":"https:\/\/welovecinema.be\/nl\/?s={search_term_string}"},"query-input":"required name=search_term_string"}],"inLanguage":"fr-FR"},{"@type":"Organization","@id":"https:\/\/welovecinema.be\/nl\/#organization","name":"We Love Cinema","url":"https:\/\/welovecinema.be\/nl\/","logo":{"@type":"ImageObject","inLanguage":"fr-FR","@id":"https:\/\/welovecinema.be\/nl\/#\/schema\/logo\/image\/","url":"https:\/\/welovecinema.be\/wp-content\/uploads\/sites\/2\/2023\/03\/Logo-We-Love-Cinema305x128.jpg","contentUrl":"https:\/\/welovecinema.be\/wp-content\/uploads\/sites\/2\/2023\/03\/Logo-We-Love-Cinema305x128.jpg","width":305,"height":128,"caption":"We Love Cinema"},"image":{"@id":"https:\/\/welovecinema.be\/nl\/#\/schema\/logo\/image\/"},"sameAs":["https:\/\/www.facebook.com\/welovecinema.be","https:\/\/www.youtube.com\/channel\/UCX5LYGVhnKvYauW4Nta4HJA","https:\/\/www.instagram.com\/welovecinema.be\/"]},{"@type":"Person","@id":"https:\/\/welovecinema.be\/nl\/#\/schema\/person\/4b9b1d857f0943453a38a7c2859ef756","name":"Philippe.Pierquin","url":"https:\/\/welovecinema.be\/fr\/author\/philippe-pierquin\/"}]}},"_links":{"self":[{"href":"https:\/\/welovecinema.be\/fr\/wp-json\/wp\/v2\/posts\/9173","targetHints":{"allow":["GET"]}}],"collection":[{"href":"https:\/\/welovecinema.be\/fr\/wp-json\/wp\/v2\/posts"}],"about":[{"href":"https:\/\/welovecinema.be\/fr\/wp-json\/wp\/v2\/types\/post"}],"author":[{"embeddable":true,"href":"https:\/\/welovecinema.be\/fr\/wp-json\/wp\/v2\/users\/7"}],"replies":[{"embeddable":true,"href":"https:\/\/welovecinema.be\/fr\/wp-json\/wp\/v2\/comments?post=9173"}],"version-history":[{"count":0,"href":"https:\/\/welovecinema.be\/fr\/wp-json\/wp\/v2\/posts\/9173\/revisions"}],"wp:featuredmedia":[{"embeddable":true,"href":"https:\/\/welovecinema.be\/fr\/wp-json\/wp\/v2\/media\/9202"}],"wp:attachment":[{"href":"https:\/\/welovecinema.be\/fr\/wp-json\/wp\/v2\/media?parent=9173"}],"wp:term":[{"taxonomy":"category","embeddable":true,"href":"https:\/\/welovecinema.be\/fr\/wp-json\/wp\/v2\/categories?post=9173"},{"taxonomy":"post_tag","embeddable":true,"href":"https:\/\/welovecinema.be\/fr\/wp-json\/wp\/v2\/tags?post=9173"}],"curies":[{"name":"wp","href":"https:\/\/api.w.org\/{rel}","templated":true}]}}