{"id":91208,"date":"2016-10-01T12:03:39","date_gmt":"2016-10-01T10:03:39","guid":{"rendered":"http:\/\/www.cinevox.be\/?p=91208"},"modified":"2016-10-04T08:28:16","modified_gmt":"2016-10-04T06:28:16","slug":"cinevox-54-septembreoctobre-2016-dode-hoek","status":"publish","type":"post","link":"https:\/\/welovecinema.be\/fr\/cinevox-54-septembreoctobre-2016-dode-hoek\/","title":{"rendered":"Cinevox #54 \u2013 Septembre\/octobre 2016 \u2013 Dode Hoek"},"content":{"rendered":"<p>Jan Verbeeck est le flic le plus populaire de Flandre. A Anvers il a d\u00e9mantel\u00e9 de nombreux r\u00e9seaux de trafiquants. Beaucoup consid\u00e8rent qu\u2019il a assaini la ville. A la surprise g\u00e9n\u00e9rale, il d\u00e9missionne pourtant en pleine gloire de la brigade des stup\u00e9fiants et annonce qu\u2019il s&rsquo;engage dans un parti populiste et nationaliste dans sa ville.<!--more--><\/p>\n<p><em>Dode Hoek<\/em> est le troisi\u00e8me long m\u00e9trage de <strong>Nabil Ben Yadir.<\/strong> Le r\u00e9alisateur des <em>Barons <\/em>et de <em>La Marche<\/em> ch\u00e9rit depuis longtemps ce polar noir avec un fond politique, ancr\u00e9 dans l\u2019actualit\u00e9, mais qui scrute surtout la destin\u00e9e d\u2019un homme que tout \u00e9loigne pourtant du r\u00e9alisateur et de ses convictions progressistes.<\/p>\n<p>Jan Verbeeck sera interpr\u00e9t\u00e9 par <strong>Peter Van den Begin<\/strong>, le pr\u00e9sident du parti par la l\u00e9gende flamande <strong>Jan Decleir<\/strong>, Driss par <strong>Soufiane Chilah<\/strong> (<em>Black<\/em>) qui a pris 14 kilos pour le r\u00f4le. C\u00f4t\u00e9 wallon, on retrouvera <strong>David Murgia<\/strong> dans un r\u00f4le-clef, <strong>Gael Maleux<\/strong>\u00a0et <strong>Vincent Tavier<\/strong>, fameux producteur, sc\u00e9nariste reconnu et acteur sous-estim\u00e9.<\/p>\n","protected":false},"excerpt":{"rendered":"<p>Jan Verbeeck est le flic le plus populaire de Flandre. A Anvers il a d\u00e9mantel\u00e9 de nombreux r\u00e9seaux de trafiquants. Beaucoup consid\u00e8rent qu\u2019il a assaini la ville. A la surprise g\u00e9n\u00e9rale, il d\u00e9missionne pourtant en pleine gloire de la brigade des stup\u00e9fiants et annonce qu\u2019il s&rsquo;engage dans un parti populiste et nationaliste dans sa ville.<\/p>\n","protected":false},"author":7,"featured_media":91209,"comment_status":"closed","ping_status":"closed","sticky":false,"template":"","format":"standard","meta":{"ngg_post_thumbnail":0,"footnotes":""},"categories":[1886],"tags":[],"class_list":["post-91208","post","type-post","status-publish","format-standard","has-post-thumbnail","","category-cinema-belge"],"yoast_head":"<!-- This site is optimized with the Yoast SEO plugin v20.4 - https:\/\/yoast.com\/wordpress\/plugins\/seo\/ -->\n<title>Cinevox #54 \u2013 Septembre\/octobre 2016 \u2013 Dode Hoek - We Love Cinema<\/title>\n<meta name=\"robots\" content=\"index, follow, max-snippet:-1, max-image-preview:large, max-video-preview:-1\" \/>\n<link rel=\"canonical\" href=\"https:\/\/welovecinema.be\/fr\/cinevox-54-septembreoctobre-2016-dode-hoek\/\" \/>\n<meta property=\"og:locale\" content=\"fr_FR\" \/>\n<meta property=\"og:type\" content=\"article\" \/>\n<meta property=\"og:title\" content=\"Cinevox #54 \u2013 Septembre\/octobre 2016 \u2013 Dode Hoek - We Love Cinema\" \/>\n<meta property=\"og:description\" content=\"Jan Verbeeck est le flic le plus populaire de Flandre. A Anvers il a d\u00e9mantel\u00e9 de nombreux r\u00e9seaux de trafiquants. Beaucoup consid\u00e8rent qu\u2019il a assaini la ville. A la surprise g\u00e9n\u00e9rale, il d\u00e9missionne pourtant en pleine gloire de la brigade des stup\u00e9fiants et annonce qu\u2019il s&rsquo;engage dans un parti populiste et nationaliste dans sa ville.\" \/>\n<meta property=\"og:url\" content=\"https:\/\/welovecinema.be\/fr\/cinevox-54-septembreoctobre-2016-dode-hoek\/\" \/>\n<meta property=\"og:site_name\" content=\"We Love Cinema\" \/>\n<meta property=\"article:publisher\" content=\"https:\/\/www.facebook.com\/welovecinema.be\" \/>\n<meta property=\"article:published_time\" content=\"2016-10-01T10:03:39+00:00\" \/>\n<meta property=\"article:modified_time\" content=\"2016-10-04T06:28:16+00:00\" \/>\n<meta property=\"og:image\" content=\"https:\/\/welovecinema.be\/wp-content\/uploads\/sites\/2\/2016\/10\/2016-10-01_11h55_45.png\" \/>\n\t<meta property=\"og:image:width\" content=\"945\" \/>\n\t<meta property=\"og:image:height\" content=\"452\" \/>\n\t<meta property=\"og:image:type\" content=\"image\/png\" \/>\n<meta name=\"author\" content=\"Philippe.Pierquin\" \/>\n<meta name=\"twitter:card\" content=\"summary_large_image\" \/>\n<meta name=\"twitter:label1\" content=\"\u00c9crit par\" \/>\n\t<meta name=\"twitter:data1\" content=\"Philippe.Pierquin\" \/>\n\t<meta name=\"twitter:label2\" content=\"Dur\u00e9e de lecture estim\u00e9e\" \/>\n\t<meta name=\"twitter:data2\" content=\"1 minute\" \/>\n<script type=\"application\/ld+json\" class=\"yoast-schema-graph\">{\"@context\":\"https:\/\/schema.org\",\"@graph\":[{\"@type\":\"Article\",\"@id\":\"https:\/\/welovecinema.be\/fr\/cinevox-54-septembreoctobre-2016-dode-hoek\/#article\",\"isPartOf\":{\"@id\":\"https:\/\/welovecinema.be\/fr\/cinevox-54-septembreoctobre-2016-dode-hoek\/\"},\"author\":{\"name\":\"Philippe.Pierquin\",\"@id\":\"https:\/\/welovecinema.be\/nl\/#\/schema\/person\/4b9b1d857f0943453a38a7c2859ef756\"},\"headline\":\"Cinevox #54 \u2013 Septembre\/octobre 2016 \u2013 Dode Hoek\",\"datePublished\":\"2016-10-01T10:03:39+00:00\",\"dateModified\":\"2016-10-04T06:28:16+00:00\",\"mainEntityOfPage\":{\"@id\":\"https:\/\/welovecinema.be\/fr\/cinevox-54-septembreoctobre-2016-dode-hoek\/\"},\"wordCount\":188,\"publisher\":{\"@id\":\"https:\/\/welovecinema.be\/nl\/#organization\"},\"articleSection\":[\"Cin\u00e9Belge en salle\"],\"inLanguage\":\"fr-FR\"},{\"@type\":\"WebPage\",\"@id\":\"https:\/\/welovecinema.be\/fr\/cinevox-54-septembreoctobre-2016-dode-hoek\/\",\"url\":\"https:\/\/welovecinema.be\/fr\/cinevox-54-septembreoctobre-2016-dode-hoek\/\",\"name\":\"Cinevox #54 \u2013 Septembre\/octobre 2016 \u2013 Dode Hoek - We Love Cinema\",\"isPartOf\":{\"@id\":\"https:\/\/welovecinema.be\/nl\/#website\"},\"datePublished\":\"2016-10-01T10:03:39+00:00\",\"dateModified\":\"2016-10-04T06:28:16+00:00\",\"breadcrumb\":{\"@id\":\"https:\/\/welovecinema.be\/fr\/cinevox-54-septembreoctobre-2016-dode-hoek\/#breadcrumb\"},\"inLanguage\":\"fr-FR\",\"potentialAction\":[{\"@type\":\"ReadAction\",\"target\":[\"https:\/\/welovecinema.be\/fr\/cinevox-54-septembreoctobre-2016-dode-hoek\/\"]}]},{\"@type\":\"BreadcrumbList\",\"@id\":\"https:\/\/welovecinema.be\/fr\/cinevox-54-septembreoctobre-2016-dode-hoek\/#breadcrumb\",\"itemListElement\":[{\"@type\":\"ListItem\",\"position\":1,\"name\":\"Accueil\",\"item\":\"https:\/\/welovecinema.be\/fr\/\"},{\"@type\":\"ListItem\",\"position\":2,\"name\":\"Cinevox #54 \u2013 Septembre\/octobre 2016 \u2013 Dode Hoek\"}]},{\"@type\":\"WebSite\",\"@id\":\"https:\/\/welovecinema.be\/nl\/#website\",\"url\":\"https:\/\/welovecinema.be\/nl\/\",\"name\":\"We Love Cinema\",\"description\":\"Toute l\u2019information du cin\u00e9ma en Belgique\",\"publisher\":{\"@id\":\"https:\/\/welovecinema.be\/nl\/#organization\"},\"potentialAction\":[{\"@type\":\"SearchAction\",\"target\":{\"@type\":\"EntryPoint\",\"urlTemplate\":\"https:\/\/welovecinema.be\/nl\/?s={search_term_string}\"},\"query-input\":\"required name=search_term_string\"}],\"inLanguage\":\"fr-FR\"},{\"@type\":\"Organization\",\"@id\":\"https:\/\/welovecinema.be\/nl\/#organization\",\"name\":\"We Love Cinema\",\"url\":\"https:\/\/welovecinema.be\/nl\/\",\"logo\":{\"@type\":\"ImageObject\",\"inLanguage\":\"fr-FR\",\"@id\":\"https:\/\/welovecinema.be\/nl\/#\/schema\/logo\/image\/\",\"url\":\"https:\/\/welovecinema.be\/wp-content\/uploads\/sites\/2\/2023\/03\/Logo-We-Love-Cinema305x128.jpg\",\"contentUrl\":\"https:\/\/welovecinema.be\/wp-content\/uploads\/sites\/2\/2023\/03\/Logo-We-Love-Cinema305x128.jpg\",\"width\":305,\"height\":128,\"caption\":\"We Love Cinema\"},\"image\":{\"@id\":\"https:\/\/welovecinema.be\/nl\/#\/schema\/logo\/image\/\"},\"sameAs\":[\"https:\/\/www.facebook.com\/welovecinema.be\",\"https:\/\/www.youtube.com\/channel\/UCX5LYGVhnKvYauW4Nta4HJA\",\"https:\/\/www.instagram.com\/welovecinema.be\/\"]},{\"@type\":\"Person\",\"@id\":\"https:\/\/welovecinema.be\/nl\/#\/schema\/person\/4b9b1d857f0943453a38a7c2859ef756\",\"name\":\"Philippe.Pierquin\",\"url\":\"https:\/\/welovecinema.be\/fr\/author\/philippe-pierquin\/\"}]}<\/script>\n<!-- \/ Yoast SEO plugin. -->","yoast_head_json":{"title":"Cinevox #54 \u2013 Septembre\/octobre 2016 \u2013 Dode Hoek - We Love Cinema","robots":{"index":"index","follow":"follow","max-snippet":"max-snippet:-1","max-image-preview":"max-image-preview:large","max-video-preview":"max-video-preview:-1"},"canonical":"https:\/\/welovecinema.be\/fr\/cinevox-54-septembreoctobre-2016-dode-hoek\/","og_locale":"fr_FR","og_type":"article","og_title":"Cinevox #54 \u2013 Septembre\/octobre 2016 \u2013 Dode Hoek - We Love Cinema","og_description":"Jan Verbeeck est le flic le plus populaire de Flandre. A Anvers il a d\u00e9mantel\u00e9 de nombreux r\u00e9seaux de trafiquants. Beaucoup consid\u00e8rent qu\u2019il a assaini la ville. A la surprise g\u00e9n\u00e9rale, il d\u00e9missionne pourtant en pleine gloire de la brigade des stup\u00e9fiants et annonce qu\u2019il s&rsquo;engage dans un parti populiste et nationaliste dans sa ville.","og_url":"https:\/\/welovecinema.be\/fr\/cinevox-54-septembreoctobre-2016-dode-hoek\/","og_site_name":"We Love Cinema","article_publisher":"https:\/\/www.facebook.com\/welovecinema.be","article_published_time":"2016-10-01T10:03:39+00:00","article_modified_time":"2016-10-04T06:28:16+00:00","og_image":[{"width":945,"height":452,"url":"https:\/\/welovecinema.be\/wp-content\/uploads\/sites\/2\/2016\/10\/2016-10-01_11h55_45.png","type":"image\/png"}],"author":"Philippe.Pierquin","twitter_card":"summary_large_image","twitter_misc":{"\u00c9crit par":"Philippe.Pierquin","Dur\u00e9e de lecture estim\u00e9e":"1 minute"},"schema":{"@context":"https:\/\/schema.org","@graph":[{"@type":"Article","@id":"https:\/\/welovecinema.be\/fr\/cinevox-54-septembreoctobre-2016-dode-hoek\/#article","isPartOf":{"@id":"https:\/\/welovecinema.be\/fr\/cinevox-54-septembreoctobre-2016-dode-hoek\/"},"author":{"name":"Philippe.Pierquin","@id":"https:\/\/welovecinema.be\/nl\/#\/schema\/person\/4b9b1d857f0943453a38a7c2859ef756"},"headline":"Cinevox #54 \u2013 Septembre\/octobre 2016 \u2013 Dode Hoek","datePublished":"2016-10-01T10:03:39+00:00","dateModified":"2016-10-04T06:28:16+00:00","mainEntityOfPage":{"@id":"https:\/\/welovecinema.be\/fr\/cinevox-54-septembreoctobre-2016-dode-hoek\/"},"wordCount":188,"publisher":{"@id":"https:\/\/welovecinema.be\/nl\/#organization"},"articleSection":["Cin\u00e9Belge en salle"],"inLanguage":"fr-FR"},{"@type":"WebPage","@id":"https:\/\/welovecinema.be\/fr\/cinevox-54-septembreoctobre-2016-dode-hoek\/","url":"https:\/\/welovecinema.be\/fr\/cinevox-54-septembreoctobre-2016-dode-hoek\/","name":"Cinevox #54 \u2013 Septembre\/octobre 2016 \u2013 Dode Hoek - We Love Cinema","isPartOf":{"@id":"https:\/\/welovecinema.be\/nl\/#website"},"datePublished":"2016-10-01T10:03:39+00:00","dateModified":"2016-10-04T06:28:16+00:00","breadcrumb":{"@id":"https:\/\/welovecinema.be\/fr\/cinevox-54-septembreoctobre-2016-dode-hoek\/#breadcrumb"},"inLanguage":"fr-FR","potentialAction":[{"@type":"ReadAction","target":["https:\/\/welovecinema.be\/fr\/cinevox-54-septembreoctobre-2016-dode-hoek\/"]}]},{"@type":"BreadcrumbList","@id":"https:\/\/welovecinema.be\/fr\/cinevox-54-septembreoctobre-2016-dode-hoek\/#breadcrumb","itemListElement":[{"@type":"ListItem","position":1,"name":"Accueil","item":"https:\/\/welovecinema.be\/fr\/"},{"@type":"ListItem","position":2,"name":"Cinevox #54 \u2013 Septembre\/octobre 2016 \u2013 Dode Hoek"}]},{"@type":"WebSite","@id":"https:\/\/welovecinema.be\/nl\/#website","url":"https:\/\/welovecinema.be\/nl\/","name":"We Love Cinema","description":"Toute l\u2019information du cin\u00e9ma en Belgique","publisher":{"@id":"https:\/\/welovecinema.be\/nl\/#organization"},"potentialAction":[{"@type":"SearchAction","target":{"@type":"EntryPoint","urlTemplate":"https:\/\/welovecinema.be\/nl\/?s={search_term_string}"},"query-input":"required name=search_term_string"}],"inLanguage":"fr-FR"},{"@type":"Organization","@id":"https:\/\/welovecinema.be\/nl\/#organization","name":"We Love Cinema","url":"https:\/\/welovecinema.be\/nl\/","logo":{"@type":"ImageObject","inLanguage":"fr-FR","@id":"https:\/\/welovecinema.be\/nl\/#\/schema\/logo\/image\/","url":"https:\/\/welovecinema.be\/wp-content\/uploads\/sites\/2\/2023\/03\/Logo-We-Love-Cinema305x128.jpg","contentUrl":"https:\/\/welovecinema.be\/wp-content\/uploads\/sites\/2\/2023\/03\/Logo-We-Love-Cinema305x128.jpg","width":305,"height":128,"caption":"We Love Cinema"},"image":{"@id":"https:\/\/welovecinema.be\/nl\/#\/schema\/logo\/image\/"},"sameAs":["https:\/\/www.facebook.com\/welovecinema.be","https:\/\/www.youtube.com\/channel\/UCX5LYGVhnKvYauW4Nta4HJA","https:\/\/www.instagram.com\/welovecinema.be\/"]},{"@type":"Person","@id":"https:\/\/welovecinema.be\/nl\/#\/schema\/person\/4b9b1d857f0943453a38a7c2859ef756","name":"Philippe.Pierquin","url":"https:\/\/welovecinema.be\/fr\/author\/philippe-pierquin\/"}]}},"_links":{"self":[{"href":"https:\/\/welovecinema.be\/fr\/wp-json\/wp\/v2\/posts\/91208","targetHints":{"allow":["GET"]}}],"collection":[{"href":"https:\/\/welovecinema.be\/fr\/wp-json\/wp\/v2\/posts"}],"about":[{"href":"https:\/\/welovecinema.be\/fr\/wp-json\/wp\/v2\/types\/post"}],"author":[{"embeddable":true,"href":"https:\/\/welovecinema.be\/fr\/wp-json\/wp\/v2\/users\/7"}],"replies":[{"embeddable":true,"href":"https:\/\/welovecinema.be\/fr\/wp-json\/wp\/v2\/comments?post=91208"}],"version-history":[{"count":0,"href":"https:\/\/welovecinema.be\/fr\/wp-json\/wp\/v2\/posts\/91208\/revisions"}],"wp:featuredmedia":[{"embeddable":true,"href":"https:\/\/welovecinema.be\/fr\/wp-json\/wp\/v2\/media\/91209"}],"wp:attachment":[{"href":"https:\/\/welovecinema.be\/fr\/wp-json\/wp\/v2\/media?parent=91208"}],"wp:term":[{"taxonomy":"category","embeddable":true,"href":"https:\/\/welovecinema.be\/fr\/wp-json\/wp\/v2\/categories?post=91208"},{"taxonomy":"post_tag","embeddable":true,"href":"https:\/\/welovecinema.be\/fr\/wp-json\/wp\/v2\/tags?post=91208"}],"curies":[{"name":"wp","href":"https:\/\/api.w.org\/{rel}","templated":true}]}}