{"id":90789,"date":"2016-09-14T17:03:42","date_gmt":"2016-09-14T15:03:42","guid":{"rendered":"http:\/\/www.cinevox.be\/?p=90789"},"modified":"2016-09-14T17:03:42","modified_gmt":"2016-09-14T15:03:42","slug":"jeremie-renier-leternite","status":"publish","type":"post","link":"https:\/\/welovecinema.be\/fr\/jeremie-renier-leternite\/","title":{"rendered":"J\u00e9r\u00e9mie R\u00e9nier dans L&rsquo;Eternit\u00e9"},"content":{"rendered":"<p>Quand Valentine se maria \u00e0 vingt ans avec Jules, nous sommes \u00e0 la fin du 19\u00e8me si\u00e8cle. A la fin du 20\u00e8me si\u00e8cle, une jeune parisienne traverse un pont pour se rendre \u00e0 une f\u00eate organis\u00e9e par une cousine. Elle y rencontre un jeune homme. Plus tard elle sera son \u00e9pouse et la m\u00e8re dans la douceur d\u2019un tr\u00e8s jeune enfant. Entre temps, entre les deux grandes guerres, deux couples forment un quatuor si intime, qu\u2019apr\u00e8s la mort de deux conjoints, les deux familles s\u2019unirent et, dans l\u2019appartement du boulevard Emile-Augier, ils \u00e9taient seize \u00e0 table.<!--more--><\/p>\n<p>Coproduction Artemis<\/p>\n<p>&nbsp;<\/p>\n<h2>Eternit\u00e9<\/h2>\n<p>Date de sortie : 14 septembre\u00a02016<\/p>\n<p>Un film de\u00a0de\u00a0Tran Anh Hung<\/p>\n<p>Avec : Audrey Tautou, M\u00e9lanie Laurent, B\u00e9r\u00e9nice Bejo, <strong>J\u00e9r\u00e9mie Renier&#8230;<\/strong><\/p>\n<p>Genre\u00a0 Drame<\/p>\n","protected":false},"excerpt":{"rendered":"<p>Quand Valentine se maria \u00e0 vingt ans avec Jules, nous sommes \u00e0 la fin du 19\u00e8me si\u00e8cle. A la fin du 20\u00e8me si\u00e8cle, une jeune parisienne traverse un pont pour se rendre \u00e0 une f\u00eate organis\u00e9e par une cousine. Elle y rencontre un jeune homme. Plus tard elle sera son \u00e9pouse et la m\u00e8re dans &hellip;<\/p>\n","protected":false},"author":7,"featured_media":90790,"comment_status":"closed","ping_status":"closed","sticky":false,"template":"","format":"standard","meta":{"ngg_post_thumbnail":0,"footnotes":""},"categories":[53],"tags":[],"class_list":["post-90789","post","type-post","status-publish","format-standard","has-post-thumbnail","","category-coming-soon"],"yoast_head":"<!-- This site is optimized with the Yoast SEO plugin v20.4 - https:\/\/yoast.com\/wordpress\/plugins\/seo\/ -->\n<title>J\u00e9r\u00e9mie R\u00e9nier dans L&#039;Eternit\u00e9 - We Love Cinema<\/title>\n<meta name=\"robots\" content=\"index, follow, max-snippet:-1, max-image-preview:large, max-video-preview:-1\" \/>\n<link rel=\"canonical\" href=\"https:\/\/welovecinema.be\/fr\/jeremie-renier-leternite\/\" \/>\n<meta property=\"og:locale\" content=\"fr_FR\" \/>\n<meta property=\"og:type\" content=\"article\" \/>\n<meta property=\"og:title\" content=\"J\u00e9r\u00e9mie R\u00e9nier dans L&#039;Eternit\u00e9 - We Love Cinema\" \/>\n<meta property=\"og:description\" content=\"Quand Valentine se maria \u00e0 vingt ans avec Jules, nous sommes \u00e0 la fin du 19\u00e8me si\u00e8cle. A la fin du 20\u00e8me si\u00e8cle, une jeune parisienne traverse un pont pour se rendre \u00e0 une f\u00eate organis\u00e9e par une cousine. Elle y rencontre un jeune homme. Plus tard elle sera son \u00e9pouse et la m\u00e8re dans &hellip;\" \/>\n<meta property=\"og:url\" content=\"https:\/\/welovecinema.be\/fr\/jeremie-renier-leternite\/\" \/>\n<meta property=\"og:site_name\" content=\"We Love Cinema\" \/>\n<meta property=\"article:publisher\" content=\"https:\/\/www.facebook.com\/welovecinema.be\" \/>\n<meta property=\"article:published_time\" content=\"2016-09-14T15:03:42+00:00\" \/>\n<meta property=\"og:image\" content=\"https:\/\/welovecinema.be\/wp-content\/uploads\/sites\/2\/2016\/09\/11.jpg\" \/>\n\t<meta property=\"og:image:width\" content=\"800\" \/>\n\t<meta property=\"og:image:height\" content=\"424\" \/>\n\t<meta property=\"og:image:type\" content=\"image\/jpeg\" \/>\n<meta name=\"author\" content=\"Philippe.Pierquin\" \/>\n<meta name=\"twitter:card\" content=\"summary_large_image\" \/>\n<meta name=\"twitter:label1\" content=\"\u00c9crit par\" \/>\n\t<meta name=\"twitter:data1\" content=\"Philippe.Pierquin\" \/>\n\t<meta name=\"twitter:label2\" content=\"Dur\u00e9e de lecture estim\u00e9e\" \/>\n\t<meta name=\"twitter:data2\" content=\"1 minute\" \/>\n<script type=\"application\/ld+json\" class=\"yoast-schema-graph\">{\"@context\":\"https:\/\/schema.org\",\"@graph\":[{\"@type\":\"Article\",\"@id\":\"https:\/\/welovecinema.be\/fr\/jeremie-renier-leternite\/#article\",\"isPartOf\":{\"@id\":\"https:\/\/welovecinema.be\/fr\/jeremie-renier-leternite\/\"},\"author\":{\"name\":\"Philippe.Pierquin\",\"@id\":\"https:\/\/welovecinema.be\/nl\/#\/schema\/person\/4b9b1d857f0943453a38a7c2859ef756\"},\"headline\":\"J\u00e9r\u00e9mie R\u00e9nier dans L&rsquo;Eternit\u00e9\",\"datePublished\":\"2016-09-14T15:03:42+00:00\",\"dateModified\":\"2016-09-14T15:03:42+00:00\",\"mainEntityOfPage\":{\"@id\":\"https:\/\/welovecinema.be\/fr\/jeremie-renier-leternite\/\"},\"wordCount\":142,\"publisher\":{\"@id\":\"https:\/\/welovecinema.be\/nl\/#organization\"},\"articleSection\":[\"Coming soon\"],\"inLanguage\":\"fr-FR\"},{\"@type\":\"WebPage\",\"@id\":\"https:\/\/welovecinema.be\/fr\/jeremie-renier-leternite\/\",\"url\":\"https:\/\/welovecinema.be\/fr\/jeremie-renier-leternite\/\",\"name\":\"J\u00e9r\u00e9mie R\u00e9nier dans L'Eternit\u00e9 - We Love Cinema\",\"isPartOf\":{\"@id\":\"https:\/\/welovecinema.be\/nl\/#website\"},\"datePublished\":\"2016-09-14T15:03:42+00:00\",\"dateModified\":\"2016-09-14T15:03:42+00:00\",\"breadcrumb\":{\"@id\":\"https:\/\/welovecinema.be\/fr\/jeremie-renier-leternite\/#breadcrumb\"},\"inLanguage\":\"fr-FR\",\"potentialAction\":[{\"@type\":\"ReadAction\",\"target\":[\"https:\/\/welovecinema.be\/fr\/jeremie-renier-leternite\/\"]}]},{\"@type\":\"BreadcrumbList\",\"@id\":\"https:\/\/welovecinema.be\/fr\/jeremie-renier-leternite\/#breadcrumb\",\"itemListElement\":[{\"@type\":\"ListItem\",\"position\":1,\"name\":\"Accueil\",\"item\":\"https:\/\/welovecinema.be\/fr\/\"},{\"@type\":\"ListItem\",\"position\":2,\"name\":\"J\u00e9r\u00e9mie R\u00e9nier dans L&rsquo;Eternit\u00e9\"}]},{\"@type\":\"WebSite\",\"@id\":\"https:\/\/welovecinema.be\/nl\/#website\",\"url\":\"https:\/\/welovecinema.be\/nl\/\",\"name\":\"We Love Cinema\",\"description\":\"Toute l\u2019information du cin\u00e9ma en Belgique\",\"publisher\":{\"@id\":\"https:\/\/welovecinema.be\/nl\/#organization\"},\"potentialAction\":[{\"@type\":\"SearchAction\",\"target\":{\"@type\":\"EntryPoint\",\"urlTemplate\":\"https:\/\/welovecinema.be\/nl\/?s={search_term_string}\"},\"query-input\":\"required name=search_term_string\"}],\"inLanguage\":\"fr-FR\"},{\"@type\":\"Organization\",\"@id\":\"https:\/\/welovecinema.be\/nl\/#organization\",\"name\":\"We Love Cinema\",\"url\":\"https:\/\/welovecinema.be\/nl\/\",\"logo\":{\"@type\":\"ImageObject\",\"inLanguage\":\"fr-FR\",\"@id\":\"https:\/\/welovecinema.be\/nl\/#\/schema\/logo\/image\/\",\"url\":\"https:\/\/welovecinema.be\/wp-content\/uploads\/sites\/2\/2023\/03\/Logo-We-Love-Cinema305x128.jpg\",\"contentUrl\":\"https:\/\/welovecinema.be\/wp-content\/uploads\/sites\/2\/2023\/03\/Logo-We-Love-Cinema305x128.jpg\",\"width\":305,\"height\":128,\"caption\":\"We Love Cinema\"},\"image\":{\"@id\":\"https:\/\/welovecinema.be\/nl\/#\/schema\/logo\/image\/\"},\"sameAs\":[\"https:\/\/www.facebook.com\/welovecinema.be\",\"https:\/\/www.youtube.com\/channel\/UCX5LYGVhnKvYauW4Nta4HJA\",\"https:\/\/www.instagram.com\/welovecinema.be\/\"]},{\"@type\":\"Person\",\"@id\":\"https:\/\/welovecinema.be\/nl\/#\/schema\/person\/4b9b1d857f0943453a38a7c2859ef756\",\"name\":\"Philippe.Pierquin\",\"url\":\"https:\/\/welovecinema.be\/fr\/author\/philippe-pierquin\/\"}]}<\/script>\n<!-- \/ Yoast SEO plugin. -->","yoast_head_json":{"title":"J\u00e9r\u00e9mie R\u00e9nier dans L'Eternit\u00e9 - We Love Cinema","robots":{"index":"index","follow":"follow","max-snippet":"max-snippet:-1","max-image-preview":"max-image-preview:large","max-video-preview":"max-video-preview:-1"},"canonical":"https:\/\/welovecinema.be\/fr\/jeremie-renier-leternite\/","og_locale":"fr_FR","og_type":"article","og_title":"J\u00e9r\u00e9mie R\u00e9nier dans L'Eternit\u00e9 - We Love Cinema","og_description":"Quand Valentine se maria \u00e0 vingt ans avec Jules, nous sommes \u00e0 la fin du 19\u00e8me si\u00e8cle. A la fin du 20\u00e8me si\u00e8cle, une jeune parisienne traverse un pont pour se rendre \u00e0 une f\u00eate organis\u00e9e par une cousine. Elle y rencontre un jeune homme. Plus tard elle sera son \u00e9pouse et la m\u00e8re dans &hellip;","og_url":"https:\/\/welovecinema.be\/fr\/jeremie-renier-leternite\/","og_site_name":"We Love Cinema","article_publisher":"https:\/\/www.facebook.com\/welovecinema.be","article_published_time":"2016-09-14T15:03:42+00:00","og_image":[{"width":800,"height":424,"url":"https:\/\/welovecinema.be\/wp-content\/uploads\/sites\/2\/2016\/09\/11.jpg","type":"image\/jpeg"}],"author":"Philippe.Pierquin","twitter_card":"summary_large_image","twitter_misc":{"\u00c9crit par":"Philippe.Pierquin","Dur\u00e9e de lecture estim\u00e9e":"1 minute"},"schema":{"@context":"https:\/\/schema.org","@graph":[{"@type":"Article","@id":"https:\/\/welovecinema.be\/fr\/jeremie-renier-leternite\/#article","isPartOf":{"@id":"https:\/\/welovecinema.be\/fr\/jeremie-renier-leternite\/"},"author":{"name":"Philippe.Pierquin","@id":"https:\/\/welovecinema.be\/nl\/#\/schema\/person\/4b9b1d857f0943453a38a7c2859ef756"},"headline":"J\u00e9r\u00e9mie R\u00e9nier dans L&rsquo;Eternit\u00e9","datePublished":"2016-09-14T15:03:42+00:00","dateModified":"2016-09-14T15:03:42+00:00","mainEntityOfPage":{"@id":"https:\/\/welovecinema.be\/fr\/jeremie-renier-leternite\/"},"wordCount":142,"publisher":{"@id":"https:\/\/welovecinema.be\/nl\/#organization"},"articleSection":["Coming soon"],"inLanguage":"fr-FR"},{"@type":"WebPage","@id":"https:\/\/welovecinema.be\/fr\/jeremie-renier-leternite\/","url":"https:\/\/welovecinema.be\/fr\/jeremie-renier-leternite\/","name":"J\u00e9r\u00e9mie R\u00e9nier dans L'Eternit\u00e9 - We Love Cinema","isPartOf":{"@id":"https:\/\/welovecinema.be\/nl\/#website"},"datePublished":"2016-09-14T15:03:42+00:00","dateModified":"2016-09-14T15:03:42+00:00","breadcrumb":{"@id":"https:\/\/welovecinema.be\/fr\/jeremie-renier-leternite\/#breadcrumb"},"inLanguage":"fr-FR","potentialAction":[{"@type":"ReadAction","target":["https:\/\/welovecinema.be\/fr\/jeremie-renier-leternite\/"]}]},{"@type":"BreadcrumbList","@id":"https:\/\/welovecinema.be\/fr\/jeremie-renier-leternite\/#breadcrumb","itemListElement":[{"@type":"ListItem","position":1,"name":"Accueil","item":"https:\/\/welovecinema.be\/fr\/"},{"@type":"ListItem","position":2,"name":"J\u00e9r\u00e9mie R\u00e9nier dans L&rsquo;Eternit\u00e9"}]},{"@type":"WebSite","@id":"https:\/\/welovecinema.be\/nl\/#website","url":"https:\/\/welovecinema.be\/nl\/","name":"We Love Cinema","description":"Toute l\u2019information du cin\u00e9ma en Belgique","publisher":{"@id":"https:\/\/welovecinema.be\/nl\/#organization"},"potentialAction":[{"@type":"SearchAction","target":{"@type":"EntryPoint","urlTemplate":"https:\/\/welovecinema.be\/nl\/?s={search_term_string}"},"query-input":"required name=search_term_string"}],"inLanguage":"fr-FR"},{"@type":"Organization","@id":"https:\/\/welovecinema.be\/nl\/#organization","name":"We Love Cinema","url":"https:\/\/welovecinema.be\/nl\/","logo":{"@type":"ImageObject","inLanguage":"fr-FR","@id":"https:\/\/welovecinema.be\/nl\/#\/schema\/logo\/image\/","url":"https:\/\/welovecinema.be\/wp-content\/uploads\/sites\/2\/2023\/03\/Logo-We-Love-Cinema305x128.jpg","contentUrl":"https:\/\/welovecinema.be\/wp-content\/uploads\/sites\/2\/2023\/03\/Logo-We-Love-Cinema305x128.jpg","width":305,"height":128,"caption":"We Love Cinema"},"image":{"@id":"https:\/\/welovecinema.be\/nl\/#\/schema\/logo\/image\/"},"sameAs":["https:\/\/www.facebook.com\/welovecinema.be","https:\/\/www.youtube.com\/channel\/UCX5LYGVhnKvYauW4Nta4HJA","https:\/\/www.instagram.com\/welovecinema.be\/"]},{"@type":"Person","@id":"https:\/\/welovecinema.be\/nl\/#\/schema\/person\/4b9b1d857f0943453a38a7c2859ef756","name":"Philippe.Pierquin","url":"https:\/\/welovecinema.be\/fr\/author\/philippe-pierquin\/"}]}},"_links":{"self":[{"href":"https:\/\/welovecinema.be\/fr\/wp-json\/wp\/v2\/posts\/90789","targetHints":{"allow":["GET"]}}],"collection":[{"href":"https:\/\/welovecinema.be\/fr\/wp-json\/wp\/v2\/posts"}],"about":[{"href":"https:\/\/welovecinema.be\/fr\/wp-json\/wp\/v2\/types\/post"}],"author":[{"embeddable":true,"href":"https:\/\/welovecinema.be\/fr\/wp-json\/wp\/v2\/users\/7"}],"replies":[{"embeddable":true,"href":"https:\/\/welovecinema.be\/fr\/wp-json\/wp\/v2\/comments?post=90789"}],"version-history":[{"count":0,"href":"https:\/\/welovecinema.be\/fr\/wp-json\/wp\/v2\/posts\/90789\/revisions"}],"wp:featuredmedia":[{"embeddable":true,"href":"https:\/\/welovecinema.be\/fr\/wp-json\/wp\/v2\/media\/90790"}],"wp:attachment":[{"href":"https:\/\/welovecinema.be\/fr\/wp-json\/wp\/v2\/media?parent=90789"}],"wp:term":[{"taxonomy":"category","embeddable":true,"href":"https:\/\/welovecinema.be\/fr\/wp-json\/wp\/v2\/categories?post=90789"},{"taxonomy":"post_tag","embeddable":true,"href":"https:\/\/welovecinema.be\/fr\/wp-json\/wp\/v2\/tags?post=90789"}],"curies":[{"name":"wp","href":"https:\/\/api.w.org\/{rel}","templated":true}]}}