{"id":90783,"date":"2016-09-14T16:26:07","date_gmt":"2016-09-14T14:26:07","guid":{"rendered":"http:\/\/www.cinevox.be\/?p=90783"},"modified":"2016-09-14T16:26:52","modified_gmt":"2016-09-14T14:26:52","slug":"fonds-series-belges-5-nouveaux-projets-soutenus","status":"publish","type":"post","link":"https:\/\/welovecinema.be\/fr\/fonds-series-belges-5-nouveaux-projets-soutenus\/","title":{"rendered":"Fonds s\u00e9ries belges\u00a0: 5 nouveaux projets soutenus\u00a0!"},"content":{"rendered":"<p>Le 16 ao\u00fbt dernier, le Fonds de la F\u00e9d\u00e9ration Wallonie-Bruxelles et de la RTBF a re\u00e7u 15 propositions de s\u00e9ries TV. Le comit\u00e9 de s\u00e9lection a appr\u00e9ci\u00e9 la grande diversit\u00e9 des projets re\u00e7us et a d\u00e9cid\u00e9 de soutenir la premi\u00e8re phase de d\u00e9veloppement de 5 d\u2019entre eux, pour un montant de 35.000 euros chacun. Ces nouveaux projets b\u00e9n\u00e9ficieront \u00e9galement d\u2019un coaching\u00a0organis\u00e9 par le Fonds afin de pr\u00e9parer au mieux la 2<sup>e<\/sup> phase de d\u00e9veloppement.<\/p>\n<p>Les 5 projets s\u00e9lectionn\u00e9s sont\u00a0:<\/p>\n<p><!--more--><\/p>\n<p><strong><em>LE MATCH<\/em><\/strong>, de Nicolas GUIOT, Gr\u00e9gory LECOCQ et Fran\u00e7ois-Xavier WILLEMS (Entre Chien et Loup &amp; Next Days Films)<\/p>\n<p>L\u2019ultime fleuron de Sologne est un club de football en pleine d\u00e9b\u00e2cle. Alors que cette bourgade wallonne moribonde est contrainte d\u2019accueillir une trentaine de r\u00e9fugi\u00e9s syriens, deux hommes d\u00e9racin\u00e9s vont d\u00e9barquer\u00a0au club : Alain, entra\u00eeneur en pleine r\u00e9demption, et Atal, jeune footballeur aussi talentueux que fougueux. Tous deux seront contraints de s\u2019int\u00e9grer dans un milieu\u00a0a priori hostile. Deux fortes personnalit\u00e9s qui vont devoir s\u2019entendre pour atteindre leur objectif commun, malgr\u00e9 leurs diff\u00e9rences.<\/p>\n<p><strong><em>LA PATROUILLE<\/em><\/strong>, de Vincent LAVACHERY et Axel DU BUS (Panache Productions)<\/p>\n<p>Lors de son camp d&rsquo;\u00e9t\u00e9 dans le Hainaut, un scout de la 48<sup>e<\/sup> Sainte-Eulalie d\u00e9couvre un extraordinaire magot qu&rsquo;il d\u00e9cide de garder pour lui. Mais son chef, puis toute la patrouille, puis m\u00eame le cur\u00e9 sont rapidement au courant. Sorti de prison, l&rsquo;auteur du hold-up revient chercher son butin, suivi de son complice qui compte bien r\u00e9clamer son d\u00fb. Chez les scouts, il faut partager. Mais si \u00e7a continue comme \u00e7a, il ne va plus rien rester\u2026<\/p>\n<p><strong><em>WARNING<\/em><\/strong>\u00a0par Vincent LANNOO, J\u00e9r\u00f4me COLIN et Vincent TAVIER (Need Productions)<\/p>\n<p>Une \u00e9quipe de t\u00e9l\u00e9vision introduit une cam\u00e9ra l\u00e0 o\u00f9 le commun des mortels n\u2019est g\u00e9n\u00e9ralement pas admis : l\u2019univers paranormal de notre pays, qui n\u2019est plat qu\u2019en apparence\u2026<br \/>\nUn projet de faux documentaire au ton dr\u00f4le et loufoque, dont le style rappelle d\u00e9j\u00e0\u00a0 \u00ab\u00a0C\u2019est arriv\u00e9 pr\u00e8s de chez vous\u00a0\u00bb et \u00ab\u00a0Striptease\u00a0\u00bb.<\/p>\n<p><strong><em>ALERTE<\/em><\/strong> de Olivier ENGLEBERT et Johan MASSEZ (Wrong Men North)<\/p>\n<p>Un jeune cadre dans une soci\u00e9t\u00e9 pharmaceutique voit un jour ce qu&rsquo;il n&rsquo;aurait jamais d\u00fb voir\u00a0: des documents qui r\u00e9v\u00e8lent un scandale d&rsquo;intoxication alimentaire et de corruption sans pr\u00e9c\u00e9dent en Belgique. Depuis, il ne dort plus. S&rsquo;il divulgue ces informations, sa vie s&rsquo;arr\u00eate. L&rsquo;onde de choc balaierait tout autour de lui : son fils, sa femme, ses amis, ses coll\u00e8gues\u2026<br \/>\n<em>Alerte<\/em>, c&rsquo;est l&rsquo;histoire d&rsquo;une v\u00e9rit\u00e9 qui d\u00e9range et d&rsquo;une vie qui bascule \u00e0 jamais.<\/p>\n<p><strong><em>MOTEL<\/em><\/strong>\u00a0par Val\u00e9rie LEMAITRE et Aylin YAY (Nexus Factory)<\/p>\n<p>Catherine Leroy, neurologue r\u00e9put\u00e9e, voit sa vie boulevers\u00e9e par l\u2019apparition de morts et la d\u00e9couverte qu\u2019elle a \u00e9t\u00e9 adopt\u00e9e. En qu\u00eate de ses origines v\u00e9ritables, elle d\u00e9barque \u00e0 Ellezelles o\u00f9 tr\u00e8s vite sa pr\u00e9sence d\u00e9range. Le 1<sup>er<\/sup> novembre, une journ\u00e9e \u00e9ternellement grise s\u2019abat sur le Motel du village et ses environs. Tous ont crois\u00e9 des morts qu\u2019ils ont connus et certains racontent avoir voyag\u00e9 dans le temps \u2026<\/p>\n<p>Pour rappel, le Fonds FWB-RTBF pour les s\u00e9ries belges lanc\u00e9 conjointement par la F\u00e9d\u00e9ration Wallonie-Bruxelles et la RTBF mutualise les moyens de la F\u00e9d\u00e9ration et de la RTBF \u00e0 hauteur de pr\u00e8s de 15 millions sur quatre ans (2014-2017) afin d\u2019ouvrir un nouvel espace de cr\u00e9ation t\u00e9l\u00e9visuelle autour de s\u00e9ries belges, francophones, identitaires et populaires. Le jury du comit\u00e9 de s\u00e9lection est compos\u00e9 de 3 repr\u00e9sentants de la F\u00e9d\u00e9ration Wallonie-Bruxelles et de 3 repr\u00e9sentants de la RTBF.<br \/>\n&nbsp;<\/p>\n<p>&nbsp;<\/p>\n","protected":false},"excerpt":{"rendered":"<p>Le 16 ao\u00fbt dernier, le Fonds de la F\u00e9d\u00e9ration Wallonie-Bruxelles et de la RTBF a re\u00e7u 15 propositions de s\u00e9ries TV. Le comit\u00e9 de s\u00e9lection a appr\u00e9ci\u00e9 la grande diversit\u00e9 des projets re\u00e7us et a d\u00e9cid\u00e9 de soutenir la premi\u00e8re phase de d\u00e9veloppement de 5 d\u2019entre eux, pour un montant de 35.000 euros chacun. Ces &hellip;<\/p>\n","protected":false},"author":7,"featured_media":90785,"comment_status":"closed","ping_status":"closed","sticky":false,"template":"","format":"standard","meta":{"ngg_post_thumbnail":0,"footnotes":""},"categories":[53,14],"tags":[],"class_list":["post-90783","post","type-post","status-publish","format-standard","has-post-thumbnail","","category-coming-soon","category-home-cinema"],"yoast_head":"<!-- This site is optimized with the Yoast SEO plugin v20.4 - https:\/\/yoast.com\/wordpress\/plugins\/seo\/ -->\n<title>Fonds s\u00e9ries belges\u00a0: 5 nouveaux projets soutenus\u00a0! - We Love Cinema<\/title>\n<meta name=\"robots\" content=\"index, follow, max-snippet:-1, max-image-preview:large, max-video-preview:-1\" \/>\n<link rel=\"canonical\" href=\"https:\/\/welovecinema.be\/fr\/fonds-series-belges-5-nouveaux-projets-soutenus\/\" \/>\n<meta property=\"og:locale\" content=\"fr_FR\" \/>\n<meta property=\"og:type\" content=\"article\" \/>\n<meta property=\"og:title\" content=\"Fonds s\u00e9ries belges\u00a0: 5 nouveaux projets soutenus\u00a0! - We Love Cinema\" \/>\n<meta property=\"og:description\" content=\"Le 16 ao\u00fbt dernier, le Fonds de la F\u00e9d\u00e9ration Wallonie-Bruxelles et de la RTBF a re\u00e7u 15 propositions de s\u00e9ries TV. Le comit\u00e9 de s\u00e9lection a appr\u00e9ci\u00e9 la grande diversit\u00e9 des projets re\u00e7us et a d\u00e9cid\u00e9 de soutenir la premi\u00e8re phase de d\u00e9veloppement de 5 d\u2019entre eux, pour un montant de 35.000 euros chacun. Ces &hellip;\" \/>\n<meta property=\"og:url\" content=\"https:\/\/welovecinema.be\/fr\/fonds-series-belges-5-nouveaux-projets-soutenus\/\" \/>\n<meta property=\"og:site_name\" content=\"We Love Cinema\" \/>\n<meta property=\"article:publisher\" content=\"https:\/\/www.facebook.com\/welovecinema.be\" \/>\n<meta property=\"article:published_time\" content=\"2016-09-14T14:26:07+00:00\" \/>\n<meta property=\"article:modified_time\" content=\"2016-09-14T14:26:52+00:00\" \/>\n<meta property=\"og:image\" content=\"https:\/\/welovecinema.be\/wp-content\/uploads\/sites\/2\/2016\/09\/5.png\" \/>\n\t<meta property=\"og:image:width\" content=\"1\" \/>\n\t<meta property=\"og:image:height\" content=\"1\" \/>\n\t<meta property=\"og:image:type\" content=\"image\/png\" \/>\n<meta name=\"author\" content=\"Philippe.Pierquin\" \/>\n<meta name=\"twitter:card\" content=\"summary_large_image\" \/>\n<meta name=\"twitter:label1\" content=\"\u00c9crit par\" \/>\n\t<meta name=\"twitter:data1\" content=\"Philippe.Pierquin\" \/>\n\t<meta name=\"twitter:label2\" content=\"Dur\u00e9e de lecture estim\u00e9e\" \/>\n\t<meta name=\"twitter:data2\" content=\"3 minutes\" \/>\n<script type=\"application\/ld+json\" class=\"yoast-schema-graph\">{\"@context\":\"https:\/\/schema.org\",\"@graph\":[{\"@type\":\"Article\",\"@id\":\"https:\/\/welovecinema.be\/fr\/fonds-series-belges-5-nouveaux-projets-soutenus\/#article\",\"isPartOf\":{\"@id\":\"https:\/\/welovecinema.be\/fr\/fonds-series-belges-5-nouveaux-projets-soutenus\/\"},\"author\":{\"name\":\"Philippe.Pierquin\",\"@id\":\"https:\/\/welovecinema.be\/nl\/#\/schema\/person\/4b9b1d857f0943453a38a7c2859ef756\"},\"headline\":\"Fonds s\u00e9ries belges\u00a0: 5 nouveaux projets soutenus\u00a0!\",\"datePublished\":\"2016-09-14T14:26:07+00:00\",\"dateModified\":\"2016-09-14T14:26:52+00:00\",\"mainEntityOfPage\":{\"@id\":\"https:\/\/welovecinema.be\/fr\/fonds-series-belges-5-nouveaux-projets-soutenus\/\"},\"wordCount\":665,\"publisher\":{\"@id\":\"https:\/\/welovecinema.be\/nl\/#organization\"},\"articleSection\":[\"Coming soon\",\"Plateau t\u00e9l\u00e9\"],\"inLanguage\":\"fr-FR\"},{\"@type\":\"WebPage\",\"@id\":\"https:\/\/welovecinema.be\/fr\/fonds-series-belges-5-nouveaux-projets-soutenus\/\",\"url\":\"https:\/\/welovecinema.be\/fr\/fonds-series-belges-5-nouveaux-projets-soutenus\/\",\"name\":\"Fonds s\u00e9ries belges\u00a0: 5 nouveaux projets soutenus\u00a0! - We Love Cinema\",\"isPartOf\":{\"@id\":\"https:\/\/welovecinema.be\/nl\/#website\"},\"datePublished\":\"2016-09-14T14:26:07+00:00\",\"dateModified\":\"2016-09-14T14:26:52+00:00\",\"breadcrumb\":{\"@id\":\"https:\/\/welovecinema.be\/fr\/fonds-series-belges-5-nouveaux-projets-soutenus\/#breadcrumb\"},\"inLanguage\":\"fr-FR\",\"potentialAction\":[{\"@type\":\"ReadAction\",\"target\":[\"https:\/\/welovecinema.be\/fr\/fonds-series-belges-5-nouveaux-projets-soutenus\/\"]}]},{\"@type\":\"BreadcrumbList\",\"@id\":\"https:\/\/welovecinema.be\/fr\/fonds-series-belges-5-nouveaux-projets-soutenus\/#breadcrumb\",\"itemListElement\":[{\"@type\":\"ListItem\",\"position\":1,\"name\":\"Accueil\",\"item\":\"https:\/\/welovecinema.be\/fr\/\"},{\"@type\":\"ListItem\",\"position\":2,\"name\":\"Fonds s\u00e9ries belges\u00a0: 5 nouveaux projets soutenus\u00a0!\"}]},{\"@type\":\"WebSite\",\"@id\":\"https:\/\/welovecinema.be\/nl\/#website\",\"url\":\"https:\/\/welovecinema.be\/nl\/\",\"name\":\"We Love Cinema\",\"description\":\"Toute l\u2019information du cin\u00e9ma en Belgique\",\"publisher\":{\"@id\":\"https:\/\/welovecinema.be\/nl\/#organization\"},\"potentialAction\":[{\"@type\":\"SearchAction\",\"target\":{\"@type\":\"EntryPoint\",\"urlTemplate\":\"https:\/\/welovecinema.be\/nl\/?s={search_term_string}\"},\"query-input\":\"required name=search_term_string\"}],\"inLanguage\":\"fr-FR\"},{\"@type\":\"Organization\",\"@id\":\"https:\/\/welovecinema.be\/nl\/#organization\",\"name\":\"We Love Cinema\",\"url\":\"https:\/\/welovecinema.be\/nl\/\",\"logo\":{\"@type\":\"ImageObject\",\"inLanguage\":\"fr-FR\",\"@id\":\"https:\/\/welovecinema.be\/nl\/#\/schema\/logo\/image\/\",\"url\":\"https:\/\/welovecinema.be\/wp-content\/uploads\/sites\/2\/2023\/03\/Logo-We-Love-Cinema305x128.jpg\",\"contentUrl\":\"https:\/\/welovecinema.be\/wp-content\/uploads\/sites\/2\/2023\/03\/Logo-We-Love-Cinema305x128.jpg\",\"width\":305,\"height\":128,\"caption\":\"We Love Cinema\"},\"image\":{\"@id\":\"https:\/\/welovecinema.be\/nl\/#\/schema\/logo\/image\/\"},\"sameAs\":[\"https:\/\/www.facebook.com\/welovecinema.be\",\"https:\/\/www.youtube.com\/channel\/UCX5LYGVhnKvYauW4Nta4HJA\",\"https:\/\/www.instagram.com\/welovecinema.be\/\"]},{\"@type\":\"Person\",\"@id\":\"https:\/\/welovecinema.be\/nl\/#\/schema\/person\/4b9b1d857f0943453a38a7c2859ef756\",\"name\":\"Philippe.Pierquin\",\"url\":\"https:\/\/welovecinema.be\/fr\/author\/philippe-pierquin\/\"}]}<\/script>\n<!-- \/ Yoast SEO plugin. -->","yoast_head_json":{"title":"Fonds s\u00e9ries belges\u00a0: 5 nouveaux projets soutenus\u00a0! - We Love Cinema","robots":{"index":"index","follow":"follow","max-snippet":"max-snippet:-1","max-image-preview":"max-image-preview:large","max-video-preview":"max-video-preview:-1"},"canonical":"https:\/\/welovecinema.be\/fr\/fonds-series-belges-5-nouveaux-projets-soutenus\/","og_locale":"fr_FR","og_type":"article","og_title":"Fonds s\u00e9ries belges\u00a0: 5 nouveaux projets soutenus\u00a0! - We Love Cinema","og_description":"Le 16 ao\u00fbt dernier, le Fonds de la F\u00e9d\u00e9ration Wallonie-Bruxelles et de la RTBF a re\u00e7u 15 propositions de s\u00e9ries TV. Le comit\u00e9 de s\u00e9lection a appr\u00e9ci\u00e9 la grande diversit\u00e9 des projets re\u00e7us et a d\u00e9cid\u00e9 de soutenir la premi\u00e8re phase de d\u00e9veloppement de 5 d\u2019entre eux, pour un montant de 35.000 euros chacun. Ces &hellip;","og_url":"https:\/\/welovecinema.be\/fr\/fonds-series-belges-5-nouveaux-projets-soutenus\/","og_site_name":"We Love Cinema","article_publisher":"https:\/\/www.facebook.com\/welovecinema.be","article_published_time":"2016-09-14T14:26:07+00:00","article_modified_time":"2016-09-14T14:26:52+00:00","og_image":[{"url":"https:\/\/welovecinema.be\/wp-content\/uploads\/sites\/2\/2016\/09\/5.png","width":1,"height":1,"type":"image\/png"}],"author":"Philippe.Pierquin","twitter_card":"summary_large_image","twitter_misc":{"\u00c9crit par":"Philippe.Pierquin","Dur\u00e9e de lecture estim\u00e9e":"3 minutes"},"schema":{"@context":"https:\/\/schema.org","@graph":[{"@type":"Article","@id":"https:\/\/welovecinema.be\/fr\/fonds-series-belges-5-nouveaux-projets-soutenus\/#article","isPartOf":{"@id":"https:\/\/welovecinema.be\/fr\/fonds-series-belges-5-nouveaux-projets-soutenus\/"},"author":{"name":"Philippe.Pierquin","@id":"https:\/\/welovecinema.be\/nl\/#\/schema\/person\/4b9b1d857f0943453a38a7c2859ef756"},"headline":"Fonds s\u00e9ries belges\u00a0: 5 nouveaux projets soutenus\u00a0!","datePublished":"2016-09-14T14:26:07+00:00","dateModified":"2016-09-14T14:26:52+00:00","mainEntityOfPage":{"@id":"https:\/\/welovecinema.be\/fr\/fonds-series-belges-5-nouveaux-projets-soutenus\/"},"wordCount":665,"publisher":{"@id":"https:\/\/welovecinema.be\/nl\/#organization"},"articleSection":["Coming soon","Plateau t\u00e9l\u00e9"],"inLanguage":"fr-FR"},{"@type":"WebPage","@id":"https:\/\/welovecinema.be\/fr\/fonds-series-belges-5-nouveaux-projets-soutenus\/","url":"https:\/\/welovecinema.be\/fr\/fonds-series-belges-5-nouveaux-projets-soutenus\/","name":"Fonds s\u00e9ries belges\u00a0: 5 nouveaux projets soutenus\u00a0! - We Love Cinema","isPartOf":{"@id":"https:\/\/welovecinema.be\/nl\/#website"},"datePublished":"2016-09-14T14:26:07+00:00","dateModified":"2016-09-14T14:26:52+00:00","breadcrumb":{"@id":"https:\/\/welovecinema.be\/fr\/fonds-series-belges-5-nouveaux-projets-soutenus\/#breadcrumb"},"inLanguage":"fr-FR","potentialAction":[{"@type":"ReadAction","target":["https:\/\/welovecinema.be\/fr\/fonds-series-belges-5-nouveaux-projets-soutenus\/"]}]},{"@type":"BreadcrumbList","@id":"https:\/\/welovecinema.be\/fr\/fonds-series-belges-5-nouveaux-projets-soutenus\/#breadcrumb","itemListElement":[{"@type":"ListItem","position":1,"name":"Accueil","item":"https:\/\/welovecinema.be\/fr\/"},{"@type":"ListItem","position":2,"name":"Fonds s\u00e9ries belges\u00a0: 5 nouveaux projets soutenus\u00a0!"}]},{"@type":"WebSite","@id":"https:\/\/welovecinema.be\/nl\/#website","url":"https:\/\/welovecinema.be\/nl\/","name":"We Love Cinema","description":"Toute l\u2019information du cin\u00e9ma en Belgique","publisher":{"@id":"https:\/\/welovecinema.be\/nl\/#organization"},"potentialAction":[{"@type":"SearchAction","target":{"@type":"EntryPoint","urlTemplate":"https:\/\/welovecinema.be\/nl\/?s={search_term_string}"},"query-input":"required name=search_term_string"}],"inLanguage":"fr-FR"},{"@type":"Organization","@id":"https:\/\/welovecinema.be\/nl\/#organization","name":"We Love Cinema","url":"https:\/\/welovecinema.be\/nl\/","logo":{"@type":"ImageObject","inLanguage":"fr-FR","@id":"https:\/\/welovecinema.be\/nl\/#\/schema\/logo\/image\/","url":"https:\/\/welovecinema.be\/wp-content\/uploads\/sites\/2\/2023\/03\/Logo-We-Love-Cinema305x128.jpg","contentUrl":"https:\/\/welovecinema.be\/wp-content\/uploads\/sites\/2\/2023\/03\/Logo-We-Love-Cinema305x128.jpg","width":305,"height":128,"caption":"We Love Cinema"},"image":{"@id":"https:\/\/welovecinema.be\/nl\/#\/schema\/logo\/image\/"},"sameAs":["https:\/\/www.facebook.com\/welovecinema.be","https:\/\/www.youtube.com\/channel\/UCX5LYGVhnKvYauW4Nta4HJA","https:\/\/www.instagram.com\/welovecinema.be\/"]},{"@type":"Person","@id":"https:\/\/welovecinema.be\/nl\/#\/schema\/person\/4b9b1d857f0943453a38a7c2859ef756","name":"Philippe.Pierquin","url":"https:\/\/welovecinema.be\/fr\/author\/philippe-pierquin\/"}]}},"_links":{"self":[{"href":"https:\/\/welovecinema.be\/fr\/wp-json\/wp\/v2\/posts\/90783","targetHints":{"allow":["GET"]}}],"collection":[{"href":"https:\/\/welovecinema.be\/fr\/wp-json\/wp\/v2\/posts"}],"about":[{"href":"https:\/\/welovecinema.be\/fr\/wp-json\/wp\/v2\/types\/post"}],"author":[{"embeddable":true,"href":"https:\/\/welovecinema.be\/fr\/wp-json\/wp\/v2\/users\/7"}],"replies":[{"embeddable":true,"href":"https:\/\/welovecinema.be\/fr\/wp-json\/wp\/v2\/comments?post=90783"}],"version-history":[{"count":0,"href":"https:\/\/welovecinema.be\/fr\/wp-json\/wp\/v2\/posts\/90783\/revisions"}],"wp:featuredmedia":[{"embeddable":true,"href":"https:\/\/welovecinema.be\/fr\/wp-json\/wp\/v2\/media\/90785"}],"wp:attachment":[{"href":"https:\/\/welovecinema.be\/fr\/wp-json\/wp\/v2\/media?parent=90783"}],"wp:term":[{"taxonomy":"category","embeddable":true,"href":"https:\/\/welovecinema.be\/fr\/wp-json\/wp\/v2\/categories?post=90783"},{"taxonomy":"post_tag","embeddable":true,"href":"https:\/\/welovecinema.be\/fr\/wp-json\/wp\/v2\/tags?post=90783"}],"curies":[{"name":"wp","href":"https:\/\/api.w.org\/{rel}","templated":true}]}}