{"id":90627,"date":"2016-09-09T09:35:19","date_gmt":"2016-09-09T07:35:19","guid":{"rendered":"http:\/\/www.cinevox.be\/?p=90627"},"modified":"2017-05-16T19:48:38","modified_gmt":"2017-05-16T17:48:38","slug":"king-of-the-belgians-et-gerontophobia-en-selection-a-busan","status":"publish","type":"post","link":"https:\/\/welovecinema.be\/fr\/king-of-the-belgians-et-gerontophobia-en-selection-a-busan\/","title":{"rendered":"King of the Belgians et Gerontophobia en s\u00e9lection \u00e0 Busan"},"content":{"rendered":"<p><em>King of the Belgians<\/em>, le nouveau long m\u00e9trage de Peter Brosens et Jessica Woodworth sera pr\u00e9sent\u00e9 au Festival International du Film de Busan (6-15 octobre) en Cor\u00e9e du Sud. Un festival o\u00f9 on ne fait pas les choses \u00e0 moiti\u00e9 comme vous le montre la photo &lsquo;ouverture.<\/p>\n<p>Le court m\u00e9trage\u00a0<em>Gerontophobia<\/em>, r\u00e9alis\u00e9 par Boris Sverlow avec une Wilcard du VAF, y sera \u00e9galement pr\u00e9sent\u00e9 en premi\u00e8re mondiale.<br \/>\n<!--more--><\/p>\n<p>&nbsp;<br \/>\n<em>King of the Belgians<\/em>\u00a0a \u00e9t\u00e9 pr\u00e9sent\u00e9 la semaine derni\u00e8re au Festival International du Film de Venise dans la section Orizzonti o\u00f9 il n\u2019est pas pass\u00e9 inaper\u00e7u. L\u2019influent magazine professionnel am\u00e9ricain Variety l\u2019a d\u00e9crit comme un \u201cmockumentary plein d\u2019attraits\u201d qui propose une satire de la monarchie, de la Belgique et des Balkans aussi honn\u00eate et surprenante que respectueuse\u201d.<\/p>\n<p>&nbsp;<\/p>\n<p><a href=\"http:\/\/www.cinevox.be\/wp-content\/uploads\/sites\/2\/2016\/09\/\u00a9FilipVanRoe_Q6A2361.jpg\"><img loading=\"lazy\" decoding=\"async\" class=\"aligncenter size-full wp-image-90628\" src=\"http:\/\/www.cinevox.be\/wp-content\/uploads\/sites\/2\/2016\/09\/\u00a9FilipVanRoe_Q6A2361.jpg\" alt=\"\" width=\"5052\" height=\"3368\" srcset=\"https:\/\/welovecinema.be\/wp-content\/uploads\/sites\/2\/2016\/09\/\u00a9FilipVanRoe_Q6A2361.jpg 5052w, https:\/\/welovecinema.be\/wp-content\/uploads\/sites\/2\/2016\/09\/\u00a9FilipVanRoe_Q6A2361-405x270.jpg 405w, https:\/\/welovecinema.be\/wp-content\/uploads\/sites\/2\/2016\/09\/\u00a9FilipVanRoe_Q6A2361-800x533.jpg 800w\" sizes=\"auto, (max-width: 5052px) 100vw, 5052px\" \/><\/a><\/p>\n<p style=\"text-align: right;\">\u00a9FilipVanRoe<\/p>\n<p>Les commentateurs internationaux ont \u00e9galement lou\u00e9 les prestations des acteurs principaux Peter Van den Begin, Lucie Debay, Titus De Voogdt et Bruno Georis. Screen International a \u00e9pingl\u00e9 Van den Begin pour la mani\u00e8re dont il conf\u00e8re \u201cau roi une sorte d\u2019allure naturelle et montre que les monarques sont aussi des simples humains d\u00e8s qu\u2019on les sort de leurs palais\u201d.<\/p>\n<p><em>King of the Belgians<\/em>\u00a0sera pr\u00e9sent\u00e9 \u00e0 Busan en premi\u00e8re en Asie dans la section World Cinema. Il sera ensuite pr\u00e9sent\u00e9 au Film Fest Gent avant de sortir dans les salles belges le 30 novembre. Les ventes internationales du film sont g\u00e9r\u00e9es par Be for Films qui, suite aux critiques \u00e9logieuses \u00e0 Venise, a encore programm\u00e9 une vision march\u00e9 de derni\u00e8re minute au Festival de Toronto.<\/p>\n<p>Aux c\u00f4t\u00e9s de l\u2019odyss\u00e9e royale de Brosens et Woodworth, Busan a \u00e9galement choisi d\u2019inviter le court m\u00e9trage de Boris Sverlow\u00a0<em>Gerontophobia<\/em>. Ce film de 15 minutes se d\u00e9roule dans un monde utopique o\u00f9 une exp\u00e9rience rat\u00e9e lib\u00e8re un gaz toxique qui fait vieillir tout ce qui se trouve sur son passage. Une femme enceinte met la vie de tous les rescap\u00e9s en danger en tentant de sauver son amoureux.<\/p>\n<p>&nbsp;<\/p>\n<p><a href=\"http:\/\/www.cinevox.be\/wp-content\/uploads\/sites\/2\/2016\/09\/gerontophilia.jpg\"><img loading=\"lazy\" decoding=\"async\" class=\"aligncenter size-full wp-image-90629\" src=\"http:\/\/www.cinevox.be\/wp-content\/uploads\/sites\/2\/2016\/09\/gerontophilia.jpg\" alt=\"\" width=\"1920\" height=\"804\" srcset=\"https:\/\/welovecinema.be\/wp-content\/uploads\/sites\/2\/2016\/09\/gerontophilia.jpg 1920w, https:\/\/welovecinema.be\/wp-content\/uploads\/sites\/2\/2016\/09\/gerontophilia-480x201.jpg 480w, https:\/\/welovecinema.be\/wp-content\/uploads\/sites\/2\/2016\/09\/gerontophilia-800x335.jpg 800w\" sizes=\"auto, (max-width: 1920px) 100vw, 1920px\" \/><\/a><\/p>\n<p>Les r\u00f4les principaux sont interpr\u00e9t\u00e9s par Marieke Dilles et Maarten Ketels. Pour ce drame de science-fiction, Sverlow a m\u00e9lang\u00e9 les images en live action avec des techniques d\u2019animation qui conf\u00e8rent au film un petit c\u00f4t\u00e9 r\u00e9tro.<\/p>\n<p><em>Gerontophobia<\/em>\u00a0sera pr\u00e9sent\u00e9 \u00e0 Busan en premi\u00e8re mondiale dans la section Wide Angle. Il a \u00e9t\u00e9 r\u00e9alis\u00e9 avec le soutien d\u2019une Wildcard du VAF, les r\u00e9compenses remises annuellement \u00e0 de jeunes talents par le Fonds Audiovisuel de Flandre, que Sverlow a remport\u00e9 avec son film de fin d\u2019\u00e9tudes en 2011,\u00a0<em>Shattered Past<\/em>.<\/p>\n<p><em>King of the Belgians<\/em>\u00a0est une production de Bo Films, en coproduction avec Entre Chien et Loup, Topkapi Films aux Pays-Bas et Art Fest en Bulgarie.\u00a0<em>Gerontophobia<\/em>\u00a0a \u00e9t\u00e9 produit par Everstory Productions.<\/p>\n","protected":false},"excerpt":{"rendered":"<p>King of the Belgians, le nouveau long m\u00e9trage de Peter Brosens et Jessica Woodworth sera pr\u00e9sent\u00e9 au Festival International du Film de Busan (6-15 octobre) en Cor\u00e9e du Sud. Un festival o\u00f9 on ne fait pas les choses \u00e0 moiti\u00e9 comme vous le montre la photo &lsquo;ouverture. Le court m\u00e9trage\u00a0Gerontophobia, r\u00e9alis\u00e9 par Boris Sverlow avec &hellip;<\/p>\n","protected":false},"author":7,"featured_media":90631,"comment_status":"closed","ping_status":"closed","sticky":false,"template":"","format":"standard","meta":{"ngg_post_thumbnail":0,"footnotes":""},"categories":[12],"tags":[],"class_list":["post-90627","post","type-post","status-publish","format-standard","has-post-thumbnail","","category-awards"],"yoast_head":"<!-- This site is optimized with the Yoast SEO plugin v20.4 - https:\/\/yoast.com\/wordpress\/plugins\/seo\/ -->\n<title>King of the Belgians et Gerontophobia en s\u00e9lection \u00e0 Busan - We Love Cinema<\/title>\n<meta name=\"robots\" content=\"index, follow, max-snippet:-1, max-image-preview:large, max-video-preview:-1\" \/>\n<link rel=\"canonical\" href=\"https:\/\/welovecinema.be\/fr\/king-of-the-belgians-et-gerontophobia-en-selection-a-busan\/\" \/>\n<meta property=\"og:locale\" content=\"fr_FR\" \/>\n<meta property=\"og:type\" content=\"article\" \/>\n<meta property=\"og:title\" content=\"King of the Belgians et Gerontophobia en s\u00e9lection \u00e0 Busan - We Love Cinema\" \/>\n<meta property=\"og:description\" content=\"King of the Belgians, le nouveau long m\u00e9trage de Peter Brosens et Jessica Woodworth sera pr\u00e9sent\u00e9 au Festival International du Film de Busan (6-15 octobre) en Cor\u00e9e du Sud. Un festival o\u00f9 on ne fait pas les choses \u00e0 moiti\u00e9 comme vous le montre la photo &lsquo;ouverture. Le court m\u00e9trage\u00a0Gerontophobia, r\u00e9alis\u00e9 par Boris Sverlow avec &hellip;\" \/>\n<meta property=\"og:url\" content=\"https:\/\/welovecinema.be\/fr\/king-of-the-belgians-et-gerontophobia-en-selection-a-busan\/\" \/>\n<meta property=\"og:site_name\" content=\"We Love Cinema\" \/>\n<meta property=\"article:publisher\" content=\"https:\/\/www.facebook.com\/welovecinema.be\" \/>\n<meta property=\"article:published_time\" content=\"2016-09-09T07:35:19+00:00\" \/>\n<meta property=\"article:modified_time\" content=\"2017-05-16T17:48:38+00:00\" \/>\n<meta property=\"og:image\" content=\"https:\/\/welovecinema.be\/wp-content\/uploads\/sites\/2\/2016\/09\/Opening_ceremony-busan-800x533.jpg\" \/>\n\t<meta property=\"og:image:width\" content=\"800\" \/>\n\t<meta property=\"og:image:height\" content=\"533\" \/>\n\t<meta property=\"og:image:type\" content=\"image\/jpeg\" \/>\n<meta name=\"author\" content=\"Philippe.Pierquin\" \/>\n<meta name=\"twitter:card\" content=\"summary_large_image\" \/>\n<meta name=\"twitter:label1\" content=\"\u00c9crit par\" \/>\n\t<meta name=\"twitter:data1\" content=\"Philippe.Pierquin\" \/>\n\t<meta name=\"twitter:label2\" content=\"Dur\u00e9e de lecture estim\u00e9e\" \/>\n\t<meta name=\"twitter:data2\" content=\"2 minutes\" \/>\n<script type=\"application\/ld+json\" class=\"yoast-schema-graph\">{\"@context\":\"https:\/\/schema.org\",\"@graph\":[{\"@type\":\"Article\",\"@id\":\"https:\/\/welovecinema.be\/fr\/king-of-the-belgians-et-gerontophobia-en-selection-a-busan\/#article\",\"isPartOf\":{\"@id\":\"https:\/\/welovecinema.be\/fr\/king-of-the-belgians-et-gerontophobia-en-selection-a-busan\/\"},\"author\":{\"name\":\"Philippe.Pierquin\",\"@id\":\"https:\/\/welovecinema.be\/nl\/#\/schema\/person\/4b9b1d857f0943453a38a7c2859ef756\"},\"headline\":\"King of the Belgians et Gerontophobia en s\u00e9lection \u00e0 Busan\",\"datePublished\":\"2016-09-09T07:35:19+00:00\",\"dateModified\":\"2017-05-16T17:48:38+00:00\",\"mainEntityOfPage\":{\"@id\":\"https:\/\/welovecinema.be\/fr\/king-of-the-belgians-et-gerontophobia-en-selection-a-busan\/\"},\"wordCount\":499,\"publisher\":{\"@id\":\"https:\/\/welovecinema.be\/nl\/#organization\"},\"articleSection\":[\"Evenements\"],\"inLanguage\":\"fr-FR\"},{\"@type\":\"WebPage\",\"@id\":\"https:\/\/welovecinema.be\/fr\/king-of-the-belgians-et-gerontophobia-en-selection-a-busan\/\",\"url\":\"https:\/\/welovecinema.be\/fr\/king-of-the-belgians-et-gerontophobia-en-selection-a-busan\/\",\"name\":\"King of the Belgians et Gerontophobia en s\u00e9lection \u00e0 Busan - We Love Cinema\",\"isPartOf\":{\"@id\":\"https:\/\/welovecinema.be\/nl\/#website\"},\"datePublished\":\"2016-09-09T07:35:19+00:00\",\"dateModified\":\"2017-05-16T17:48:38+00:00\",\"breadcrumb\":{\"@id\":\"https:\/\/welovecinema.be\/fr\/king-of-the-belgians-et-gerontophobia-en-selection-a-busan\/#breadcrumb\"},\"inLanguage\":\"fr-FR\",\"potentialAction\":[{\"@type\":\"ReadAction\",\"target\":[\"https:\/\/welovecinema.be\/fr\/king-of-the-belgians-et-gerontophobia-en-selection-a-busan\/\"]}]},{\"@type\":\"BreadcrumbList\",\"@id\":\"https:\/\/welovecinema.be\/fr\/king-of-the-belgians-et-gerontophobia-en-selection-a-busan\/#breadcrumb\",\"itemListElement\":[{\"@type\":\"ListItem\",\"position\":1,\"name\":\"Accueil\",\"item\":\"https:\/\/welovecinema.be\/fr\/\"},{\"@type\":\"ListItem\",\"position\":2,\"name\":\"King of the Belgians et Gerontophobia en s\u00e9lection \u00e0 Busan\"}]},{\"@type\":\"WebSite\",\"@id\":\"https:\/\/welovecinema.be\/nl\/#website\",\"url\":\"https:\/\/welovecinema.be\/nl\/\",\"name\":\"We Love Cinema\",\"description\":\"Toute l\u2019information du cin\u00e9ma en Belgique\",\"publisher\":{\"@id\":\"https:\/\/welovecinema.be\/nl\/#organization\"},\"potentialAction\":[{\"@type\":\"SearchAction\",\"target\":{\"@type\":\"EntryPoint\",\"urlTemplate\":\"https:\/\/welovecinema.be\/nl\/?s={search_term_string}\"},\"query-input\":\"required name=search_term_string\"}],\"inLanguage\":\"fr-FR\"},{\"@type\":\"Organization\",\"@id\":\"https:\/\/welovecinema.be\/nl\/#organization\",\"name\":\"We Love Cinema\",\"url\":\"https:\/\/welovecinema.be\/nl\/\",\"logo\":{\"@type\":\"ImageObject\",\"inLanguage\":\"fr-FR\",\"@id\":\"https:\/\/welovecinema.be\/nl\/#\/schema\/logo\/image\/\",\"url\":\"https:\/\/welovecinema.be\/wp-content\/uploads\/sites\/2\/2023\/03\/Logo-We-Love-Cinema305x128.jpg\",\"contentUrl\":\"https:\/\/welovecinema.be\/wp-content\/uploads\/sites\/2\/2023\/03\/Logo-We-Love-Cinema305x128.jpg\",\"width\":305,\"height\":128,\"caption\":\"We Love Cinema\"},\"image\":{\"@id\":\"https:\/\/welovecinema.be\/nl\/#\/schema\/logo\/image\/\"},\"sameAs\":[\"https:\/\/www.facebook.com\/welovecinema.be\",\"https:\/\/www.youtube.com\/channel\/UCX5LYGVhnKvYauW4Nta4HJA\",\"https:\/\/www.instagram.com\/welovecinema.be\/\"]},{\"@type\":\"Person\",\"@id\":\"https:\/\/welovecinema.be\/nl\/#\/schema\/person\/4b9b1d857f0943453a38a7c2859ef756\",\"name\":\"Philippe.Pierquin\",\"url\":\"https:\/\/welovecinema.be\/fr\/author\/philippe-pierquin\/\"}]}<\/script>\n<!-- \/ Yoast SEO plugin. -->","yoast_head_json":{"title":"King of the Belgians et Gerontophobia en s\u00e9lection \u00e0 Busan - We Love Cinema","robots":{"index":"index","follow":"follow","max-snippet":"max-snippet:-1","max-image-preview":"max-image-preview:large","max-video-preview":"max-video-preview:-1"},"canonical":"https:\/\/welovecinema.be\/fr\/king-of-the-belgians-et-gerontophobia-en-selection-a-busan\/","og_locale":"fr_FR","og_type":"article","og_title":"King of the Belgians et Gerontophobia en s\u00e9lection \u00e0 Busan - We Love Cinema","og_description":"King of the Belgians, le nouveau long m\u00e9trage de Peter Brosens et Jessica Woodworth sera pr\u00e9sent\u00e9 au Festival International du Film de Busan (6-15 octobre) en Cor\u00e9e du Sud. Un festival o\u00f9 on ne fait pas les choses \u00e0 moiti\u00e9 comme vous le montre la photo &lsquo;ouverture. Le court m\u00e9trage\u00a0Gerontophobia, r\u00e9alis\u00e9 par Boris Sverlow avec &hellip;","og_url":"https:\/\/welovecinema.be\/fr\/king-of-the-belgians-et-gerontophobia-en-selection-a-busan\/","og_site_name":"We Love Cinema","article_publisher":"https:\/\/www.facebook.com\/welovecinema.be","article_published_time":"2016-09-09T07:35:19+00:00","article_modified_time":"2017-05-16T17:48:38+00:00","og_image":[{"width":800,"height":533,"url":"https:\/\/welovecinema.be\/wp-content\/uploads\/sites\/2\/2016\/09\/Opening_ceremony-busan-800x533.jpg","type":"image\/jpeg"}],"author":"Philippe.Pierquin","twitter_card":"summary_large_image","twitter_misc":{"\u00c9crit par":"Philippe.Pierquin","Dur\u00e9e de lecture estim\u00e9e":"2 minutes"},"schema":{"@context":"https:\/\/schema.org","@graph":[{"@type":"Article","@id":"https:\/\/welovecinema.be\/fr\/king-of-the-belgians-et-gerontophobia-en-selection-a-busan\/#article","isPartOf":{"@id":"https:\/\/welovecinema.be\/fr\/king-of-the-belgians-et-gerontophobia-en-selection-a-busan\/"},"author":{"name":"Philippe.Pierquin","@id":"https:\/\/welovecinema.be\/nl\/#\/schema\/person\/4b9b1d857f0943453a38a7c2859ef756"},"headline":"King of the Belgians et Gerontophobia en s\u00e9lection \u00e0 Busan","datePublished":"2016-09-09T07:35:19+00:00","dateModified":"2017-05-16T17:48:38+00:00","mainEntityOfPage":{"@id":"https:\/\/welovecinema.be\/fr\/king-of-the-belgians-et-gerontophobia-en-selection-a-busan\/"},"wordCount":499,"publisher":{"@id":"https:\/\/welovecinema.be\/nl\/#organization"},"articleSection":["Evenements"],"inLanguage":"fr-FR"},{"@type":"WebPage","@id":"https:\/\/welovecinema.be\/fr\/king-of-the-belgians-et-gerontophobia-en-selection-a-busan\/","url":"https:\/\/welovecinema.be\/fr\/king-of-the-belgians-et-gerontophobia-en-selection-a-busan\/","name":"King of the Belgians et Gerontophobia en s\u00e9lection \u00e0 Busan - We Love Cinema","isPartOf":{"@id":"https:\/\/welovecinema.be\/nl\/#website"},"datePublished":"2016-09-09T07:35:19+00:00","dateModified":"2017-05-16T17:48:38+00:00","breadcrumb":{"@id":"https:\/\/welovecinema.be\/fr\/king-of-the-belgians-et-gerontophobia-en-selection-a-busan\/#breadcrumb"},"inLanguage":"fr-FR","potentialAction":[{"@type":"ReadAction","target":["https:\/\/welovecinema.be\/fr\/king-of-the-belgians-et-gerontophobia-en-selection-a-busan\/"]}]},{"@type":"BreadcrumbList","@id":"https:\/\/welovecinema.be\/fr\/king-of-the-belgians-et-gerontophobia-en-selection-a-busan\/#breadcrumb","itemListElement":[{"@type":"ListItem","position":1,"name":"Accueil","item":"https:\/\/welovecinema.be\/fr\/"},{"@type":"ListItem","position":2,"name":"King of the Belgians et Gerontophobia en s\u00e9lection \u00e0 Busan"}]},{"@type":"WebSite","@id":"https:\/\/welovecinema.be\/nl\/#website","url":"https:\/\/welovecinema.be\/nl\/","name":"We Love Cinema","description":"Toute l\u2019information du cin\u00e9ma en Belgique","publisher":{"@id":"https:\/\/welovecinema.be\/nl\/#organization"},"potentialAction":[{"@type":"SearchAction","target":{"@type":"EntryPoint","urlTemplate":"https:\/\/welovecinema.be\/nl\/?s={search_term_string}"},"query-input":"required name=search_term_string"}],"inLanguage":"fr-FR"},{"@type":"Organization","@id":"https:\/\/welovecinema.be\/nl\/#organization","name":"We Love Cinema","url":"https:\/\/welovecinema.be\/nl\/","logo":{"@type":"ImageObject","inLanguage":"fr-FR","@id":"https:\/\/welovecinema.be\/nl\/#\/schema\/logo\/image\/","url":"https:\/\/welovecinema.be\/wp-content\/uploads\/sites\/2\/2023\/03\/Logo-We-Love-Cinema305x128.jpg","contentUrl":"https:\/\/welovecinema.be\/wp-content\/uploads\/sites\/2\/2023\/03\/Logo-We-Love-Cinema305x128.jpg","width":305,"height":128,"caption":"We Love Cinema"},"image":{"@id":"https:\/\/welovecinema.be\/nl\/#\/schema\/logo\/image\/"},"sameAs":["https:\/\/www.facebook.com\/welovecinema.be","https:\/\/www.youtube.com\/channel\/UCX5LYGVhnKvYauW4Nta4HJA","https:\/\/www.instagram.com\/welovecinema.be\/"]},{"@type":"Person","@id":"https:\/\/welovecinema.be\/nl\/#\/schema\/person\/4b9b1d857f0943453a38a7c2859ef756","name":"Philippe.Pierquin","url":"https:\/\/welovecinema.be\/fr\/author\/philippe-pierquin\/"}]}},"_links":{"self":[{"href":"https:\/\/welovecinema.be\/fr\/wp-json\/wp\/v2\/posts\/90627","targetHints":{"allow":["GET"]}}],"collection":[{"href":"https:\/\/welovecinema.be\/fr\/wp-json\/wp\/v2\/posts"}],"about":[{"href":"https:\/\/welovecinema.be\/fr\/wp-json\/wp\/v2\/types\/post"}],"author":[{"embeddable":true,"href":"https:\/\/welovecinema.be\/fr\/wp-json\/wp\/v2\/users\/7"}],"replies":[{"embeddable":true,"href":"https:\/\/welovecinema.be\/fr\/wp-json\/wp\/v2\/comments?post=90627"}],"version-history":[{"count":0,"href":"https:\/\/welovecinema.be\/fr\/wp-json\/wp\/v2\/posts\/90627\/revisions"}],"wp:featuredmedia":[{"embeddable":true,"href":"https:\/\/welovecinema.be\/fr\/wp-json\/wp\/v2\/media\/90631"}],"wp:attachment":[{"href":"https:\/\/welovecinema.be\/fr\/wp-json\/wp\/v2\/media?parent=90627"}],"wp:term":[{"taxonomy":"category","embeddable":true,"href":"https:\/\/welovecinema.be\/fr\/wp-json\/wp\/v2\/categories?post=90627"},{"taxonomy":"post_tag","embeddable":true,"href":"https:\/\/welovecinema.be\/fr\/wp-json\/wp\/v2\/tags?post=90627"}],"curies":[{"name":"wp","href":"https:\/\/api.w.org\/{rel}","templated":true}]}}