{"id":9058,"date":"2011-10-03T06:23:55","date_gmt":"2011-10-03T06:23:55","guid":{"rendered":"http:\/\/www.cinevox.be\/?p=9058"},"modified":"2011-10-06T09:43:41","modified_gmt":"2011-10-06T09:43:41","slug":"vu-du-fiff-putain-zaccai","status":"publish","type":"post","link":"https:\/\/welovecinema.be\/fr\/vu-du-fiff-putain-zaccai\/","title":{"rendered":"Vu du FIFF : JC comme J\u00e9sus Christ  <br> Putain, Zacca\u00ef !"},"content":{"rendered":"<p>Non, rassurez-vous, Namur ne vit pas sous un microclimat. C&rsquo;est juste que nous avons d\u00e9couvert ce week-end <em> JC comme J\u00e9sus-Christ<\/em>, premier long m\u00e9trage comme r\u00e9alisateur de <strong>Jonathan Zacca\u00ef<\/strong> et que nous sommes encore sous le choc de l&rsquo;audace ! Car Jonathan ne l\u00e9sine pas sur la largeur de la marge qu&rsquo;il impose \u00e0 son cin\u00e9ma. C&rsquo;est dr\u00f4le (tr\u00e8s), c&rsquo;est impertinent (tr\u00e8s tr\u00e8s), c&rsquo;est trash (parfois) et tr\u00e8s r\u00e9ussi: en attestent les \u00e9clats de rire qui ont jalonn\u00e9 toutes les projections (de la vision de presse secou\u00e9e par un Christophe Bourdon hilare) \u00e0 la pr\u00e9sentation officielle du dimanche soir (photos), suivie par un cort\u00e8ge de stars.<\/p>\n<p><!--more--><\/p>\n<p>&nbsp;<\/p>\n<p><em>JC comme J\u00e9sus-Christ<\/em>, est donc un faux reportage, un fake, qui s&rsquo;attache aux basques d&rsquo;un jeune prodige du cin\u00e9ma. \u00c0 15 ans, il a d\u00e9croch\u00e9 une Palme d&rsquo;Or \u00e0 Cannes (\u00ab\u00a0Lars, lui, n&rsquo;avait pas quinze ans, merde\u00a0\u00bb) et quelques C\u00e9sars. L\u00e0, il monte une com\u00e9die musicale\u2026 sur Marc Dutroux, qu&rsquo;il a baptis\u00e9e\u00a0<em>Dutroux in the Rain<\/em>.\u00a0\u00ab\u00a0Je n&rsquo;ai pas trouv\u00e9 une id\u00e9e plus horrible\u00a0\u00bb, avoue Jonathan Zacca\u00ef, hilare. Sale gosse, va!<\/p>\n<p><a rel=\"attachment wp-att-9088\" href=\"http:\/\/www.cinevox.be\/vu-du-fiff-putain-zaccai\/_mg00632\/\"><img loading=\"lazy\" decoding=\"async\" class=\"alignright size-large wp-image-9088\" title=\"_MG00632\" src=\"http:\/\/www.cinevox.be\/wp-content\/uploads\/sites\/2\/2011\/10\/MG00632-800x532.jpg\" alt=\"\" width=\"448\" height=\"298\" srcset=\"https:\/\/welovecinema.be\/wp-content\/uploads\/sites\/2\/2011\/10\/MG00632-800x532.jpg 800w, https:\/\/welovecinema.be\/wp-content\/uploads\/sites\/2\/2011\/10\/MG00632-406x270.jpg 406w, https:\/\/welovecinema.be\/wp-content\/uploads\/sites\/2\/2011\/10\/MG00632.jpg 1000w\" sizes=\"auto, (max-width: 448px) 100vw, 448px\" \/><\/a>De fait, le projet excite\u00a0l\u2019app\u00e9tit\u00a0 des producteurs qui acceptent de confier \u00e0 JC 20 millions d&rsquo;Euros pour le tourner (plut\u00f4t 15 apr\u00e8s r\u00e9flexion, ce qui va provoquer une crise de nerfs \u00e9pique). Et surtout : tous les acteurs sont pr\u00eats \u00e0 se battre pour obtenir un r\u00f4le dans le film. JC verrait bien Cassel dans la peau du p\u00e9dophile, mais <strong>Gilles Lellouche<\/strong> (oui, le vrai) vient lui-m\u00eame plaider sa cause avec une verve outrageusement d\u00e9lirante. Une autre star tentera, elle aussi, de persuader le r\u00e9alisateur qu&rsquo;il EST Dutroux. Mais \u00e0 ce stade, il tient \u00e0 garder l&rsquo;anonymat (il n&rsquo;y parviendra pas). Car oui, on croise ici une pl\u00e9iade de vedettes incarnant leur propre r\u00f4le : <strong>Claire Chazal<\/strong>,\u00a0tellement\u00a0inattendue qui ouvre la premi\u00e8re sc\u00e8ne, Lellouche donc, <strong>Elsa Zilberstein, Aure Attika<\/strong>&#8230; Entre autres. Joli carnet d&rsquo;adresses, l&rsquo;ami Jona. S&rsquo;ajoute \u00e0 cela d&rsquo;autres visages connus comme <strong>Tania Gabarski<\/strong> totalement d\u00e9jant\u00e9e qui revendique le r\u00f4le de Mich\u00e8le Martin et se l\u00e2che totalement. Ou moins connus : \u00ab\u00a0le mari de Tania dans le film n&rsquo;est pas acteur, c&rsquo;est un pote turc et la m\u00e8re de JC, c&rsquo;est <strong>Elodie Hesme,<\/strong> ma femme, explique Jonathan. D&rsquo;ailleurs l&rsquo;appartement de JC, c&rsquo;est notre appartement\u00a0\u00bb. <em>Home made movie<\/em> donc. Le talent fait la diff\u00e9rence.<\/p>\n<p>&nbsp;<\/p>\n<p><a rel=\"attachment wp-att-9093\" href=\"http:\/\/www.cinevox.be\/vu-du-fiff-putain-zaccai\/jc-comme-jesus-christ-2\/\"><img loading=\"lazy\" decoding=\"async\" class=\"alignright size-full wp-image-9093\" title=\"jc-comme-jesus-christ\" src=\"http:\/\/www.cinevox.be\/wp-content\/uploads\/sites\/2\/2011\/10\/jc-comme-jesus-christ1.jpg\" alt=\"\" width=\"260\" height=\"146\" srcset=\"https:\/\/welovecinema.be\/wp-content\/uploads\/sites\/2\/2011\/10\/jc-comme-jesus-christ1.jpg 260w, https:\/\/welovecinema.be\/wp-content\/uploads\/sites\/2\/2011\/10\/jc-comme-jesus-christ1-200x113.jpg 200w\" sizes=\"auto, (max-width: 260px) 100vw, 260px\" \/><\/a>Jonathan ne se contente d&rsquo;ailleurs pas de diriger : il joue le r\u00e9alisateur du docu en train de se tourner sur JC. Impossible d\u00e8s lors \u00e0 ne pas penser \u00e0 l&rsquo;inoxydable <em>C&rsquo;est Arriv\u00e9 pr\u00e8s de chez vous<\/em>.<\/p>\n<p>\u00ab\u00a0Franchement, \u00e7a n&rsquo;a jamais \u00e9t\u00e9 une influence consciente\u00a0\u00bb, nous explique Jonathan. \u00ab\u00a0Je n&rsquo;y ai pas song\u00e9 pendant l&rsquo;\u00e9criture ni le tournage. Mais je suppose que c&rsquo;est normal qu&rsquo;on en parle, car il y a quelques analogies. Et puis, ce film est un mythe. Un monument. Donc, \u00e7a ne me d\u00e9range pas qu&rsquo;on voie des ressemblances.\u00a0\u00bb<\/p>\n<p>On ne peut pas non plus ne pas \u00e9voquer <em>Le Bal des Actrices<\/em> de <strong>Nolwenn Le Besco<\/strong>, car les com\u00e9diens qui se pr\u00eatent au cam\u00e9o (\u00e0 Namur, c&rsquo;est classe) \u00e9tant constamment dans le d\u00e9calage d&rsquo;image. Et \u00e7a, c&rsquo;est irr\u00e9sistible.<\/p>\n<p>&nbsp;<\/p>\n<p><a rel=\"attachment wp-att-9089\" href=\"http:\/\/www.cinevox.be\/vu-du-fiff-putain-zaccai\/_mg00726\/\"><img loading=\"lazy\" decoding=\"async\" class=\"alignleft size-large wp-image-9089\" title=\"_MG00726\" src=\"http:\/\/www.cinevox.be\/wp-content\/uploads\/sites\/2\/2011\/10\/MG00726-399x600.jpg\" alt=\"\" width=\"399\" height=\"600\" srcset=\"https:\/\/welovecinema.be\/wp-content\/uploads\/sites\/2\/2011\/10\/MG00726-399x600.jpg 399w, https:\/\/welovecinema.be\/wp-content\/uploads\/sites\/2\/2011\/10\/MG00726-179x270.jpg 179w, https:\/\/welovecinema.be\/wp-content\/uploads\/sites\/2\/2011\/10\/MG00726.jpg 665w\" sizes=\"auto, (max-width: 399px) 100vw, 399px\" \/><\/a>Pour incarner le jeune Mozart du cin\u00e9ma, Jonathan a choisi <strong>Vincent Lacoste. <\/strong>Ou plut\u00f4t, c&rsquo;est Vincent Lacoste lui-m\u00eame qui a inspir\u00e9 le film. Jonathan qui pr\u00e9parait un tout autre tournage l&rsquo;a rencontr\u00e9 pour lui proposer le r\u00f4le d&rsquo;un artiste pr\u00e9coce que tout le monde prend pour un Dieu. Lorsque Jonathan laisse tomber ce projet (<em>Tout le Monde peut se tromper<\/em>), il d\u00e9cide d&rsquo;\u00e9crire dans l&rsquo;urgence un sc\u00e9nario bas\u00e9 tout entier sur ce personnage improbable. Lacoste accepte l&rsquo;offre. Et vogue la gal\u00e8re !<\/p>\n<p>&nbsp;<\/p>\n<p>\u00a0\u00bb Il est incroyable\u00a0\u00bb, s&rsquo;extasie Jonathan. \u00ab\u00a0Il est tout le temps bon. \u00c0 chaque prise. Parfois, il est un peu meilleur, parfois juste un peu moins excellent, mais \u00e0 la limite, toutes les prises sont exploitables.\u00a0\u00bb<\/p>\n<p>De fait, il est bluffant, et tr\u00e8s sobre dans l&rsquo;ensemble, ce qui densifie le r\u00e9cit, oscillant sans cesse entre grosse farce jou\u00e9e fort s\u00e9rieusement et petits faits de la vie banale qui ajoutent au trouble ambiant. Il est la clef de vo\u00fbte de ce projet insens\u00e9 qui \u00e9pate par son audace (ne quittez surtout pas votre si\u00e8ge au d\u00e9but du g\u00e9n\u00e9rique, une des s\u00e9quences les plus exquises \u00a0est encore \u00e0 venir), et sa libert\u00e9 de ton.<\/p>\n<p>&nbsp;<\/p>\n<p><a rel=\"attachment wp-att-9090\" href=\"http:\/\/www.cinevox.be\/vu-du-fiff-putain-zaccai\/_man7542\/\"><img loading=\"lazy\" decoding=\"async\" class=\"alignright size-medium wp-image-9090\" title=\"_MAN7542\" src=\"http:\/\/www.cinevox.be\/wp-content\/uploads\/sites\/2\/2011\/10\/MAN7542-406x270.jpg\" alt=\"\" width=\"406\" height=\"270\" srcset=\"https:\/\/welovecinema.be\/wp-content\/uploads\/sites\/2\/2011\/10\/MAN7542-406x270.jpg 406w, https:\/\/welovecinema.be\/wp-content\/uploads\/sites\/2\/2011\/10\/MAN7542-800x532.jpg 800w, https:\/\/welovecinema.be\/wp-content\/uploads\/sites\/2\/2011\/10\/MAN7542.jpg 1000w\" sizes=\"auto, (max-width: 406px) 100vw, 406px\" \/><\/a><em>JC comme J\u00e9sus Christ<\/em> ne parviendra qu&rsquo;en f\u00e9vrier dans les salles. On aura donc le temps d&rsquo;en reparler. Et surtout, les distributeurs auront tout le loisir d&rsquo;orchestrer une sortie susceptible de capter l&rsquo;attention du plus grand nombre, car ce long m\u00e9trage voulu, \u00e9crit et con\u00e7u dans l&rsquo;urgence est finalement une \u0153uvre capable de faire se bidonner un public (plut\u00f4t cin\u00e9phile) assez cons\u00e9quent. C&rsquo;est tout le mal qu&rsquo;on souhaite \u00e0 Jonathan qui a pris un tel pied avec cette nouvelle exp\u00e9rience qu&rsquo;il imagine d\u00e9j\u00e0 une seconde aventure<\/p>\n<p>\u00ab\u00a0Ce sera diff\u00e9rent, sans doute un peu plus classique dans la forme, mais j&rsquo;adore l&rsquo;id\u00e9e de base et le casting que j&rsquo;aimerais mettre sur pied devrait \u00eatre du tonnerre de Dieu. Cette fois, je vais prendre plus de temps, car j&rsquo;ai besoin d&rsquo;un financement plus cons\u00e9quent pour mener ce projet \u00e0 bien. Esp\u00e9rons que JC m&rsquo;aidera \u00e0 convaincre les producteurs.\u00a0\u00bb<\/p>\n<p>&nbsp;<\/p>\n<p>Des perspectives emballantes qui ne doivent pas nous faire perdre de vue un pr\u00e9sent enthousiasmant: JC est l\u00e0 et bien l\u00e0.<\/p>\n<p>All\u00e9luia !<\/p>\n<p>&nbsp;<\/p>\n<p style=\"text-align: right;\"><a rel=\"attachment wp-att-9098\" href=\"http:\/\/www.cinevox.be\/vu-du-fiff-putain-zaccai\/_mg00686\/\"><img loading=\"lazy\" decoding=\"async\" class=\"aligncenter size-full wp-image-9098\" title=\"_MG00686\" src=\"http:\/\/www.cinevox.be\/wp-content\/uploads\/sites\/2\/2011\/10\/MG00686.jpg\" alt=\"\" width=\"1000\" height=\"665\" srcset=\"https:\/\/welovecinema.be\/wp-content\/uploads\/sites\/2\/2011\/10\/MG00686.jpg 1000w, https:\/\/welovecinema.be\/wp-content\/uploads\/sites\/2\/2011\/10\/MG00686-406x270.jpg 406w, https:\/\/welovecinema.be\/wp-content\/uploads\/sites\/2\/2011\/10\/MG00686-800x532.jpg 800w\" sizes=\"auto, (max-width: 1000px) 100vw, 1000px\" \/><\/a><em>[Arriv\u00e9e des invit\u00e9s \u00e0 l&rsquo;avant-premi\u00e8re du dimanche soir]<\/em><\/p>\n<p>&nbsp;<\/p>\n<p style=\"text-align: right;\"><a rel=\"attachment wp-att-9096\" href=\"http:\/\/www.cinevox.be\/vu-du-fiff-putain-zaccai\/_mg00704\/\"><img loading=\"lazy\" decoding=\"async\" class=\"aligncenter size-full wp-image-9096\" title=\"_MG00704\" src=\"http:\/\/www.cinevox.be\/wp-content\/uploads\/sites\/2\/2011\/10\/MG00704.jpg\" alt=\"\" width=\"1000\" height=\"665\" srcset=\"https:\/\/welovecinema.be\/wp-content\/uploads\/sites\/2\/2011\/10\/MG00704.jpg 1000w, https:\/\/welovecinema.be\/wp-content\/uploads\/sites\/2\/2011\/10\/MG00704-406x270.jpg 406w, https:\/\/welovecinema.be\/wp-content\/uploads\/sites\/2\/2011\/10\/MG00704-800x532.jpg 800w\" sizes=\"auto, (max-width: 1000px) 100vw, 1000px\" \/><\/a><em>[Tania Garbarski en freestyle d\u00e9sopilant dans le film et Jonathan Zacca\u00ef, r\u00e9al et ami]<\/em><\/p>\n<p>&nbsp;<\/p>\n<p style=\"text-align: right;\"><a rel=\"attachment wp-att-9097\" href=\"http:\/\/www.cinevox.be\/vu-du-fiff-putain-zaccai\/_mg00697\/\"><img loading=\"lazy\" decoding=\"async\" class=\"aligncenter size-full wp-image-9097\" title=\"_MG00697\" src=\"http:\/\/www.cinevox.be\/wp-content\/uploads\/sites\/2\/2011\/10\/MG00697.jpg\" alt=\"\" width=\"1000\" height=\"665\" srcset=\"https:\/\/welovecinema.be\/wp-content\/uploads\/sites\/2\/2011\/10\/MG00697.jpg 1000w, https:\/\/welovecinema.be\/wp-content\/uploads\/sites\/2\/2011\/10\/MG00697-406x270.jpg 406w, https:\/\/welovecinema.be\/wp-content\/uploads\/sites\/2\/2011\/10\/MG00697-800x532.jpg 800w\" sizes=\"auto, (max-width: 1000px) 100vw, 1000px\" \/><\/a><em>[Charlie Dupont venu soutenir sa belle et ses potes]<\/em><\/p>\n<p style=\"text-align: right;\"><em><br \/>\n<\/em><\/p>\n<p style=\"text-align: right;\"><a rel=\"attachment wp-att-9100\" href=\"http:\/\/www.cinevox.be\/vu-du-fiff-putain-zaccai\/_mg00692-2\/\"><img loading=\"lazy\" decoding=\"async\" class=\"aligncenter size-full wp-image-9100\" title=\"_MG00692\" src=\"http:\/\/www.cinevox.be\/wp-content\/uploads\/sites\/2\/2011\/10\/MG006921.jpg\" alt=\"\" width=\"1000\" height=\"665\" srcset=\"https:\/\/welovecinema.be\/wp-content\/uploads\/sites\/2\/2011\/10\/MG006921.jpg 1000w, https:\/\/welovecinema.be\/wp-content\/uploads\/sites\/2\/2011\/10\/MG006921-406x270.jpg 406w, https:\/\/welovecinema.be\/wp-content\/uploads\/sites\/2\/2011\/10\/MG006921-800x532.jpg 800w\" sizes=\"auto, (max-width: 1000px) 100vw, 1000px\" \/><\/a><em>[Philippe Bourgueil monteur superstar et cor\u00e9alisateur des fameux \u00a0<a href=\"http:\/\/www.cinevox.be\/pom-pom-pom-qui-est-la\/\" target=\"_blank\">Qui est l\u00e0?<\/a>]<\/em><\/p>\n<p style=\"text-align: right;\">&nbsp;<\/p>\n<p style=\"text-align: right;\"><em><a rel=\"attachment wp-att-9101\" href=\"http:\/\/www.cinevox.be\/vu-du-fiff-putain-zaccai\/_mg00701\/\"><img loading=\"lazy\" decoding=\"async\" class=\"aligncenter size-full wp-image-9101\" title=\"_MG00701\" src=\"http:\/\/www.cinevox.be\/wp-content\/uploads\/sites\/2\/2011\/10\/MG00701.jpg\" alt=\"\" width=\"1000\" height=\"665\" srcset=\"https:\/\/welovecinema.be\/wp-content\/uploads\/sites\/2\/2011\/10\/MG00701.jpg 1000w, https:\/\/welovecinema.be\/wp-content\/uploads\/sites\/2\/2011\/10\/MG00701-406x270.jpg 406w, https:\/\/welovecinema.be\/wp-content\/uploads\/sites\/2\/2011\/10\/MG00701-800x532.jpg 800w\" sizes=\"auto, (max-width: 1000px) 100vw, 1000px\" \/><\/a>[Vincent Lacoste, JC et Sylvain Goldberg qui a coproduit le film en Belgique avec Serge de Poucques pour Nexus Factory]<\/em><\/p>\n<p style=\"text-align: right;\">&nbsp;<\/p>\n<p style=\"text-align: right;\"><em><a rel=\"attachment wp-att-9102\" href=\"http:\/\/www.cinevox.be\/vu-du-fiff-putain-zaccai\/_mg00680\/\"><img loading=\"lazy\" decoding=\"async\" class=\"aligncenter size-full wp-image-9102\" title=\"_MG00680\" src=\"http:\/\/www.cinevox.be\/wp-content\/uploads\/sites\/2\/2011\/10\/MG00680.jpg\" alt=\"\" width=\"1000\" height=\"665\" srcset=\"https:\/\/welovecinema.be\/wp-content\/uploads\/sites\/2\/2011\/10\/MG00680.jpg 1000w, https:\/\/welovecinema.be\/wp-content\/uploads\/sites\/2\/2011\/10\/MG00680-406x270.jpg 406w, https:\/\/welovecinema.be\/wp-content\/uploads\/sites\/2\/2011\/10\/MG00680-800x532.jpg 800w\" sizes=\"auto, (max-width: 1000px) 100vw, 1000px\" \/><\/a>[Philippe Reynaert, pr\u00e9sentateur de CineStation et directeur de Wallimage, en visite de courtoisie pour d\u00e9couvrir la com\u00e9die de ses amis les\u00a0plus\u00a0allum\u00e9s] <\/em><\/p>\n<p style=\"text-align: right;\">&nbsp;<\/p>\n<p style=\"text-align: right;\"><em><a rel=\"attachment wp-att-9103\" href=\"http:\/\/www.cinevox.be\/vu-du-fiff-putain-zaccai\/_mg00713\/\"><img loading=\"lazy\" decoding=\"async\" class=\"aligncenter size-full wp-image-9103\" title=\"_MG00713\" src=\"http:\/\/www.cinevox.be\/wp-content\/uploads\/sites\/2\/2011\/10\/MG00713.jpg\" alt=\"\" width=\"1000\" height=\"665\" srcset=\"https:\/\/welovecinema.be\/wp-content\/uploads\/sites\/2\/2011\/10\/MG00713.jpg 1000w, https:\/\/welovecinema.be\/wp-content\/uploads\/sites\/2\/2011\/10\/MG00713-406x270.jpg 406w, https:\/\/welovecinema.be\/wp-content\/uploads\/sites\/2\/2011\/10\/MG00713-800x532.jpg 800w\" sizes=\"auto, (max-width: 1000px) 100vw, 1000px\" \/><\/a><\/em><\/p>\n<p style=\"text-align: right;\"><em>[Sylvain Goldberg, coproducteur belge (Nexus factory), Tania Garbarski, Vincent Lacoste et le r\u00e9alisateur-sc\u00e9nariste-acteur Jonathan Zacca\u00ef sur sc\u00e8ne juste avant de lancer le film pour la\u00a0premi\u00e8re\u00a0fois en\u00a0p\u00e2ture\u00a0au public]<\/em><\/p>\n<p>&nbsp;<\/p>\n<p>&nbsp;<\/p>\n","protected":false},"excerpt":{"rendered":"<p>Non, rassurez-vous, Namur ne vit pas sous un microclimat. C&rsquo;est juste que nous avons d\u00e9couvert ce week-end JC comme J\u00e9sus-Christ, premier long m\u00e9trage comme r\u00e9alisateur de Jonathan Zacca\u00ef et que nous sommes encore sous le choc de l&rsquo;audace ! Car Jonathan ne l\u00e9sine pas sur la largeur de la marge qu&rsquo;il impose \u00e0 son cin\u00e9ma. &hellip;<\/p>\n","protected":false},"author":7,"featured_media":9066,"comment_status":"closed","ping_status":"closed","sticky":false,"template":"","format":"standard","meta":{"ngg_post_thumbnail":0,"footnotes":""},"categories":[53,7],"tags":[],"class_list":["post-9058","post","type-post","status-publish","format-standard","has-post-thumbnail","","category-coming-soon","category-actualites"],"yoast_head":"<!-- This site is optimized with the Yoast SEO plugin v20.4 - https:\/\/yoast.com\/wordpress\/plugins\/seo\/ -->\n<title>Vu du FIFF : JC comme J\u00e9sus Christ  Putain, Zacca\u00ef ! - We Love Cinema<\/title>\n<meta name=\"robots\" content=\"index, follow, max-snippet:-1, max-image-preview:large, max-video-preview:-1\" \/>\n<link rel=\"canonical\" href=\"https:\/\/welovecinema.be\/fr\/vu-du-fiff-putain-zaccai\/\" \/>\n<meta property=\"og:locale\" content=\"fr_FR\" \/>\n<meta property=\"og:type\" content=\"article\" \/>\n<meta property=\"og:title\" content=\"Vu du FIFF : JC comme J\u00e9sus Christ  Putain, Zacca\u00ef ! - We Love Cinema\" \/>\n<meta property=\"og:description\" content=\"Non, rassurez-vous, Namur ne vit pas sous un microclimat. C&rsquo;est juste que nous avons d\u00e9couvert ce week-end JC comme J\u00e9sus-Christ, premier long m\u00e9trage comme r\u00e9alisateur de Jonathan Zacca\u00ef et que nous sommes encore sous le choc de l&rsquo;audace ! Car Jonathan ne l\u00e9sine pas sur la largeur de la marge qu&rsquo;il impose \u00e0 son cin\u00e9ma. &hellip;\" \/>\n<meta property=\"og:url\" content=\"https:\/\/welovecinema.be\/fr\/vu-du-fiff-putain-zaccai\/\" \/>\n<meta property=\"og:site_name\" content=\"We Love Cinema\" \/>\n<meta property=\"article:publisher\" content=\"https:\/\/www.facebook.com\/welovecinema.be\" \/>\n<meta property=\"article:published_time\" content=\"2011-10-03T06:23:55+00:00\" \/>\n<meta property=\"article:modified_time\" content=\"2011-10-06T09:43:41+00:00\" \/>\n<meta property=\"og:image\" content=\"https:\/\/welovecinema.be\/wp-content\/uploads\/sites\/2\/2011\/10\/Image000431.jpg\" \/>\n\t<meta property=\"og:image:width\" content=\"1024\" \/>\n\t<meta property=\"og:image:height\" content=\"576\" \/>\n\t<meta property=\"og:image:type\" content=\"image\/jpeg\" \/>\n<meta name=\"author\" content=\"Philippe.Pierquin\" \/>\n<meta name=\"twitter:card\" content=\"summary_large_image\" \/>\n<meta name=\"twitter:label1\" content=\"\u00c9crit par\" \/>\n\t<meta name=\"twitter:data1\" content=\"Philippe.Pierquin\" \/>\n\t<meta name=\"twitter:label2\" content=\"Dur\u00e9e de lecture estim\u00e9e\" \/>\n\t<meta name=\"twitter:data2\" content=\"5 minutes\" \/>\n<script type=\"application\/ld+json\" class=\"yoast-schema-graph\">{\"@context\":\"https:\/\/schema.org\",\"@graph\":[{\"@type\":\"Article\",\"@id\":\"https:\/\/welovecinema.be\/fr\/vu-du-fiff-putain-zaccai\/#article\",\"isPartOf\":{\"@id\":\"https:\/\/welovecinema.be\/fr\/vu-du-fiff-putain-zaccai\/\"},\"author\":{\"name\":\"Philippe.Pierquin\",\"@id\":\"https:\/\/welovecinema.be\/nl\/#\/schema\/person\/4b9b1d857f0943453a38a7c2859ef756\"},\"headline\":\"Vu du FIFF : JC comme J\u00e9sus Christ Putain, Zacca\u00ef !\",\"datePublished\":\"2011-10-03T06:23:55+00:00\",\"dateModified\":\"2011-10-06T09:43:41+00:00\",\"mainEntityOfPage\":{\"@id\":\"https:\/\/welovecinema.be\/fr\/vu-du-fiff-putain-zaccai\/\"},\"wordCount\":1149,\"publisher\":{\"@id\":\"https:\/\/welovecinema.be\/nl\/#organization\"},\"articleSection\":[\"Coming soon\",\"News\"],\"inLanguage\":\"fr-FR\"},{\"@type\":\"WebPage\",\"@id\":\"https:\/\/welovecinema.be\/fr\/vu-du-fiff-putain-zaccai\/\",\"url\":\"https:\/\/welovecinema.be\/fr\/vu-du-fiff-putain-zaccai\/\",\"name\":\"Vu du FIFF : JC comme J\u00e9sus Christ Putain, Zacca\u00ef ! - We Love Cinema\",\"isPartOf\":{\"@id\":\"https:\/\/welovecinema.be\/nl\/#website\"},\"datePublished\":\"2011-10-03T06:23:55+00:00\",\"dateModified\":\"2011-10-06T09:43:41+00:00\",\"breadcrumb\":{\"@id\":\"https:\/\/welovecinema.be\/fr\/vu-du-fiff-putain-zaccai\/#breadcrumb\"},\"inLanguage\":\"fr-FR\",\"potentialAction\":[{\"@type\":\"ReadAction\",\"target\":[\"https:\/\/welovecinema.be\/fr\/vu-du-fiff-putain-zaccai\/\"]}]},{\"@type\":\"BreadcrumbList\",\"@id\":\"https:\/\/welovecinema.be\/fr\/vu-du-fiff-putain-zaccai\/#breadcrumb\",\"itemListElement\":[{\"@type\":\"ListItem\",\"position\":1,\"name\":\"Accueil\",\"item\":\"https:\/\/welovecinema.be\/fr\/\"},{\"@type\":\"ListItem\",\"position\":2,\"name\":\"Vu du FIFF : JC comme J\u00e9sus Christ Putain, Zacca\u00ef !\"}]},{\"@type\":\"WebSite\",\"@id\":\"https:\/\/welovecinema.be\/nl\/#website\",\"url\":\"https:\/\/welovecinema.be\/nl\/\",\"name\":\"We Love Cinema\",\"description\":\"Toute l\u2019information du cin\u00e9ma en Belgique\",\"publisher\":{\"@id\":\"https:\/\/welovecinema.be\/nl\/#organization\"},\"potentialAction\":[{\"@type\":\"SearchAction\",\"target\":{\"@type\":\"EntryPoint\",\"urlTemplate\":\"https:\/\/welovecinema.be\/nl\/?s={search_term_string}\"},\"query-input\":\"required name=search_term_string\"}],\"inLanguage\":\"fr-FR\"},{\"@type\":\"Organization\",\"@id\":\"https:\/\/welovecinema.be\/nl\/#organization\",\"name\":\"We Love Cinema\",\"url\":\"https:\/\/welovecinema.be\/nl\/\",\"logo\":{\"@type\":\"ImageObject\",\"inLanguage\":\"fr-FR\",\"@id\":\"https:\/\/welovecinema.be\/nl\/#\/schema\/logo\/image\/\",\"url\":\"https:\/\/welovecinema.be\/wp-content\/uploads\/sites\/2\/2023\/03\/Logo-We-Love-Cinema305x128.jpg\",\"contentUrl\":\"https:\/\/welovecinema.be\/wp-content\/uploads\/sites\/2\/2023\/03\/Logo-We-Love-Cinema305x128.jpg\",\"width\":305,\"height\":128,\"caption\":\"We Love Cinema\"},\"image\":{\"@id\":\"https:\/\/welovecinema.be\/nl\/#\/schema\/logo\/image\/\"},\"sameAs\":[\"https:\/\/www.facebook.com\/welovecinema.be\",\"https:\/\/www.youtube.com\/channel\/UCX5LYGVhnKvYauW4Nta4HJA\",\"https:\/\/www.instagram.com\/welovecinema.be\/\"]},{\"@type\":\"Person\",\"@id\":\"https:\/\/welovecinema.be\/nl\/#\/schema\/person\/4b9b1d857f0943453a38a7c2859ef756\",\"name\":\"Philippe.Pierquin\",\"url\":\"https:\/\/welovecinema.be\/fr\/author\/philippe-pierquin\/\"}]}<\/script>\n<!-- \/ Yoast SEO plugin. -->","yoast_head_json":{"title":"Vu du FIFF : JC comme J\u00e9sus Christ  Putain, Zacca\u00ef ! - We Love Cinema","robots":{"index":"index","follow":"follow","max-snippet":"max-snippet:-1","max-image-preview":"max-image-preview:large","max-video-preview":"max-video-preview:-1"},"canonical":"https:\/\/welovecinema.be\/fr\/vu-du-fiff-putain-zaccai\/","og_locale":"fr_FR","og_type":"article","og_title":"Vu du FIFF : JC comme J\u00e9sus Christ  Putain, Zacca\u00ef ! - We Love Cinema","og_description":"Non, rassurez-vous, Namur ne vit pas sous un microclimat. C&rsquo;est juste que nous avons d\u00e9couvert ce week-end JC comme J\u00e9sus-Christ, premier long m\u00e9trage comme r\u00e9alisateur de Jonathan Zacca\u00ef et que nous sommes encore sous le choc de l&rsquo;audace ! Car Jonathan ne l\u00e9sine pas sur la largeur de la marge qu&rsquo;il impose \u00e0 son cin\u00e9ma. &hellip;","og_url":"https:\/\/welovecinema.be\/fr\/vu-du-fiff-putain-zaccai\/","og_site_name":"We Love Cinema","article_publisher":"https:\/\/www.facebook.com\/welovecinema.be","article_published_time":"2011-10-03T06:23:55+00:00","article_modified_time":"2011-10-06T09:43:41+00:00","og_image":[{"width":"1024","height":"576","url":"https:\/\/welovecinema.be\/wp-content\/uploads\/sites\/2\/2011\/10\/Image000431.jpg","type":"image\/jpeg"}],"author":"Philippe.Pierquin","twitter_card":"summary_large_image","twitter_misc":{"\u00c9crit par":"Philippe.Pierquin","Dur\u00e9e de lecture estim\u00e9e":"5 minutes"},"schema":{"@context":"https:\/\/schema.org","@graph":[{"@type":"Article","@id":"https:\/\/welovecinema.be\/fr\/vu-du-fiff-putain-zaccai\/#article","isPartOf":{"@id":"https:\/\/welovecinema.be\/fr\/vu-du-fiff-putain-zaccai\/"},"author":{"name":"Philippe.Pierquin","@id":"https:\/\/welovecinema.be\/nl\/#\/schema\/person\/4b9b1d857f0943453a38a7c2859ef756"},"headline":"Vu du FIFF : JC comme J\u00e9sus Christ Putain, Zacca\u00ef !","datePublished":"2011-10-03T06:23:55+00:00","dateModified":"2011-10-06T09:43:41+00:00","mainEntityOfPage":{"@id":"https:\/\/welovecinema.be\/fr\/vu-du-fiff-putain-zaccai\/"},"wordCount":1149,"publisher":{"@id":"https:\/\/welovecinema.be\/nl\/#organization"},"articleSection":["Coming soon","News"],"inLanguage":"fr-FR"},{"@type":"WebPage","@id":"https:\/\/welovecinema.be\/fr\/vu-du-fiff-putain-zaccai\/","url":"https:\/\/welovecinema.be\/fr\/vu-du-fiff-putain-zaccai\/","name":"Vu du FIFF : JC comme J\u00e9sus Christ Putain, Zacca\u00ef ! - We Love Cinema","isPartOf":{"@id":"https:\/\/welovecinema.be\/nl\/#website"},"datePublished":"2011-10-03T06:23:55+00:00","dateModified":"2011-10-06T09:43:41+00:00","breadcrumb":{"@id":"https:\/\/welovecinema.be\/fr\/vu-du-fiff-putain-zaccai\/#breadcrumb"},"inLanguage":"fr-FR","potentialAction":[{"@type":"ReadAction","target":["https:\/\/welovecinema.be\/fr\/vu-du-fiff-putain-zaccai\/"]}]},{"@type":"BreadcrumbList","@id":"https:\/\/welovecinema.be\/fr\/vu-du-fiff-putain-zaccai\/#breadcrumb","itemListElement":[{"@type":"ListItem","position":1,"name":"Accueil","item":"https:\/\/welovecinema.be\/fr\/"},{"@type":"ListItem","position":2,"name":"Vu du FIFF : JC comme J\u00e9sus Christ Putain, Zacca\u00ef !"}]},{"@type":"WebSite","@id":"https:\/\/welovecinema.be\/nl\/#website","url":"https:\/\/welovecinema.be\/nl\/","name":"We Love Cinema","description":"Toute l\u2019information du cin\u00e9ma en Belgique","publisher":{"@id":"https:\/\/welovecinema.be\/nl\/#organization"},"potentialAction":[{"@type":"SearchAction","target":{"@type":"EntryPoint","urlTemplate":"https:\/\/welovecinema.be\/nl\/?s={search_term_string}"},"query-input":"required name=search_term_string"}],"inLanguage":"fr-FR"},{"@type":"Organization","@id":"https:\/\/welovecinema.be\/nl\/#organization","name":"We Love Cinema","url":"https:\/\/welovecinema.be\/nl\/","logo":{"@type":"ImageObject","inLanguage":"fr-FR","@id":"https:\/\/welovecinema.be\/nl\/#\/schema\/logo\/image\/","url":"https:\/\/welovecinema.be\/wp-content\/uploads\/sites\/2\/2023\/03\/Logo-We-Love-Cinema305x128.jpg","contentUrl":"https:\/\/welovecinema.be\/wp-content\/uploads\/sites\/2\/2023\/03\/Logo-We-Love-Cinema305x128.jpg","width":305,"height":128,"caption":"We Love Cinema"},"image":{"@id":"https:\/\/welovecinema.be\/nl\/#\/schema\/logo\/image\/"},"sameAs":["https:\/\/www.facebook.com\/welovecinema.be","https:\/\/www.youtube.com\/channel\/UCX5LYGVhnKvYauW4Nta4HJA","https:\/\/www.instagram.com\/welovecinema.be\/"]},{"@type":"Person","@id":"https:\/\/welovecinema.be\/nl\/#\/schema\/person\/4b9b1d857f0943453a38a7c2859ef756","name":"Philippe.Pierquin","url":"https:\/\/welovecinema.be\/fr\/author\/philippe-pierquin\/"}]}},"_links":{"self":[{"href":"https:\/\/welovecinema.be\/fr\/wp-json\/wp\/v2\/posts\/9058","targetHints":{"allow":["GET"]}}],"collection":[{"href":"https:\/\/welovecinema.be\/fr\/wp-json\/wp\/v2\/posts"}],"about":[{"href":"https:\/\/welovecinema.be\/fr\/wp-json\/wp\/v2\/types\/post"}],"author":[{"embeddable":true,"href":"https:\/\/welovecinema.be\/fr\/wp-json\/wp\/v2\/users\/7"}],"replies":[{"embeddable":true,"href":"https:\/\/welovecinema.be\/fr\/wp-json\/wp\/v2\/comments?post=9058"}],"version-history":[{"count":0,"href":"https:\/\/welovecinema.be\/fr\/wp-json\/wp\/v2\/posts\/9058\/revisions"}],"wp:featuredmedia":[{"embeddable":true,"href":"https:\/\/welovecinema.be\/fr\/wp-json\/wp\/v2\/media\/9066"}],"wp:attachment":[{"href":"https:\/\/welovecinema.be\/fr\/wp-json\/wp\/v2\/media?parent=9058"}],"wp:term":[{"taxonomy":"category","embeddable":true,"href":"https:\/\/welovecinema.be\/fr\/wp-json\/wp\/v2\/categories?post=9058"},{"taxonomy":"post_tag","embeddable":true,"href":"https:\/\/welovecinema.be\/fr\/wp-json\/wp\/v2\/tags?post=9058"}],"curies":[{"name":"wp","href":"https:\/\/api.w.org\/{rel}","templated":true}]}}