{"id":90509,"date":"2016-09-06T10:36:53","date_gmt":"2016-09-06T08:36:53","guid":{"rendered":"http:\/\/www.cinevox.be\/?p=90509"},"modified":"2022-02-24T16:27:50","modified_gmt":"2022-02-24T15:27:50","slug":"deborah-francois-famille-tadore-deja","status":"publish","type":"post","link":"https:\/\/welovecinema.be\/fr\/deborah-francois-famille-tadore-deja\/","title":{"rendered":"D\u00e9borah Fran\u00e7ois dans Ma famille t&rsquo;adore d\u00e9j\u00e0"},"content":{"rendered":"<h2><\/h2>\n<p>Julien, trentenaire bonne p\u00e2te et modeste, cr\u00e9ateur d\u2019applications pour smartphone, est fou d\u2019amour pour Eva, journaliste dans la presse professionnelle. Apr\u00e8s avoir accept\u00e9 la demande en mariage de Julien, Eva est oblig\u00e9e de le pr\u00e9senter \u00e0 ses parents qui r\u00e9sident sur l\u2019\u00eele de R\u00e9&#8230;<!--more--><\/p>\n<p>&nbsp;<\/p>\n<p>Un film de\u00a0J\u00e9r\u00f4me Commandeur<\/p>\n<p>Avec Arthur Dupont, <strong>D\u00e9borah Fran\u00e7ois,<\/strong> Thierry Lhermitte<\/p>\n<p>Date de sortie : 9 Novembre 2016<\/p>\n<p>&nbsp;<\/p>\n<p><a href=\"http:\/\/www.cinevox.be\/wp-content\/uploads\/sites\/2\/2016\/09\/ma-famille-tadore-d\u00e9j\u00e01.jpg\"><img loading=\"lazy\" decoding=\"async\" class=\"aligncenter wp-image-90511\" src=\"http:\/\/www.cinevox.be\/wp-content\/uploads\/sites\/2\/2016\/09\/ma-famille-tadore-d\u00e9j\u00e01.jpg\" alt=\"\" width=\"446\" height=\"608\" srcset=\"https:\/\/welovecinema.be\/wp-content\/uploads\/sites\/2\/2016\/09\/ma-famille-tadore-d\u00e9j\u00e01.jpg 793w, https:\/\/welovecinema.be\/wp-content\/uploads\/sites\/2\/2016\/09\/ma-famille-tadore-d\u00e9j\u00e01-198x270.jpg 198w, https:\/\/welovecinema.be\/wp-content\/uploads\/sites\/2\/2016\/09\/ma-famille-tadore-d\u00e9j\u00e01-440x600.jpg 440w\" sizes=\"auto, (max-width: 446px) 100vw, 446px\" \/><\/a><\/p>\n<p>&nbsp;<\/p>\n<p>&nbsp;<\/p>\n","protected":false},"excerpt":{"rendered":"<p>Julien, trentenaire bonne p\u00e2te et modeste, cr\u00e9ateur d\u2019applications pour smartphone, est fou d\u2019amour pour Eva, journaliste dans la presse professionnelle. Apr\u00e8s avoir accept\u00e9 la demande en mariage de Julien, Eva est oblig\u00e9e de le pr\u00e9senter \u00e0 ses parents qui r\u00e9sident sur l\u2019\u00eele de R\u00e9&#8230;<\/p>\n","protected":false},"author":7,"featured_media":90560,"comment_status":"closed","ping_status":"closed","sticky":false,"template":"","format":"standard","meta":{"ngg_post_thumbnail":0,"footnotes":""},"categories":[53],"tags":[],"class_list":["post-90509","post","type-post","status-publish","format-standard","has-post-thumbnail","","category-coming-soon"],"yoast_head":"<!-- This site is optimized with the Yoast SEO plugin v20.4 - https:\/\/yoast.com\/wordpress\/plugins\/seo\/ -->\n<title>D\u00e9borah Fran\u00e7ois dans Ma famille t&#039;adore d\u00e9j\u00e0 - We Love Cinema<\/title>\n<meta name=\"robots\" content=\"index, follow, max-snippet:-1, max-image-preview:large, max-video-preview:-1\" \/>\n<link rel=\"canonical\" href=\"https:\/\/welovecinema.be\/fr\/deborah-francois-famille-tadore-deja\/\" \/>\n<meta property=\"og:locale\" content=\"fr_FR\" \/>\n<meta property=\"og:type\" content=\"article\" \/>\n<meta property=\"og:title\" content=\"D\u00e9borah Fran\u00e7ois dans Ma famille t&#039;adore d\u00e9j\u00e0 - We Love Cinema\" \/>\n<meta property=\"og:description\" content=\"Julien, trentenaire bonne p\u00e2te et modeste, cr\u00e9ateur d\u2019applications pour smartphone, est fou d\u2019amour pour Eva, journaliste dans la presse professionnelle. Apr\u00e8s avoir accept\u00e9 la demande en mariage de Julien, Eva est oblig\u00e9e de le pr\u00e9senter \u00e0 ses parents qui r\u00e9sident sur l\u2019\u00eele de R\u00e9&#8230;\" \/>\n<meta property=\"og:url\" content=\"https:\/\/welovecinema.be\/fr\/deborah-francois-famille-tadore-deja\/\" \/>\n<meta property=\"og:site_name\" content=\"We Love Cinema\" \/>\n<meta property=\"article:publisher\" content=\"https:\/\/www.facebook.com\/welovecinema.be\" \/>\n<meta property=\"article:published_time\" content=\"2016-09-06T08:36:53+00:00\" \/>\n<meta property=\"article:modified_time\" content=\"2022-02-24T15:27:50+00:00\" \/>\n<meta property=\"og:image\" content=\"https:\/\/welovecinema.be\/wp-content\/uploads\/sites\/2\/2016\/09\/ma-famille-t-adore-deja.jpg\" \/>\n\t<meta property=\"og:image:width\" content=\"1023\" \/>\n\t<meta property=\"og:image:height\" content=\"682\" \/>\n\t<meta property=\"og:image:type\" content=\"image\/jpeg\" \/>\n<meta name=\"author\" content=\"Philippe.Pierquin\" \/>\n<meta name=\"twitter:card\" content=\"summary_large_image\" \/>\n<meta name=\"twitter:label1\" content=\"\u00c9crit par\" \/>\n\t<meta name=\"twitter:data1\" content=\"Philippe.Pierquin\" \/>\n<script type=\"application\/ld+json\" class=\"yoast-schema-graph\">{\"@context\":\"https:\/\/schema.org\",\"@graph\":[{\"@type\":\"Article\",\"@id\":\"https:\/\/welovecinema.be\/fr\/deborah-francois-famille-tadore-deja\/#article\",\"isPartOf\":{\"@id\":\"https:\/\/welovecinema.be\/fr\/deborah-francois-famille-tadore-deja\/\"},\"author\":{\"name\":\"Philippe.Pierquin\",\"@id\":\"https:\/\/welovecinema.be\/nl\/#\/schema\/person\/4b9b1d857f0943453a38a7c2859ef756\"},\"headline\":\"D\u00e9borah Fran\u00e7ois dans Ma famille t&rsquo;adore d\u00e9j\u00e0\",\"datePublished\":\"2016-09-06T08:36:53+00:00\",\"dateModified\":\"2022-02-24T15:27:50+00:00\",\"mainEntityOfPage\":{\"@id\":\"https:\/\/welovecinema.be\/fr\/deborah-francois-famille-tadore-deja\/\"},\"wordCount\":87,\"publisher\":{\"@id\":\"https:\/\/welovecinema.be\/nl\/#organization\"},\"articleSection\":[\"Coming soon\"],\"inLanguage\":\"fr-FR\"},{\"@type\":\"WebPage\",\"@id\":\"https:\/\/welovecinema.be\/fr\/deborah-francois-famille-tadore-deja\/\",\"url\":\"https:\/\/welovecinema.be\/fr\/deborah-francois-famille-tadore-deja\/\",\"name\":\"D\u00e9borah Fran\u00e7ois dans Ma famille t'adore d\u00e9j\u00e0 - We Love Cinema\",\"isPartOf\":{\"@id\":\"https:\/\/welovecinema.be\/nl\/#website\"},\"datePublished\":\"2016-09-06T08:36:53+00:00\",\"dateModified\":\"2022-02-24T15:27:50+00:00\",\"breadcrumb\":{\"@id\":\"https:\/\/welovecinema.be\/fr\/deborah-francois-famille-tadore-deja\/#breadcrumb\"},\"inLanguage\":\"fr-FR\",\"potentialAction\":[{\"@type\":\"ReadAction\",\"target\":[\"https:\/\/welovecinema.be\/fr\/deborah-francois-famille-tadore-deja\/\"]}]},{\"@type\":\"BreadcrumbList\",\"@id\":\"https:\/\/welovecinema.be\/fr\/deborah-francois-famille-tadore-deja\/#breadcrumb\",\"itemListElement\":[{\"@type\":\"ListItem\",\"position\":1,\"name\":\"Accueil\",\"item\":\"https:\/\/welovecinema.be\/fr\/\"},{\"@type\":\"ListItem\",\"position\":2,\"name\":\"D\u00e9borah Fran\u00e7ois dans Ma famille t&rsquo;adore d\u00e9j\u00e0\"}]},{\"@type\":\"WebSite\",\"@id\":\"https:\/\/welovecinema.be\/nl\/#website\",\"url\":\"https:\/\/welovecinema.be\/nl\/\",\"name\":\"We Love Cinema\",\"description\":\"Toute l\u2019information du cin\u00e9ma en Belgique\",\"publisher\":{\"@id\":\"https:\/\/welovecinema.be\/nl\/#organization\"},\"potentialAction\":[{\"@type\":\"SearchAction\",\"target\":{\"@type\":\"EntryPoint\",\"urlTemplate\":\"https:\/\/welovecinema.be\/nl\/?s={search_term_string}\"},\"query-input\":\"required name=search_term_string\"}],\"inLanguage\":\"fr-FR\"},{\"@type\":\"Organization\",\"@id\":\"https:\/\/welovecinema.be\/nl\/#organization\",\"name\":\"We Love Cinema\",\"url\":\"https:\/\/welovecinema.be\/nl\/\",\"logo\":{\"@type\":\"ImageObject\",\"inLanguage\":\"fr-FR\",\"@id\":\"https:\/\/welovecinema.be\/nl\/#\/schema\/logo\/image\/\",\"url\":\"https:\/\/welovecinema.be\/wp-content\/uploads\/sites\/2\/2023\/03\/Logo-We-Love-Cinema305x128.jpg\",\"contentUrl\":\"https:\/\/welovecinema.be\/wp-content\/uploads\/sites\/2\/2023\/03\/Logo-We-Love-Cinema305x128.jpg\",\"width\":305,\"height\":128,\"caption\":\"We Love Cinema\"},\"image\":{\"@id\":\"https:\/\/welovecinema.be\/nl\/#\/schema\/logo\/image\/\"},\"sameAs\":[\"https:\/\/www.facebook.com\/welovecinema.be\",\"https:\/\/www.youtube.com\/channel\/UCX5LYGVhnKvYauW4Nta4HJA\",\"https:\/\/www.instagram.com\/welovecinema.be\/\"]},{\"@type\":\"Person\",\"@id\":\"https:\/\/welovecinema.be\/nl\/#\/schema\/person\/4b9b1d857f0943453a38a7c2859ef756\",\"name\":\"Philippe.Pierquin\",\"url\":\"https:\/\/welovecinema.be\/fr\/author\/philippe-pierquin\/\"}]}<\/script>\n<!-- \/ Yoast SEO plugin. -->","yoast_head_json":{"title":"D\u00e9borah Fran\u00e7ois dans Ma famille t'adore d\u00e9j\u00e0 - We Love Cinema","robots":{"index":"index","follow":"follow","max-snippet":"max-snippet:-1","max-image-preview":"max-image-preview:large","max-video-preview":"max-video-preview:-1"},"canonical":"https:\/\/welovecinema.be\/fr\/deborah-francois-famille-tadore-deja\/","og_locale":"fr_FR","og_type":"article","og_title":"D\u00e9borah Fran\u00e7ois dans Ma famille t'adore d\u00e9j\u00e0 - We Love Cinema","og_description":"Julien, trentenaire bonne p\u00e2te et modeste, cr\u00e9ateur d\u2019applications pour smartphone, est fou d\u2019amour pour Eva, journaliste dans la presse professionnelle. Apr\u00e8s avoir accept\u00e9 la demande en mariage de Julien, Eva est oblig\u00e9e de le pr\u00e9senter \u00e0 ses parents qui r\u00e9sident sur l\u2019\u00eele de R\u00e9&#8230;","og_url":"https:\/\/welovecinema.be\/fr\/deborah-francois-famille-tadore-deja\/","og_site_name":"We Love Cinema","article_publisher":"https:\/\/www.facebook.com\/welovecinema.be","article_published_time":"2016-09-06T08:36:53+00:00","article_modified_time":"2022-02-24T15:27:50+00:00","og_image":[{"width":1023,"height":682,"url":"https:\/\/welovecinema.be\/wp-content\/uploads\/sites\/2\/2016\/09\/ma-famille-t-adore-deja.jpg","type":"image\/jpeg"}],"author":"Philippe.Pierquin","twitter_card":"summary_large_image","twitter_misc":{"\u00c9crit par":"Philippe.Pierquin"},"schema":{"@context":"https:\/\/schema.org","@graph":[{"@type":"Article","@id":"https:\/\/welovecinema.be\/fr\/deborah-francois-famille-tadore-deja\/#article","isPartOf":{"@id":"https:\/\/welovecinema.be\/fr\/deborah-francois-famille-tadore-deja\/"},"author":{"name":"Philippe.Pierquin","@id":"https:\/\/welovecinema.be\/nl\/#\/schema\/person\/4b9b1d857f0943453a38a7c2859ef756"},"headline":"D\u00e9borah Fran\u00e7ois dans Ma famille t&rsquo;adore d\u00e9j\u00e0","datePublished":"2016-09-06T08:36:53+00:00","dateModified":"2022-02-24T15:27:50+00:00","mainEntityOfPage":{"@id":"https:\/\/welovecinema.be\/fr\/deborah-francois-famille-tadore-deja\/"},"wordCount":87,"publisher":{"@id":"https:\/\/welovecinema.be\/nl\/#organization"},"articleSection":["Coming soon"],"inLanguage":"fr-FR"},{"@type":"WebPage","@id":"https:\/\/welovecinema.be\/fr\/deborah-francois-famille-tadore-deja\/","url":"https:\/\/welovecinema.be\/fr\/deborah-francois-famille-tadore-deja\/","name":"D\u00e9borah Fran\u00e7ois dans Ma famille t'adore d\u00e9j\u00e0 - We Love Cinema","isPartOf":{"@id":"https:\/\/welovecinema.be\/nl\/#website"},"datePublished":"2016-09-06T08:36:53+00:00","dateModified":"2022-02-24T15:27:50+00:00","breadcrumb":{"@id":"https:\/\/welovecinema.be\/fr\/deborah-francois-famille-tadore-deja\/#breadcrumb"},"inLanguage":"fr-FR","potentialAction":[{"@type":"ReadAction","target":["https:\/\/welovecinema.be\/fr\/deborah-francois-famille-tadore-deja\/"]}]},{"@type":"BreadcrumbList","@id":"https:\/\/welovecinema.be\/fr\/deborah-francois-famille-tadore-deja\/#breadcrumb","itemListElement":[{"@type":"ListItem","position":1,"name":"Accueil","item":"https:\/\/welovecinema.be\/fr\/"},{"@type":"ListItem","position":2,"name":"D\u00e9borah Fran\u00e7ois dans Ma famille t&rsquo;adore d\u00e9j\u00e0"}]},{"@type":"WebSite","@id":"https:\/\/welovecinema.be\/nl\/#website","url":"https:\/\/welovecinema.be\/nl\/","name":"We Love Cinema","description":"Toute l\u2019information du cin\u00e9ma en Belgique","publisher":{"@id":"https:\/\/welovecinema.be\/nl\/#organization"},"potentialAction":[{"@type":"SearchAction","target":{"@type":"EntryPoint","urlTemplate":"https:\/\/welovecinema.be\/nl\/?s={search_term_string}"},"query-input":"required name=search_term_string"}],"inLanguage":"fr-FR"},{"@type":"Organization","@id":"https:\/\/welovecinema.be\/nl\/#organization","name":"We Love Cinema","url":"https:\/\/welovecinema.be\/nl\/","logo":{"@type":"ImageObject","inLanguage":"fr-FR","@id":"https:\/\/welovecinema.be\/nl\/#\/schema\/logo\/image\/","url":"https:\/\/welovecinema.be\/wp-content\/uploads\/sites\/2\/2023\/03\/Logo-We-Love-Cinema305x128.jpg","contentUrl":"https:\/\/welovecinema.be\/wp-content\/uploads\/sites\/2\/2023\/03\/Logo-We-Love-Cinema305x128.jpg","width":305,"height":128,"caption":"We Love Cinema"},"image":{"@id":"https:\/\/welovecinema.be\/nl\/#\/schema\/logo\/image\/"},"sameAs":["https:\/\/www.facebook.com\/welovecinema.be","https:\/\/www.youtube.com\/channel\/UCX5LYGVhnKvYauW4Nta4HJA","https:\/\/www.instagram.com\/welovecinema.be\/"]},{"@type":"Person","@id":"https:\/\/welovecinema.be\/nl\/#\/schema\/person\/4b9b1d857f0943453a38a7c2859ef756","name":"Philippe.Pierquin","url":"https:\/\/welovecinema.be\/fr\/author\/philippe-pierquin\/"}]}},"_links":{"self":[{"href":"https:\/\/welovecinema.be\/fr\/wp-json\/wp\/v2\/posts\/90509","targetHints":{"allow":["GET"]}}],"collection":[{"href":"https:\/\/welovecinema.be\/fr\/wp-json\/wp\/v2\/posts"}],"about":[{"href":"https:\/\/welovecinema.be\/fr\/wp-json\/wp\/v2\/types\/post"}],"author":[{"embeddable":true,"href":"https:\/\/welovecinema.be\/fr\/wp-json\/wp\/v2\/users\/7"}],"replies":[{"embeddable":true,"href":"https:\/\/welovecinema.be\/fr\/wp-json\/wp\/v2\/comments?post=90509"}],"version-history":[{"count":0,"href":"https:\/\/welovecinema.be\/fr\/wp-json\/wp\/v2\/posts\/90509\/revisions"}],"wp:featuredmedia":[{"embeddable":true,"href":"https:\/\/welovecinema.be\/fr\/wp-json\/wp\/v2\/media\/90560"}],"wp:attachment":[{"href":"https:\/\/welovecinema.be\/fr\/wp-json\/wp\/v2\/media?parent=90509"}],"wp:term":[{"taxonomy":"category","embeddable":true,"href":"https:\/\/welovecinema.be\/fr\/wp-json\/wp\/v2\/categories?post=90509"},{"taxonomy":"post_tag","embeddable":true,"href":"https:\/\/welovecinema.be\/fr\/wp-json\/wp\/v2\/tags?post=90509"}],"curies":[{"name":"wp","href":"https:\/\/api.w.org\/{rel}","templated":true}]}}