{"id":90162,"date":"2016-09-09T08:48:38","date_gmt":"2016-09-09T06:48:38","guid":{"rendered":"http:\/\/www.cinevox.be\/?p=90162"},"modified":"2017-05-16T19:48:39","modified_gmt":"2017-05-16T17:48:39","slug":"le-cinema-belge-omnipresent-a-toronto","status":"publish","type":"post","link":"https:\/\/welovecinema.be\/fr\/le-cinema-belge-omnipresent-a-toronto\/","title":{"rendered":"Le cin\u00e9ma belge omnipr\u00e9sent \u00e0 Toronto"},"content":{"rendered":"<p>Il y a dix ans \u00e0 peine, n\u2019importe quel cin\u00e9phile vous aurait dit que les trois plus grands festivals du monde \u00e9taient Cannes, Berlin et Venise. Point barre. Si les trois manifestations europ\u00e9ennes n\u2019ont rien perdu de leur lustre, elles doivent aujourd\u2019hui composer avec l\u2019irr\u00e9sistible ascension d\u2019un \u00e9v\u00e9nement canadien qui, s\u2019appuyant sur un march\u00e9 du film ultra fr\u00e9quent\u00e9, est rapidement devenu <em>the place to be,<\/em> chaque ann\u00e9e en septembre.<\/p>\n<p>Le Festival International du Film de Toronto se d\u00e9roule cette ann\u00e9e du 8 au 18 septembre et, c\u2019est presque une tradition, il accueillera un grand nombre de films belges dans ses diff\u00e9rentes cat\u00e9gories. Plusieurs productions majoritaires, mais aussi quelques coproductions.<\/p>\n<p>Pour rappel, l\u2019an dernier, c\u2019est le film <em>Black <\/em>qui avait emport\u00e9 le prestigieux prix Discovery mettant sur orbite la carri\u00e8re am\u00e9ricaine de ses deux r\u00e9alisateurs, Adil El Arbi et Bilall Fallah.<!--more--><\/p>\n<p><strong><em>\u00a0<\/em><\/strong><\/p>\n<p><a href=\"http:\/\/www.cinevox.be\/wp-content\/uploads\/sites\/2\/2016\/08\/unnamed1.jpg\"><img loading=\"lazy\" decoding=\"async\" class=\"aligncenter size-full wp-image-90163\" src=\"http:\/\/www.cinevox.be\/wp-content\/uploads\/sites\/2\/2016\/08\/unnamed1.jpg\" alt=\"\" width=\"1920\" height=\"804\" srcset=\"https:\/\/welovecinema.be\/wp-content\/uploads\/sites\/2\/2016\/08\/unnamed1.jpg 1920w, https:\/\/welovecinema.be\/wp-content\/uploads\/sites\/2\/2016\/08\/unnamed1-480x201.jpg 480w, https:\/\/welovecinema.be\/wp-content\/uploads\/sites\/2\/2016\/08\/unnamed1-800x335.jpg 800w\" sizes=\"auto, (max-width: 1920px) 100vw, 1920px\" \/><\/a><\/p>\n<p><strong><em>\u00a0<\/em><\/strong><\/p>\n<p><em>Apr\u00e8s avoir \u00e9t\u00e9 pr\u00e9sent\u00e9 au Festival du film francophone d\u2019Angoul\u00eame ce 25 ao\u00fbt, Noces<\/em>, le nouveau film de Stephan Streker fera \u00e0 Toronto sa toute premi\u00e8re sortie am\u00e9ricaine. Le troisi\u00e8me long m\u00e9trage du r\u00e9alisateur belge y sera pr\u00e9sent\u00e9 dans la section \u00ab\u00a0Discovery\u00a0\u00bb dont la programmation vient d\u2019\u00eatre d\u00e9voil\u00e9e.<\/p>\n<p><em>Noces<\/em>\u00a0raconte l\u2019histoire de Zahira, jeune fille belgo-pakistanaise, qui souhaite garder le b\u00e9b\u00e9 qu\u2019elle a dans son ventre. Amir, son fr\u00e8re, son confident, lui promet de\u00a0l\u2019aider. Mais leurs parents ont d\u2019autres projets pour la jeune fille.<\/p>\n<p>Avant d\u2019\u00eatre distribu\u00e9 au d\u00e9but de l\u2019ann\u00e9e 2017 en Belgique par Bardafeu Distribution, <em>Noces<\/em> devrait encore \u00eatre pr\u00e9sent\u00e9 dans d\u2019autres festivals \u00e0 travers le monde.<\/p>\n<p>&nbsp;<\/p>\n<p><a href=\"http:\/\/www.cinevox.be\/wp-content\/uploads\/sites\/2\/2016\/08\/13131613_1193674967318346_3528302344775266883_o.jpg\"><img loading=\"lazy\" decoding=\"async\" class=\"aligncenter size-full wp-image-90164\" src=\"http:\/\/www.cinevox.be\/wp-content\/uploads\/sites\/2\/2016\/08\/13131613_1193674967318346_3528302344775266883_o.jpg\" alt=\"\" width=\"1559\" height=\"874\" srcset=\"https:\/\/welovecinema.be\/wp-content\/uploads\/sites\/2\/2016\/08\/13131613_1193674967318346_3528302344775266883_o.jpg 1559w, https:\/\/welovecinema.be\/wp-content\/uploads\/sites\/2\/2016\/08\/13131613_1193674967318346_3528302344775266883_o-200x113.jpg 200w, https:\/\/welovecinema.be\/wp-content\/uploads\/sites\/2\/2016\/08\/13131613_1193674967318346_3528302344775266883_o-480x270.jpg 480w, https:\/\/welovecinema.be\/wp-content\/uploads\/sites\/2\/2016\/08\/13131613_1193674967318346_3528302344775266883_o-800x448.jpg 800w, https:\/\/welovecinema.be\/wp-content\/uploads\/sites\/2\/2016\/08\/13131613_1193674967318346_3528302344775266883_o-300x169.jpg 300w\" sizes=\"auto, (max-width: 1559px) 100vw, 1559px\" \/><\/a><\/p>\n<p>&nbsp;<\/p>\n<p>Apr\u00e8s\u00a0<em>Les Chevaliers blancs<\/em>\u00a0en 2015, le festival accueillera cette ann\u00e9e le nouveau film de Joachim Lafosse,\u00a0<em>L\u2019\u00e9conomie du couple<\/em>, dans sa section \u00ab\u00a0World Contemporary Cinema \u00bb. Pr\u00e9sent\u00e9 en premi\u00e8re mondiale \u00e0 la Quinzaine des R\u00e9alisateurs de Cannes en mai, le septi\u00e8me long-m\u00e9trage de Joachim Lafosse poursuivra ensuite sa route dans plusieurs festivals importants.<\/p>\n<p>D\u00e9j\u00e0 projet\u00e9 en Belgique et en France, il sortira bient\u00f4t en salles dans d\u2019autres pays.<\/p>\n<p>Ce drame, que nous attendons impatiemment, conte l\u2019histoire de Marie et Boris qui se s\u00e9parent apr\u00e8s 15 ans de vie commune. Or, c\u2019est elle qui a achet\u00e9 la maison dans laquelle ils vivent avec leurs deux enfants, mais c\u2019est lui qui l\u2019a enti\u00e8rement r\u00e9nov\u00e9e. \u00c0 pr\u00e9sent, ils sont oblig\u00e9s d\u2019y cohabiter, Boris n\u2019ayant pas les moyens de se reloger. \u00c0 l\u2019heure des comptes, aucun des deux ne veut l\u00e2cher sur ce qu\u2019il juge avoir apport\u00e9.<\/p>\n<p>Il s\u2019agit du troisi\u00e8me long m\u00e9trage de Stephan Streker revenu depuis deux ans \u00e0 ses amours journalistiques au point d\u2019\u00eatre aujourd\u2019hui un des consultants belges les plus pris\u00e9s en mati\u00e8re de football. Un homme qui \u00e9l\u00e8ve le d\u00e9bat et varie les points de vue. Sa soudaine notori\u00e9t\u00e9 permettra-t-elle \u00e0 son film de susciter beaucoup de curiosit\u00e9\u00a0? On l\u2019esp\u00e8re vraiment.<br \/>\n<a href=\"http:\/\/www.cinevox.be\/wp-content\/uploads\/sites\/2\/2016\/08\/unknown-girl.jpg\"><img loading=\"lazy\" decoding=\"async\" class=\"aligncenter size-full wp-image-90165\" src=\"http:\/\/www.cinevox.be\/wp-content\/uploads\/sites\/2\/2016\/08\/unknown-girl.jpg\" alt=\"\" width=\"1043\" height=\"706\" srcset=\"https:\/\/welovecinema.be\/wp-content\/uploads\/sites\/2\/2016\/08\/unknown-girl.jpg 1043w, https:\/\/welovecinema.be\/wp-content\/uploads\/sites\/2\/2016\/08\/unknown-girl-398x270.jpg 398w, https:\/\/welovecinema.be\/wp-content\/uploads\/sites\/2\/2016\/08\/unknown-girl-800x541.jpg 800w\" sizes=\"auto, (max-width: 1043px) 100vw, 1043px\" \/><\/a><\/p>\n<p>&nbsp;<\/p>\n<p>&nbsp;<\/p>\n<p>H\u00f4tes r\u00e9guliers des plus grands festivals du monde, les fr\u00e8res Dardenne pr\u00e9senteront dans la section \u00ab\u00a0Masters\u00a0\u00bb\u00a0<strong><em>La fille inconnue<\/em><\/strong>. D\u00e9voil\u00e9 \u00e0 Cannes \u00e9galement,\u00a0<em>La fille inconnue\u00a0<\/em>raconte l\u2019histoire de Jenny, jeune m\u00e9decin g\u00e9n\u00e9raliste. Un soir, apr\u00e8s l\u2019heure de fermeture de son cabinet, elle entend sonner mais ne va pas ouvrir. Le lendemain, elle apprend par la police qu\u2019on a retrouv\u00e9, non loin de l\u00e0, une jeune fille morte, sans identit\u00e9.<\/p>\n<p>Le film fera aussi l\u2019ouverture du FIFF namurois le 30 septembre et sortira dans la foul\u00e9e le 5 octobre.<\/p>\n<p>&nbsp;<\/p>\n<p><a href=\"http:\/\/www.cinevox.be\/wp-content\/uploads\/sites\/2\/2016\/08\/1.jpg\"><img loading=\"lazy\" decoding=\"async\" class=\"aligncenter size-full wp-image-90166\" src=\"http:\/\/www.cinevox.be\/wp-content\/uploads\/sites\/2\/2016\/08\/1.jpg\" alt=\"\" width=\"720\" height=\"280\" srcset=\"https:\/\/welovecinema.be\/wp-content\/uploads\/sites\/2\/2016\/08\/1.jpg 720w, https:\/\/welovecinema.be\/wp-content\/uploads\/sites\/2\/2016\/08\/1-480x186.jpg 480w\" sizes=\"auto, (max-width: 720px) 100vw, 720px\" \/><\/a><\/p>\n<p>&nbsp;<\/p>\n<p>En 2011, le r\u00e9alisateur flamand Bavo Defurne a \u00e9t\u00e9 remarqu\u00e9 avec <em>Noordzee Texas,<\/em> un premier long m\u00e9trage qui re\u00e7ut deux prix au Festival international du film de Montr\u00e9al avant d&rsquo;\u00eatre s\u00e9lectionn\u00e9 \u00e0 Palm Strings.<\/p>\n<p>Son nouveau projet, coproduit par la Belgique (Frakas pour les francophones) et le Luxembourg, s&rsquo;appelle <em>Souvenir.<\/em> Il conte la rencontre entre une chanteuse oubli\u00e9e, qui a autrefois particip\u00e9 \u00e0 l&rsquo;Eurovision et un jeune boxeur qui va la convaincre de tenter un come-back.<\/p>\n<p>Au-del\u00e0 du sujet de cette com\u00e9die dramatique qui promet d&rsquo;\u00eatre \u00e0 la fois baroque et touchante, c&rsquo;est le casting qui \u00e9tonne. Les deux protagonistes principaux sont incarn\u00e9s par Isabelle Huppert et K\u00e9vin Aza\u00efs tandis que Johan Leysen, Jan Hammenecker et Benjamin Boutboul apportent la touche belge. Le tout sur une B.O. sign\u00e9e par Pink Martini.<\/p>\n<p>&nbsp;<\/p>\n<p><a href=\"http:\/\/www.cinevox.be\/wp-content\/uploads\/sites\/2\/2016\/08\/1_filmgrade_grave-filmgrade-reel04-c005_0013170.jpg\"><img loading=\"lazy\" decoding=\"async\" class=\"aligncenter size-full wp-image-90167\" src=\"http:\/\/www.cinevox.be\/wp-content\/uploads\/sites\/2\/2016\/08\/1_filmgrade_grave-filmgrade-reel04-c005_0013170.jpg\" alt=\"\" width=\"1024\" height=\"429\" srcset=\"https:\/\/welovecinema.be\/wp-content\/uploads\/sites\/2\/2016\/08\/1_filmgrade_grave-filmgrade-reel04-c005_0013170.jpg 1024w, https:\/\/welovecinema.be\/wp-content\/uploads\/sites\/2\/2016\/08\/1_filmgrade_grave-filmgrade-reel04-c005_0013170-480x201.jpg 480w, https:\/\/welovecinema.be\/wp-content\/uploads\/sites\/2\/2016\/08\/1_filmgrade_grave-filmgrade-reel04-c005_0013170-800x335.jpg 800w\" sizes=\"auto, (max-width: 1024px) 100vw, 1024px\" \/><\/a><\/p>\n<p>&nbsp;<\/p>\n<p>Grands gagnants belges de l\u2019ann\u00e9e, les Li\u00e9geois de Frakas seront d\u2019ailleurs quatre fois pr\u00e9sents \u00e0 Toronto.<\/p>\n<p>Avec <em>Souvenir,<\/em> donc, mais aussi avec <em>Grave<\/em>.<\/p>\n<p>Le premier film de la r\u00e9alisatrice fran\u00e7aise Julia Ducournau avait \u00e9t\u00e9 s\u00e9lectionn\u00e9 \u00e0 la Semaine de la Critique du Festival de Cannes et honor\u00e9 par le prix FIPRESCI.\u00a0Il sera pr\u00e9sent\u00e9 au Canada dans la section \u00ab\u00a0Midnight Madness\u00a0\u00bb.<br \/>\nEnti\u00e8rement tourn\u00e9 \u00e0 Li\u00e8ge, <em>Grave<\/em> raconte l\u2019histoire de Justine, 16 ans. Dans sa famille, tout le monde est v\u00e9t\u00e9rinaire, et v\u00e9g\u00e9tarien. D\u00e8s son premier jour \u00e0 l\u2019\u00e9cole v\u00e9t\u00e9rinaire, Justine d\u00e9vie radicalement des principes familiaux et mange de la viande. Les cons\u00e9quences ne tardent pas et Justine r\u00e9v\u00e8le alors sa v\u00e9ritable nature.<\/p>\n<p>Film de genre, Grave fait intervenir de nombreux techniciens et com\u00e9diens belges dont Bouli Lanners, le chef op\u00e9rateur Ruben Impens, l\u2019assistant r\u00e9alisateur Dimitri Linder, la chef d\u00e9coratrice Laurie Colson et la chef costumi\u00e8re \u00c9lise Ancion.<\/p>\n<p>&nbsp;<\/p>\n<p>Les autres coproductions de Jean-Yves Roubin et de Cassandre Warnauts sont,\u00a0<em>Le secret de la chambre noire,<\/em>\u00a0r\u00e9alis\u00e9 par Kiyoshi Kurosawa, et <em>R\u00e9parer les vivants<\/em>, r\u00e9alis\u00e9 par Kattell Quill\u00e9v\u00e9r\u00e9 qui fera la cl\u00f4ture de la nouvelle section comp\u00e9titive \u00ab\u00a0Platform\u00a0\u00bb, apr\u00e8s avoir \u00e9t\u00e9 pr\u00e9sent\u00e9 \u00e0 Venise.<\/p>\n<p>&nbsp;<\/p>\n<p><a href=\"http:\/\/www.cinevox.be\/wp-content\/uploads\/sites\/2\/2016\/08\/078600.jpg-r_1920_1080-f_jpg-q_x-xxyxx.jpg\"><img loading=\"lazy\" decoding=\"async\" class=\"aligncenter size-full wp-image-90168\" src=\"http:\/\/www.cinevox.be\/wp-content\/uploads\/sites\/2\/2016\/08\/078600.jpg-r_1920_1080-f_jpg-q_x-xxyxx.jpg\" alt=\"\" width=\"1600\" height=\"865\" srcset=\"https:\/\/welovecinema.be\/wp-content\/uploads\/sites\/2\/2016\/08\/078600.jpg-r_1920_1080-f_jpg-q_x-xxyxx.jpg 1600w, https:\/\/welovecinema.be\/wp-content\/uploads\/sites\/2\/2016\/08\/078600.jpg-r_1920_1080-f_jpg-q_x-xxyxx-480x259.jpg 480w, https:\/\/welovecinema.be\/wp-content\/uploads\/sites\/2\/2016\/08\/078600.jpg-r_1920_1080-f_jpg-q_x-xxyxx-800x432.jpg 800w\" sizes=\"auto, (max-width: 1600px) 100vw, 1600px\" \/><\/a><\/p>\n<p>&nbsp;<\/p>\n<p>Toujours au rayon des coproductions belge, le film d\u2019animation <em>The red turtle (La tortue rouge)<\/em> du n\u00e9erlandais Michael Dudok continue sa tourn\u00e9e des festivals les plus prestigieux. Apr\u00e8s avoir remport\u00e9 un prix \u00e0 Cannes (Un certain regard), il sera pr\u00e9sent\u00e9 dans la section \u00ab Discovery \u00bb aux c\u00f4t\u00e9s de <em>Noces<\/em>. Une \u00e9tape vers les prochains Oscars\u00a0? C\u2019est tout ce que Belvision qui a coproduit le film en Belgique esp\u00e8re. D\u2019autant qu\u2019il a \u00e9t\u00e9 en partie r\u00e9alis\u00e9 \u00e0 Marcinelle dans les studios de Dreamwall.<br \/>\nDeux autres films belges, majoritairement produits en Flandre seront \u00e9galement de la partie.<br \/>\n<a href=\"http:\/\/www.cinevox.be\/wp-content\/uploads\/sites\/2\/2016\/08\/38110991.jpg\"><img loading=\"lazy\" decoding=\"async\" class=\"aligncenter size-full wp-image-90169\" src=\"http:\/\/www.cinevox.be\/wp-content\/uploads\/sites\/2\/2016\/08\/38110991.jpg\" alt=\"\" width=\"620\" height=\"413\" srcset=\"https:\/\/welovecinema.be\/wp-content\/uploads\/sites\/2\/2016\/08\/38110991.jpg 620w, https:\/\/welovecinema.be\/wp-content\/uploads\/sites\/2\/2016\/08\/38110991-405x270.jpg 405w\" sizes=\"auto, (max-width: 620px) 100vw, 620px\" \/><\/a><\/p>\n<p>&nbsp;<\/p>\n<p><em>Home<\/em>, de la r\u00e9alisatrice flamande Fien Troch, est s\u00e9lectionn\u00e9 dans la section \u00ab\u00a0Platform\u00a0\u00bb qui reprend 12 films de r\u00e9alisateurs offrant une vraie vision d&rsquo;auteur. Il concourra pour le Prix du Meilleur Film attribu\u00e9 par un jury international. Et ce quelques jours \u00e0 peine apr\u00e8s sa pr\u00e9sentation \u00e0 Venise dans la section \u00ab\u00a0Orrizzonti\u00a0\u00bb. Joli doubl\u00e9.<\/p>\n<p><em>Home<\/em> \u00e9voque un conflit interg\u00e9n\u00e9rationnel douloureux au sein duquel arrive Kevin, 17 ans, qui vient d\u2019\u00eatre lib\u00e9r\u00e9 d\u2019une institution ferm\u00e9e. Retourner vivre chez ses parents n\u2019est plus une option, donc il va aller s\u2019installer dans la famille de sa tante. Il s\u2019entend bien avec son cousin Sammy et se lie d\u2019amiti\u00e9 avec son copain John. Mais un soir, les choses tournent mal et les concepts de trahison, loyaut\u00e9 et confiance prennent toute leur importance.<\/p>\n<p>La r\u00e9alisatrice a co\u00e9crit le sc\u00e9nario avec Nico Leunen qui s\u2019est aussi occup\u00e9 du montage. La musique est sign\u00e9e Johnny Jewel qui a \u00e9galement travaill\u00e9 sur Drive de Nicolas Winding Refn et Lost River de Ryan Gosling. Le directeur de la photographie est Frank van den Eende et le sound designer est Michel Sch\u00f6pping.<\/p>\n<p>Ce film est coproduit par Prime Time (Flandre) et par Versus.<\/p>\n<p>&nbsp;<\/p>\n<p><a href=\"http:\/\/www.cinevox.be\/wp-content\/uploads\/sites\/2\/2016\/08\/4198068735.jpg\"><img loading=\"lazy\" decoding=\"async\" class=\"aligncenter size-full wp-image-90170\" src=\"http:\/\/www.cinevox.be\/wp-content\/uploads\/sites\/2\/2016\/08\/4198068735.jpg\" alt=\"\" width=\"670\" height=\"376\" srcset=\"https:\/\/welovecinema.be\/wp-content\/uploads\/sites\/2\/2016\/08\/4198068735.jpg 670w, https:\/\/welovecinema.be\/wp-content\/uploads\/sites\/2\/2016\/08\/4198068735-200x113.jpg 200w, https:\/\/welovecinema.be\/wp-content\/uploads\/sites\/2\/2016\/08\/4198068735-480x270.jpg 480w, https:\/\/welovecinema.be\/wp-content\/uploads\/sites\/2\/2016\/08\/4198068735-300x169.jpg 300w\" sizes=\"auto, (max-width: 670px) 100vw, 670px\" \/><\/a><\/p>\n<p>&nbsp;<\/p>\n<p>Deuxi\u00e8me long m\u00e9trage de Peter Monsaert apr\u00e8s le touchant <em>Offline <\/em>(deux Ensors pour les deux acteurs masculins principaux Wim Wilalert et Mourade Zeguendi<em>)<\/em>, <em>Le Ciel Flamand<\/em> sera pr\u00e9sent\u00e9 \u00e0 Toronto dans le cadre du programme Discovery, une s\u00e9lection de films de jeunes r\u00e9alisateurs prometteurs venus du monde entier.<\/p>\n<p>Le film raconte l\u2019histoire de trois g\u00e9n\u00e9rations de femmes: Monique, Sylvie et Eline.<\/p>\n<p>Monique exploite avec sa fille Sylvie un bordel sur la route quelque part entre la Flandre-Occidentale et la France. Eline, six ans, la fille de Sylvie, est fascin\u00e9e par le lieu de travail myst\u00e9rieux de sa m\u00e8re et de sa grand-m\u00e8re car elle ne peut jamais y entrer. Un \u00e9v\u00e9nement dramatique va secouer leurs petites vies et mettre \u00e0 mal les relations entre ces trois femmes.<\/p>\n<p>Les r\u00f4les principaux sont tenus par Wim Willaert (<em>Je suis mort mais j\u2019ai des amis, Offline<\/em>), Sara Vertongen, Esra Vandenbussche (<em>Le Traitement, Chauss\u00e9e d&rsquo;amour<\/em>) et Ingrid De Vos.<\/p>\n<p>Apr\u00e8s Toronto, <em>Le Ciel Flamand<\/em> sera aussi pr\u00e9sent\u00e9 \u00e0 San Sebastian fin septembre o\u00f9 il concourra au sein de la comp\u00e9tition New Directors. Lumi\u00e8re sortira <em>Le ciel flamand<\/em> en Belgique le 16 novembre.<\/p>\n<p>&nbsp;<\/p>\n<p><a href=\"http:\/\/www.cinevox.be\/wp-content\/uploads\/sites\/2\/2016\/08\/12733474_10205685974333187_6630554625306543941_n.jpg\"><img loading=\"lazy\" decoding=\"async\" class=\"aligncenter size-full wp-image-90171\" src=\"http:\/\/www.cinevox.be\/wp-content\/uploads\/sites\/2\/2016\/08\/12733474_10205685974333187_6630554625306543941_n.jpg\" alt=\"\" width=\"640\" height=\"360\" srcset=\"https:\/\/welovecinema.be\/wp-content\/uploads\/sites\/2\/2016\/08\/12733474_10205685974333187_6630554625306543941_n.jpg 640w, https:\/\/welovecinema.be\/wp-content\/uploads\/sites\/2\/2016\/08\/12733474_10205685974333187_6630554625306543941_n-200x113.jpg 200w, https:\/\/welovecinema.be\/wp-content\/uploads\/sites\/2\/2016\/08\/12733474_10205685974333187_6630554625306543941_n-480x270.jpg 480w, https:\/\/welovecinema.be\/wp-content\/uploads\/sites\/2\/2016\/08\/12733474_10205685974333187_6630554625306543941_n-300x169.jpg 300w, https:\/\/welovecinema.be\/wp-content\/uploads\/sites\/2\/2016\/08\/12733474_10205685974333187_6630554625306543941_n-620x350.jpg 620w\" sizes=\"auto, (max-width: 640px) 100vw, 640px\" \/><\/a><\/p>\n<p>&nbsp;<\/p>\n<p>Enfin, mais encore, last but not least, cerise sur le p\u00e2teau un autre habitu\u00e9 du festival sera \u00e9galement de la partie. Il est belge, il est un peu dingue et on l\u2019aime beaucoup.<br \/>\nLe r\u00e9alisateur belge Fabrice Du Welz figurera en effet dans la section \u00ab\u00a0Vanguard\u00a0\u00bb avec\u00a0<em>Message from the King<\/em>, son premier long-m\u00e9trage r\u00e9alis\u00e9 aux \u00c9tats-Unis.<br \/>\nCoproduit par Entre chien et loup et Ink Factory Films (USA), <em>Message from the King<\/em> vise \u00e0 renouer avec les polars de la fin des ann\u00e9es 60 et des ann\u00e9es 70 comme <em>Le point de non-retour\/Point Blank<\/em> (John Boorman, 1967), <em>French Connection<\/em> (William Friedkin, 1971) et l&rsquo;univers de Paul Schrader (<em>Taxi Driver, Obsession<\/em>\u2026). Toutes des r\u00e9f\u00e9rences ch\u00e8res \u00e0 Fabrice.<\/p>\n<p>Il narre l\u2019histoire de Jacob King, un Sud-Africain qui d\u00e9barque \u00e0 Los Angeles \u00e0 la recherche de sa s\u0153ur disparue. \u00c9tranger dans un monde \u00e9trange, il a en poche 400 dollars et un billet de retour qu&rsquo;il devra honorer sept jours plus tard. Les premi\u00e8res 24 heures lui apprennent que sa s\u0153ur est morte. Le film raconte les six jours qui suivent.<\/p>\n<p>Le r\u00f4le principal du film est tenu par Chadwick Boseman, r\u00e9v\u00e9l\u00e9 dans la s\u00e9rie Persons Unknown (une saison de 13 \u00e9pisodes), qui a ensuite confirm\u00e9 son potentiel en incarnant James Brown dans le biopic Get on up.<\/p>\n<p>&nbsp;<\/p>\n<p>&nbsp;<\/p>\n<p>Autant vous dire que, d\u00e9but septembre, nous garderons un \u0153il attentif braqu\u00e9 sur le Canada.<\/p>\n<p>Pas question de bouder notre plaisir\u2026<\/p>\n<p>&nbsp;<\/p>\n<p>&nbsp;<\/p>\n<p>&nbsp;<\/p>\n<h2>Infos compl\u00e9mentaires<\/h2>\n<p>&nbsp;<\/p>\n<p><em>Noces<\/em>\u00a0est produit par la soci\u00e9t\u00e9 Daylight en coproduction avec Formosa Productions en France, Tarantula Luxembourg, Minds Meet en Flandre, et Bodhicitta Works au Pakistan, avec le soutien du Centre du Cin\u00e9ma et de l\u2019Audiovisuel de la F\u00e9d\u00e9ration Wallonie-Bruxelles, de Wallimage, du Fonds audiovisuel de Flandre (VAF), et du Fonds national de soutien \u00e0 la production audiovisuelle du Grand-Duch\u00e9 de Luxembourg. Il est \u00e9galement coproduit par la RTBF, Proximus, SCOPE invest et BeTv-VOO.<\/p>\n<p>&nbsp;<\/p>\n<p><em>L\u2019\u00e9conomie du couple<\/em>\u00a0est une coproduction entre Versus Production (Jacques-Henri et Olivier Bronckart) et Prime Time (Flandre) en Belgique et Les films du Worso (Sylvie Pialat) en France avec le soutien du Centre du Cin\u00e9ma et de l\u2019Audiovisuel de la F\u00e9d\u00e9ration Wallonie-Bruxelles, de la Wallonie, du Fonds audiovisuel de Flandre (VAF) et le Tax shelter du Gouvernement F\u00e9d\u00e9ral Belge. Il est notamment coproduit par la RTBF et BeTv-VOO.<\/p>\n<p>&nbsp;<\/p>\n<p>La fille inconnue est une coproduction Les Films du Fleuve, Archipel 35 (France), Savage Film (Flandre), France 2 Cin\u00e9ma, VOO et Be Tv, RTBF. Il est produit avec l\u2019aide du Centre du Cin\u00e9ma et de l\u2019Audiovisuel de la F\u00e9d\u00e9ration Wallonie-Bruxelles, du Fonds audiovisuel de Flandre (VAF), de EURIMAGES, avec la participation de CANAL+, de CIN\u00c9+, de FRANCE T\u00c9L\u00c9VISIONS, de la Wallonie, du Tax Shelter du Gouvernement f\u00e9d\u00e9ral belge, de Casa Kafka Pictures et de Casa Kafka Pictures Movie Tax Shelter empowered by Belfius.<\/p>\n<p>&nbsp;<\/p>\n<p>Grave est produit par Petit Film et coproduit en Belgique par la soci\u00e9t\u00e9 li\u00e9geoise Frakas Productions (Jean-Yves Roubin et Cassandre Warnauts), ainsi que par Rouge International. Il a \u00e9galement b\u00e9n\u00e9fici\u00e9 en Belgique du soutien du Centre du Cin\u00e9ma de la F\u00e9d\u00e9ration Wallonie Bruxelles, de Wallimage\/Bruxellimage, de la RTBF, de VOO, du Tax shelter du Gouvernement F\u00e9d\u00e9ral belge et de Casa Kafka Pictures.<\/p>\n<p>&nbsp;<\/p>\n<p>Home est coproduit par Prime Time (Flandre) et a b\u00e9n\u00e9fici\u00e9 de l\u2019aide du Fonds Audiovisuel de Flandre (VAF), de Casa Kafka Pictures Movie Tax Shelter empowered by Belfius, du Tax shelter du Gouvernement F\u00e9d\u00e9ral belge, du Centre du Cin\u00e9ma et de l\u2019Audiovisuel de la F\u00e9d\u00e9ration Wallonie-Bruxelles, de VOO et de Cin\u00e9art.<\/p>\n<p>&nbsp;<\/p>\n<p>The Red Turtle est coproduit par Belvision avec le soutien de Wallimage.<\/p>\n<p>Le Ciel Flamand est une production d\u2019Annemie Degryse pour Lunanime<\/p>\n<p>&nbsp;<\/p>\n","protected":false},"excerpt":{"rendered":"<p>Il y a dix ans \u00e0 peine, n\u2019importe quel cin\u00e9phile vous aurait dit que les trois plus grands festivals du monde \u00e9taient Cannes, Berlin et Venise. Point barre. Si les trois manifestations europ\u00e9ennes n\u2019ont rien perdu de leur lustre, elles doivent aujourd\u2019hui composer avec l\u2019irr\u00e9sistible ascension d\u2019un \u00e9v\u00e9nement canadien qui, s\u2019appuyant sur un march\u00e9 du &hellip;<\/p>\n","protected":false},"author":7,"featured_media":90173,"comment_status":"closed","ping_status":"closed","sticky":false,"template":"","format":"standard","meta":{"ngg_post_thumbnail":0,"footnotes":""},"categories":[12],"tags":[],"class_list":["post-90162","post","type-post","status-publish","format-standard","has-post-thumbnail","","category-awards"],"yoast_head":"<!-- This site is optimized with the Yoast SEO plugin v20.4 - https:\/\/yoast.com\/wordpress\/plugins\/seo\/ -->\n<title>Le cin\u00e9ma belge omnipr\u00e9sent \u00e0 Toronto - We Love Cinema<\/title>\n<meta name=\"robots\" content=\"index, follow, max-snippet:-1, max-image-preview:large, max-video-preview:-1\" \/>\n<link rel=\"canonical\" href=\"https:\/\/welovecinema.be\/fr\/le-cinema-belge-omnipresent-a-toronto\/\" \/>\n<meta property=\"og:locale\" content=\"fr_FR\" \/>\n<meta property=\"og:type\" content=\"article\" \/>\n<meta property=\"og:title\" content=\"Le cin\u00e9ma belge omnipr\u00e9sent \u00e0 Toronto - We Love Cinema\" \/>\n<meta property=\"og:description\" content=\"Il y a dix ans \u00e0 peine, n\u2019importe quel cin\u00e9phile vous aurait dit que les trois plus grands festivals du monde \u00e9taient Cannes, Berlin et Venise. Point barre. Si les trois manifestations europ\u00e9ennes n\u2019ont rien perdu de leur lustre, elles doivent aujourd\u2019hui composer avec l\u2019irr\u00e9sistible ascension d\u2019un \u00e9v\u00e9nement canadien qui, s\u2019appuyant sur un march\u00e9 du &hellip;\" \/>\n<meta property=\"og:url\" content=\"https:\/\/welovecinema.be\/fr\/le-cinema-belge-omnipresent-a-toronto\/\" \/>\n<meta property=\"og:site_name\" content=\"We Love Cinema\" \/>\n<meta property=\"article:publisher\" content=\"https:\/\/www.facebook.com\/welovecinema.be\" \/>\n<meta property=\"article:published_time\" content=\"2016-09-09T06:48:38+00:00\" \/>\n<meta property=\"article:modified_time\" content=\"2017-05-16T17:48:39+00:00\" \/>\n<meta property=\"og:image\" content=\"https:\/\/welovecinema.be\/wp-content\/uploads\/sites\/2\/2016\/08\/tiff-entrance.jpg\" \/>\n\t<meta property=\"og:image:width\" content=\"1920\" \/>\n\t<meta property=\"og:image:height\" content=\"931\" \/>\n\t<meta property=\"og:image:type\" content=\"image\/jpeg\" \/>\n<meta name=\"author\" content=\"Philippe.Pierquin\" \/>\n<meta name=\"twitter:card\" content=\"summary_large_image\" \/>\n<meta name=\"twitter:label1\" content=\"\u00c9crit par\" \/>\n\t<meta name=\"twitter:data1\" content=\"Philippe.Pierquin\" \/>\n\t<meta name=\"twitter:label2\" content=\"Dur\u00e9e de lecture estim\u00e9e\" \/>\n\t<meta name=\"twitter:data2\" content=\"11 minutes\" \/>\n<script type=\"application\/ld+json\" class=\"yoast-schema-graph\">{\"@context\":\"https:\/\/schema.org\",\"@graph\":[{\"@type\":\"Article\",\"@id\":\"https:\/\/welovecinema.be\/fr\/le-cinema-belge-omnipresent-a-toronto\/#article\",\"isPartOf\":{\"@id\":\"https:\/\/welovecinema.be\/fr\/le-cinema-belge-omnipresent-a-toronto\/\"},\"author\":{\"name\":\"Philippe.Pierquin\",\"@id\":\"https:\/\/welovecinema.be\/nl\/#\/schema\/person\/4b9b1d857f0943453a38a7c2859ef756\"},\"headline\":\"Le cin\u00e9ma belge omnipr\u00e9sent \u00e0 Toronto\",\"datePublished\":\"2016-09-09T06:48:38+00:00\",\"dateModified\":\"2017-05-16T17:48:39+00:00\",\"mainEntityOfPage\":{\"@id\":\"https:\/\/welovecinema.be\/fr\/le-cinema-belge-omnipresent-a-toronto\/\"},\"wordCount\":2201,\"publisher\":{\"@id\":\"https:\/\/welovecinema.be\/nl\/#organization\"},\"articleSection\":[\"Evenements\"],\"inLanguage\":\"fr-FR\"},{\"@type\":\"WebPage\",\"@id\":\"https:\/\/welovecinema.be\/fr\/le-cinema-belge-omnipresent-a-toronto\/\",\"url\":\"https:\/\/welovecinema.be\/fr\/le-cinema-belge-omnipresent-a-toronto\/\",\"name\":\"Le cin\u00e9ma belge omnipr\u00e9sent \u00e0 Toronto - We Love Cinema\",\"isPartOf\":{\"@id\":\"https:\/\/welovecinema.be\/nl\/#website\"},\"datePublished\":\"2016-09-09T06:48:38+00:00\",\"dateModified\":\"2017-05-16T17:48:39+00:00\",\"breadcrumb\":{\"@id\":\"https:\/\/welovecinema.be\/fr\/le-cinema-belge-omnipresent-a-toronto\/#breadcrumb\"},\"inLanguage\":\"fr-FR\",\"potentialAction\":[{\"@type\":\"ReadAction\",\"target\":[\"https:\/\/welovecinema.be\/fr\/le-cinema-belge-omnipresent-a-toronto\/\"]}]},{\"@type\":\"BreadcrumbList\",\"@id\":\"https:\/\/welovecinema.be\/fr\/le-cinema-belge-omnipresent-a-toronto\/#breadcrumb\",\"itemListElement\":[{\"@type\":\"ListItem\",\"position\":1,\"name\":\"Accueil\",\"item\":\"https:\/\/welovecinema.be\/fr\/\"},{\"@type\":\"ListItem\",\"position\":2,\"name\":\"Le cin\u00e9ma belge omnipr\u00e9sent \u00e0 Toronto\"}]},{\"@type\":\"WebSite\",\"@id\":\"https:\/\/welovecinema.be\/nl\/#website\",\"url\":\"https:\/\/welovecinema.be\/nl\/\",\"name\":\"We Love Cinema\",\"description\":\"Toute l\u2019information du cin\u00e9ma en Belgique\",\"publisher\":{\"@id\":\"https:\/\/welovecinema.be\/nl\/#organization\"},\"potentialAction\":[{\"@type\":\"SearchAction\",\"target\":{\"@type\":\"EntryPoint\",\"urlTemplate\":\"https:\/\/welovecinema.be\/nl\/?s={search_term_string}\"},\"query-input\":\"required name=search_term_string\"}],\"inLanguage\":\"fr-FR\"},{\"@type\":\"Organization\",\"@id\":\"https:\/\/welovecinema.be\/nl\/#organization\",\"name\":\"We Love Cinema\",\"url\":\"https:\/\/welovecinema.be\/nl\/\",\"logo\":{\"@type\":\"ImageObject\",\"inLanguage\":\"fr-FR\",\"@id\":\"https:\/\/welovecinema.be\/nl\/#\/schema\/logo\/image\/\",\"url\":\"https:\/\/welovecinema.be\/wp-content\/uploads\/sites\/2\/2023\/03\/Logo-We-Love-Cinema305x128.jpg\",\"contentUrl\":\"https:\/\/welovecinema.be\/wp-content\/uploads\/sites\/2\/2023\/03\/Logo-We-Love-Cinema305x128.jpg\",\"width\":305,\"height\":128,\"caption\":\"We Love Cinema\"},\"image\":{\"@id\":\"https:\/\/welovecinema.be\/nl\/#\/schema\/logo\/image\/\"},\"sameAs\":[\"https:\/\/www.facebook.com\/welovecinema.be\",\"https:\/\/www.youtube.com\/channel\/UCX5LYGVhnKvYauW4Nta4HJA\",\"https:\/\/www.instagram.com\/welovecinema.be\/\"]},{\"@type\":\"Person\",\"@id\":\"https:\/\/welovecinema.be\/nl\/#\/schema\/person\/4b9b1d857f0943453a38a7c2859ef756\",\"name\":\"Philippe.Pierquin\",\"url\":\"https:\/\/welovecinema.be\/fr\/author\/philippe-pierquin\/\"}]}<\/script>\n<!-- \/ Yoast SEO plugin. -->","yoast_head_json":{"title":"Le cin\u00e9ma belge omnipr\u00e9sent \u00e0 Toronto - We Love Cinema","robots":{"index":"index","follow":"follow","max-snippet":"max-snippet:-1","max-image-preview":"max-image-preview:large","max-video-preview":"max-video-preview:-1"},"canonical":"https:\/\/welovecinema.be\/fr\/le-cinema-belge-omnipresent-a-toronto\/","og_locale":"fr_FR","og_type":"article","og_title":"Le cin\u00e9ma belge omnipr\u00e9sent \u00e0 Toronto - We Love Cinema","og_description":"Il y a dix ans \u00e0 peine, n\u2019importe quel cin\u00e9phile vous aurait dit que les trois plus grands festivals du monde \u00e9taient Cannes, Berlin et Venise. Point barre. Si les trois manifestations europ\u00e9ennes n\u2019ont rien perdu de leur lustre, elles doivent aujourd\u2019hui composer avec l\u2019irr\u00e9sistible ascension d\u2019un \u00e9v\u00e9nement canadien qui, s\u2019appuyant sur un march\u00e9 du &hellip;","og_url":"https:\/\/welovecinema.be\/fr\/le-cinema-belge-omnipresent-a-toronto\/","og_site_name":"We Love Cinema","article_publisher":"https:\/\/www.facebook.com\/welovecinema.be","article_published_time":"2016-09-09T06:48:38+00:00","article_modified_time":"2017-05-16T17:48:39+00:00","og_image":[{"width":1920,"height":931,"url":"https:\/\/welovecinema.be\/wp-content\/uploads\/sites\/2\/2016\/08\/tiff-entrance.jpg","type":"image\/jpeg"}],"author":"Philippe.Pierquin","twitter_card":"summary_large_image","twitter_misc":{"\u00c9crit par":"Philippe.Pierquin","Dur\u00e9e de lecture estim\u00e9e":"11 minutes"},"schema":{"@context":"https:\/\/schema.org","@graph":[{"@type":"Article","@id":"https:\/\/welovecinema.be\/fr\/le-cinema-belge-omnipresent-a-toronto\/#article","isPartOf":{"@id":"https:\/\/welovecinema.be\/fr\/le-cinema-belge-omnipresent-a-toronto\/"},"author":{"name":"Philippe.Pierquin","@id":"https:\/\/welovecinema.be\/nl\/#\/schema\/person\/4b9b1d857f0943453a38a7c2859ef756"},"headline":"Le cin\u00e9ma belge omnipr\u00e9sent \u00e0 Toronto","datePublished":"2016-09-09T06:48:38+00:00","dateModified":"2017-05-16T17:48:39+00:00","mainEntityOfPage":{"@id":"https:\/\/welovecinema.be\/fr\/le-cinema-belge-omnipresent-a-toronto\/"},"wordCount":2201,"publisher":{"@id":"https:\/\/welovecinema.be\/nl\/#organization"},"articleSection":["Evenements"],"inLanguage":"fr-FR"},{"@type":"WebPage","@id":"https:\/\/welovecinema.be\/fr\/le-cinema-belge-omnipresent-a-toronto\/","url":"https:\/\/welovecinema.be\/fr\/le-cinema-belge-omnipresent-a-toronto\/","name":"Le cin\u00e9ma belge omnipr\u00e9sent \u00e0 Toronto - We Love Cinema","isPartOf":{"@id":"https:\/\/welovecinema.be\/nl\/#website"},"datePublished":"2016-09-09T06:48:38+00:00","dateModified":"2017-05-16T17:48:39+00:00","breadcrumb":{"@id":"https:\/\/welovecinema.be\/fr\/le-cinema-belge-omnipresent-a-toronto\/#breadcrumb"},"inLanguage":"fr-FR","potentialAction":[{"@type":"ReadAction","target":["https:\/\/welovecinema.be\/fr\/le-cinema-belge-omnipresent-a-toronto\/"]}]},{"@type":"BreadcrumbList","@id":"https:\/\/welovecinema.be\/fr\/le-cinema-belge-omnipresent-a-toronto\/#breadcrumb","itemListElement":[{"@type":"ListItem","position":1,"name":"Accueil","item":"https:\/\/welovecinema.be\/fr\/"},{"@type":"ListItem","position":2,"name":"Le cin\u00e9ma belge omnipr\u00e9sent \u00e0 Toronto"}]},{"@type":"WebSite","@id":"https:\/\/welovecinema.be\/nl\/#website","url":"https:\/\/welovecinema.be\/nl\/","name":"We Love Cinema","description":"Toute l\u2019information du cin\u00e9ma en Belgique","publisher":{"@id":"https:\/\/welovecinema.be\/nl\/#organization"},"potentialAction":[{"@type":"SearchAction","target":{"@type":"EntryPoint","urlTemplate":"https:\/\/welovecinema.be\/nl\/?s={search_term_string}"},"query-input":"required name=search_term_string"}],"inLanguage":"fr-FR"},{"@type":"Organization","@id":"https:\/\/welovecinema.be\/nl\/#organization","name":"We Love Cinema","url":"https:\/\/welovecinema.be\/nl\/","logo":{"@type":"ImageObject","inLanguage":"fr-FR","@id":"https:\/\/welovecinema.be\/nl\/#\/schema\/logo\/image\/","url":"https:\/\/welovecinema.be\/wp-content\/uploads\/sites\/2\/2023\/03\/Logo-We-Love-Cinema305x128.jpg","contentUrl":"https:\/\/welovecinema.be\/wp-content\/uploads\/sites\/2\/2023\/03\/Logo-We-Love-Cinema305x128.jpg","width":305,"height":128,"caption":"We Love Cinema"},"image":{"@id":"https:\/\/welovecinema.be\/nl\/#\/schema\/logo\/image\/"},"sameAs":["https:\/\/www.facebook.com\/welovecinema.be","https:\/\/www.youtube.com\/channel\/UCX5LYGVhnKvYauW4Nta4HJA","https:\/\/www.instagram.com\/welovecinema.be\/"]},{"@type":"Person","@id":"https:\/\/welovecinema.be\/nl\/#\/schema\/person\/4b9b1d857f0943453a38a7c2859ef756","name":"Philippe.Pierquin","url":"https:\/\/welovecinema.be\/fr\/author\/philippe-pierquin\/"}]}},"_links":{"self":[{"href":"https:\/\/welovecinema.be\/fr\/wp-json\/wp\/v2\/posts\/90162","targetHints":{"allow":["GET"]}}],"collection":[{"href":"https:\/\/welovecinema.be\/fr\/wp-json\/wp\/v2\/posts"}],"about":[{"href":"https:\/\/welovecinema.be\/fr\/wp-json\/wp\/v2\/types\/post"}],"author":[{"embeddable":true,"href":"https:\/\/welovecinema.be\/fr\/wp-json\/wp\/v2\/users\/7"}],"replies":[{"embeddable":true,"href":"https:\/\/welovecinema.be\/fr\/wp-json\/wp\/v2\/comments?post=90162"}],"version-history":[{"count":0,"href":"https:\/\/welovecinema.be\/fr\/wp-json\/wp\/v2\/posts\/90162\/revisions"}],"wp:featuredmedia":[{"embeddable":true,"href":"https:\/\/welovecinema.be\/fr\/wp-json\/wp\/v2\/media\/90173"}],"wp:attachment":[{"href":"https:\/\/welovecinema.be\/fr\/wp-json\/wp\/v2\/media?parent=90162"}],"wp:term":[{"taxonomy":"category","embeddable":true,"href":"https:\/\/welovecinema.be\/fr\/wp-json\/wp\/v2\/categories?post=90162"},{"taxonomy":"post_tag","embeddable":true,"href":"https:\/\/welovecinema.be\/fr\/wp-json\/wp\/v2\/tags?post=90162"}],"curies":[{"name":"wp","href":"https:\/\/api.w.org\/{rel}","templated":true}]}}