{"id":9015,"date":"2011-10-01T08:15:52","date_gmt":"2011-10-01T08:15:52","guid":{"rendered":"http:\/\/www.cinevox.be\/?p=9015"},"modified":"2011-10-02T21:50:40","modified_gmt":"2011-10-02T21:50:40","slug":"vu-du-fiff-la-politique-pour-les-gourmets","status":"publish","type":"post","link":"https:\/\/welovecinema.be\/fr\/vu-du-fiff-la-politique-pour-les-gourmets\/","title":{"rendered":"Vu du FIFF <br> La politique pour les gourmets"},"content":{"rendered":"<p><strong>Olivier Gourmet<\/strong> en ministre (des transports)\u00a0de la R\u00e9publique fran\u00e7aise, il fallait l&rsquo;imaginer. D&rsquo;apr\u00e8s ce que nous ont dit ses producteurs (Archipel 35 et Les Films du Fleuve), ce fut toujours le premier choix de <strong>Pierre Schoeller <\/strong>le r\u00e9alisateur que nous rencontrons demain et \u00e0 qui, bien s\u00fbr, nous poserons la question. Il n&#8217;emp\u00eache que cette id\u00e9e de casting, plut\u00f4t incongrue pour le commun des mortels est d&rsquo;une totale \u00e9vidence lorsqu&rsquo;on d\u00e9couvre ce film. Et ce n&rsquo;est pas le moindre de ses atouts.<!--more--><\/p>\n<p><em> <\/em><\/p>\n<p>&nbsp;<\/p>\n<p>A Cannes,<em> L&rsquo;Exercice de l&rsquo;<\/em><em>\u00c9tat <\/em>fut pr\u00e9sent\u00e9 dans la section <em>Un certain regard<\/em>, raflant au passage le prix Fipresci de la critique internationale et le titre honorifique (mais int\u00e9ressant vu le contexte) de meilleure \u0153uvre politique du Festival. Confront\u00e9 \u00e0 <em>Pater, <\/em>annonc\u00e9 \u00e9cras\u00e9 par le buzz entourant La Conqu\u00eate, potentiellement r\u00e9duit en cendres par l&rsquo;affaire DSK qui confirmait l&rsquo;adage : la r\u00e9alit\u00e9 plus forte que la fiction, il aurait pu se voir effac\u00e9 de la surface m\u00e9diatique. Malgr\u00e9 cette hallucinante opposition, le deuxi\u00e8me long m\u00e9trage co\u00e9crit et r\u00e9alis\u00e9 par Pierre Schoeller (apr\u00e8s <em>Versailles<\/em>) emporta donc l&rsquo;adh\u00e9sion.<\/p>\n<p>&nbsp;<\/p>\n<p><em><a rel=\"attachment wp-att-9016\" href=\"http:\/\/www.cinevox.be\/vu-du-fiff-la-politique-pour-les-gourmets\/l-exercice-de-l-etat-1-2\/\"><img loading=\"lazy\" decoding=\"async\" class=\"alignright size-medium wp-image-9016\" title=\"l-exercice-de-l-etat (1)\" src=\"http:\/\/www.cinevox.be\/wp-content\/uploads\/sites\/2\/2011\/10\/l-exercice-de-l-etat-1-404x270.jpg\" alt=\"\" width=\"404\" height=\"270\" srcset=\"https:\/\/welovecinema.be\/wp-content\/uploads\/sites\/2\/2011\/10\/l-exercice-de-l-etat-1-404x270.jpg 404w, https:\/\/welovecinema.be\/wp-content\/uploads\/sites\/2\/2011\/10\/l-exercice-de-l-etat-1-800x533.jpg 800w, https:\/\/welovecinema.be\/wp-content\/uploads\/sites\/2\/2011\/10\/l-exercice-de-l-etat-1.jpg 1499w\" sizes=\"auto, (max-width: 404px) 100vw, 404px\" \/><\/a>L&rsquo;Exercice de l&rsquo;\u00c9tat <\/em>porte on ne peut mieux son titre. Il nous offre de partager (au plus pr\u00e8s) un moment de la vie d&rsquo;un ministre des Transports, face aux cruciales r\u00e9formes \u00e0 mettre en \u0153uvre (qu&rsquo;il ne souhaite pas forc\u00e9ment), et aux drames \u00e0 r\u00e9soudre dans l&rsquo;urgence. C&rsquo;est donc le portrait d&rsquo;un politicien, tiraill\u00e9 entre \u00e9thique et devoir, constamment \u00e0 la recherche de la meilleure solution pour le pays\u2026 et pour sa carri\u00e8re. Le dilemme est pos\u00e9 sans malice et Pierre Schoeller le d\u00e9veloppe \u00e0 la perfection.<\/p>\n<p>&nbsp;<\/p>\n<p>Taill\u00e9 au cordeau, le sc\u00e9nario encha\u00eene les \u00e9v\u00e9nements \u00e0 un rythme haletant, confronte l&rsquo;homme \u00e0 la ligne d&rsquo;un gouvernement confront\u00e9 \u00e0 cette trop fameuse dette \u00e0 r\u00e9sorber, mais aussi \u00e0 ses convictions, \u00e0 ses obligations, \u00e0 son cabinet et aux petites attaques vicieuses des uns et des autres. Ici, l&rsquo;ellipse a droit de cit\u00e9 et le r\u00e9alisateur ne s&rsquo;appesantit jamais sur les d\u00e9tails. A charge pour le spectateur de rester concentr\u00e9, l&rsquo;esprit vif et en \u00e9veil pour capter chaque rebondissement dans l&rsquo;instant.<\/p>\n<p>&nbsp;<\/p>\n<p><a rel=\"attachment wp-att-9017\" href=\"http:\/\/www.cinevox.be\/vu-du-fiff-la-politique-pour-les-gourmets\/l-exercice-de-l-etat-photo5_b914be\/\"><img loading=\"lazy\" decoding=\"async\" class=\"alignright size-full wp-image-9017\" title=\"l-exercice-de-l-etat-photo5_b914be\" src=\"http:\/\/www.cinevox.be\/wp-content\/uploads\/sites\/2\/2011\/10\/l-exercice-de-l-etat-photo5_b914be.jpg\" alt=\"\" width=\"378\" height=\"190\" \/><\/a>Le texte est dense, le verbe soutenu. Pas \u00e0 la port\u00e9e de n&rsquo;importe quel acteur. Mais, c&rsquo;est l&rsquo;autre face du g\u00e9nie de Schoeller: son casting est formidable. Aux c\u00f4t\u00e9s d&rsquo;un <strong>Olivier Gourmet<\/strong> qui touche au sublime et offre une prestation qui fera date dans sa carri\u00e8re, <strong>Michel Blanc<\/strong> d&rsquo;une incroyable sobri\u00e9t\u00e9 en chef de cabinet, <strong>Zabou Breitman<\/strong> virevoltante en attach\u00e9e de com et une constellation de seconds r\u00f4les emportent l&rsquo;adh\u00e9sion. Sur le papier, la liste des noms \u00e9tait all\u00e9chante, mais pouvait susciter quelques interrogations. \u00c0 l&rsquo;\u00e9cran, on nage en plein bonheur. Tout est \u00e9vident.<\/p>\n<p>&nbsp;<\/p>\n<p><a rel=\"attachment wp-att-9018\" href=\"http:\/\/www.cinevox.be\/vu-du-fiff-la-politique-pour-les-gourmets\/exercice-4-4\/\"><img loading=\"lazy\" decoding=\"async\" class=\"alignleft size-medium wp-image-9018\" title=\"exercice 4\" src=\"http:\/\/www.cinevox.be\/wp-content\/uploads\/sites\/2\/2011\/10\/exercice-4-405x270.jpg\" alt=\"\" width=\"405\" height=\"270\" srcset=\"https:\/\/welovecinema.be\/wp-content\/uploads\/sites\/2\/2011\/10\/exercice-4-405x270.jpg 405w, https:\/\/welovecinema.be\/wp-content\/uploads\/sites\/2\/2011\/10\/exercice-4.jpg 760w\" sizes=\"auto, (max-width: 405px) 100vw, 405px\" \/><\/a>Le troisi\u00e8me pilier de cette r\u00e9ussite est l&rsquo;excellence d&rsquo;une mise en sc\u00e8ne stup\u00e9fiante (et risqu\u00e9e) qui marie hyperr\u00e9alisme et paraboles visuelles kubrickiennes.\u00a0 Schoeller sait faire varier le rythme comme personne, donnant des coups d&rsquo;acc\u00e9l\u00e9rateur quand on ne les attend pas, ralentissant la marche des personnages lorsqu&rsquo;on pense que tout va s&#8217;emballer et m\u00e9nageant des surprises colossales. Parce que la vie est ainsi, soudaine, incontr\u00f4lable, triste et exaltante aussi;\u00a0 injuste, terriblement injuste. Parce que pour \u00eatre ministre il faut jongler avec les impond\u00e9rables et toujours pouvoir relativiser.<\/p>\n<p>&nbsp;<\/p>\n<p>La fonction politique tant d\u00e9cri\u00e9e ces temps-ci en sort-elle grandie? Non, pas vraiment. Mais il n&rsquo;y a pas non plus d&rsquo;acharnement dans le chef de Schoeller qui tend \u00e0 montrer ce qui est sans embellir, sans d\u00e9praver.<\/p>\n<p>&nbsp;<\/p>\n<p>Une formidable r\u00e9ussite. Vous l&rsquo;aurez compris<\/p>\n<p>&nbsp;<\/p>\n","protected":false},"excerpt":{"rendered":"<p>Olivier Gourmet en ministre (des transports)\u00a0de la R\u00e9publique fran\u00e7aise, il fallait l&rsquo;imaginer. D&rsquo;apr\u00e8s ce que nous ont dit ses producteurs (Archipel 35 et Les Films du Fleuve), ce fut toujours le premier choix de Pierre Schoeller le r\u00e9alisateur que nous rencontrons demain et \u00e0 qui, bien s\u00fbr, nous poserons la question. Il n&#8217;emp\u00eache que cette &hellip;<\/p>\n","protected":false},"author":7,"featured_media":9020,"comment_status":"closed","ping_status":"closed","sticky":false,"template":"","format":"standard","meta":{"ngg_post_thumbnail":0,"footnotes":""},"categories":[53,7],"tags":[],"class_list":["post-9015","post","type-post","status-publish","format-standard","has-post-thumbnail","","category-coming-soon","category-actualites"],"yoast_head":"<!-- This site is optimized with the Yoast SEO plugin v20.4 - https:\/\/yoast.com\/wordpress\/plugins\/seo\/ -->\n<title>Vu du FIFF  La politique pour les gourmets - We Love Cinema<\/title>\n<meta name=\"robots\" content=\"index, follow, max-snippet:-1, max-image-preview:large, max-video-preview:-1\" \/>\n<link rel=\"canonical\" href=\"https:\/\/welovecinema.be\/fr\/vu-du-fiff-la-politique-pour-les-gourmets\/\" \/>\n<meta property=\"og:locale\" content=\"fr_FR\" \/>\n<meta property=\"og:type\" content=\"article\" \/>\n<meta property=\"og:title\" content=\"Vu du FIFF  La politique pour les gourmets - We Love Cinema\" \/>\n<meta property=\"og:description\" content=\"Olivier Gourmet en ministre (des transports)\u00a0de la R\u00e9publique fran\u00e7aise, il fallait l&rsquo;imaginer. D&rsquo;apr\u00e8s ce que nous ont dit ses producteurs (Archipel 35 et Les Films du Fleuve), ce fut toujours le premier choix de Pierre Schoeller le r\u00e9alisateur que nous rencontrons demain et \u00e0 qui, bien s\u00fbr, nous poserons la question. Il n&#8217;emp\u00eache que cette &hellip;\" \/>\n<meta property=\"og:url\" content=\"https:\/\/welovecinema.be\/fr\/vu-du-fiff-la-politique-pour-les-gourmets\/\" \/>\n<meta property=\"og:site_name\" content=\"We Love Cinema\" \/>\n<meta property=\"article:publisher\" content=\"https:\/\/www.facebook.com\/welovecinema.be\" \/>\n<meta property=\"article:published_time\" content=\"2011-10-01T08:15:52+00:00\" \/>\n<meta property=\"article:modified_time\" content=\"2011-10-02T21:50:40+00:00\" \/>\n<meta property=\"og:image\" content=\"https:\/\/welovecinema.be\/wp-content\/uploads\/sites\/2\/2011\/10\/exercice-aff.jpg\" \/>\n\t<meta property=\"og:image:width\" content=\"1027\" \/>\n\t<meta property=\"og:image:height\" content=\"685\" \/>\n\t<meta property=\"og:image:type\" content=\"image\/jpeg\" \/>\n<meta name=\"author\" content=\"Philippe.Pierquin\" \/>\n<meta name=\"twitter:card\" content=\"summary_large_image\" \/>\n<meta name=\"twitter:label1\" content=\"\u00c9crit par\" \/>\n\t<meta name=\"twitter:data1\" content=\"Philippe.Pierquin\" \/>\n\t<meta name=\"twitter:label2\" content=\"Dur\u00e9e de lecture estim\u00e9e\" \/>\n\t<meta name=\"twitter:data2\" content=\"3 minutes\" \/>\n<script type=\"application\/ld+json\" class=\"yoast-schema-graph\">{\"@context\":\"https:\/\/schema.org\",\"@graph\":[{\"@type\":\"Article\",\"@id\":\"https:\/\/welovecinema.be\/fr\/vu-du-fiff-la-politique-pour-les-gourmets\/#article\",\"isPartOf\":{\"@id\":\"https:\/\/welovecinema.be\/fr\/vu-du-fiff-la-politique-pour-les-gourmets\/\"},\"author\":{\"name\":\"Philippe.Pierquin\",\"@id\":\"https:\/\/welovecinema.be\/nl\/#\/schema\/person\/4b9b1d857f0943453a38a7c2859ef756\"},\"headline\":\"Vu du FIFF La politique pour les gourmets\",\"datePublished\":\"2011-10-01T08:15:52+00:00\",\"dateModified\":\"2011-10-02T21:50:40+00:00\",\"mainEntityOfPage\":{\"@id\":\"https:\/\/welovecinema.be\/fr\/vu-du-fiff-la-politique-pour-les-gourmets\/\"},\"wordCount\":666,\"publisher\":{\"@id\":\"https:\/\/welovecinema.be\/nl\/#organization\"},\"articleSection\":[\"Coming soon\",\"News\"],\"inLanguage\":\"fr-FR\"},{\"@type\":\"WebPage\",\"@id\":\"https:\/\/welovecinema.be\/fr\/vu-du-fiff-la-politique-pour-les-gourmets\/\",\"url\":\"https:\/\/welovecinema.be\/fr\/vu-du-fiff-la-politique-pour-les-gourmets\/\",\"name\":\"Vu du FIFF La politique pour les gourmets - We Love Cinema\",\"isPartOf\":{\"@id\":\"https:\/\/welovecinema.be\/nl\/#website\"},\"datePublished\":\"2011-10-01T08:15:52+00:00\",\"dateModified\":\"2011-10-02T21:50:40+00:00\",\"breadcrumb\":{\"@id\":\"https:\/\/welovecinema.be\/fr\/vu-du-fiff-la-politique-pour-les-gourmets\/#breadcrumb\"},\"inLanguage\":\"fr-FR\",\"potentialAction\":[{\"@type\":\"ReadAction\",\"target\":[\"https:\/\/welovecinema.be\/fr\/vu-du-fiff-la-politique-pour-les-gourmets\/\"]}]},{\"@type\":\"BreadcrumbList\",\"@id\":\"https:\/\/welovecinema.be\/fr\/vu-du-fiff-la-politique-pour-les-gourmets\/#breadcrumb\",\"itemListElement\":[{\"@type\":\"ListItem\",\"position\":1,\"name\":\"Accueil\",\"item\":\"https:\/\/welovecinema.be\/fr\/\"},{\"@type\":\"ListItem\",\"position\":2,\"name\":\"Vu du FIFF La politique pour les gourmets\"}]},{\"@type\":\"WebSite\",\"@id\":\"https:\/\/welovecinema.be\/nl\/#website\",\"url\":\"https:\/\/welovecinema.be\/nl\/\",\"name\":\"We Love Cinema\",\"description\":\"Toute l\u2019information du cin\u00e9ma en Belgique\",\"publisher\":{\"@id\":\"https:\/\/welovecinema.be\/nl\/#organization\"},\"potentialAction\":[{\"@type\":\"SearchAction\",\"target\":{\"@type\":\"EntryPoint\",\"urlTemplate\":\"https:\/\/welovecinema.be\/nl\/?s={search_term_string}\"},\"query-input\":\"required name=search_term_string\"}],\"inLanguage\":\"fr-FR\"},{\"@type\":\"Organization\",\"@id\":\"https:\/\/welovecinema.be\/nl\/#organization\",\"name\":\"We Love Cinema\",\"url\":\"https:\/\/welovecinema.be\/nl\/\",\"logo\":{\"@type\":\"ImageObject\",\"inLanguage\":\"fr-FR\",\"@id\":\"https:\/\/welovecinema.be\/nl\/#\/schema\/logo\/image\/\",\"url\":\"https:\/\/welovecinema.be\/wp-content\/uploads\/sites\/2\/2023\/03\/Logo-We-Love-Cinema305x128.jpg\",\"contentUrl\":\"https:\/\/welovecinema.be\/wp-content\/uploads\/sites\/2\/2023\/03\/Logo-We-Love-Cinema305x128.jpg\",\"width\":305,\"height\":128,\"caption\":\"We Love Cinema\"},\"image\":{\"@id\":\"https:\/\/welovecinema.be\/nl\/#\/schema\/logo\/image\/\"},\"sameAs\":[\"https:\/\/www.facebook.com\/welovecinema.be\",\"https:\/\/www.youtube.com\/channel\/UCX5LYGVhnKvYauW4Nta4HJA\",\"https:\/\/www.instagram.com\/welovecinema.be\/\"]},{\"@type\":\"Person\",\"@id\":\"https:\/\/welovecinema.be\/nl\/#\/schema\/person\/4b9b1d857f0943453a38a7c2859ef756\",\"name\":\"Philippe.Pierquin\",\"url\":\"https:\/\/welovecinema.be\/fr\/author\/philippe-pierquin\/\"}]}<\/script>\n<!-- \/ Yoast SEO plugin. -->","yoast_head_json":{"title":"Vu du FIFF  La politique pour les gourmets - We Love Cinema","robots":{"index":"index","follow":"follow","max-snippet":"max-snippet:-1","max-image-preview":"max-image-preview:large","max-video-preview":"max-video-preview:-1"},"canonical":"https:\/\/welovecinema.be\/fr\/vu-du-fiff-la-politique-pour-les-gourmets\/","og_locale":"fr_FR","og_type":"article","og_title":"Vu du FIFF  La politique pour les gourmets - We Love Cinema","og_description":"Olivier Gourmet en ministre (des transports)\u00a0de la R\u00e9publique fran\u00e7aise, il fallait l&rsquo;imaginer. D&rsquo;apr\u00e8s ce que nous ont dit ses producteurs (Archipel 35 et Les Films du Fleuve), ce fut toujours le premier choix de Pierre Schoeller le r\u00e9alisateur que nous rencontrons demain et \u00e0 qui, bien s\u00fbr, nous poserons la question. Il n&#8217;emp\u00eache que cette &hellip;","og_url":"https:\/\/welovecinema.be\/fr\/vu-du-fiff-la-politique-pour-les-gourmets\/","og_site_name":"We Love Cinema","article_publisher":"https:\/\/www.facebook.com\/welovecinema.be","article_published_time":"2011-10-01T08:15:52+00:00","article_modified_time":"2011-10-02T21:50:40+00:00","og_image":[{"width":"1027","height":"685","url":"https:\/\/welovecinema.be\/wp-content\/uploads\/sites\/2\/2011\/10\/exercice-aff.jpg","type":"image\/jpeg"}],"author":"Philippe.Pierquin","twitter_card":"summary_large_image","twitter_misc":{"\u00c9crit par":"Philippe.Pierquin","Dur\u00e9e de lecture estim\u00e9e":"3 minutes"},"schema":{"@context":"https:\/\/schema.org","@graph":[{"@type":"Article","@id":"https:\/\/welovecinema.be\/fr\/vu-du-fiff-la-politique-pour-les-gourmets\/#article","isPartOf":{"@id":"https:\/\/welovecinema.be\/fr\/vu-du-fiff-la-politique-pour-les-gourmets\/"},"author":{"name":"Philippe.Pierquin","@id":"https:\/\/welovecinema.be\/nl\/#\/schema\/person\/4b9b1d857f0943453a38a7c2859ef756"},"headline":"Vu du FIFF La politique pour les gourmets","datePublished":"2011-10-01T08:15:52+00:00","dateModified":"2011-10-02T21:50:40+00:00","mainEntityOfPage":{"@id":"https:\/\/welovecinema.be\/fr\/vu-du-fiff-la-politique-pour-les-gourmets\/"},"wordCount":666,"publisher":{"@id":"https:\/\/welovecinema.be\/nl\/#organization"},"articleSection":["Coming soon","News"],"inLanguage":"fr-FR"},{"@type":"WebPage","@id":"https:\/\/welovecinema.be\/fr\/vu-du-fiff-la-politique-pour-les-gourmets\/","url":"https:\/\/welovecinema.be\/fr\/vu-du-fiff-la-politique-pour-les-gourmets\/","name":"Vu du FIFF La politique pour les gourmets - We Love Cinema","isPartOf":{"@id":"https:\/\/welovecinema.be\/nl\/#website"},"datePublished":"2011-10-01T08:15:52+00:00","dateModified":"2011-10-02T21:50:40+00:00","breadcrumb":{"@id":"https:\/\/welovecinema.be\/fr\/vu-du-fiff-la-politique-pour-les-gourmets\/#breadcrumb"},"inLanguage":"fr-FR","potentialAction":[{"@type":"ReadAction","target":["https:\/\/welovecinema.be\/fr\/vu-du-fiff-la-politique-pour-les-gourmets\/"]}]},{"@type":"BreadcrumbList","@id":"https:\/\/welovecinema.be\/fr\/vu-du-fiff-la-politique-pour-les-gourmets\/#breadcrumb","itemListElement":[{"@type":"ListItem","position":1,"name":"Accueil","item":"https:\/\/welovecinema.be\/fr\/"},{"@type":"ListItem","position":2,"name":"Vu du FIFF La politique pour les gourmets"}]},{"@type":"WebSite","@id":"https:\/\/welovecinema.be\/nl\/#website","url":"https:\/\/welovecinema.be\/nl\/","name":"We Love Cinema","description":"Toute l\u2019information du cin\u00e9ma en Belgique","publisher":{"@id":"https:\/\/welovecinema.be\/nl\/#organization"},"potentialAction":[{"@type":"SearchAction","target":{"@type":"EntryPoint","urlTemplate":"https:\/\/welovecinema.be\/nl\/?s={search_term_string}"},"query-input":"required name=search_term_string"}],"inLanguage":"fr-FR"},{"@type":"Organization","@id":"https:\/\/welovecinema.be\/nl\/#organization","name":"We Love Cinema","url":"https:\/\/welovecinema.be\/nl\/","logo":{"@type":"ImageObject","inLanguage":"fr-FR","@id":"https:\/\/welovecinema.be\/nl\/#\/schema\/logo\/image\/","url":"https:\/\/welovecinema.be\/wp-content\/uploads\/sites\/2\/2023\/03\/Logo-We-Love-Cinema305x128.jpg","contentUrl":"https:\/\/welovecinema.be\/wp-content\/uploads\/sites\/2\/2023\/03\/Logo-We-Love-Cinema305x128.jpg","width":305,"height":128,"caption":"We Love Cinema"},"image":{"@id":"https:\/\/welovecinema.be\/nl\/#\/schema\/logo\/image\/"},"sameAs":["https:\/\/www.facebook.com\/welovecinema.be","https:\/\/www.youtube.com\/channel\/UCX5LYGVhnKvYauW4Nta4HJA","https:\/\/www.instagram.com\/welovecinema.be\/"]},{"@type":"Person","@id":"https:\/\/welovecinema.be\/nl\/#\/schema\/person\/4b9b1d857f0943453a38a7c2859ef756","name":"Philippe.Pierquin","url":"https:\/\/welovecinema.be\/fr\/author\/philippe-pierquin\/"}]}},"_links":{"self":[{"href":"https:\/\/welovecinema.be\/fr\/wp-json\/wp\/v2\/posts\/9015","targetHints":{"allow":["GET"]}}],"collection":[{"href":"https:\/\/welovecinema.be\/fr\/wp-json\/wp\/v2\/posts"}],"about":[{"href":"https:\/\/welovecinema.be\/fr\/wp-json\/wp\/v2\/types\/post"}],"author":[{"embeddable":true,"href":"https:\/\/welovecinema.be\/fr\/wp-json\/wp\/v2\/users\/7"}],"replies":[{"embeddable":true,"href":"https:\/\/welovecinema.be\/fr\/wp-json\/wp\/v2\/comments?post=9015"}],"version-history":[{"count":0,"href":"https:\/\/welovecinema.be\/fr\/wp-json\/wp\/v2\/posts\/9015\/revisions"}],"wp:featuredmedia":[{"embeddable":true,"href":"https:\/\/welovecinema.be\/fr\/wp-json\/wp\/v2\/media\/9020"}],"wp:attachment":[{"href":"https:\/\/welovecinema.be\/fr\/wp-json\/wp\/v2\/media?parent=9015"}],"wp:term":[{"taxonomy":"category","embeddable":true,"href":"https:\/\/welovecinema.be\/fr\/wp-json\/wp\/v2\/categories?post=9015"},{"taxonomy":"post_tag","embeddable":true,"href":"https:\/\/welovecinema.be\/fr\/wp-json\/wp\/v2\/tags?post=9015"}],"curies":[{"name":"wp","href":"https:\/\/api.w.org\/{rel}","templated":true}]}}