{"id":8997,"date":"2011-10-01T08:14:50","date_gmt":"2011-10-01T08:14:50","guid":{"rendered":"http:\/\/www.cinevox.be\/?p=8997"},"modified":"2011-10-01T08:14:50","modified_gmt":"2011-10-01T08:14:50","slug":"vu-du-fiff-envies-et-devoir-pour-deux-de-nos-stars","status":"publish","type":"post","link":"https:\/\/welovecinema.be\/fr\/vu-du-fiff-envies-et-devoir-pour-deux-de-nos-stars\/","title":{"rendered":"Vu du FIFF  <br>Envies et devoir pour deux de nos stars"},"content":{"rendered":"<p>Apr\u00e8s <em>Les G\u00e9ants<\/em> qui ouvraient vendredi le festival et la comp\u00e9tition de la plus belle des mani\u00e8res, le FIFF accueille ce week-end deux longs m\u00e9trages de prestige qui ont en commun plusieurs particularit\u00e9s :\u00a0 ils sont fran\u00e7ais, r\u00e9alis\u00e9s par deux des artistes parmi les plus brillants, exigeants et personnels qu&rsquo;on puisse voir aujourd&rsquo;hui et (c&rsquo;est la raison de leur pr\u00e9sence sur ce site qui, s&rsquo;il n&rsquo;est pas int\u00e9griste, tient n\u00e9anmoins \u00e0 l&rsquo;orthodoxie de sa d\u00e9marche) : ils s&rsquo;appuient tous deux sur un acteur principal belge.<!--more--><\/p>\n<p><em> <\/em><\/p>\n<p>&nbsp;<\/p>\n<p><em>L&rsquo;Exercice de l&rsquo;\u00c9tat<\/em> de <strong>Pierre Schoeller<\/strong> (<em>Versailles<\/em>), que nous avons d\u00e9j\u00e0 \u00e9voqu\u00e9 ici repose en grande partie sur une prestation \u00e9tourdissante d&rsquo;<strong>Olivier Gourmet<\/strong> : charismatique, bigger than life et pourtant si humain; passionn\u00e9, mais fragile, peut-\u00eatre.<\/p>\n<p><em> <\/em><\/p>\n<p><em><a rel=\"attachment wp-att-8999\" href=\"http:\/\/www.cinevox.be\/vu-du-fiff-envies-et-devoir-pour-deux-de-nos-stars\/l-exercice-de-l-etat-2\/\"><img loading=\"lazy\" decoding=\"async\" class=\"alignright size-full wp-image-8999\" title=\"l-exercice-de-l-etat\" src=\"http:\/\/www.cinevox.be\/wp-content\/uploads\/sites\/2\/2011\/10\/l-exercice-de-l-etat1.jpg\" alt=\"\" width=\"400\" height=\"266\" \/><\/a>Toutes nos envies <\/em>de l&rsquo;incontestable <strong>Philippe Lioret<\/strong> (<em>Welcome, Je vais bien ne t&rsquo;en fais pas\u2026<\/em>), confronte \u00e0 <strong>Vincent Lindon<\/strong> une <strong>Marie Gillain<\/strong> plus touchante que jamais. Juste, sobre, d\u00e9cid\u00e9e, naturelle; terriblement \u00e9mouvante dans son refus m\u00eame de pr\u00eater le flanc \u00e0 la piti\u00e9.<\/p>\n<p>&nbsp;<\/p>\n<p>Voir ces deux acteurs qu&rsquo;on aime tant exploiter sans retenue toutes les subtilit\u00e9s de leur palette respective est un plaisir incroyable. Et s&rsquo;ils le font dans des films tr\u00e8s diff\u00e9rents on peut n\u00e9anmoins mettre en exergue quelques points communs dans leur th\u00e9matique : le sens du devoir, le rejet du fatalisme et la course contre le temps, terrible, inexorable, sans piti\u00e9.<\/p>\n<p>&nbsp;<\/p>\n<p><a rel=\"attachment wp-att-9001\" href=\"http:\/\/www.cinevox.be\/vu-du-fiff-envies-et-devoir-pour-deux-de-nos-stars\/image00071\/\"><img loading=\"lazy\" decoding=\"async\" class=\"alignleft size-medium wp-image-9001\" title=\"Image00071\" src=\"http:\/\/www.cinevox.be\/wp-content\/uploads\/sites\/2\/2011\/10\/Image00071-405x270.jpg\" alt=\"\" width=\"405\" height=\"270\" srcset=\"https:\/\/welovecinema.be\/wp-content\/uploads\/sites\/2\/2011\/10\/Image00071-405x270.jpg 405w, https:\/\/welovecinema.be\/wp-content\/uploads\/sites\/2\/2011\/10\/Image00071-800x532.jpg 800w, https:\/\/welovecinema.be\/wp-content\/uploads\/sites\/2\/2011\/10\/Image00071.jpg 1024w\" sizes=\"auto, (max-width: 405px) 100vw, 405px\" \/><\/a>Nous reviendrons sur ces deux longs m\u00e9trages majeurs lorsqu&rsquo;ils arriveront sur nos \u00e9crans, en novembre donc, mais puisqu&rsquo;ils sont tous les deux visibles \u00e0 deux reprises ce week-end dans la capitale wallonne, nous ne pouvons r\u00e9sister \u00e0 la tentation de vous en dire tout le bien que nous pensons.<\/p>\n<p>&nbsp;<\/p>\n<p>Vous pouvez lire <a href=\"http:\/\/www.cinevox.be\/?p=9015\" target=\"_blank\">ICI<\/a> notre enthousiasme sur <em>L&rsquo;Exercice de l&rsquo;\u00c9tat <\/em>notamment \u00e0 voir \u00a0samedi \u00e0 18h15 et dimanche \u00e0 15h15 au Cam\u00e9o. Et <a href=\"http:\/\/www.cinevox.be\/vu-du-fiff-marie-et-nos-envies\/\" target=\"_blank\">ICI<\/a>, la passion que nous inspire <em>Toutes nos envies<\/em> que vous d\u00e9couvrirez en primeur, samedi \u00e0 21h15, dimanche \u00e0 20h et m\u00eame lundi \u00e0 13h15 \u00e0 l&rsquo;Eldorado.<\/p>\n<p>&nbsp;<\/p>\n<p>Faites-vous plaisir, c\u00e9dez au d\u00e9sir.<\/p>\n<p>&nbsp;<\/p>\n","protected":false},"excerpt":{"rendered":"<p>Apr\u00e8s Les G\u00e9ants qui ouvraient vendredi le festival et la comp\u00e9tition de la plus belle des mani\u00e8res, le FIFF accueille ce week-end deux longs m\u00e9trages de prestige qui ont en commun plusieurs particularit\u00e9s :\u00a0 ils sont fran\u00e7ais, r\u00e9alis\u00e9s par deux des artistes parmi les plus brillants, exigeants et personnels qu&rsquo;on puisse voir aujourd&rsquo;hui et (c&rsquo;est &hellip;<\/p>\n","protected":false},"author":7,"featured_media":9003,"comment_status":"closed","ping_status":"closed","sticky":false,"template":"","format":"standard","meta":{"ngg_post_thumbnail":0,"footnotes":""},"categories":[10,7],"tags":[],"class_list":["post-8997","post","type-post","status-publish","format-standard","has-post-thumbnail","","category-a-l-affiche","category-actualites"],"yoast_head":"<!-- This site is optimized with the Yoast SEO plugin v20.4 - https:\/\/yoast.com\/wordpress\/plugins\/seo\/ -->\n<title>Vu du FIFF Envies et devoir pour deux de nos stars - We Love Cinema<\/title>\n<meta name=\"robots\" content=\"index, follow, max-snippet:-1, max-image-preview:large, max-video-preview:-1\" \/>\n<link rel=\"canonical\" href=\"https:\/\/welovecinema.be\/fr\/vu-du-fiff-envies-et-devoir-pour-deux-de-nos-stars\/\" \/>\n<meta property=\"og:locale\" content=\"fr_FR\" \/>\n<meta property=\"og:type\" content=\"article\" \/>\n<meta property=\"og:title\" content=\"Vu du FIFF Envies et devoir pour deux de nos stars - We Love Cinema\" \/>\n<meta property=\"og:description\" content=\"Apr\u00e8s Les G\u00e9ants qui ouvraient vendredi le festival et la comp\u00e9tition de la plus belle des mani\u00e8res, le FIFF accueille ce week-end deux longs m\u00e9trages de prestige qui ont en commun plusieurs particularit\u00e9s :\u00a0 ils sont fran\u00e7ais, r\u00e9alis\u00e9s par deux des artistes parmi les plus brillants, exigeants et personnels qu&rsquo;on puisse voir aujourd&rsquo;hui et (c&rsquo;est &hellip;\" \/>\n<meta property=\"og:url\" content=\"https:\/\/welovecinema.be\/fr\/vu-du-fiff-envies-et-devoir-pour-deux-de-nos-stars\/\" \/>\n<meta property=\"og:site_name\" content=\"We Love Cinema\" \/>\n<meta property=\"article:publisher\" content=\"https:\/\/www.facebook.com\/welovecinema.be\" \/>\n<meta property=\"article:published_time\" content=\"2011-10-01T08:14:50+00:00\" \/>\n<meta property=\"og:image\" content=\"https:\/\/welovecinema.be\/wp-content\/uploads\/sites\/2\/2011\/10\/logo-fiff.jpg\" \/>\n\t<meta property=\"og:image:width\" content=\"665\" \/>\n\t<meta property=\"og:image:height\" content=\"497\" \/>\n\t<meta property=\"og:image:type\" content=\"image\/jpeg\" \/>\n<meta name=\"author\" content=\"Philippe.Pierquin\" \/>\n<meta name=\"twitter:card\" content=\"summary_large_image\" \/>\n<meta name=\"twitter:label1\" content=\"\u00c9crit par\" \/>\n\t<meta name=\"twitter:data1\" content=\"Philippe.Pierquin\" \/>\n\t<meta name=\"twitter:label2\" content=\"Dur\u00e9e de lecture estim\u00e9e\" \/>\n\t<meta name=\"twitter:data2\" content=\"2 minutes\" \/>\n<script type=\"application\/ld+json\" class=\"yoast-schema-graph\">{\"@context\":\"https:\/\/schema.org\",\"@graph\":[{\"@type\":\"Article\",\"@id\":\"https:\/\/welovecinema.be\/fr\/vu-du-fiff-envies-et-devoir-pour-deux-de-nos-stars\/#article\",\"isPartOf\":{\"@id\":\"https:\/\/welovecinema.be\/fr\/vu-du-fiff-envies-et-devoir-pour-deux-de-nos-stars\/\"},\"author\":{\"name\":\"Philippe.Pierquin\",\"@id\":\"https:\/\/welovecinema.be\/nl\/#\/schema\/person\/4b9b1d857f0943453a38a7c2859ef756\"},\"headline\":\"Vu du FIFF Envies et devoir pour deux de nos stars\",\"datePublished\":\"2011-10-01T08:14:50+00:00\",\"dateModified\":\"2011-10-01T08:14:50+00:00\",\"mainEntityOfPage\":{\"@id\":\"https:\/\/welovecinema.be\/fr\/vu-du-fiff-envies-et-devoir-pour-deux-de-nos-stars\/\"},\"wordCount\":380,\"publisher\":{\"@id\":\"https:\/\/welovecinema.be\/nl\/#organization\"},\"articleSection\":[\"A l'affiche\",\"News\"],\"inLanguage\":\"fr-FR\"},{\"@type\":\"WebPage\",\"@id\":\"https:\/\/welovecinema.be\/fr\/vu-du-fiff-envies-et-devoir-pour-deux-de-nos-stars\/\",\"url\":\"https:\/\/welovecinema.be\/fr\/vu-du-fiff-envies-et-devoir-pour-deux-de-nos-stars\/\",\"name\":\"Vu du FIFF Envies et devoir pour deux de nos stars - We Love Cinema\",\"isPartOf\":{\"@id\":\"https:\/\/welovecinema.be\/nl\/#website\"},\"datePublished\":\"2011-10-01T08:14:50+00:00\",\"dateModified\":\"2011-10-01T08:14:50+00:00\",\"breadcrumb\":{\"@id\":\"https:\/\/welovecinema.be\/fr\/vu-du-fiff-envies-et-devoir-pour-deux-de-nos-stars\/#breadcrumb\"},\"inLanguage\":\"fr-FR\",\"potentialAction\":[{\"@type\":\"ReadAction\",\"target\":[\"https:\/\/welovecinema.be\/fr\/vu-du-fiff-envies-et-devoir-pour-deux-de-nos-stars\/\"]}]},{\"@type\":\"BreadcrumbList\",\"@id\":\"https:\/\/welovecinema.be\/fr\/vu-du-fiff-envies-et-devoir-pour-deux-de-nos-stars\/#breadcrumb\",\"itemListElement\":[{\"@type\":\"ListItem\",\"position\":1,\"name\":\"Accueil\",\"item\":\"https:\/\/welovecinema.be\/fr\/\"},{\"@type\":\"ListItem\",\"position\":2,\"name\":\"Vu du FIFF Envies et devoir pour deux de nos stars\"}]},{\"@type\":\"WebSite\",\"@id\":\"https:\/\/welovecinema.be\/nl\/#website\",\"url\":\"https:\/\/welovecinema.be\/nl\/\",\"name\":\"We Love Cinema\",\"description\":\"Toute l\u2019information du cin\u00e9ma en Belgique\",\"publisher\":{\"@id\":\"https:\/\/welovecinema.be\/nl\/#organization\"},\"potentialAction\":[{\"@type\":\"SearchAction\",\"target\":{\"@type\":\"EntryPoint\",\"urlTemplate\":\"https:\/\/welovecinema.be\/nl\/?s={search_term_string}\"},\"query-input\":\"required name=search_term_string\"}],\"inLanguage\":\"fr-FR\"},{\"@type\":\"Organization\",\"@id\":\"https:\/\/welovecinema.be\/nl\/#organization\",\"name\":\"We Love Cinema\",\"url\":\"https:\/\/welovecinema.be\/nl\/\",\"logo\":{\"@type\":\"ImageObject\",\"inLanguage\":\"fr-FR\",\"@id\":\"https:\/\/welovecinema.be\/nl\/#\/schema\/logo\/image\/\",\"url\":\"https:\/\/welovecinema.be\/wp-content\/uploads\/sites\/2\/2023\/03\/Logo-We-Love-Cinema305x128.jpg\",\"contentUrl\":\"https:\/\/welovecinema.be\/wp-content\/uploads\/sites\/2\/2023\/03\/Logo-We-Love-Cinema305x128.jpg\",\"width\":305,\"height\":128,\"caption\":\"We Love Cinema\"},\"image\":{\"@id\":\"https:\/\/welovecinema.be\/nl\/#\/schema\/logo\/image\/\"},\"sameAs\":[\"https:\/\/www.facebook.com\/welovecinema.be\",\"https:\/\/www.youtube.com\/channel\/UCX5LYGVhnKvYauW4Nta4HJA\",\"https:\/\/www.instagram.com\/welovecinema.be\/\"]},{\"@type\":\"Person\",\"@id\":\"https:\/\/welovecinema.be\/nl\/#\/schema\/person\/4b9b1d857f0943453a38a7c2859ef756\",\"name\":\"Philippe.Pierquin\",\"url\":\"https:\/\/welovecinema.be\/fr\/author\/philippe-pierquin\/\"}]}<\/script>\n<!-- \/ Yoast SEO plugin. -->","yoast_head_json":{"title":"Vu du FIFF Envies et devoir pour deux de nos stars - We Love Cinema","robots":{"index":"index","follow":"follow","max-snippet":"max-snippet:-1","max-image-preview":"max-image-preview:large","max-video-preview":"max-video-preview:-1"},"canonical":"https:\/\/welovecinema.be\/fr\/vu-du-fiff-envies-et-devoir-pour-deux-de-nos-stars\/","og_locale":"fr_FR","og_type":"article","og_title":"Vu du FIFF Envies et devoir pour deux de nos stars - We Love Cinema","og_description":"Apr\u00e8s Les G\u00e9ants qui ouvraient vendredi le festival et la comp\u00e9tition de la plus belle des mani\u00e8res, le FIFF accueille ce week-end deux longs m\u00e9trages de prestige qui ont en commun plusieurs particularit\u00e9s :\u00a0 ils sont fran\u00e7ais, r\u00e9alis\u00e9s par deux des artistes parmi les plus brillants, exigeants et personnels qu&rsquo;on puisse voir aujourd&rsquo;hui et (c&rsquo;est &hellip;","og_url":"https:\/\/welovecinema.be\/fr\/vu-du-fiff-envies-et-devoir-pour-deux-de-nos-stars\/","og_site_name":"We Love Cinema","article_publisher":"https:\/\/www.facebook.com\/welovecinema.be","article_published_time":"2011-10-01T08:14:50+00:00","og_image":[{"width":"665","height":"497","url":"https:\/\/welovecinema.be\/wp-content\/uploads\/sites\/2\/2011\/10\/logo-fiff.jpg","type":"image\/jpeg"}],"author":"Philippe.Pierquin","twitter_card":"summary_large_image","twitter_misc":{"\u00c9crit par":"Philippe.Pierquin","Dur\u00e9e de lecture estim\u00e9e":"2 minutes"},"schema":{"@context":"https:\/\/schema.org","@graph":[{"@type":"Article","@id":"https:\/\/welovecinema.be\/fr\/vu-du-fiff-envies-et-devoir-pour-deux-de-nos-stars\/#article","isPartOf":{"@id":"https:\/\/welovecinema.be\/fr\/vu-du-fiff-envies-et-devoir-pour-deux-de-nos-stars\/"},"author":{"name":"Philippe.Pierquin","@id":"https:\/\/welovecinema.be\/nl\/#\/schema\/person\/4b9b1d857f0943453a38a7c2859ef756"},"headline":"Vu du FIFF Envies et devoir pour deux de nos stars","datePublished":"2011-10-01T08:14:50+00:00","dateModified":"2011-10-01T08:14:50+00:00","mainEntityOfPage":{"@id":"https:\/\/welovecinema.be\/fr\/vu-du-fiff-envies-et-devoir-pour-deux-de-nos-stars\/"},"wordCount":380,"publisher":{"@id":"https:\/\/welovecinema.be\/nl\/#organization"},"articleSection":["A l'affiche","News"],"inLanguage":"fr-FR"},{"@type":"WebPage","@id":"https:\/\/welovecinema.be\/fr\/vu-du-fiff-envies-et-devoir-pour-deux-de-nos-stars\/","url":"https:\/\/welovecinema.be\/fr\/vu-du-fiff-envies-et-devoir-pour-deux-de-nos-stars\/","name":"Vu du FIFF Envies et devoir pour deux de nos stars - We Love Cinema","isPartOf":{"@id":"https:\/\/welovecinema.be\/nl\/#website"},"datePublished":"2011-10-01T08:14:50+00:00","dateModified":"2011-10-01T08:14:50+00:00","breadcrumb":{"@id":"https:\/\/welovecinema.be\/fr\/vu-du-fiff-envies-et-devoir-pour-deux-de-nos-stars\/#breadcrumb"},"inLanguage":"fr-FR","potentialAction":[{"@type":"ReadAction","target":["https:\/\/welovecinema.be\/fr\/vu-du-fiff-envies-et-devoir-pour-deux-de-nos-stars\/"]}]},{"@type":"BreadcrumbList","@id":"https:\/\/welovecinema.be\/fr\/vu-du-fiff-envies-et-devoir-pour-deux-de-nos-stars\/#breadcrumb","itemListElement":[{"@type":"ListItem","position":1,"name":"Accueil","item":"https:\/\/welovecinema.be\/fr\/"},{"@type":"ListItem","position":2,"name":"Vu du FIFF Envies et devoir pour deux de nos stars"}]},{"@type":"WebSite","@id":"https:\/\/welovecinema.be\/nl\/#website","url":"https:\/\/welovecinema.be\/nl\/","name":"We Love Cinema","description":"Toute l\u2019information du cin\u00e9ma en Belgique","publisher":{"@id":"https:\/\/welovecinema.be\/nl\/#organization"},"potentialAction":[{"@type":"SearchAction","target":{"@type":"EntryPoint","urlTemplate":"https:\/\/welovecinema.be\/nl\/?s={search_term_string}"},"query-input":"required name=search_term_string"}],"inLanguage":"fr-FR"},{"@type":"Organization","@id":"https:\/\/welovecinema.be\/nl\/#organization","name":"We Love Cinema","url":"https:\/\/welovecinema.be\/nl\/","logo":{"@type":"ImageObject","inLanguage":"fr-FR","@id":"https:\/\/welovecinema.be\/nl\/#\/schema\/logo\/image\/","url":"https:\/\/welovecinema.be\/wp-content\/uploads\/sites\/2\/2023\/03\/Logo-We-Love-Cinema305x128.jpg","contentUrl":"https:\/\/welovecinema.be\/wp-content\/uploads\/sites\/2\/2023\/03\/Logo-We-Love-Cinema305x128.jpg","width":305,"height":128,"caption":"We Love Cinema"},"image":{"@id":"https:\/\/welovecinema.be\/nl\/#\/schema\/logo\/image\/"},"sameAs":["https:\/\/www.facebook.com\/welovecinema.be","https:\/\/www.youtube.com\/channel\/UCX5LYGVhnKvYauW4Nta4HJA","https:\/\/www.instagram.com\/welovecinema.be\/"]},{"@type":"Person","@id":"https:\/\/welovecinema.be\/nl\/#\/schema\/person\/4b9b1d857f0943453a38a7c2859ef756","name":"Philippe.Pierquin","url":"https:\/\/welovecinema.be\/fr\/author\/philippe-pierquin\/"}]}},"_links":{"self":[{"href":"https:\/\/welovecinema.be\/fr\/wp-json\/wp\/v2\/posts\/8997","targetHints":{"allow":["GET"]}}],"collection":[{"href":"https:\/\/welovecinema.be\/fr\/wp-json\/wp\/v2\/posts"}],"about":[{"href":"https:\/\/welovecinema.be\/fr\/wp-json\/wp\/v2\/types\/post"}],"author":[{"embeddable":true,"href":"https:\/\/welovecinema.be\/fr\/wp-json\/wp\/v2\/users\/7"}],"replies":[{"embeddable":true,"href":"https:\/\/welovecinema.be\/fr\/wp-json\/wp\/v2\/comments?post=8997"}],"version-history":[{"count":0,"href":"https:\/\/welovecinema.be\/fr\/wp-json\/wp\/v2\/posts\/8997\/revisions"}],"wp:featuredmedia":[{"embeddable":true,"href":"https:\/\/welovecinema.be\/fr\/wp-json\/wp\/v2\/media\/9003"}],"wp:attachment":[{"href":"https:\/\/welovecinema.be\/fr\/wp-json\/wp\/v2\/media?parent=8997"}],"wp:term":[{"taxonomy":"category","embeddable":true,"href":"https:\/\/welovecinema.be\/fr\/wp-json\/wp\/v2\/categories?post=8997"},{"taxonomy":"post_tag","embeddable":true,"href":"https:\/\/welovecinema.be\/fr\/wp-json\/wp\/v2\/tags?post=8997"}],"curies":[{"name":"wp","href":"https:\/\/api.w.org\/{rel}","templated":true}]}}