{"id":89819,"date":"2016-09-15T09:58:48","date_gmt":"2016-09-15T07:58:48","guid":{"rendered":"http:\/\/www.cinevox.be\/?p=89819"},"modified":"2016-09-19T16:26:49","modified_gmt":"2016-09-19T14:26:49","slug":"89819","status":"publish","type":"post","link":"https:\/\/welovecinema.be\/fr\/89819\/","title":{"rendered":"Qui sera la star des Ensors du cin\u00e9ma flamand ?"},"content":{"rendered":"<p>Le Film festival d&rsquo;Ostende se termine ce samedi. Au menu de l&rsquo;avant \u00a0derni\u00e8re soir\u00e9e, on assistera \u00e0 la d\u00e9sormais traditionnelle\u00a0remise des Ensors du cin\u00e9ma flamand.<\/p>\n<p>&nbsp;<\/p>\n<p>Les Ensors du cin\u00e9ma flamand, ex-vlaamse filmprijzen sont l&rsquo;\u00e9quivalent flamand des Magritte du cin\u00e9ma. Ou peu s&rsquo;en faut. Contrairement \u00e0 ce qui se passe dans les autres pays, ces prix ne sont pas d\u00e9cern\u00e9s \u00e0 l\u2019issue d\u2019un vote classique en deux tours accessibles \u00e0 l\u2019ensemble de la profession, mais bien, \u00e0 la mani\u00e8re d\u2019un festival, par un jury compos\u00e9 de personnalit\u00e9s flamandes li\u00e9es d\u2019une mani\u00e8re ou d\u2019une autre au cin\u00e9ma.<\/p>\n<p>&nbsp;<\/p>\n<p>D&rsquo;Ardennen de <strong>Robin Pront <\/strong>est le grand favori de la f\u00eate avec\u00a0dix nominations. Sa r\u00e9cente d\u00e9signation pour nous repr\u00e9senter aux Oscars accentue encore son statut.<br \/>\nViennent ensuite<strong>\u00a0<\/strong><em>Belgica\u00a0de<\/em>\u00a0<strong>Felix van Groeningen<\/strong>, avec sept citations et\u00a0<em>Black\u00a0d&rsquo;<\/em><strong>Adil El Arbi<\/strong> &amp; <strong>Billal Fallah<\/strong>, avec six.<\/p>\n<p>Les Outsiders s&rsquo;appellent\u00a0<em>Problemski Hotel de\u00a0<\/em><strong>Manu Riche<\/strong> et le flamboyant\u00a0<em>Galloping Mind\u00a0de<\/em><strong>\u00a0Wim Vandekeybus<\/strong>\u00a0qui d\u00e9crochent chacun cinq nominations.<\/p>\n<p><!--more--><\/p>\n<p>Sur les 19 films pr\u00e9sents sur la ligne de d\u00e9part (un record, lire <a href=\"http:\/\/www.cinevox.be\/?p=88820\" target=\"_blank\">ICI<\/a>), seulement neuf sont ici cit\u00e9s.<\/p>\n<p>&nbsp;<\/p>\n<h1><strong>NOMINATIONS ENSORS \u00a02016<\/strong><\/h1>\n<h2>Meilleure direction artistique<\/h2>\n<p>Bart Van Loo \/ Achter de wolken<br \/>\nGeert Paredis \/ D\u2019Ardennen<br \/>\nG\u00e1bor Valcz en Seb\u0151 Ferenc \/ Galloping Mind<\/p>\n<h2>Meilleurs costumes<\/h2>\n<p>Vanessa Eva Evrard \/ Caf\u00e9 Derby<br \/>\nCath\u00e9rine Van Bree \/ D\u2019Ardennen<br \/>\nIsabelle Lhoas \/ Galloping Mind<\/p>\n<h2>Meilleur Montage<\/h2>\n<p>Nico Leunen \/ Belgica<br \/>\nAdil El Arbi en Billal Fallah \/ Black<br \/>\nDieter Diependaele \/ Galloping Mind<\/p>\n<h2>Meilleure musique<\/h2>\n<p>Hans Helewaut \/ Cafard<br \/>\nSoulwax \/ Belgica<br \/>\nGuy Cabay en Amandine Beyer \/ Problemski Hotel<\/p>\n<p>&nbsp;<\/p>\n<p><a href=\"http:\/\/www.cinevox.be\/nl\/de-grote-drie-zijn-favoriet-bij-de-ensors\/schermafbeelding-2016-02-10-om-21-27-242-800x500\/\" rel=\"attachment wp-att-89789\"><img loading=\"lazy\" decoding=\"async\" class=\"aligncenter size-full wp-image-89789\" src=\"http:\/\/www.cinevox.be\/wp-content\/uploads\/sites\/2\/2016\/08\/Schermafbeelding-2016-02-10-om-21.27.242-800x500.png\" alt=\"\" width=\"800\" height=\"500\" srcset=\"https:\/\/welovecinema.be\/wp-content\/uploads\/sites\/2\/2016\/08\/Schermafbeelding-2016-02-10-om-21.27.242-800x500.png 800w, https:\/\/welovecinema.be\/wp-content\/uploads\/sites\/2\/2016\/08\/Schermafbeelding-2016-02-10-om-21.27.242-800x500-432x270.png 432w\" sizes=\"auto, (max-width: 800px) 100vw, 800px\" \/><\/a><\/p>\n<p>&nbsp;<\/p>\n<h2>Meilleure photo<\/h2>\n<p>Robrecht Heyvaert \/ D\u2019Ardennen<br \/>\nRobrecht Heyvaert \/ Black `<br \/>\nG\u00e1bor Szab\u00f3 \/ Galloping Mind<\/p>\n<h2>Meilleur premier film<\/h2>\n<p>Emmanuel Tahon, Martha Canga Antonio, Aboubakr Bensaihi \/ Black<br \/>\nChlo\u00eb Daxhelet \/ Caf\u00e9 Derby<br \/>\nTarek Halaby en Evgenia Brendes \/ Problemski Hotel<\/p>\n<h2>Meilleur second r\u00f4le f\u00e9minin<\/h2>\n<p>Viviane De Muynck \/ D\u2019Ardennen<br \/>\nNatali Broods \/ Galloping Mind<br \/>\nH\u00e9l\u00e8ne Devos \/ Belgica<\/p>\n<h2>Meilleur second r\u00f4le masculin<\/h2>\n<p>Jan Bijvoet \/ D\u2019Ardennen<br \/>\nG\u00f6khan Girginol \/ Problemski Hotel<br \/>\nTom Van Dyck \/ Safety First<\/p>\n<p>&nbsp;<\/p>\n<p><a href=\"http:\/\/www.cinevox.be\/nl\/de-grote-drie-zijn-favoriet-bij-de-ensors\/attachment\/4035503\/\" rel=\"attachment wp-att-89792\"><img loading=\"lazy\" decoding=\"async\" class=\"aligncenter size-full wp-image-89792\" src=\"http:\/\/www.cinevox.be\/wp-content\/uploads\/sites\/2\/2016\/08\/4035503.jpg\" alt=\"\" width=\"620\" height=\"260\" srcset=\"https:\/\/welovecinema.be\/wp-content\/uploads\/sites\/2\/2016\/08\/4035503.jpg 620w, https:\/\/welovecinema.be\/wp-content\/uploads\/sites\/2\/2016\/08\/4035503-480x201.jpg 480w\" sizes=\"auto, (max-width: 620px) 100vw, 620px\" \/><\/a><\/p>\n<h2><\/h2>\n<h2>Meilleure actrice<\/h2>\n<p>Martha Canga Antonio \/ Black<br \/>\nVeerle Baetens \/ D\u2019Ardennen<br \/>\nEvgenia Brendes \/ Problemski Hotel<\/p>\n<h2>Meilleur acteur<\/h2>\n<p>Tom Vermeir\/ Belgica<br \/>\nStef Aerts \/ Belgica<br \/>\nKevin Janssens \/ D\u2019Ardennen<\/p>\n<h2>Meilleur sc\u00e9nario<\/h2>\n<p>Jan Bultheel \/ Cafard<br \/>\nRobin Pront en Jeroen Perceval \/ D\u2019Ardennen<br \/>\nSteve Hawes, Manu Riche en Dimitri Verhulst \/ Problemski Hotel<\/p>\n<h2>Meilleur r\u00e9alisateur<\/h2>\n<p>Felix van Groeningen \/ Belgica<br \/>\nRobin Pront \/ D\u2019Ardennen<br \/>\nAdil El Arbi en Billal Fallah \/ Black<\/p>\n<h2>Meilleur film<\/h2>\n<p>&lsquo;Belgica&rsquo;<br \/>\n&lsquo;Black&rsquo;<br \/>\n&lsquo;D\u2019Ardennen&rsquo;<\/p>\n<p>&nbsp;<\/p>\n<p><a href=\"http:\/\/www.cinevox.be\/nl\/de-grote-drie-zijn-favoriet-bij-de-ensors\/12301490_750803098386491_6446367715282654999_n-800x533\/\" rel=\"attachment wp-att-89791\"><img loading=\"lazy\" decoding=\"async\" class=\"aligncenter size-full wp-image-89791\" src=\"http:\/\/www.cinevox.be\/wp-content\/uploads\/sites\/2\/2016\/08\/12301490_750803098386491_6446367715282654999_n-800x533.jpg\" alt=\"\" width=\"800\" height=\"533\" srcset=\"https:\/\/welovecinema.be\/wp-content\/uploads\/sites\/2\/2016\/08\/12301490_750803098386491_6446367715282654999_n-800x533.jpg 800w, https:\/\/welovecinema.be\/wp-content\/uploads\/sites\/2\/2016\/08\/12301490_750803098386491_6446367715282654999_n-800x533-405x270.jpg 405w\" sizes=\"auto, (max-width: 800px) 100vw, 800px\" \/><\/a><\/p>\n<p>&nbsp;<\/p>\n<p>&nbsp;<\/p>\n","protected":false},"excerpt":{"rendered":"<p>Le Film festival d&rsquo;Ostende se termine ce samedi. Au menu de l&rsquo;avant \u00a0derni\u00e8re soir\u00e9e, on assistera \u00e0 la d\u00e9sormais traditionnelle\u00a0remise des Ensors du cin\u00e9ma flamand. &nbsp; Les Ensors du cin\u00e9ma flamand, ex-vlaamse filmprijzen sont l&rsquo;\u00e9quivalent flamand des Magritte du cin\u00e9ma. Ou peu s&rsquo;en faut. Contrairement \u00e0 ce qui se passe dans les autres pays, ces &hellip;<\/p>\n","protected":false},"author":7,"featured_media":89821,"comment_status":"closed","ping_status":"closed","sticky":false,"template":"","format":"standard","meta":{"ngg_post_thumbnail":0,"footnotes":""},"categories":[12,7],"tags":[],"class_list":["post-89819","post","type-post","status-publish","format-standard","has-post-thumbnail","","category-awards","category-actualites"],"yoast_head":"<!-- This site is optimized with the Yoast SEO plugin v20.4 - https:\/\/yoast.com\/wordpress\/plugins\/seo\/ -->\n<title>Qui sera la star des Ensors du cin\u00e9ma flamand ? - We Love Cinema<\/title>\n<meta name=\"robots\" content=\"index, follow, max-snippet:-1, max-image-preview:large, max-video-preview:-1\" \/>\n<link rel=\"canonical\" href=\"https:\/\/welovecinema.be\/fr\/89819\/\" \/>\n<meta property=\"og:locale\" content=\"fr_FR\" \/>\n<meta property=\"og:type\" content=\"article\" \/>\n<meta property=\"og:title\" content=\"Qui sera la star des Ensors du cin\u00e9ma flamand ? - We Love Cinema\" \/>\n<meta property=\"og:description\" content=\"Le Film festival d&rsquo;Ostende se termine ce samedi. Au menu de l&rsquo;avant \u00a0derni\u00e8re soir\u00e9e, on assistera \u00e0 la d\u00e9sormais traditionnelle\u00a0remise des Ensors du cin\u00e9ma flamand. &nbsp; Les Ensors du cin\u00e9ma flamand, ex-vlaamse filmprijzen sont l&rsquo;\u00e9quivalent flamand des Magritte du cin\u00e9ma. Ou peu s&rsquo;en faut. Contrairement \u00e0 ce qui se passe dans les autres pays, ces &hellip;\" \/>\n<meta property=\"og:url\" content=\"https:\/\/welovecinema.be\/fr\/89819\/\" \/>\n<meta property=\"og:site_name\" content=\"We Love Cinema\" \/>\n<meta property=\"article:publisher\" content=\"https:\/\/www.facebook.com\/welovecinema.be\" \/>\n<meta property=\"article:published_time\" content=\"2016-09-15T07:58:48+00:00\" \/>\n<meta property=\"article:modified_time\" content=\"2016-09-19T14:26:49+00:00\" \/>\n<meta property=\"og:image\" content=\"https:\/\/welovecinema.be\/wp-content\/uploads\/sites\/2\/2016\/08\/2813423.jpg\" \/>\n\t<meta property=\"og:image:width\" content=\"620\" \/>\n\t<meta property=\"og:image:height\" content=\"413\" \/>\n\t<meta property=\"og:image:type\" content=\"image\/jpeg\" \/>\n<meta name=\"author\" content=\"Philippe.Pierquin\" \/>\n<meta name=\"twitter:card\" content=\"summary_large_image\" \/>\n<meta name=\"twitter:label1\" content=\"\u00c9crit par\" \/>\n\t<meta name=\"twitter:data1\" content=\"Philippe.Pierquin\" \/>\n\t<meta name=\"twitter:label2\" content=\"Dur\u00e9e de lecture estim\u00e9e\" \/>\n\t<meta name=\"twitter:data2\" content=\"2 minutes\" \/>\n<script type=\"application\/ld+json\" class=\"yoast-schema-graph\">{\"@context\":\"https:\/\/schema.org\",\"@graph\":[{\"@type\":\"Article\",\"@id\":\"https:\/\/welovecinema.be\/fr\/89819\/#article\",\"isPartOf\":{\"@id\":\"https:\/\/welovecinema.be\/fr\/89819\/\"},\"author\":{\"name\":\"Philippe.Pierquin\",\"@id\":\"https:\/\/welovecinema.be\/nl\/#\/schema\/person\/4b9b1d857f0943453a38a7c2859ef756\"},\"headline\":\"Qui sera la star des Ensors du cin\u00e9ma flamand ?\",\"datePublished\":\"2016-09-15T07:58:48+00:00\",\"dateModified\":\"2016-09-19T14:26:49+00:00\",\"mainEntityOfPage\":{\"@id\":\"https:\/\/welovecinema.be\/fr\/89819\/\"},\"wordCount\":446,\"publisher\":{\"@id\":\"https:\/\/welovecinema.be\/nl\/#organization\"},\"articleSection\":[\"Evenements\",\"News\"],\"inLanguage\":\"fr-FR\"},{\"@type\":\"WebPage\",\"@id\":\"https:\/\/welovecinema.be\/fr\/89819\/\",\"url\":\"https:\/\/welovecinema.be\/fr\/89819\/\",\"name\":\"Qui sera la star des Ensors du cin\u00e9ma flamand ? - We Love Cinema\",\"isPartOf\":{\"@id\":\"https:\/\/welovecinema.be\/nl\/#website\"},\"datePublished\":\"2016-09-15T07:58:48+00:00\",\"dateModified\":\"2016-09-19T14:26:49+00:00\",\"breadcrumb\":{\"@id\":\"https:\/\/welovecinema.be\/fr\/89819\/#breadcrumb\"},\"inLanguage\":\"fr-FR\",\"potentialAction\":[{\"@type\":\"ReadAction\",\"target\":[\"https:\/\/welovecinema.be\/fr\/89819\/\"]}]},{\"@type\":\"BreadcrumbList\",\"@id\":\"https:\/\/welovecinema.be\/fr\/89819\/#breadcrumb\",\"itemListElement\":[{\"@type\":\"ListItem\",\"position\":1,\"name\":\"Accueil\",\"item\":\"https:\/\/welovecinema.be\/fr\/\"},{\"@type\":\"ListItem\",\"position\":2,\"name\":\"Qui sera la star des Ensors du cin\u00e9ma flamand ?\"}]},{\"@type\":\"WebSite\",\"@id\":\"https:\/\/welovecinema.be\/nl\/#website\",\"url\":\"https:\/\/welovecinema.be\/nl\/\",\"name\":\"We Love Cinema\",\"description\":\"Toute l\u2019information du cin\u00e9ma en Belgique\",\"publisher\":{\"@id\":\"https:\/\/welovecinema.be\/nl\/#organization\"},\"potentialAction\":[{\"@type\":\"SearchAction\",\"target\":{\"@type\":\"EntryPoint\",\"urlTemplate\":\"https:\/\/welovecinema.be\/nl\/?s={search_term_string}\"},\"query-input\":\"required name=search_term_string\"}],\"inLanguage\":\"fr-FR\"},{\"@type\":\"Organization\",\"@id\":\"https:\/\/welovecinema.be\/nl\/#organization\",\"name\":\"We Love Cinema\",\"url\":\"https:\/\/welovecinema.be\/nl\/\",\"logo\":{\"@type\":\"ImageObject\",\"inLanguage\":\"fr-FR\",\"@id\":\"https:\/\/welovecinema.be\/nl\/#\/schema\/logo\/image\/\",\"url\":\"https:\/\/welovecinema.be\/wp-content\/uploads\/sites\/2\/2023\/03\/Logo-We-Love-Cinema305x128.jpg\",\"contentUrl\":\"https:\/\/welovecinema.be\/wp-content\/uploads\/sites\/2\/2023\/03\/Logo-We-Love-Cinema305x128.jpg\",\"width\":305,\"height\":128,\"caption\":\"We Love Cinema\"},\"image\":{\"@id\":\"https:\/\/welovecinema.be\/nl\/#\/schema\/logo\/image\/\"},\"sameAs\":[\"https:\/\/www.facebook.com\/welovecinema.be\",\"https:\/\/www.youtube.com\/channel\/UCX5LYGVhnKvYauW4Nta4HJA\",\"https:\/\/www.instagram.com\/welovecinema.be\/\"]},{\"@type\":\"Person\",\"@id\":\"https:\/\/welovecinema.be\/nl\/#\/schema\/person\/4b9b1d857f0943453a38a7c2859ef756\",\"name\":\"Philippe.Pierquin\",\"url\":\"https:\/\/welovecinema.be\/fr\/author\/philippe-pierquin\/\"}]}<\/script>\n<!-- \/ Yoast SEO plugin. -->","yoast_head_json":{"title":"Qui sera la star des Ensors du cin\u00e9ma flamand ? - We Love Cinema","robots":{"index":"index","follow":"follow","max-snippet":"max-snippet:-1","max-image-preview":"max-image-preview:large","max-video-preview":"max-video-preview:-1"},"canonical":"https:\/\/welovecinema.be\/fr\/89819\/","og_locale":"fr_FR","og_type":"article","og_title":"Qui sera la star des Ensors du cin\u00e9ma flamand ? - We Love Cinema","og_description":"Le Film festival d&rsquo;Ostende se termine ce samedi. Au menu de l&rsquo;avant \u00a0derni\u00e8re soir\u00e9e, on assistera \u00e0 la d\u00e9sormais traditionnelle\u00a0remise des Ensors du cin\u00e9ma flamand. &nbsp; Les Ensors du cin\u00e9ma flamand, ex-vlaamse filmprijzen sont l&rsquo;\u00e9quivalent flamand des Magritte du cin\u00e9ma. Ou peu s&rsquo;en faut. Contrairement \u00e0 ce qui se passe dans les autres pays, ces &hellip;","og_url":"https:\/\/welovecinema.be\/fr\/89819\/","og_site_name":"We Love Cinema","article_publisher":"https:\/\/www.facebook.com\/welovecinema.be","article_published_time":"2016-09-15T07:58:48+00:00","article_modified_time":"2016-09-19T14:26:49+00:00","og_image":[{"width":620,"height":413,"url":"https:\/\/welovecinema.be\/wp-content\/uploads\/sites\/2\/2016\/08\/2813423.jpg","type":"image\/jpeg"}],"author":"Philippe.Pierquin","twitter_card":"summary_large_image","twitter_misc":{"\u00c9crit par":"Philippe.Pierquin","Dur\u00e9e de lecture estim\u00e9e":"2 minutes"},"schema":{"@context":"https:\/\/schema.org","@graph":[{"@type":"Article","@id":"https:\/\/welovecinema.be\/fr\/89819\/#article","isPartOf":{"@id":"https:\/\/welovecinema.be\/fr\/89819\/"},"author":{"name":"Philippe.Pierquin","@id":"https:\/\/welovecinema.be\/nl\/#\/schema\/person\/4b9b1d857f0943453a38a7c2859ef756"},"headline":"Qui sera la star des Ensors du cin\u00e9ma flamand ?","datePublished":"2016-09-15T07:58:48+00:00","dateModified":"2016-09-19T14:26:49+00:00","mainEntityOfPage":{"@id":"https:\/\/welovecinema.be\/fr\/89819\/"},"wordCount":446,"publisher":{"@id":"https:\/\/welovecinema.be\/nl\/#organization"},"articleSection":["Evenements","News"],"inLanguage":"fr-FR"},{"@type":"WebPage","@id":"https:\/\/welovecinema.be\/fr\/89819\/","url":"https:\/\/welovecinema.be\/fr\/89819\/","name":"Qui sera la star des Ensors du cin\u00e9ma flamand ? - We Love Cinema","isPartOf":{"@id":"https:\/\/welovecinema.be\/nl\/#website"},"datePublished":"2016-09-15T07:58:48+00:00","dateModified":"2016-09-19T14:26:49+00:00","breadcrumb":{"@id":"https:\/\/welovecinema.be\/fr\/89819\/#breadcrumb"},"inLanguage":"fr-FR","potentialAction":[{"@type":"ReadAction","target":["https:\/\/welovecinema.be\/fr\/89819\/"]}]},{"@type":"BreadcrumbList","@id":"https:\/\/welovecinema.be\/fr\/89819\/#breadcrumb","itemListElement":[{"@type":"ListItem","position":1,"name":"Accueil","item":"https:\/\/welovecinema.be\/fr\/"},{"@type":"ListItem","position":2,"name":"Qui sera la star des Ensors du cin\u00e9ma flamand ?"}]},{"@type":"WebSite","@id":"https:\/\/welovecinema.be\/nl\/#website","url":"https:\/\/welovecinema.be\/nl\/","name":"We Love Cinema","description":"Toute l\u2019information du cin\u00e9ma en Belgique","publisher":{"@id":"https:\/\/welovecinema.be\/nl\/#organization"},"potentialAction":[{"@type":"SearchAction","target":{"@type":"EntryPoint","urlTemplate":"https:\/\/welovecinema.be\/nl\/?s={search_term_string}"},"query-input":"required name=search_term_string"}],"inLanguage":"fr-FR"},{"@type":"Organization","@id":"https:\/\/welovecinema.be\/nl\/#organization","name":"We Love Cinema","url":"https:\/\/welovecinema.be\/nl\/","logo":{"@type":"ImageObject","inLanguage":"fr-FR","@id":"https:\/\/welovecinema.be\/nl\/#\/schema\/logo\/image\/","url":"https:\/\/welovecinema.be\/wp-content\/uploads\/sites\/2\/2023\/03\/Logo-We-Love-Cinema305x128.jpg","contentUrl":"https:\/\/welovecinema.be\/wp-content\/uploads\/sites\/2\/2023\/03\/Logo-We-Love-Cinema305x128.jpg","width":305,"height":128,"caption":"We Love Cinema"},"image":{"@id":"https:\/\/welovecinema.be\/nl\/#\/schema\/logo\/image\/"},"sameAs":["https:\/\/www.facebook.com\/welovecinema.be","https:\/\/www.youtube.com\/channel\/UCX5LYGVhnKvYauW4Nta4HJA","https:\/\/www.instagram.com\/welovecinema.be\/"]},{"@type":"Person","@id":"https:\/\/welovecinema.be\/nl\/#\/schema\/person\/4b9b1d857f0943453a38a7c2859ef756","name":"Philippe.Pierquin","url":"https:\/\/welovecinema.be\/fr\/author\/philippe-pierquin\/"}]}},"_links":{"self":[{"href":"https:\/\/welovecinema.be\/fr\/wp-json\/wp\/v2\/posts\/89819","targetHints":{"allow":["GET"]}}],"collection":[{"href":"https:\/\/welovecinema.be\/fr\/wp-json\/wp\/v2\/posts"}],"about":[{"href":"https:\/\/welovecinema.be\/fr\/wp-json\/wp\/v2\/types\/post"}],"author":[{"embeddable":true,"href":"https:\/\/welovecinema.be\/fr\/wp-json\/wp\/v2\/users\/7"}],"replies":[{"embeddable":true,"href":"https:\/\/welovecinema.be\/fr\/wp-json\/wp\/v2\/comments?post=89819"}],"version-history":[{"count":0,"href":"https:\/\/welovecinema.be\/fr\/wp-json\/wp\/v2\/posts\/89819\/revisions"}],"wp:featuredmedia":[{"embeddable":true,"href":"https:\/\/welovecinema.be\/fr\/wp-json\/wp\/v2\/media\/89821"}],"wp:attachment":[{"href":"https:\/\/welovecinema.be\/fr\/wp-json\/wp\/v2\/media?parent=89819"}],"wp:term":[{"taxonomy":"category","embeddable":true,"href":"https:\/\/welovecinema.be\/fr\/wp-json\/wp\/v2\/categories?post=89819"},{"taxonomy":"post_tag","embeddable":true,"href":"https:\/\/welovecinema.be\/fr\/wp-json\/wp\/v2\/tags?post=89819"}],"curies":[{"name":"wp","href":"https:\/\/api.w.org\/{rel}","templated":true}]}}