{"id":89812,"date":"2016-08-08T11:31:26","date_gmt":"2016-08-08T09:31:26","guid":{"rendered":"http:\/\/www.cinevox.be\/?p=89812"},"modified":"2017-05-16T19:48:49","modified_gmt":"2017-05-16T17:48:49","slug":"89812","status":"publish","type":"post","link":"https:\/\/welovecinema.be\/fr\/89812\/","title":{"rendered":"Fallow remporte TROIS prix au Portugal"},"content":{"rendered":"<p>Le film <em>BRAK<\/em> (<em>Fallow<\/em>) du cin\u00e9aste belge Laurent Van Lancker vient de remporter trois r\u00e9compenses lors du festival AVANCA au Portugal\u00a0:<!--more--><br \/>\n<strong>Mention sp\u00e9ciale du Jury<\/strong><br \/>\n<strong>Prix de la meilleure interpr\u00e9tation<\/strong> <strong>masculine<\/strong> pour Tibo Vandenborre<br \/>\n<strong>Prix de la meilleure image<\/strong> pour Laurens De Geyter<br \/>\nLe jury international \u00e9tait compos\u00e9 de Lu\u00eds Oliveira Santos (Portugal), Abu Shahed Emon (Bangladesh), Malte Wandel (Allemagne), Moghadaseh Rouhi (Iran) et Javi Navarro (Espagne).<\/p>\n<p>Esth\u00e9tiquement \u00e9tonnant, Fallow\u00a0est bas\u00e9 sur le roman \u00ab\u00a0De Ontelbaren\u00a0\u00bb de Elvis Peeters. Ce premier film de fiction du documentariste belge <strong>Laurent Van Lancker <\/strong>m\u00e9lange des r\u00e9alit\u00e9s contemporaines avec des pr\u00e9dictions d\u2019un possible futur proche.<\/p>\n<p>Film\u00e9 dans des situations r\u00e9elles, dans les camps de r\u00e9fugi\u00e9s (Calais, Eglise du B\u00e9guinage) et dans le village abandonn\u00e9 de Doel (Belgique), <em>BRAK<\/em> r\u00e9unit dans les r\u00f4les principaux <strong>Tibo Vandenborre<\/strong>(<em>Rundskop<\/em>), <strong>Aurora Marion<\/strong> (<em>La folie Almayer<\/em>) et <strong>Sam Louwyck<\/strong> (<em>Anyway the wind blows)<\/em>.<\/p>\n<p>&nbsp;<\/p>\n<p><a href=\"http:\/\/www.cinevox.be\/wp-content\/uploads\/sites\/2\/2016\/08\/15-1263_gallery_2.jpg\"><img loading=\"lazy\" decoding=\"async\" class=\"aligncenter size-large wp-image-89813\" src=\"http:\/\/www.cinevox.be\/wp-content\/uploads\/sites\/2\/2016\/08\/15-1263_gallery_2-800x432.jpg\" alt=\"\" width=\"640\" height=\"345\" srcset=\"https:\/\/welovecinema.be\/wp-content\/uploads\/sites\/2\/2016\/08\/15-1263_gallery_2-800x432.jpg 800w, https:\/\/welovecinema.be\/wp-content\/uploads\/sites\/2\/2016\/08\/15-1263_gallery_2-480x259.jpg 480w, https:\/\/welovecinema.be\/wp-content\/uploads\/sites\/2\/2016\/08\/15-1263_gallery_2.jpg 900w\" sizes=\"auto, (max-width: 640px) 100vw, 640px\" \/><\/a><\/p>\n<p>&nbsp;<\/p>\n<p>&nbsp;<\/p>\n<p>Produit par Polymorfilms, Fallow sortira dans les salles belges le 14 septembre prochain. Il\u00a0a \u00e9t\u00e9 pr\u00e9sent\u00e9 en avant-premi\u00e8re \u00e0 Bruxelles lors de la derni\u00e8re \u00e9dition du Be Film festival.<\/p>\n<p><span style=\"text-decoration: underline;\">Synopsis<\/span>\u00a0: Forteresse Europe s\u2019est \u00e9croul\u00e9e. Les Nord-Europ\u00e9ens sont contraints d\u2019\u00e9migrer. Lucas, un homme issu de la classe moyenne, se retrouve bloqu\u00e9 dans un village c\u00f4tier \u00e0 la recherche d\u2019une travers\u00e9e vers un ailleurs prometteur.\u00a0 A travers les difficult\u00e9s et les dilemmes auxquels il est confront\u00e9s, BRAK sonde dans quelle mesure la fin justifie les moyens, et quel prix qu\u2019on est pr\u00eat \u00e0 payer pour tenter la travers\u00e9e.<\/p>\n<p><span style=\"color: #000000;\"><b>R\u00c9ALISATION<\/b><\/span>\u00a0Laurent Van Lancker<br \/>\n<span style=\"color: #000000;\"><b>SC\u00c9NARIO<\/b><\/span>\u00a0Elvis Peeters &amp;\u00a0Laurent Van Lancker, inspir\u00e9 du roman \u2018De Ontelbaren\u2019 d\u2019Elvis Peeters<br \/>\n<strong>CAST<\/strong>\u00a0Tibo Vandenborre &#8211; Aurora Marion &#8211; Sam Louwyck<br \/>\n<strong>PRODUCTION<\/strong>\u00a0Polymorfilms<br \/>\n<strong>AVEC LE SOUTIEN DU <\/strong>Vlaams Audiovisueel Fonds (VAF) &amp; Podium<br \/>\n<strong>LANGUE<\/strong>\u00a0Fran\u00e7ais\/Anglais\/<wbr \/>N\u00e9erlandais, sous-titr\u00e9 bilingue FR\/NL<\/p>\n<p>&nbsp;<\/p>\n<p>Pour plus d&rsquo;infos :\u00a020<sup>e<\/sup> AVANCA FILM FESTIVAL 2016\u00a0: <a href=\"http:\/\/theprfactory.us11.list-manage1.com\/track\/click?u=8da63fad89fc5659a745c6403&amp;id=4b95286b53&amp;e=0f70043023\" target=\"_blank\" data-saferedirecturl=\"https:\/\/www.google.com\/url?hl=fr&amp;q=http:\/\/theprfactory.us11.list-manage1.com\/track\/click?u%3D8da63fad89fc5659a745c6403%26id%3D4b95286b53%26e%3D0f70043023&amp;source=gmail&amp;ust=1470734806919000&amp;usg=AFQjCNHyCKwx79uzcu1BH2NiadoWSUU3CQ\">website<\/a>\u00a0&#8211; <a href=\"http:\/\/theprfactory.us11.list-manage.com\/track\/click?u=8da63fad89fc5659a745c6403&amp;id=de07641379&amp;e=0f70043023\" target=\"_blank\" data-saferedirecturl=\"https:\/\/www.google.com\/url?hl=fr&amp;q=http:\/\/theprfactory.us11.list-manage.com\/track\/click?u%3D8da63fad89fc5659a745c6403%26id%3Dde07641379%26e%3D0f70043023&amp;source=gmail&amp;ust=1470734806919000&amp;usg=AFQjCNHzQzLtF5J69lKO-W51G_cWRoBiHQ\">blog palmares<\/a>\u00a0&#8211; <a href=\"http:\/\/theprfactory.us11.list-manage.com\/track\/click?u=8da63fad89fc5659a745c6403&amp;id=8721fae1fb&amp;e=0f70043023\" target=\"_blank\" data-saferedirecturl=\"https:\/\/www.google.com\/url?hl=fr&amp;q=http:\/\/theprfactory.us11.list-manage.com\/track\/click?u%3D8da63fad89fc5659a745c6403%26id%3D8721fae1fb%26e%3D0f70043023&amp;source=gmail&amp;ust=1470734806919000&amp;usg=AFQjCNFYDsBJD28qfJL2rtC0KDodl30XAw\">facebook<\/a><\/p>\n","protected":false},"excerpt":{"rendered":"<p>Le film BRAK (Fallow) du cin\u00e9aste belge Laurent Van Lancker vient de remporter trois r\u00e9compenses lors du festival AVANCA au Portugal\u00a0:<\/p>\n","protected":false},"author":7,"featured_media":89815,"comment_status":"closed","ping_status":"closed","sticky":false,"template":"","format":"standard","meta":{"ngg_post_thumbnail":0,"footnotes":""},"categories":[12],"tags":[],"class_list":["post-89812","post","type-post","status-publish","format-standard","has-post-thumbnail","","category-awards"],"yoast_head":"<!-- This site is optimized with the Yoast SEO plugin v20.4 - https:\/\/yoast.com\/wordpress\/plugins\/seo\/ -->\n<title>Fallow remporte TROIS prix au Portugal - We Love Cinema<\/title>\n<meta name=\"robots\" content=\"index, follow, max-snippet:-1, max-image-preview:large, max-video-preview:-1\" \/>\n<link rel=\"canonical\" href=\"https:\/\/welovecinema.be\/fr\/89812\/\" \/>\n<meta property=\"og:locale\" content=\"fr_FR\" \/>\n<meta property=\"og:type\" content=\"article\" \/>\n<meta property=\"og:title\" content=\"Fallow remporte TROIS prix au Portugal - We Love Cinema\" \/>\n<meta property=\"og:description\" content=\"Le film BRAK (Fallow) du cin\u00e9aste belge Laurent Van Lancker vient de remporter trois r\u00e9compenses lors du festival AVANCA au Portugal\u00a0:\" \/>\n<meta property=\"og:url\" content=\"https:\/\/welovecinema.be\/fr\/89812\/\" \/>\n<meta property=\"og:site_name\" content=\"We Love Cinema\" \/>\n<meta property=\"article:publisher\" content=\"https:\/\/www.facebook.com\/welovecinema.be\" \/>\n<meta property=\"article:published_time\" content=\"2016-08-08T09:31:26+00:00\" \/>\n<meta property=\"article:modified_time\" content=\"2017-05-16T17:48:49+00:00\" \/>\n<meta property=\"og:image\" content=\"https:\/\/welovecinema.be\/wp-content\/uploads\/sites\/2\/2016\/08\/15-1263_gallery_1.jpg\" \/>\n\t<meta property=\"og:image:width\" content=\"900\" \/>\n\t<meta property=\"og:image:height\" content=\"487\" \/>\n\t<meta property=\"og:image:type\" content=\"image\/jpeg\" \/>\n<meta name=\"author\" content=\"Philippe.Pierquin\" \/>\n<meta name=\"twitter:card\" content=\"summary_large_image\" \/>\n<meta name=\"twitter:label1\" content=\"\u00c9crit par\" \/>\n\t<meta name=\"twitter:data1\" content=\"Philippe.Pierquin\" \/>\n\t<meta name=\"twitter:label2\" content=\"Dur\u00e9e de lecture estim\u00e9e\" \/>\n\t<meta name=\"twitter:data2\" content=\"2 minutes\" \/>\n<script type=\"application\/ld+json\" class=\"yoast-schema-graph\">{\"@context\":\"https:\/\/schema.org\",\"@graph\":[{\"@type\":\"Article\",\"@id\":\"https:\/\/welovecinema.be\/fr\/89812\/#article\",\"isPartOf\":{\"@id\":\"https:\/\/welovecinema.be\/fr\/89812\/\"},\"author\":{\"name\":\"Philippe.Pierquin\",\"@id\":\"https:\/\/welovecinema.be\/nl\/#\/schema\/person\/4b9b1d857f0943453a38a7c2859ef756\"},\"headline\":\"Fallow remporte TROIS prix au Portugal\",\"datePublished\":\"2016-08-08T09:31:26+00:00\",\"dateModified\":\"2017-05-16T17:48:49+00:00\",\"mainEntityOfPage\":{\"@id\":\"https:\/\/welovecinema.be\/fr\/89812\/\"},\"wordCount\":346,\"publisher\":{\"@id\":\"https:\/\/welovecinema.be\/nl\/#organization\"},\"articleSection\":[\"Evenements\"],\"inLanguage\":\"fr-FR\"},{\"@type\":\"WebPage\",\"@id\":\"https:\/\/welovecinema.be\/fr\/89812\/\",\"url\":\"https:\/\/welovecinema.be\/fr\/89812\/\",\"name\":\"Fallow remporte TROIS prix au Portugal - We Love Cinema\",\"isPartOf\":{\"@id\":\"https:\/\/welovecinema.be\/nl\/#website\"},\"datePublished\":\"2016-08-08T09:31:26+00:00\",\"dateModified\":\"2017-05-16T17:48:49+00:00\",\"breadcrumb\":{\"@id\":\"https:\/\/welovecinema.be\/fr\/89812\/#breadcrumb\"},\"inLanguage\":\"fr-FR\",\"potentialAction\":[{\"@type\":\"ReadAction\",\"target\":[\"https:\/\/welovecinema.be\/fr\/89812\/\"]}]},{\"@type\":\"BreadcrumbList\",\"@id\":\"https:\/\/welovecinema.be\/fr\/89812\/#breadcrumb\",\"itemListElement\":[{\"@type\":\"ListItem\",\"position\":1,\"name\":\"Accueil\",\"item\":\"https:\/\/welovecinema.be\/fr\/\"},{\"@type\":\"ListItem\",\"position\":2,\"name\":\"Fallow remporte TROIS prix au Portugal\"}]},{\"@type\":\"WebSite\",\"@id\":\"https:\/\/welovecinema.be\/nl\/#website\",\"url\":\"https:\/\/welovecinema.be\/nl\/\",\"name\":\"We Love Cinema\",\"description\":\"Toute l\u2019information du cin\u00e9ma en Belgique\",\"publisher\":{\"@id\":\"https:\/\/welovecinema.be\/nl\/#organization\"},\"potentialAction\":[{\"@type\":\"SearchAction\",\"target\":{\"@type\":\"EntryPoint\",\"urlTemplate\":\"https:\/\/welovecinema.be\/nl\/?s={search_term_string}\"},\"query-input\":\"required name=search_term_string\"}],\"inLanguage\":\"fr-FR\"},{\"@type\":\"Organization\",\"@id\":\"https:\/\/welovecinema.be\/nl\/#organization\",\"name\":\"We Love Cinema\",\"url\":\"https:\/\/welovecinema.be\/nl\/\",\"logo\":{\"@type\":\"ImageObject\",\"inLanguage\":\"fr-FR\",\"@id\":\"https:\/\/welovecinema.be\/nl\/#\/schema\/logo\/image\/\",\"url\":\"https:\/\/welovecinema.be\/wp-content\/uploads\/sites\/2\/2023\/03\/Logo-We-Love-Cinema305x128.jpg\",\"contentUrl\":\"https:\/\/welovecinema.be\/wp-content\/uploads\/sites\/2\/2023\/03\/Logo-We-Love-Cinema305x128.jpg\",\"width\":305,\"height\":128,\"caption\":\"We Love Cinema\"},\"image\":{\"@id\":\"https:\/\/welovecinema.be\/nl\/#\/schema\/logo\/image\/\"},\"sameAs\":[\"https:\/\/www.facebook.com\/welovecinema.be\",\"https:\/\/www.youtube.com\/channel\/UCX5LYGVhnKvYauW4Nta4HJA\",\"https:\/\/www.instagram.com\/welovecinema.be\/\"]},{\"@type\":\"Person\",\"@id\":\"https:\/\/welovecinema.be\/nl\/#\/schema\/person\/4b9b1d857f0943453a38a7c2859ef756\",\"name\":\"Philippe.Pierquin\",\"url\":\"https:\/\/welovecinema.be\/fr\/author\/philippe-pierquin\/\"}]}<\/script>\n<!-- \/ Yoast SEO plugin. -->","yoast_head_json":{"title":"Fallow remporte TROIS prix au Portugal - We Love Cinema","robots":{"index":"index","follow":"follow","max-snippet":"max-snippet:-1","max-image-preview":"max-image-preview:large","max-video-preview":"max-video-preview:-1"},"canonical":"https:\/\/welovecinema.be\/fr\/89812\/","og_locale":"fr_FR","og_type":"article","og_title":"Fallow remporte TROIS prix au Portugal - We Love Cinema","og_description":"Le film BRAK (Fallow) du cin\u00e9aste belge Laurent Van Lancker vient de remporter trois r\u00e9compenses lors du festival AVANCA au Portugal\u00a0:","og_url":"https:\/\/welovecinema.be\/fr\/89812\/","og_site_name":"We Love Cinema","article_publisher":"https:\/\/www.facebook.com\/welovecinema.be","article_published_time":"2016-08-08T09:31:26+00:00","article_modified_time":"2017-05-16T17:48:49+00:00","og_image":[{"width":900,"height":487,"url":"https:\/\/welovecinema.be\/wp-content\/uploads\/sites\/2\/2016\/08\/15-1263_gallery_1.jpg","type":"image\/jpeg"}],"author":"Philippe.Pierquin","twitter_card":"summary_large_image","twitter_misc":{"\u00c9crit par":"Philippe.Pierquin","Dur\u00e9e de lecture estim\u00e9e":"2 minutes"},"schema":{"@context":"https:\/\/schema.org","@graph":[{"@type":"Article","@id":"https:\/\/welovecinema.be\/fr\/89812\/#article","isPartOf":{"@id":"https:\/\/welovecinema.be\/fr\/89812\/"},"author":{"name":"Philippe.Pierquin","@id":"https:\/\/welovecinema.be\/nl\/#\/schema\/person\/4b9b1d857f0943453a38a7c2859ef756"},"headline":"Fallow remporte TROIS prix au Portugal","datePublished":"2016-08-08T09:31:26+00:00","dateModified":"2017-05-16T17:48:49+00:00","mainEntityOfPage":{"@id":"https:\/\/welovecinema.be\/fr\/89812\/"},"wordCount":346,"publisher":{"@id":"https:\/\/welovecinema.be\/nl\/#organization"},"articleSection":["Evenements"],"inLanguage":"fr-FR"},{"@type":"WebPage","@id":"https:\/\/welovecinema.be\/fr\/89812\/","url":"https:\/\/welovecinema.be\/fr\/89812\/","name":"Fallow remporte TROIS prix au Portugal - We Love Cinema","isPartOf":{"@id":"https:\/\/welovecinema.be\/nl\/#website"},"datePublished":"2016-08-08T09:31:26+00:00","dateModified":"2017-05-16T17:48:49+00:00","breadcrumb":{"@id":"https:\/\/welovecinema.be\/fr\/89812\/#breadcrumb"},"inLanguage":"fr-FR","potentialAction":[{"@type":"ReadAction","target":["https:\/\/welovecinema.be\/fr\/89812\/"]}]},{"@type":"BreadcrumbList","@id":"https:\/\/welovecinema.be\/fr\/89812\/#breadcrumb","itemListElement":[{"@type":"ListItem","position":1,"name":"Accueil","item":"https:\/\/welovecinema.be\/fr\/"},{"@type":"ListItem","position":2,"name":"Fallow remporte TROIS prix au Portugal"}]},{"@type":"WebSite","@id":"https:\/\/welovecinema.be\/nl\/#website","url":"https:\/\/welovecinema.be\/nl\/","name":"We Love Cinema","description":"Toute l\u2019information du cin\u00e9ma en Belgique","publisher":{"@id":"https:\/\/welovecinema.be\/nl\/#organization"},"potentialAction":[{"@type":"SearchAction","target":{"@type":"EntryPoint","urlTemplate":"https:\/\/welovecinema.be\/nl\/?s={search_term_string}"},"query-input":"required name=search_term_string"}],"inLanguage":"fr-FR"},{"@type":"Organization","@id":"https:\/\/welovecinema.be\/nl\/#organization","name":"We Love Cinema","url":"https:\/\/welovecinema.be\/nl\/","logo":{"@type":"ImageObject","inLanguage":"fr-FR","@id":"https:\/\/welovecinema.be\/nl\/#\/schema\/logo\/image\/","url":"https:\/\/welovecinema.be\/wp-content\/uploads\/sites\/2\/2023\/03\/Logo-We-Love-Cinema305x128.jpg","contentUrl":"https:\/\/welovecinema.be\/wp-content\/uploads\/sites\/2\/2023\/03\/Logo-We-Love-Cinema305x128.jpg","width":305,"height":128,"caption":"We Love Cinema"},"image":{"@id":"https:\/\/welovecinema.be\/nl\/#\/schema\/logo\/image\/"},"sameAs":["https:\/\/www.facebook.com\/welovecinema.be","https:\/\/www.youtube.com\/channel\/UCX5LYGVhnKvYauW4Nta4HJA","https:\/\/www.instagram.com\/welovecinema.be\/"]},{"@type":"Person","@id":"https:\/\/welovecinema.be\/nl\/#\/schema\/person\/4b9b1d857f0943453a38a7c2859ef756","name":"Philippe.Pierquin","url":"https:\/\/welovecinema.be\/fr\/author\/philippe-pierquin\/"}]}},"_links":{"self":[{"href":"https:\/\/welovecinema.be\/fr\/wp-json\/wp\/v2\/posts\/89812","targetHints":{"allow":["GET"]}}],"collection":[{"href":"https:\/\/welovecinema.be\/fr\/wp-json\/wp\/v2\/posts"}],"about":[{"href":"https:\/\/welovecinema.be\/fr\/wp-json\/wp\/v2\/types\/post"}],"author":[{"embeddable":true,"href":"https:\/\/welovecinema.be\/fr\/wp-json\/wp\/v2\/users\/7"}],"replies":[{"embeddable":true,"href":"https:\/\/welovecinema.be\/fr\/wp-json\/wp\/v2\/comments?post=89812"}],"version-history":[{"count":0,"href":"https:\/\/welovecinema.be\/fr\/wp-json\/wp\/v2\/posts\/89812\/revisions"}],"wp:featuredmedia":[{"embeddable":true,"href":"https:\/\/welovecinema.be\/fr\/wp-json\/wp\/v2\/media\/89815"}],"wp:attachment":[{"href":"https:\/\/welovecinema.be\/fr\/wp-json\/wp\/v2\/media?parent=89812"}],"wp:term":[{"taxonomy":"category","embeddable":true,"href":"https:\/\/welovecinema.be\/fr\/wp-json\/wp\/v2\/categories?post=89812"},{"taxonomy":"post_tag","embeddable":true,"href":"https:\/\/welovecinema.be\/fr\/wp-json\/wp\/v2\/tags?post=89812"}],"curies":[{"name":"wp","href":"https:\/\/api.w.org\/{rel}","templated":true}]}}