{"id":89626,"date":"2016-07-29T07:57:12","date_gmt":"2016-07-29T05:57:12","guid":{"rendered":"http:\/\/www.cinevox.be\/?p=89626"},"modified":"2017-05-16T19:48:52","modified_gmt":"2017-05-16T17:48:52","slug":"souvenir-de-toronto","status":"publish","type":"post","link":"https:\/\/welovecinema.be\/fr\/souvenir-de-toronto\/","title":{"rendered":"Souvenir de Toronto"},"content":{"rendered":"<p><em>Souvenir<\/em>, le second long m\u00e9trage de Bavo Defurne avec\u00a0Isabelle Huppert\u00a0dans le r\u00f4le principal, sera pr\u00e9sent\u00e9 en premi\u00e8re nord-am\u00e9ricaine au festival International du Film de Toronto (8-18 septembre) apr\u00e8s une premi\u00e8re mondiale \u00e0 Angoul\u00eame fin ao\u00fbt.<br \/>\n<!--more--><\/p>\n<p>&nbsp;<\/p>\n<p>&nbsp;<\/p>\n<p>&lsquo;Nous avons \u0153uvr\u00e9 pendant des mois dans des studios obscurs et nous pouvons enfin pr\u00e9senter le r\u00e9sultat au public au milieu des meilleurs films du monde entier,&rsquo; explique Bavo Defurne dont le premier long m\u00e9trage,\u00a0<em>Noordzee, Texas<\/em>\u00a0est sorti il y a quelques ann\u00e9es.\u00a0&lsquo;Toronto est le deuxi\u00e8me festival le plus prestigieux au monde et le plus grand d\u2019Am\u00e9rique du Nord. Je tiens surtout \u00e0 remercier mon producteur Yves Verbraeken. Il m\u2019a soutenu d\u00e8s les premi\u00e8res heures pour monter ce projet international ambitieux et je suis ravi que cette s\u00e9lection lui donne raison.&rsquo;<\/p>\n<p>&nbsp;<\/p>\n<p><a href=\"http:\/\/www.cinevox.be\/wp-content\/uploads\/sites\/2\/2016\/07\/3-1.jpg\"><img loading=\"lazy\" decoding=\"async\" class=\"aligncenter size-full wp-image-89627\" src=\"http:\/\/www.cinevox.be\/wp-content\/uploads\/sites\/2\/2016\/07\/3-1.jpg\" alt=\"\" width=\"720\" height=\"280\" srcset=\"https:\/\/welovecinema.be\/wp-content\/uploads\/sites\/2\/2016\/07\/3-1.jpg 720w, https:\/\/welovecinema.be\/wp-content\/uploads\/sites\/2\/2016\/07\/3-1-480x186.jpg 480w\" sizes=\"auto, (max-width: 720px) 100vw, 720px\" \/><\/a><\/p>\n<p>&nbsp;<\/p>\n<p>Le film est \u00e9galement produit en Belgique par les Li\u00e9geois de Frakas qui placent&#8230; quatre films au festival. Jolie performance !<\/p>\n<p>Dans\u00a0<em>Souvenir<\/em>, Isabelle Huppert incarne\u00a0Liliane. Sous le pseudonyme de &lsquo;Laura&rsquo; elle a connu la gloire et a m\u00eame particip\u00e9 \u00e0 l\u2019European Song Contest avant de sombrer dans l\u2019oubli. Elle vit une existence recluse dans un petit appartement rempli de reliques de son pass\u00e9 et travaille dans une petite usine de p\u00e2t\u00e9 o\u00f9 son job est d\u2019ajouter les feuilles de laurier au produit fini. C\u2019est l\u00e0 qu\u2019elle rencontre un jeune boxeur, Jean, 22 ans, qui va la convaincre de faire un come-back.<\/p>\n<p>&nbsp;<\/p>\n<p><a href=\"http:\/\/www.cinevox.be\/wp-content\/uploads\/sites\/2\/2016\/07\/21.jpg\"><img loading=\"lazy\" decoding=\"async\" class=\"aligncenter size-full wp-image-89628\" src=\"http:\/\/www.cinevox.be\/wp-content\/uploads\/sites\/2\/2016\/07\/21.jpg\" alt=\"\" width=\"720\" height=\"280\" srcset=\"https:\/\/welovecinema.be\/wp-content\/uploads\/sites\/2\/2016\/07\/21.jpg 720w, https:\/\/welovecinema.be\/wp-content\/uploads\/sites\/2\/2016\/07\/21-480x186.jpg 480w\" sizes=\"auto, (max-width: 720px) 100vw, 720px\" \/><\/a><\/p>\n<p>&nbsp;<\/p>\n<p>Aux c\u00f4t\u00e9s d\u2019Isabelle Huppert, on retrouvera notamment K\u00e9vin Aza\u00efs et\u00a0Johan Leysen. L\u2019image est sign\u00e9e Philippe Guilbert et le montage Sophie Vercruysse. Le groupe am\u00e9ricain Pink Martini a compos\u00e9 la musique.<\/p>\n","protected":false},"excerpt":{"rendered":"<p>Souvenir, le second long m\u00e9trage de Bavo Defurne avec\u00a0Isabelle Huppert\u00a0dans le r\u00f4le principal, sera pr\u00e9sent\u00e9 en premi\u00e8re nord-am\u00e9ricaine au festival International du Film de Toronto (8-18 septembre) apr\u00e8s une premi\u00e8re mondiale \u00e0 Angoul\u00eame fin ao\u00fbt.<\/p>\n","protected":false},"author":7,"featured_media":89630,"comment_status":"closed","ping_status":"closed","sticky":false,"template":"","format":"standard","meta":{"ngg_post_thumbnail":0,"footnotes":""},"categories":[12,7],"tags":[],"class_list":["post-89626","post","type-post","status-publish","format-standard","has-post-thumbnail","","category-awards","category-actualites"],"yoast_head":"<!-- This site is optimized with the Yoast SEO plugin v20.4 - https:\/\/yoast.com\/wordpress\/plugins\/seo\/ -->\n<title>Souvenir de Toronto - We Love Cinema<\/title>\n<meta name=\"robots\" content=\"index, follow, max-snippet:-1, max-image-preview:large, max-video-preview:-1\" \/>\n<link rel=\"canonical\" href=\"https:\/\/welovecinema.be\/fr\/souvenir-de-toronto\/\" \/>\n<meta property=\"og:locale\" content=\"fr_FR\" \/>\n<meta property=\"og:type\" content=\"article\" \/>\n<meta property=\"og:title\" content=\"Souvenir de Toronto - We Love Cinema\" \/>\n<meta property=\"og:description\" content=\"Souvenir, le second long m\u00e9trage de Bavo Defurne avec\u00a0Isabelle Huppert\u00a0dans le r\u00f4le principal, sera pr\u00e9sent\u00e9 en premi\u00e8re nord-am\u00e9ricaine au festival International du Film de Toronto (8-18 septembre) apr\u00e8s une premi\u00e8re mondiale \u00e0 Angoul\u00eame fin ao\u00fbt.\" \/>\n<meta property=\"og:url\" content=\"https:\/\/welovecinema.be\/fr\/souvenir-de-toronto\/\" \/>\n<meta property=\"og:site_name\" content=\"We Love Cinema\" \/>\n<meta property=\"article:publisher\" content=\"https:\/\/www.facebook.com\/welovecinema.be\" \/>\n<meta property=\"article:published_time\" content=\"2016-07-29T05:57:12+00:00\" \/>\n<meta property=\"article:modified_time\" content=\"2017-05-16T17:48:52+00:00\" \/>\n<meta property=\"og:image\" content=\"https:\/\/welovecinema.be\/wp-content\/uploads\/sites\/2\/2010\/07\/14.jpg\" \/>\n\t<meta property=\"og:image:width\" content=\"720\" \/>\n\t<meta property=\"og:image:height\" content=\"280\" \/>\n\t<meta property=\"og:image:type\" content=\"image\/jpeg\" \/>\n<meta name=\"author\" content=\"Philippe.Pierquin\" \/>\n<meta name=\"twitter:card\" content=\"summary_large_image\" \/>\n<meta name=\"twitter:label1\" content=\"\u00c9crit par\" \/>\n\t<meta name=\"twitter:data1\" content=\"Philippe.Pierquin\" \/>\n\t<meta name=\"twitter:label2\" content=\"Dur\u00e9e de lecture estim\u00e9e\" \/>\n\t<meta name=\"twitter:data2\" content=\"2 minutes\" \/>\n<script type=\"application\/ld+json\" class=\"yoast-schema-graph\">{\"@context\":\"https:\/\/schema.org\",\"@graph\":[{\"@type\":\"Article\",\"@id\":\"https:\/\/welovecinema.be\/fr\/souvenir-de-toronto\/#article\",\"isPartOf\":{\"@id\":\"https:\/\/welovecinema.be\/fr\/souvenir-de-toronto\/\"},\"author\":{\"name\":\"Philippe.Pierquin\",\"@id\":\"https:\/\/welovecinema.be\/nl\/#\/schema\/person\/4b9b1d857f0943453a38a7c2859ef756\"},\"headline\":\"Souvenir de Toronto\",\"datePublished\":\"2016-07-29T05:57:12+00:00\",\"dateModified\":\"2017-05-16T17:48:52+00:00\",\"mainEntityOfPage\":{\"@id\":\"https:\/\/welovecinema.be\/fr\/souvenir-de-toronto\/\"},\"wordCount\":304,\"publisher\":{\"@id\":\"https:\/\/welovecinema.be\/nl\/#organization\"},\"articleSection\":[\"Evenements\",\"News\"],\"inLanguage\":\"fr-FR\"},{\"@type\":\"WebPage\",\"@id\":\"https:\/\/welovecinema.be\/fr\/souvenir-de-toronto\/\",\"url\":\"https:\/\/welovecinema.be\/fr\/souvenir-de-toronto\/\",\"name\":\"Souvenir de Toronto - We Love Cinema\",\"isPartOf\":{\"@id\":\"https:\/\/welovecinema.be\/nl\/#website\"},\"datePublished\":\"2016-07-29T05:57:12+00:00\",\"dateModified\":\"2017-05-16T17:48:52+00:00\",\"breadcrumb\":{\"@id\":\"https:\/\/welovecinema.be\/fr\/souvenir-de-toronto\/#breadcrumb\"},\"inLanguage\":\"fr-FR\",\"potentialAction\":[{\"@type\":\"ReadAction\",\"target\":[\"https:\/\/welovecinema.be\/fr\/souvenir-de-toronto\/\"]}]},{\"@type\":\"BreadcrumbList\",\"@id\":\"https:\/\/welovecinema.be\/fr\/souvenir-de-toronto\/#breadcrumb\",\"itemListElement\":[{\"@type\":\"ListItem\",\"position\":1,\"name\":\"Accueil\",\"item\":\"https:\/\/welovecinema.be\/fr\/\"},{\"@type\":\"ListItem\",\"position\":2,\"name\":\"Souvenir de Toronto\"}]},{\"@type\":\"WebSite\",\"@id\":\"https:\/\/welovecinema.be\/nl\/#website\",\"url\":\"https:\/\/welovecinema.be\/nl\/\",\"name\":\"We Love Cinema\",\"description\":\"Toute l\u2019information du cin\u00e9ma en Belgique\",\"publisher\":{\"@id\":\"https:\/\/welovecinema.be\/nl\/#organization\"},\"potentialAction\":[{\"@type\":\"SearchAction\",\"target\":{\"@type\":\"EntryPoint\",\"urlTemplate\":\"https:\/\/welovecinema.be\/nl\/?s={search_term_string}\"},\"query-input\":\"required name=search_term_string\"}],\"inLanguage\":\"fr-FR\"},{\"@type\":\"Organization\",\"@id\":\"https:\/\/welovecinema.be\/nl\/#organization\",\"name\":\"We Love Cinema\",\"url\":\"https:\/\/welovecinema.be\/nl\/\",\"logo\":{\"@type\":\"ImageObject\",\"inLanguage\":\"fr-FR\",\"@id\":\"https:\/\/welovecinema.be\/nl\/#\/schema\/logo\/image\/\",\"url\":\"https:\/\/welovecinema.be\/wp-content\/uploads\/sites\/2\/2023\/03\/Logo-We-Love-Cinema305x128.jpg\",\"contentUrl\":\"https:\/\/welovecinema.be\/wp-content\/uploads\/sites\/2\/2023\/03\/Logo-We-Love-Cinema305x128.jpg\",\"width\":305,\"height\":128,\"caption\":\"We Love Cinema\"},\"image\":{\"@id\":\"https:\/\/welovecinema.be\/nl\/#\/schema\/logo\/image\/\"},\"sameAs\":[\"https:\/\/www.facebook.com\/welovecinema.be\",\"https:\/\/www.youtube.com\/channel\/UCX5LYGVhnKvYauW4Nta4HJA\",\"https:\/\/www.instagram.com\/welovecinema.be\/\"]},{\"@type\":\"Person\",\"@id\":\"https:\/\/welovecinema.be\/nl\/#\/schema\/person\/4b9b1d857f0943453a38a7c2859ef756\",\"name\":\"Philippe.Pierquin\",\"url\":\"https:\/\/welovecinema.be\/fr\/author\/philippe-pierquin\/\"}]}<\/script>\n<!-- \/ Yoast SEO plugin. -->","yoast_head_json":{"title":"Souvenir de Toronto - We Love Cinema","robots":{"index":"index","follow":"follow","max-snippet":"max-snippet:-1","max-image-preview":"max-image-preview:large","max-video-preview":"max-video-preview:-1"},"canonical":"https:\/\/welovecinema.be\/fr\/souvenir-de-toronto\/","og_locale":"fr_FR","og_type":"article","og_title":"Souvenir de Toronto - We Love Cinema","og_description":"Souvenir, le second long m\u00e9trage de Bavo Defurne avec\u00a0Isabelle Huppert\u00a0dans le r\u00f4le principal, sera pr\u00e9sent\u00e9 en premi\u00e8re nord-am\u00e9ricaine au festival International du Film de Toronto (8-18 septembre) apr\u00e8s une premi\u00e8re mondiale \u00e0 Angoul\u00eame fin ao\u00fbt.","og_url":"https:\/\/welovecinema.be\/fr\/souvenir-de-toronto\/","og_site_name":"We Love Cinema","article_publisher":"https:\/\/www.facebook.com\/welovecinema.be","article_published_time":"2016-07-29T05:57:12+00:00","article_modified_time":"2017-05-16T17:48:52+00:00","og_image":[{"width":720,"height":280,"url":"https:\/\/welovecinema.be\/wp-content\/uploads\/sites\/2\/2010\/07\/14.jpg","type":"image\/jpeg"}],"author":"Philippe.Pierquin","twitter_card":"summary_large_image","twitter_misc":{"\u00c9crit par":"Philippe.Pierquin","Dur\u00e9e de lecture estim\u00e9e":"2 minutes"},"schema":{"@context":"https:\/\/schema.org","@graph":[{"@type":"Article","@id":"https:\/\/welovecinema.be\/fr\/souvenir-de-toronto\/#article","isPartOf":{"@id":"https:\/\/welovecinema.be\/fr\/souvenir-de-toronto\/"},"author":{"name":"Philippe.Pierquin","@id":"https:\/\/welovecinema.be\/nl\/#\/schema\/person\/4b9b1d857f0943453a38a7c2859ef756"},"headline":"Souvenir de Toronto","datePublished":"2016-07-29T05:57:12+00:00","dateModified":"2017-05-16T17:48:52+00:00","mainEntityOfPage":{"@id":"https:\/\/welovecinema.be\/fr\/souvenir-de-toronto\/"},"wordCount":304,"publisher":{"@id":"https:\/\/welovecinema.be\/nl\/#organization"},"articleSection":["Evenements","News"],"inLanguage":"fr-FR"},{"@type":"WebPage","@id":"https:\/\/welovecinema.be\/fr\/souvenir-de-toronto\/","url":"https:\/\/welovecinema.be\/fr\/souvenir-de-toronto\/","name":"Souvenir de Toronto - We Love Cinema","isPartOf":{"@id":"https:\/\/welovecinema.be\/nl\/#website"},"datePublished":"2016-07-29T05:57:12+00:00","dateModified":"2017-05-16T17:48:52+00:00","breadcrumb":{"@id":"https:\/\/welovecinema.be\/fr\/souvenir-de-toronto\/#breadcrumb"},"inLanguage":"fr-FR","potentialAction":[{"@type":"ReadAction","target":["https:\/\/welovecinema.be\/fr\/souvenir-de-toronto\/"]}]},{"@type":"BreadcrumbList","@id":"https:\/\/welovecinema.be\/fr\/souvenir-de-toronto\/#breadcrumb","itemListElement":[{"@type":"ListItem","position":1,"name":"Accueil","item":"https:\/\/welovecinema.be\/fr\/"},{"@type":"ListItem","position":2,"name":"Souvenir de Toronto"}]},{"@type":"WebSite","@id":"https:\/\/welovecinema.be\/nl\/#website","url":"https:\/\/welovecinema.be\/nl\/","name":"We Love Cinema","description":"Toute l\u2019information du cin\u00e9ma en Belgique","publisher":{"@id":"https:\/\/welovecinema.be\/nl\/#organization"},"potentialAction":[{"@type":"SearchAction","target":{"@type":"EntryPoint","urlTemplate":"https:\/\/welovecinema.be\/nl\/?s={search_term_string}"},"query-input":"required name=search_term_string"}],"inLanguage":"fr-FR"},{"@type":"Organization","@id":"https:\/\/welovecinema.be\/nl\/#organization","name":"We Love Cinema","url":"https:\/\/welovecinema.be\/nl\/","logo":{"@type":"ImageObject","inLanguage":"fr-FR","@id":"https:\/\/welovecinema.be\/nl\/#\/schema\/logo\/image\/","url":"https:\/\/welovecinema.be\/wp-content\/uploads\/sites\/2\/2023\/03\/Logo-We-Love-Cinema305x128.jpg","contentUrl":"https:\/\/welovecinema.be\/wp-content\/uploads\/sites\/2\/2023\/03\/Logo-We-Love-Cinema305x128.jpg","width":305,"height":128,"caption":"We Love Cinema"},"image":{"@id":"https:\/\/welovecinema.be\/nl\/#\/schema\/logo\/image\/"},"sameAs":["https:\/\/www.facebook.com\/welovecinema.be","https:\/\/www.youtube.com\/channel\/UCX5LYGVhnKvYauW4Nta4HJA","https:\/\/www.instagram.com\/welovecinema.be\/"]},{"@type":"Person","@id":"https:\/\/welovecinema.be\/nl\/#\/schema\/person\/4b9b1d857f0943453a38a7c2859ef756","name":"Philippe.Pierquin","url":"https:\/\/welovecinema.be\/fr\/author\/philippe-pierquin\/"}]}},"_links":{"self":[{"href":"https:\/\/welovecinema.be\/fr\/wp-json\/wp\/v2\/posts\/89626","targetHints":{"allow":["GET"]}}],"collection":[{"href":"https:\/\/welovecinema.be\/fr\/wp-json\/wp\/v2\/posts"}],"about":[{"href":"https:\/\/welovecinema.be\/fr\/wp-json\/wp\/v2\/types\/post"}],"author":[{"embeddable":true,"href":"https:\/\/welovecinema.be\/fr\/wp-json\/wp\/v2\/users\/7"}],"replies":[{"embeddable":true,"href":"https:\/\/welovecinema.be\/fr\/wp-json\/wp\/v2\/comments?post=89626"}],"version-history":[{"count":0,"href":"https:\/\/welovecinema.be\/fr\/wp-json\/wp\/v2\/posts\/89626\/revisions"}],"wp:featuredmedia":[{"embeddable":true,"href":"https:\/\/welovecinema.be\/fr\/wp-json\/wp\/v2\/media\/89630"}],"wp:attachment":[{"href":"https:\/\/welovecinema.be\/fr\/wp-json\/wp\/v2\/media?parent=89626"}],"wp:term":[{"taxonomy":"category","embeddable":true,"href":"https:\/\/welovecinema.be\/fr\/wp-json\/wp\/v2\/categories?post=89626"},{"taxonomy":"post_tag","embeddable":true,"href":"https:\/\/welovecinema.be\/fr\/wp-json\/wp\/v2\/tags?post=89626"}],"curies":[{"name":"wp","href":"https:\/\/api.w.org\/{rel}","templated":true}]}}