{"id":88981,"date":"2016-07-12T08:22:31","date_gmt":"2016-07-12T06:22:31","guid":{"rendered":"http:\/\/www.cinevox.be\/?p=88981"},"modified":"2016-07-06T18:27:21","modified_gmt":"2016-07-06T16:27:21","slug":"paris-pieds-nus-abel-gordon-pitch","status":"publish","type":"post","link":"https:\/\/welovecinema.be\/fr\/paris-pieds-nus-abel-gordon-pitch\/","title":{"rendered":"Paris Pieds nus &#8211; Abel et Gordon &#8211; Le pitch"},"content":{"rendered":"<p>&nbsp;<\/p>\n<p>Une biblioth\u00e9caire canadienne qui habite le Grand Nord re\u00e7oit un jour une lettre de sa tante qui a 88 ans. C&rsquo;est un appel au secours: la vieille dame va \u00eatre plac\u00e9e dans une maison de retraite et ne veut pas y aller. Fiona, la Canadienne, saute alors dans le premier avion. Direction : Paris.<\/p>\n<p>Mais rien ne se d\u00e9roulera comme pr\u00e9vu: la tante n&rsquo;est pas l\u00e0, elle tombe dans la Seine, perd tout ce qu&rsquo;elle a&#8230; Tout s&rsquo;encha\u00eene, de mal en pis.<\/p>\n<p>N&rsquo;\u00e9coutant que son bon c\u0153ur opini\u00e2tre, Fiona va n\u00e9anmoins se mettre \u00e0 la recherche de sa parente, \u00e9paul\u00e9e par un SDF qui lui pourrit la vie.<\/p>\n<p><!--more--><\/p>\n<p>&nbsp;<\/p>\n<p><em>Paris, pieds nus<\/em>\u00a0est donc l&rsquo;histoire de trois personnes perdues \u00e0 Paris comme le souligne assez explicitement le titre anglais du film: <em>Lost in Paris<\/em>. Mais d\u00e9finir ce film par son pitch est une approche \u00e0 la fois classique\u2026 et forc\u00e9ment tr\u00e8s incompl\u00e8te.<br \/>\nPr\u00e9ciser qu&rsquo;il est le quatri\u00e8me long m\u00e9trage d&rsquo;<strong>Abel et Gordon<\/strong>, les clowns trublions, hilarants et po\u00e9tiques, est une indication beaucoup plus int\u00e9ressante, car de\u00a0<em>l&rsquo;Iceberg<\/em>, \u00e0\u00a0<em>la F\u00e9e<\/em>\u00a0en passant par\u00a0<em>Rumba,<\/em>\u00a0ces deux-l\u00e0 ont cr\u00e9\u00e9 un univers qui ne ressemble \u00e0 rien de connu dans le petit monde du 7<sup>e<\/sup>\u00a0art. Leur approche surr\u00e9aliste, bas\u00e9e sur le travail des corps avant de s&rsquo;appuyer sur les mots ou les rebondissements sc\u00e9naristiques est formidablement originale\u2026 et terriblement rafra\u00eechissante.<\/p>\n<p>Sortie fin 2016<\/p>\n","protected":false},"excerpt":{"rendered":"<p>&nbsp; Une biblioth\u00e9caire canadienne qui habite le Grand Nord re\u00e7oit un jour une lettre de sa tante qui a 88 ans. C&rsquo;est un appel au secours: la vieille dame va \u00eatre plac\u00e9e dans une maison de retraite et ne veut pas y aller. Fiona, la Canadienne, saute alors dans le premier avion. Direction : Paris. &hellip;<\/p>\n","protected":false},"author":7,"featured_media":88983,"comment_status":"closed","ping_status":"closed","sticky":false,"template":"","format":"standard","meta":{"ngg_post_thumbnail":0,"footnotes":""},"categories":[1978],"tags":[],"class_list":["post-88981","post","type-post","status-publish","format-standard","has-post-thumbnail","","category-interviews"],"yoast_head":"<!-- This site is optimized with the Yoast SEO plugin v20.4 - https:\/\/yoast.com\/wordpress\/plugins\/seo\/ -->\n<title>Paris Pieds nus - Abel et Gordon - Le pitch - We Love Cinema<\/title>\n<meta name=\"robots\" content=\"index, follow, max-snippet:-1, max-image-preview:large, max-video-preview:-1\" \/>\n<link rel=\"canonical\" href=\"https:\/\/welovecinema.be\/fr\/paris-pieds-nus-abel-gordon-pitch\/\" \/>\n<meta property=\"og:locale\" content=\"fr_FR\" \/>\n<meta property=\"og:type\" content=\"article\" \/>\n<meta property=\"og:title\" content=\"Paris Pieds nus - Abel et Gordon - Le pitch - We Love Cinema\" \/>\n<meta property=\"og:description\" content=\"&nbsp; Une biblioth\u00e9caire canadienne qui habite le Grand Nord re\u00e7oit un jour une lettre de sa tante qui a 88 ans. C&rsquo;est un appel au secours: la vieille dame va \u00eatre plac\u00e9e dans une maison de retraite et ne veut pas y aller. Fiona, la Canadienne, saute alors dans le premier avion. Direction : Paris. &hellip;\" \/>\n<meta property=\"og:url\" content=\"https:\/\/welovecinema.be\/fr\/paris-pieds-nus-abel-gordon-pitch\/\" \/>\n<meta property=\"og:site_name\" content=\"We Love Cinema\" \/>\n<meta property=\"article:publisher\" content=\"https:\/\/www.facebook.com\/welovecinema.be\" \/>\n<meta property=\"article:published_time\" content=\"2016-07-12T06:22:31+00:00\" \/>\n<meta property=\"article:modified_time\" content=\"2016-07-06T16:27:21+00:00\" \/>\n<meta property=\"og:image\" content=\"https:\/\/welovecinema.be\/wp-content\/uploads\/sites\/2\/2010\/07\/AG-01.png\" \/>\n\t<meta property=\"og:image:width\" content=\"942\" \/>\n\t<meta property=\"og:image:height\" content=\"524\" \/>\n\t<meta property=\"og:image:type\" content=\"image\/png\" \/>\n<meta name=\"author\" content=\"Philippe.Pierquin\" \/>\n<meta name=\"twitter:card\" content=\"summary_large_image\" \/>\n<meta name=\"twitter:label1\" content=\"\u00c9crit par\" \/>\n\t<meta name=\"twitter:data1\" content=\"Philippe.Pierquin\" \/>\n\t<meta name=\"twitter:label2\" content=\"Dur\u00e9e de lecture estim\u00e9e\" \/>\n\t<meta name=\"twitter:data2\" content=\"1 minute\" \/>\n<script type=\"application\/ld+json\" class=\"yoast-schema-graph\">{\"@context\":\"https:\/\/schema.org\",\"@graph\":[{\"@type\":\"Article\",\"@id\":\"https:\/\/welovecinema.be\/fr\/paris-pieds-nus-abel-gordon-pitch\/#article\",\"isPartOf\":{\"@id\":\"https:\/\/welovecinema.be\/fr\/paris-pieds-nus-abel-gordon-pitch\/\"},\"author\":{\"name\":\"Philippe.Pierquin\",\"@id\":\"https:\/\/welovecinema.be\/nl\/#\/schema\/person\/4b9b1d857f0943453a38a7c2859ef756\"},\"headline\":\"Paris Pieds nus &#8211; Abel et Gordon &#8211; Le pitch\",\"datePublished\":\"2016-07-12T06:22:31+00:00\",\"dateModified\":\"2016-07-06T16:27:21+00:00\",\"mainEntityOfPage\":{\"@id\":\"https:\/\/welovecinema.be\/fr\/paris-pieds-nus-abel-gordon-pitch\/\"},\"wordCount\":269,\"publisher\":{\"@id\":\"https:\/\/welovecinema.be\/nl\/#organization\"},\"articleSection\":[\"Rencontres\"],\"inLanguage\":\"fr-FR\"},{\"@type\":\"WebPage\",\"@id\":\"https:\/\/welovecinema.be\/fr\/paris-pieds-nus-abel-gordon-pitch\/\",\"url\":\"https:\/\/welovecinema.be\/fr\/paris-pieds-nus-abel-gordon-pitch\/\",\"name\":\"Paris Pieds nus - Abel et Gordon - Le pitch - We Love Cinema\",\"isPartOf\":{\"@id\":\"https:\/\/welovecinema.be\/nl\/#website\"},\"datePublished\":\"2016-07-12T06:22:31+00:00\",\"dateModified\":\"2016-07-06T16:27:21+00:00\",\"breadcrumb\":{\"@id\":\"https:\/\/welovecinema.be\/fr\/paris-pieds-nus-abel-gordon-pitch\/#breadcrumb\"},\"inLanguage\":\"fr-FR\",\"potentialAction\":[{\"@type\":\"ReadAction\",\"target\":[\"https:\/\/welovecinema.be\/fr\/paris-pieds-nus-abel-gordon-pitch\/\"]}]},{\"@type\":\"BreadcrumbList\",\"@id\":\"https:\/\/welovecinema.be\/fr\/paris-pieds-nus-abel-gordon-pitch\/#breadcrumb\",\"itemListElement\":[{\"@type\":\"ListItem\",\"position\":1,\"name\":\"Accueil\",\"item\":\"https:\/\/welovecinema.be\/fr\/\"},{\"@type\":\"ListItem\",\"position\":2,\"name\":\"Paris Pieds nus &#8211; Abel et Gordon &#8211; Le pitch\"}]},{\"@type\":\"WebSite\",\"@id\":\"https:\/\/welovecinema.be\/nl\/#website\",\"url\":\"https:\/\/welovecinema.be\/nl\/\",\"name\":\"We Love Cinema\",\"description\":\"Toute l\u2019information du cin\u00e9ma en Belgique\",\"publisher\":{\"@id\":\"https:\/\/welovecinema.be\/nl\/#organization\"},\"potentialAction\":[{\"@type\":\"SearchAction\",\"target\":{\"@type\":\"EntryPoint\",\"urlTemplate\":\"https:\/\/welovecinema.be\/nl\/?s={search_term_string}\"},\"query-input\":\"required name=search_term_string\"}],\"inLanguage\":\"fr-FR\"},{\"@type\":\"Organization\",\"@id\":\"https:\/\/welovecinema.be\/nl\/#organization\",\"name\":\"We Love Cinema\",\"url\":\"https:\/\/welovecinema.be\/nl\/\",\"logo\":{\"@type\":\"ImageObject\",\"inLanguage\":\"fr-FR\",\"@id\":\"https:\/\/welovecinema.be\/nl\/#\/schema\/logo\/image\/\",\"url\":\"https:\/\/welovecinema.be\/wp-content\/uploads\/sites\/2\/2023\/03\/Logo-We-Love-Cinema305x128.jpg\",\"contentUrl\":\"https:\/\/welovecinema.be\/wp-content\/uploads\/sites\/2\/2023\/03\/Logo-We-Love-Cinema305x128.jpg\",\"width\":305,\"height\":128,\"caption\":\"We Love Cinema\"},\"image\":{\"@id\":\"https:\/\/welovecinema.be\/nl\/#\/schema\/logo\/image\/\"},\"sameAs\":[\"https:\/\/www.facebook.com\/welovecinema.be\",\"https:\/\/www.youtube.com\/channel\/UCX5LYGVhnKvYauW4Nta4HJA\",\"https:\/\/www.instagram.com\/welovecinema.be\/\"]},{\"@type\":\"Person\",\"@id\":\"https:\/\/welovecinema.be\/nl\/#\/schema\/person\/4b9b1d857f0943453a38a7c2859ef756\",\"name\":\"Philippe.Pierquin\",\"url\":\"https:\/\/welovecinema.be\/fr\/author\/philippe-pierquin\/\"}]}<\/script>\n<!-- \/ Yoast SEO plugin. -->","yoast_head_json":{"title":"Paris Pieds nus - Abel et Gordon - Le pitch - We Love Cinema","robots":{"index":"index","follow":"follow","max-snippet":"max-snippet:-1","max-image-preview":"max-image-preview:large","max-video-preview":"max-video-preview:-1"},"canonical":"https:\/\/welovecinema.be\/fr\/paris-pieds-nus-abel-gordon-pitch\/","og_locale":"fr_FR","og_type":"article","og_title":"Paris Pieds nus - Abel et Gordon - Le pitch - We Love Cinema","og_description":"&nbsp; Une biblioth\u00e9caire canadienne qui habite le Grand Nord re\u00e7oit un jour une lettre de sa tante qui a 88 ans. C&rsquo;est un appel au secours: la vieille dame va \u00eatre plac\u00e9e dans une maison de retraite et ne veut pas y aller. Fiona, la Canadienne, saute alors dans le premier avion. Direction : Paris. &hellip;","og_url":"https:\/\/welovecinema.be\/fr\/paris-pieds-nus-abel-gordon-pitch\/","og_site_name":"We Love Cinema","article_publisher":"https:\/\/www.facebook.com\/welovecinema.be","article_published_time":"2016-07-12T06:22:31+00:00","article_modified_time":"2016-07-06T16:27:21+00:00","og_image":[{"width":942,"height":524,"url":"https:\/\/welovecinema.be\/wp-content\/uploads\/sites\/2\/2010\/07\/AG-01.png","type":"image\/png"}],"author":"Philippe.Pierquin","twitter_card":"summary_large_image","twitter_misc":{"\u00c9crit par":"Philippe.Pierquin","Dur\u00e9e de lecture estim\u00e9e":"1 minute"},"schema":{"@context":"https:\/\/schema.org","@graph":[{"@type":"Article","@id":"https:\/\/welovecinema.be\/fr\/paris-pieds-nus-abel-gordon-pitch\/#article","isPartOf":{"@id":"https:\/\/welovecinema.be\/fr\/paris-pieds-nus-abel-gordon-pitch\/"},"author":{"name":"Philippe.Pierquin","@id":"https:\/\/welovecinema.be\/nl\/#\/schema\/person\/4b9b1d857f0943453a38a7c2859ef756"},"headline":"Paris Pieds nus &#8211; Abel et Gordon &#8211; Le pitch","datePublished":"2016-07-12T06:22:31+00:00","dateModified":"2016-07-06T16:27:21+00:00","mainEntityOfPage":{"@id":"https:\/\/welovecinema.be\/fr\/paris-pieds-nus-abel-gordon-pitch\/"},"wordCount":269,"publisher":{"@id":"https:\/\/welovecinema.be\/nl\/#organization"},"articleSection":["Rencontres"],"inLanguage":"fr-FR"},{"@type":"WebPage","@id":"https:\/\/welovecinema.be\/fr\/paris-pieds-nus-abel-gordon-pitch\/","url":"https:\/\/welovecinema.be\/fr\/paris-pieds-nus-abel-gordon-pitch\/","name":"Paris Pieds nus - Abel et Gordon - Le pitch - We Love Cinema","isPartOf":{"@id":"https:\/\/welovecinema.be\/nl\/#website"},"datePublished":"2016-07-12T06:22:31+00:00","dateModified":"2016-07-06T16:27:21+00:00","breadcrumb":{"@id":"https:\/\/welovecinema.be\/fr\/paris-pieds-nus-abel-gordon-pitch\/#breadcrumb"},"inLanguage":"fr-FR","potentialAction":[{"@type":"ReadAction","target":["https:\/\/welovecinema.be\/fr\/paris-pieds-nus-abel-gordon-pitch\/"]}]},{"@type":"BreadcrumbList","@id":"https:\/\/welovecinema.be\/fr\/paris-pieds-nus-abel-gordon-pitch\/#breadcrumb","itemListElement":[{"@type":"ListItem","position":1,"name":"Accueil","item":"https:\/\/welovecinema.be\/fr\/"},{"@type":"ListItem","position":2,"name":"Paris Pieds nus &#8211; Abel et Gordon &#8211; Le pitch"}]},{"@type":"WebSite","@id":"https:\/\/welovecinema.be\/nl\/#website","url":"https:\/\/welovecinema.be\/nl\/","name":"We Love Cinema","description":"Toute l\u2019information du cin\u00e9ma en Belgique","publisher":{"@id":"https:\/\/welovecinema.be\/nl\/#organization"},"potentialAction":[{"@type":"SearchAction","target":{"@type":"EntryPoint","urlTemplate":"https:\/\/welovecinema.be\/nl\/?s={search_term_string}"},"query-input":"required name=search_term_string"}],"inLanguage":"fr-FR"},{"@type":"Organization","@id":"https:\/\/welovecinema.be\/nl\/#organization","name":"We Love Cinema","url":"https:\/\/welovecinema.be\/nl\/","logo":{"@type":"ImageObject","inLanguage":"fr-FR","@id":"https:\/\/welovecinema.be\/nl\/#\/schema\/logo\/image\/","url":"https:\/\/welovecinema.be\/wp-content\/uploads\/sites\/2\/2023\/03\/Logo-We-Love-Cinema305x128.jpg","contentUrl":"https:\/\/welovecinema.be\/wp-content\/uploads\/sites\/2\/2023\/03\/Logo-We-Love-Cinema305x128.jpg","width":305,"height":128,"caption":"We Love Cinema"},"image":{"@id":"https:\/\/welovecinema.be\/nl\/#\/schema\/logo\/image\/"},"sameAs":["https:\/\/www.facebook.com\/welovecinema.be","https:\/\/www.youtube.com\/channel\/UCX5LYGVhnKvYauW4Nta4HJA","https:\/\/www.instagram.com\/welovecinema.be\/"]},{"@type":"Person","@id":"https:\/\/welovecinema.be\/nl\/#\/schema\/person\/4b9b1d857f0943453a38a7c2859ef756","name":"Philippe.Pierquin","url":"https:\/\/welovecinema.be\/fr\/author\/philippe-pierquin\/"}]}},"_links":{"self":[{"href":"https:\/\/welovecinema.be\/fr\/wp-json\/wp\/v2\/posts\/88981","targetHints":{"allow":["GET"]}}],"collection":[{"href":"https:\/\/welovecinema.be\/fr\/wp-json\/wp\/v2\/posts"}],"about":[{"href":"https:\/\/welovecinema.be\/fr\/wp-json\/wp\/v2\/types\/post"}],"author":[{"embeddable":true,"href":"https:\/\/welovecinema.be\/fr\/wp-json\/wp\/v2\/users\/7"}],"replies":[{"embeddable":true,"href":"https:\/\/welovecinema.be\/fr\/wp-json\/wp\/v2\/comments?post=88981"}],"version-history":[{"count":0,"href":"https:\/\/welovecinema.be\/fr\/wp-json\/wp\/v2\/posts\/88981\/revisions"}],"wp:featuredmedia":[{"embeddable":true,"href":"https:\/\/welovecinema.be\/fr\/wp-json\/wp\/v2\/media\/88983"}],"wp:attachment":[{"href":"https:\/\/welovecinema.be\/fr\/wp-json\/wp\/v2\/media?parent=88981"}],"wp:term":[{"taxonomy":"category","embeddable":true,"href":"https:\/\/welovecinema.be\/fr\/wp-json\/wp\/v2\/categories?post=88981"},{"taxonomy":"post_tag","embeddable":true,"href":"https:\/\/welovecinema.be\/fr\/wp-json\/wp\/v2\/tags?post=88981"}],"curies":[{"name":"wp","href":"https:\/\/api.w.org\/{rel}","templated":true}]}}