{"id":88610,"date":"2016-06-28T08:07:08","date_gmt":"2016-06-28T06:07:08","guid":{"rendered":"http:\/\/www.cinevox.be\/?p=88610"},"modified":"2016-06-28T08:07:08","modified_gmt":"2016-06-28T06:07:08","slug":"le-30-septembre-namur-se-recueillera-devant-la-fille-inconnue","status":"publish","type":"post","link":"https:\/\/welovecinema.be\/fr\/le-30-septembre-namur-se-recueillera-devant-la-fille-inconnue\/","title":{"rendered":"Le 30 septembre, Namur se recueillera devant La Fille Inconnue"},"content":{"rendered":"<p>Gr\u00e2ce au Festival de Namur le public belge d\u00e9couvre, tous les ans, une centaine de films issus des quatre coins de l\u2019espace francophone de la France au le Qu\u00e9bec, de la Roumanie au Maroc en passant par la Tunisie, la Suisse, le Liban, le Cambodge, le Vietnam, le Laos, le Mali, le Congo, la C\u00f4te d\u2019Ivoire, le Burkina Faso, Ha\u00efti, la Belgique et bien d\u2019autres encore.<\/p>\n<p>Soit plus de 900 millions d\u2019hommes et de femmes ayant en partage la langue fran\u00e7aise.<\/p>\n<p>Ce sera encore le cas cette ann\u00e9e pour une 31<sup>e<\/sup> \u00e9dition raccourcie d\u2019un jour qui se tiendra du 30 septembre au 6 octobre prochain. \u00a0Avec un film d\u2019ouverture 100% Cinevox qui devrait assurer un beau retentissement \u00e0 la manifestation.<!--more--><\/p>\n<p>&nbsp;<\/p>\n<p>Chaque ann\u00e9e, le FIFF s\u2019attache \u00e0 mettre en avant le cin\u00e9ma belge en pr\u00e9sentant de jeunes cin\u00e9astes, mais \u00e9galement des r\u00e9alisateurs chevronn\u00e9s, notamment lors de sa soir\u00e9e d\u2019ouverture.<\/p>\n<p><a href=\"http:\/\/www.cinevox.be\/wp-content\/uploads\/sites\/2\/2016\/06\/fiff-2016.jpg\"><img loading=\"lazy\" decoding=\"async\" class=\"alignright size-full wp-image-88611\" src=\"http:\/\/www.cinevox.be\/wp-content\/uploads\/sites\/2\/2016\/06\/fiff-2016.jpg\" alt=\"\" width=\"239\" height=\"337\" srcset=\"https:\/\/welovecinema.be\/wp-content\/uploads\/sites\/2\/2016\/06\/fiff-2016.jpg 239w, https:\/\/welovecinema.be\/wp-content\/uploads\/sites\/2\/2016\/06\/fiff-2016-191x270.jpg 191w\" sizes=\"auto, (max-width: 239px) 100vw, 239px\" \/><\/a>Apr\u00e8s <em>La Femme de Gilles<\/em> de Fr\u00e9d\u00e9ric Fonteyne en 2004, <em>L\u2019enfer <\/em>de Danis Tanovic en 2005, <em>Cow-Boy<\/em> de Beno\u00eet Mariage en 2007, <em>Home <\/em>d\u2019Ursula Meier en 2008, <em>Les Barons<\/em> de Nabil Ben Yadir en 2009, <em>Ill\u00e9gal<\/em> d\u2019Olivier Masset-Depasse en 2010, <em>Les G\u00e9ants<\/em> de Bouli Lanners en 2011, <em>Tango Libre<\/em> de Fr\u00e9d\u00e9ric Fonteyne en 2012, <em>Tokyo Fianc\u00e9e<\/em>\u00a0de Stefan Liberski en 2014 ou encore <em>Pr\u00e9judice <\/em>d\u2019Antoine Cuypers en 2015, le FIFF s\u2019ouvrira cette ann\u00e9e avec le nouveau film de Luc et Jean-Pierre Dardenne, <em>La Fille inconnue<\/em>, dans une nouvelle version raccourcie de huit minutes apr\u00e8s sa pr\u00e9sentation en comp\u00e9tition officielle au Festival de Cannes.<br \/>\nUn film que nous avons vu et dont nous vous parlons <a href=\"http:\/\/www.cinevox.be\/?p=88501\">ici.<\/a><\/p>\n<p>&nbsp;<\/p>\n<p>Les fr\u00e8res Dardenne font partie des grands habitu\u00e9s du FIFF. En 1988, ils y pr\u00e9sentaient d\u00e9j\u00e0 leur court m\u00e9trage <em>Il court\u2026il court le monde<\/em>. Ils sont de retour \u00e0 Namur en 1992 avec leur long m\u00e9trage, <em>Je pense \u00e0 vous.<\/em> En 1996, <em>La Promesse<\/em> remporte le Bayard d\u2019Or du meilleur film, le Bayard d\u2019Or du meilleur com\u00e9dien pour Olivier Gourmet et le Prix du Public.<\/p>\n<p>&nbsp;<\/p>\n<p><a href=\"http:\/\/www.cinevox.be\/wp-content\/uploads\/sites\/2\/2016\/06\/02.jpg\"><img loading=\"lazy\" decoding=\"async\" class=\"aligncenter wp-image-88612 size-large\" src=\"http:\/\/www.cinevox.be\/wp-content\/uploads\/sites\/2\/2016\/06\/02-800x450.jpg\" alt=\"\" width=\"640\" height=\"360\" srcset=\"https:\/\/welovecinema.be\/wp-content\/uploads\/sites\/2\/2016\/06\/02-800x450.jpg 800w, https:\/\/welovecinema.be\/wp-content\/uploads\/sites\/2\/2016\/06\/02-200x113.jpg 200w, https:\/\/welovecinema.be\/wp-content\/uploads\/sites\/2\/2016\/06\/02-480x270.jpg 480w, https:\/\/welovecinema.be\/wp-content\/uploads\/sites\/2\/2016\/06\/02-300x169.jpg 300w, https:\/\/welovecinema.be\/wp-content\/uploads\/sites\/2\/2016\/06\/02-620x350.jpg 620w, https:\/\/welovecinema.be\/wp-content\/uploads\/sites\/2\/2016\/06\/02.jpg 1920w\" sizes=\"auto, (max-width: 640px) 100vw, 640px\" \/><\/a><\/p>\n<p style=\"text-align: right;\"><em>Photo Kaos\/Cinevox 2016<\/em><\/p>\n<p>&nbsp;<\/p>\n<p>Quatre ans plus tard, \u00e0 l\u2019occasion des 15 ans du FIFF, le film remporte le Bayard des Bayards. En 2002, le festival pr\u00e9sente <em>Le Fils.<\/em> L\u2019ann\u00e9e suivante, les fr\u00e8res Dardenne reviennent \u00e0 Namur en tant que producteurs de trois films : <em>Stormy Weather<\/em> de la regrett\u00e9e Solveig Anspach, <em>Le Soleil assassin\u00e9<\/em> de Abdelkrim Bahloul et <em>Le Monde vivant<\/em> d\u2019Eug\u00e8ne Green. Lors des 30 ans du FIFF, le documentaire que leur consacrent Luc Jabon et Alain Marcoen, <em>L\u2019\u00e2ge de raison, le cin\u00e9ma des fr\u00e8res Dardenne,<\/em> est pr\u00e9sent\u00e9 \u00e0 Namur, ainsi que leur pr\u00e9c\u00e9dent film <em>Deux jours, une nuit.<\/em><\/p>\n<p>&nbsp;<\/p>\n<p><strong>Fabrizio Rongione succ\u00e8de \u00e0 Olivier Gourmet<\/strong><\/p>\n<p>&nbsp;<\/p>\n<p><a href=\"http:\/\/www.cinevox.be\/wp-content\/uploads\/sites\/2\/2016\/06\/14.jpg\"><img loading=\"lazy\" decoding=\"async\" class=\"aligncenter wp-image-88613 size-large\" src=\"http:\/\/www.cinevox.be\/wp-content\/uploads\/sites\/2\/2016\/06\/14-800x450.jpg\" alt=\"\" width=\"640\" height=\"360\" srcset=\"https:\/\/welovecinema.be\/wp-content\/uploads\/sites\/2\/2016\/06\/14-800x450.jpg 800w, https:\/\/welovecinema.be\/wp-content\/uploads\/sites\/2\/2016\/06\/14-200x113.jpg 200w, https:\/\/welovecinema.be\/wp-content\/uploads\/sites\/2\/2016\/06\/14-480x270.jpg 480w, https:\/\/welovecinema.be\/wp-content\/uploads\/sites\/2\/2016\/06\/14-300x169.jpg 300w, https:\/\/welovecinema.be\/wp-content\/uploads\/sites\/2\/2016\/06\/14-620x350.jpg 620w, https:\/\/welovecinema.be\/wp-content\/uploads\/sites\/2\/2016\/06\/14.jpg 1920w\" sizes=\"auto, (max-width: 640px) 100vw, 640px\" \/><\/a><\/p>\n<p style=\"text-align: right;\"><em>Photo Kaos\/Cinevox &#8211; 2016<\/em><\/p>\n<p>&nbsp;<\/p>\n<p>Le FIFF, c\u2019est quelque 150 films projet\u00e9s, des dizaines d\u2019activit\u00e9s, d\u2019animations et de rencontres, aussi bien pour les professionnels que pour le public. Devenu au fil des ans le rendez-vous incontournable du cin\u00e9ma francophone, le Festival accueille aujourd\u2019hui des centaines de professionnels du 7e art venus du monde entier autour d&rsquo;ateliers, de colloques et de rencontres. C\u2019est \u00e0 Namur qu\u2019ont \u00e9t\u00e9 initi\u00e9es nombre de coproductions et films ensuite prim\u00e9s dans le monde entier.<\/p>\n<p>&nbsp;<\/p>\n<p>Depuis l\u2019an dernier, le com\u00e9dien belge <strong>Fabrizio Rongione<\/strong> assure la Pr\u00e9sidence d\u2019honneur du FIFF, apr\u00e8s le cin\u00e9aste G\u00e9rard Corbiau et le com\u00e9dien Olivier Gourmet.<\/p>\n<p>&nbsp;<\/p>\n<p>&nbsp;<\/p>\n<p><strong>Un jour de moins, mais autant de plaisir !<\/strong><\/p>\n<p>&nbsp;<\/p>\n<p>Exceptionnellement, en raison d&rsquo;une gr\u00e8ve nationale annonc\u00e9e le 7 octobre prochain, le FIFF se cl\u00f4turera le jeudi 6 octobre, au lieu du traditionnel vendredi. \u00a0L\u2019exp\u00e9rience analogue v\u00e9cue lors de la 30<sup>e<\/sup> \u00e9dition a incit\u00e9 les organisateurs \u00e0 \u00eatre tr\u00e8s prudents.<\/p>\n<p>Par contre, le FIFF accueille cette ann\u00e9e une nouvelle oasis avec le retour du Cam\u00e9o, r\u00e9nov\u00e9 qui permettra de multiplier les s\u00e9ances au centre-ville dans un confort optimal pour les cin\u00e9philes<\/p>\n<p>Rendez-vous donc \u00e0 Namur du vendredi 30 septembre au jeudi 6 octobre 2016, le jeu devrait \u00e0 nouveau en valoir la chandelle.<\/p>\n<p>&nbsp;<\/p>\n<p>&nbsp;<\/p>\n","protected":false},"excerpt":{"rendered":"<p>Gr\u00e2ce au Festival de Namur le public belge d\u00e9couvre, tous les ans, une centaine de films issus des quatre coins de l\u2019espace francophone de la France au le Qu\u00e9bec, de la Roumanie au Maroc en passant par la Tunisie, la Suisse, le Liban, le Cambodge, le Vietnam, le Laos, le Mali, le Congo, la C\u00f4te &hellip;<\/p>\n","protected":false},"author":7,"featured_media":88615,"comment_status":"closed","ping_status":"closed","sticky":false,"template":"","format":"standard","meta":{"ngg_post_thumbnail":0,"footnotes":""},"categories":[53],"tags":[],"class_list":["post-88610","post","type-post","status-publish","format-standard","has-post-thumbnail","","category-coming-soon"],"yoast_head":"<!-- This site is optimized with the Yoast SEO plugin v20.4 - https:\/\/yoast.com\/wordpress\/plugins\/seo\/ -->\n<title>Le 30 septembre, Namur se recueillera devant La Fille Inconnue - We Love Cinema<\/title>\n<meta name=\"robots\" content=\"index, follow, max-snippet:-1, max-image-preview:large, max-video-preview:-1\" \/>\n<link rel=\"canonical\" href=\"https:\/\/welovecinema.be\/fr\/le-30-septembre-namur-se-recueillera-devant-la-fille-inconnue\/\" \/>\n<meta property=\"og:locale\" content=\"fr_FR\" \/>\n<meta property=\"og:type\" content=\"article\" \/>\n<meta property=\"og:title\" content=\"Le 30 septembre, Namur se recueillera devant La Fille Inconnue - We Love Cinema\" \/>\n<meta property=\"og:description\" content=\"Gr\u00e2ce au Festival de Namur le public belge d\u00e9couvre, tous les ans, une centaine de films issus des quatre coins de l\u2019espace francophone de la France au le Qu\u00e9bec, de la Roumanie au Maroc en passant par la Tunisie, la Suisse, le Liban, le Cambodge, le Vietnam, le Laos, le Mali, le Congo, la C\u00f4te &hellip;\" \/>\n<meta property=\"og:url\" content=\"https:\/\/welovecinema.be\/fr\/le-30-septembre-namur-se-recueillera-devant-la-fille-inconnue\/\" \/>\n<meta property=\"og:site_name\" content=\"We Love Cinema\" \/>\n<meta property=\"article:publisher\" content=\"https:\/\/www.facebook.com\/welovecinema.be\" \/>\n<meta property=\"article:published_time\" content=\"2016-06-28T06:07:08+00:00\" \/>\n<meta property=\"og:image\" content=\"https:\/\/welovecinema.be\/wp-content\/uploads\/sites\/2\/2016\/06\/755753500.2.jpg\" \/>\n\t<meta property=\"og:image:width\" content=\"500\" \/>\n\t<meta property=\"og:image:height\" content=\"335\" \/>\n\t<meta property=\"og:image:type\" content=\"image\/jpeg\" \/>\n<meta name=\"author\" content=\"Philippe.Pierquin\" \/>\n<meta name=\"twitter:card\" content=\"summary_large_image\" \/>\n<meta name=\"twitter:label1\" content=\"\u00c9crit par\" \/>\n\t<meta name=\"twitter:data1\" content=\"Philippe.Pierquin\" \/>\n\t<meta name=\"twitter:label2\" content=\"Dur\u00e9e de lecture estim\u00e9e\" \/>\n\t<meta name=\"twitter:data2\" content=\"4 minutes\" \/>\n<script type=\"application\/ld+json\" class=\"yoast-schema-graph\">{\"@context\":\"https:\/\/schema.org\",\"@graph\":[{\"@type\":\"Article\",\"@id\":\"https:\/\/welovecinema.be\/fr\/le-30-septembre-namur-se-recueillera-devant-la-fille-inconnue\/#article\",\"isPartOf\":{\"@id\":\"https:\/\/welovecinema.be\/fr\/le-30-septembre-namur-se-recueillera-devant-la-fille-inconnue\/\"},\"author\":{\"name\":\"Philippe.Pierquin\",\"@id\":\"https:\/\/welovecinema.be\/nl\/#\/schema\/person\/4b9b1d857f0943453a38a7c2859ef756\"},\"headline\":\"Le 30 septembre, Namur se recueillera devant La Fille Inconnue\",\"datePublished\":\"2016-06-28T06:07:08+00:00\",\"dateModified\":\"2016-06-28T06:07:08+00:00\",\"mainEntityOfPage\":{\"@id\":\"https:\/\/welovecinema.be\/fr\/le-30-septembre-namur-se-recueillera-devant-la-fille-inconnue\/\"},\"wordCount\":718,\"publisher\":{\"@id\":\"https:\/\/welovecinema.be\/nl\/#organization\"},\"articleSection\":[\"Coming soon\"],\"inLanguage\":\"fr-FR\"},{\"@type\":\"WebPage\",\"@id\":\"https:\/\/welovecinema.be\/fr\/le-30-septembre-namur-se-recueillera-devant-la-fille-inconnue\/\",\"url\":\"https:\/\/welovecinema.be\/fr\/le-30-septembre-namur-se-recueillera-devant-la-fille-inconnue\/\",\"name\":\"Le 30 septembre, Namur se recueillera devant La Fille Inconnue - We Love Cinema\",\"isPartOf\":{\"@id\":\"https:\/\/welovecinema.be\/nl\/#website\"},\"datePublished\":\"2016-06-28T06:07:08+00:00\",\"dateModified\":\"2016-06-28T06:07:08+00:00\",\"breadcrumb\":{\"@id\":\"https:\/\/welovecinema.be\/fr\/le-30-septembre-namur-se-recueillera-devant-la-fille-inconnue\/#breadcrumb\"},\"inLanguage\":\"fr-FR\",\"potentialAction\":[{\"@type\":\"ReadAction\",\"target\":[\"https:\/\/welovecinema.be\/fr\/le-30-septembre-namur-se-recueillera-devant-la-fille-inconnue\/\"]}]},{\"@type\":\"BreadcrumbList\",\"@id\":\"https:\/\/welovecinema.be\/fr\/le-30-septembre-namur-se-recueillera-devant-la-fille-inconnue\/#breadcrumb\",\"itemListElement\":[{\"@type\":\"ListItem\",\"position\":1,\"name\":\"Accueil\",\"item\":\"https:\/\/welovecinema.be\/fr\/\"},{\"@type\":\"ListItem\",\"position\":2,\"name\":\"Le 30 septembre, Namur se recueillera devant La Fille Inconnue\"}]},{\"@type\":\"WebSite\",\"@id\":\"https:\/\/welovecinema.be\/nl\/#website\",\"url\":\"https:\/\/welovecinema.be\/nl\/\",\"name\":\"We Love Cinema\",\"description\":\"Toute l\u2019information du cin\u00e9ma en Belgique\",\"publisher\":{\"@id\":\"https:\/\/welovecinema.be\/nl\/#organization\"},\"potentialAction\":[{\"@type\":\"SearchAction\",\"target\":{\"@type\":\"EntryPoint\",\"urlTemplate\":\"https:\/\/welovecinema.be\/nl\/?s={search_term_string}\"},\"query-input\":\"required name=search_term_string\"}],\"inLanguage\":\"fr-FR\"},{\"@type\":\"Organization\",\"@id\":\"https:\/\/welovecinema.be\/nl\/#organization\",\"name\":\"We Love Cinema\",\"url\":\"https:\/\/welovecinema.be\/nl\/\",\"logo\":{\"@type\":\"ImageObject\",\"inLanguage\":\"fr-FR\",\"@id\":\"https:\/\/welovecinema.be\/nl\/#\/schema\/logo\/image\/\",\"url\":\"https:\/\/welovecinema.be\/wp-content\/uploads\/sites\/2\/2023\/03\/Logo-We-Love-Cinema305x128.jpg\",\"contentUrl\":\"https:\/\/welovecinema.be\/wp-content\/uploads\/sites\/2\/2023\/03\/Logo-We-Love-Cinema305x128.jpg\",\"width\":305,\"height\":128,\"caption\":\"We Love Cinema\"},\"image\":{\"@id\":\"https:\/\/welovecinema.be\/nl\/#\/schema\/logo\/image\/\"},\"sameAs\":[\"https:\/\/www.facebook.com\/welovecinema.be\",\"https:\/\/www.youtube.com\/channel\/UCX5LYGVhnKvYauW4Nta4HJA\",\"https:\/\/www.instagram.com\/welovecinema.be\/\"]},{\"@type\":\"Person\",\"@id\":\"https:\/\/welovecinema.be\/nl\/#\/schema\/person\/4b9b1d857f0943453a38a7c2859ef756\",\"name\":\"Philippe.Pierquin\",\"url\":\"https:\/\/welovecinema.be\/fr\/author\/philippe-pierquin\/\"}]}<\/script>\n<!-- \/ Yoast SEO plugin. -->","yoast_head_json":{"title":"Le 30 septembre, Namur se recueillera devant La Fille Inconnue - We Love Cinema","robots":{"index":"index","follow":"follow","max-snippet":"max-snippet:-1","max-image-preview":"max-image-preview:large","max-video-preview":"max-video-preview:-1"},"canonical":"https:\/\/welovecinema.be\/fr\/le-30-septembre-namur-se-recueillera-devant-la-fille-inconnue\/","og_locale":"fr_FR","og_type":"article","og_title":"Le 30 septembre, Namur se recueillera devant La Fille Inconnue - We Love Cinema","og_description":"Gr\u00e2ce au Festival de Namur le public belge d\u00e9couvre, tous les ans, une centaine de films issus des quatre coins de l\u2019espace francophone de la France au le Qu\u00e9bec, de la Roumanie au Maroc en passant par la Tunisie, la Suisse, le Liban, le Cambodge, le Vietnam, le Laos, le Mali, le Congo, la C\u00f4te &hellip;","og_url":"https:\/\/welovecinema.be\/fr\/le-30-septembre-namur-se-recueillera-devant-la-fille-inconnue\/","og_site_name":"We Love Cinema","article_publisher":"https:\/\/www.facebook.com\/welovecinema.be","article_published_time":"2016-06-28T06:07:08+00:00","og_image":[{"width":500,"height":335,"url":"https:\/\/welovecinema.be\/wp-content\/uploads\/sites\/2\/2016\/06\/755753500.2.jpg","type":"image\/jpeg"}],"author":"Philippe.Pierquin","twitter_card":"summary_large_image","twitter_misc":{"\u00c9crit par":"Philippe.Pierquin","Dur\u00e9e de lecture estim\u00e9e":"4 minutes"},"schema":{"@context":"https:\/\/schema.org","@graph":[{"@type":"Article","@id":"https:\/\/welovecinema.be\/fr\/le-30-septembre-namur-se-recueillera-devant-la-fille-inconnue\/#article","isPartOf":{"@id":"https:\/\/welovecinema.be\/fr\/le-30-septembre-namur-se-recueillera-devant-la-fille-inconnue\/"},"author":{"name":"Philippe.Pierquin","@id":"https:\/\/welovecinema.be\/nl\/#\/schema\/person\/4b9b1d857f0943453a38a7c2859ef756"},"headline":"Le 30 septembre, Namur se recueillera devant La Fille Inconnue","datePublished":"2016-06-28T06:07:08+00:00","dateModified":"2016-06-28T06:07:08+00:00","mainEntityOfPage":{"@id":"https:\/\/welovecinema.be\/fr\/le-30-septembre-namur-se-recueillera-devant-la-fille-inconnue\/"},"wordCount":718,"publisher":{"@id":"https:\/\/welovecinema.be\/nl\/#organization"},"articleSection":["Coming soon"],"inLanguage":"fr-FR"},{"@type":"WebPage","@id":"https:\/\/welovecinema.be\/fr\/le-30-septembre-namur-se-recueillera-devant-la-fille-inconnue\/","url":"https:\/\/welovecinema.be\/fr\/le-30-septembre-namur-se-recueillera-devant-la-fille-inconnue\/","name":"Le 30 septembre, Namur se recueillera devant La Fille Inconnue - We Love Cinema","isPartOf":{"@id":"https:\/\/welovecinema.be\/nl\/#website"},"datePublished":"2016-06-28T06:07:08+00:00","dateModified":"2016-06-28T06:07:08+00:00","breadcrumb":{"@id":"https:\/\/welovecinema.be\/fr\/le-30-septembre-namur-se-recueillera-devant-la-fille-inconnue\/#breadcrumb"},"inLanguage":"fr-FR","potentialAction":[{"@type":"ReadAction","target":["https:\/\/welovecinema.be\/fr\/le-30-septembre-namur-se-recueillera-devant-la-fille-inconnue\/"]}]},{"@type":"BreadcrumbList","@id":"https:\/\/welovecinema.be\/fr\/le-30-septembre-namur-se-recueillera-devant-la-fille-inconnue\/#breadcrumb","itemListElement":[{"@type":"ListItem","position":1,"name":"Accueil","item":"https:\/\/welovecinema.be\/fr\/"},{"@type":"ListItem","position":2,"name":"Le 30 septembre, Namur se recueillera devant La Fille Inconnue"}]},{"@type":"WebSite","@id":"https:\/\/welovecinema.be\/nl\/#website","url":"https:\/\/welovecinema.be\/nl\/","name":"We Love Cinema","description":"Toute l\u2019information du cin\u00e9ma en Belgique","publisher":{"@id":"https:\/\/welovecinema.be\/nl\/#organization"},"potentialAction":[{"@type":"SearchAction","target":{"@type":"EntryPoint","urlTemplate":"https:\/\/welovecinema.be\/nl\/?s={search_term_string}"},"query-input":"required name=search_term_string"}],"inLanguage":"fr-FR"},{"@type":"Organization","@id":"https:\/\/welovecinema.be\/nl\/#organization","name":"We Love Cinema","url":"https:\/\/welovecinema.be\/nl\/","logo":{"@type":"ImageObject","inLanguage":"fr-FR","@id":"https:\/\/welovecinema.be\/nl\/#\/schema\/logo\/image\/","url":"https:\/\/welovecinema.be\/wp-content\/uploads\/sites\/2\/2023\/03\/Logo-We-Love-Cinema305x128.jpg","contentUrl":"https:\/\/welovecinema.be\/wp-content\/uploads\/sites\/2\/2023\/03\/Logo-We-Love-Cinema305x128.jpg","width":305,"height":128,"caption":"We Love Cinema"},"image":{"@id":"https:\/\/welovecinema.be\/nl\/#\/schema\/logo\/image\/"},"sameAs":["https:\/\/www.facebook.com\/welovecinema.be","https:\/\/www.youtube.com\/channel\/UCX5LYGVhnKvYauW4Nta4HJA","https:\/\/www.instagram.com\/welovecinema.be\/"]},{"@type":"Person","@id":"https:\/\/welovecinema.be\/nl\/#\/schema\/person\/4b9b1d857f0943453a38a7c2859ef756","name":"Philippe.Pierquin","url":"https:\/\/welovecinema.be\/fr\/author\/philippe-pierquin\/"}]}},"_links":{"self":[{"href":"https:\/\/welovecinema.be\/fr\/wp-json\/wp\/v2\/posts\/88610","targetHints":{"allow":["GET"]}}],"collection":[{"href":"https:\/\/welovecinema.be\/fr\/wp-json\/wp\/v2\/posts"}],"about":[{"href":"https:\/\/welovecinema.be\/fr\/wp-json\/wp\/v2\/types\/post"}],"author":[{"embeddable":true,"href":"https:\/\/welovecinema.be\/fr\/wp-json\/wp\/v2\/users\/7"}],"replies":[{"embeddable":true,"href":"https:\/\/welovecinema.be\/fr\/wp-json\/wp\/v2\/comments?post=88610"}],"version-history":[{"count":0,"href":"https:\/\/welovecinema.be\/fr\/wp-json\/wp\/v2\/posts\/88610\/revisions"}],"wp:featuredmedia":[{"embeddable":true,"href":"https:\/\/welovecinema.be\/fr\/wp-json\/wp\/v2\/media\/88615"}],"wp:attachment":[{"href":"https:\/\/welovecinema.be\/fr\/wp-json\/wp\/v2\/media?parent=88610"}],"wp:term":[{"taxonomy":"category","embeddable":true,"href":"https:\/\/welovecinema.be\/fr\/wp-json\/wp\/v2\/categories?post=88610"},{"taxonomy":"post_tag","embeddable":true,"href":"https:\/\/welovecinema.be\/fr\/wp-json\/wp\/v2\/tags?post=88610"}],"curies":[{"name":"wp","href":"https:\/\/api.w.org\/{rel}","templated":true}]}}