{"id":8834,"date":"2011-09-29T08:00:47","date_gmt":"2011-09-29T08:00:47","guid":{"rendered":"http:\/\/www.cinevox.be\/?p=8834"},"modified":"2011-09-27T22:27:49","modified_gmt":"2011-09-27T22:27:49","slug":"avec-le-fiff-et-cinevox-osez-le-cinema-belge","status":"publish","type":"post","link":"https:\/\/welovecinema.be\/fr\/avec-le-fiff-et-cinevox-osez-le-cinema-belge\/","title":{"rendered":"Avec le FIFF (et Cinevox) <br> Osez le cin\u00e9ma belge !"},"content":{"rendered":"<p>Devenu depuis longtemps la plus importante manifestation d\u00e9di\u00e9e au cin\u00e9ma francophone en Europe, le FIFF namurois met un point d&rsquo;honneur \u00e0 accompagner et soutenir la\u00a0diffusion du cin\u00e9ma belge.<\/p>\n<p>Cette ann\u00e9e encore la comp\u00e9tition propose deux films belges et deux autres longs m\u00e9trages avec des stars belges. Et les sections annexes regorgent de projets initi\u00e9s chez nous. En tout, ce sont 58 \u0153uvres issues de notre terroir que les spectateurs du Fiff pourront d\u00e9couvrir cette ann\u00e9e.<!--more--><\/p>\n<p>&nbsp;<\/p>\n<p><a rel=\"attachment wp-att-8835\" href=\"http:\/\/www.cinevox.be\/avec-le-fiff-et-cinevox-osez-le-cinema-belge\/g10\/\"><img loading=\"lazy\" decoding=\"async\" class=\"alignright size-medium wp-image-8835\" title=\"G10\" src=\"http:\/\/www.cinevox.be\/wp-content\/uploads\/sites\/2\/2011\/09\/G10-480x259.jpg\" alt=\"\" width=\"432\" height=\"233\" srcset=\"https:\/\/welovecinema.be\/wp-content\/uploads\/sites\/2\/2011\/09\/G10-480x259.jpg 480w, https:\/\/welovecinema.be\/wp-content\/uploads\/sites\/2\/2011\/09\/G10-800x432.jpg 800w, https:\/\/welovecinema.be\/wp-content\/uploads\/sites\/2\/2011\/09\/G10.jpg 1024w\" sizes=\"auto, (max-width: 432px) 100vw, 432px\" \/><\/a>En marge de ces projections, les acteurs du cin\u00e9ma belge (ce qui comprend \u00e9galement les r\u00e9alisateurs, producteurs, les techniciens) trouvent \u00e0 Namur de nombreuses occasions de se frotter \u00e0 leur public. <strong>Bouli Lanners, Marie Gillain, Christelle Cornil, Olivier Gourmet<\/strong> ou <strong>Jonathan Zacca\u00ef<\/strong> seront tous de la partie cette ann\u00e9e, mais aussi des artistes qui n&rsquo;ont rien \u00e0 vendre comme <strong>Micha Wald, Benoit Mariage, Fabrice Du Welz <\/strong>ou <strong>Vincent Tavier<\/strong> que nous rencontrerons bien s\u00fbr.<\/p>\n<p>&nbsp;<\/p>\n<p><a rel=\"attachment wp-att-8837\" href=\"http:\/\/www.cinevox.be\/avec-le-fiff-et-cinevox-osez-le-cinema-belge\/110608_03_407\/\"><img loading=\"lazy\" decoding=\"async\" class=\"size-medium wp-image-8837 alignleft\" title=\"110608_03_407\" src=\"http:\/\/www.cinevox.be\/wp-content\/uploads\/sites\/2\/2011\/09\/110608_03_407-480x270.jpg\" alt=\"\" width=\"480\" height=\"270\" srcset=\"https:\/\/welovecinema.be\/wp-content\/uploads\/sites\/2\/2011\/09\/110608_03_407-480x270.jpg 480w, https:\/\/welovecinema.be\/wp-content\/uploads\/sites\/2\/2011\/09\/110608_03_407-200x113.jpg 200w, https:\/\/welovecinema.be\/wp-content\/uploads\/sites\/2\/2011\/09\/110608_03_407-800x449.jpg 800w, https:\/\/welovecinema.be\/wp-content\/uploads\/sites\/2\/2011\/09\/110608_03_407-300x169.jpg 300w, https:\/\/welovecinema.be\/wp-content\/uploads\/sites\/2\/2011\/09\/110608_03_407-620x350.jpg 620w\" sizes=\"auto, (max-width: 480px) 100vw, 480px\" \/><\/a>Et ce n&rsquo;est pas tout, non loin, de l\u00e0. Il y a 4 ans, le Festival a initi\u00e9 une s\u00e9rie de r\u00e9flexions sur les moyens \u00e0 mettre en action pour am\u00e9liorer la diffusion du cin\u00e9ma belge souvent point\u00e9e du doigt. L\u2019ann\u00e9e derni\u00e8re, \u00e0 l\u2019occasion du Congr\u00e8s des exploitants, une s\u00e9ance regroupant extraits, bandes-annonces et teasers de films belges \u00e0 sortir \u00e9tait mise sur pied. La richesse et la diversit\u00e9 du panorama repr\u00e9sent\u00e9 par cette s\u00e9lection n&rsquo;a \u00e9chapp\u00e9 \u00e0 aucun des professionnels pr\u00e9sents. La semaine prochaine, \u00a0l&rsquo;op\u00e9ration sera reconduite pour devenir un rendez-vous annuel : <strong>Osez le cin\u00e9ma belge\u00a0! <\/strong>La s\u00e9ance est programm\u00e9e cette ann\u00e9e le mardi 4 octobre de 16h30 \u00e0 18h30 \u00e0 l&rsquo;Eldorado namurois.<\/p>\n<p>&nbsp;<\/p>\n<p>Cette\u00a0<strong>s\u00e9ance exceptionnelle<\/strong> permettra encore une fois aux exploitants, distributeurs, producteurs, programmateurs de festivals, responsables de centres culturels, &#8230; de d\u00e9couvrir en avant-premi\u00e8re les films qui feront l\u2019actualit\u00e9 du cin\u00e9ma belge francophone dans les mois \u00e0 venir, notamment. La pr\u00e9sence des \u00e9quipes est un autre must\u00a0!<\/p>\n<p>&nbsp;<\/p>\n<p><a rel=\"attachment wp-att-8845\" href=\"http:\/\/www.cinevox.be\/avec-le-fiff-et-cinevox-osez-le-cinema-belge\/dsc01666\/\"><img loading=\"lazy\" decoding=\"async\" class=\"alignright size-medium wp-image-8845\" title=\"DSC01666\" src=\"http:\/\/www.cinevox.be\/wp-content\/uploads\/sites\/2\/2011\/09\/DSC01666-360x270.jpg\" alt=\"\" width=\"360\" height=\"270\" srcset=\"https:\/\/welovecinema.be\/wp-content\/uploads\/sites\/2\/2011\/09\/DSC01666-360x270.jpg 360w, https:\/\/welovecinema.be\/wp-content\/uploads\/sites\/2\/2011\/09\/DSC01666-800x600.jpg 800w, https:\/\/welovecinema.be\/wp-content\/uploads\/sites\/2\/2011\/09\/DSC01666-300x225.jpg 300w\" sizes=\"auto, (max-width: 360px) 100vw, 360px\" \/><\/a>\u00c0 l&rsquo;issue de la pr\u00e9sentation, la ministre de\u00a0la Culture et de l&rsquo;Audiovisuel <strong>Fadila Laanan<\/strong>, ainsi que le Secr\u00e9taire G\u00e9n\u00e9rale de la FWB <strong>Fr\u00e9d\u00e9ric Delcor<\/strong>, d\u00e9voileront le nouveau spot de la F\u00e9d\u00e9ration Wallonie-Bruxelles, visant \u00e0 promouvoir le 7e Art belge.<\/p>\n<p>Et si, vous vous dites que cette fin d&rsquo;apr\u00e8s-midi semble taill\u00e9e sur mesure pour un m\u00e9dia comme <strong>Cinevox<\/strong>, que nos objectifs sont proches, sinon jumeaux, vous n&rsquo;avez pas tout \u00e0 fait tort. Partenaire officiel du FIFF cette ann\u00e9e, Cinevox participe doublement \u00e0 la f\u00eate.<\/p>\n<p>Tout d&rsquo;abord, Kaos Films qui confectionne avec amour tout le mat\u00e9riel vid\u00e9o de Cinevox a r\u00e9alis\u00e9 une compile de nos diff\u00e9rents \u00e9crans pour mettre en valeur des films comme <em>Quartier Libre, Il \u00c9tait une fois une fois,<\/em> ou <em>Dead Man Talking<\/em>.<\/p>\n<p>Et puis surtout, c&rsquo;est ce qui va vous captiver le plus, nous pouvons offrir \u00e0 5 d&rsquo;entre vous la chance de remporter deux entr\u00e9es very exclusives pour cette s\u00e9ance d&rsquo;initi\u00e9s ferm\u00e9e au public.<\/p>\n<p>\u00c7a vous int\u00e9resse? Filez donc dans notre section concours et faites vite: vous avez jusqu&rsquo;\u00e0 dimanche pour minuit pour r\u00e9pondre aux questions. Lundi, vous serez pr\u00e9venus par mail.<\/p>\n<p>&nbsp;<\/p>\n<p>&nbsp;<\/p>\n[Les photos de haut en bas: 1. la ministre de\u00a0la Culture et de l&rsquo;Audiovisuel\u00a0<strong>Fadila Laanan <\/strong>re\u00e7oit les fr\u00e8res <strong>Dardenne <\/strong>et <strong>Bouli Lanners<\/strong> \u00e0 Namur apr\u00e8s le Festival de Cannes (Marianne Grimont) &#8211; 2. <em>Les G\u00e9ants<\/em> &#8211; 3. Photo de plateau de <em>Quartier Libre<\/em> avec <strong>Jan Hamemnecker <\/strong>et<strong> Fran\u00e7ois Damiens<\/strong> &#8211; 4. Photo de plateau de <em>Dead Man Talking avec <\/em><strong>Patrick Ridremont <\/strong>(P.P.)]\n","protected":false},"excerpt":{"rendered":"<p>Devenu depuis longtemps la plus importante manifestation d\u00e9di\u00e9e au cin\u00e9ma francophone en Europe, le FIFF namurois met un point d&rsquo;honneur \u00e0 accompagner et soutenir la\u00a0diffusion du cin\u00e9ma belge. Cette ann\u00e9e encore la comp\u00e9tition propose deux films belges et deux autres longs m\u00e9trages avec des stars belges. Et les sections annexes regorgent de projets initi\u00e9s chez &hellip;<\/p>\n","protected":false},"author":7,"featured_media":8839,"comment_status":"closed","ping_status":"closed","sticky":false,"template":"","format":"standard","meta":{"ngg_post_thumbnail":0,"footnotes":""},"categories":[1923,7],"tags":[],"class_list":["post-8834","post","type-post","status-publish","format-standard","has-post-thumbnail","","category-en-bref","category-actualites"],"yoast_head":"<!-- This site is optimized with the Yoast SEO plugin v20.4 - https:\/\/yoast.com\/wordpress\/plugins\/seo\/ -->\n<title>Avec le FIFF (et Cinevox)  Osez le cin\u00e9ma belge ! - We Love Cinema<\/title>\n<meta name=\"robots\" content=\"index, follow, max-snippet:-1, max-image-preview:large, max-video-preview:-1\" \/>\n<link rel=\"canonical\" href=\"https:\/\/welovecinema.be\/fr\/avec-le-fiff-et-cinevox-osez-le-cinema-belge\/\" \/>\n<meta property=\"og:locale\" content=\"fr_FR\" \/>\n<meta property=\"og:type\" content=\"article\" \/>\n<meta property=\"og:title\" content=\"Avec le FIFF (et Cinevox)  Osez le cin\u00e9ma belge ! - We Love Cinema\" \/>\n<meta property=\"og:description\" content=\"Devenu depuis longtemps la plus importante manifestation d\u00e9di\u00e9e au cin\u00e9ma francophone en Europe, le FIFF namurois met un point d&rsquo;honneur \u00e0 accompagner et soutenir la\u00a0diffusion du cin\u00e9ma belge. Cette ann\u00e9e encore la comp\u00e9tition propose deux films belges et deux autres longs m\u00e9trages avec des stars belges. Et les sections annexes regorgent de projets initi\u00e9s chez &hellip;\" \/>\n<meta property=\"og:url\" content=\"https:\/\/welovecinema.be\/fr\/avec-le-fiff-et-cinevox-osez-le-cinema-belge\/\" \/>\n<meta property=\"og:site_name\" content=\"We Love Cinema\" \/>\n<meta property=\"article:publisher\" content=\"https:\/\/www.facebook.com\/welovecinema.be\" \/>\n<meta property=\"article:published_time\" content=\"2011-09-29T08:00:47+00:00\" \/>\n<meta property=\"article:modified_time\" content=\"2011-09-27T22:27:49+00:00\" \/>\n<meta property=\"og:image\" content=\"https:\/\/welovecinema.be\/wp-content\/uploads\/sites\/2\/2011\/09\/MG09293.jpg\" \/>\n\t<meta property=\"og:image:width\" content=\"1000\" \/>\n\t<meta property=\"og:image:height\" content=\"665\" \/>\n\t<meta property=\"og:image:type\" content=\"image\/jpeg\" \/>\n<meta name=\"author\" content=\"Philippe.Pierquin\" \/>\n<meta name=\"twitter:card\" content=\"summary_large_image\" \/>\n<meta name=\"twitter:label1\" content=\"\u00c9crit par\" \/>\n\t<meta name=\"twitter:data1\" content=\"Philippe.Pierquin\" \/>\n\t<meta name=\"twitter:label2\" content=\"Dur\u00e9e de lecture estim\u00e9e\" \/>\n\t<meta name=\"twitter:data2\" content=\"3 minutes\" \/>\n<script type=\"application\/ld+json\" class=\"yoast-schema-graph\">{\"@context\":\"https:\/\/schema.org\",\"@graph\":[{\"@type\":\"Article\",\"@id\":\"https:\/\/welovecinema.be\/fr\/avec-le-fiff-et-cinevox-osez-le-cinema-belge\/#article\",\"isPartOf\":{\"@id\":\"https:\/\/welovecinema.be\/fr\/avec-le-fiff-et-cinevox-osez-le-cinema-belge\/\"},\"author\":{\"name\":\"Philippe.Pierquin\",\"@id\":\"https:\/\/welovecinema.be\/nl\/#\/schema\/person\/4b9b1d857f0943453a38a7c2859ef756\"},\"headline\":\"Avec le FIFF (et Cinevox) Osez le cin\u00e9ma belge !\",\"datePublished\":\"2011-09-29T08:00:47+00:00\",\"dateModified\":\"2011-09-27T22:27:49+00:00\",\"mainEntityOfPage\":{\"@id\":\"https:\/\/welovecinema.be\/fr\/avec-le-fiff-et-cinevox-osez-le-cinema-belge\/\"},\"wordCount\":635,\"publisher\":{\"@id\":\"https:\/\/welovecinema.be\/nl\/#organization\"},\"articleSection\":[\"En bref\",\"News\"],\"inLanguage\":\"fr-FR\"},{\"@type\":\"WebPage\",\"@id\":\"https:\/\/welovecinema.be\/fr\/avec-le-fiff-et-cinevox-osez-le-cinema-belge\/\",\"url\":\"https:\/\/welovecinema.be\/fr\/avec-le-fiff-et-cinevox-osez-le-cinema-belge\/\",\"name\":\"Avec le FIFF (et Cinevox) Osez le cin\u00e9ma belge ! - We Love Cinema\",\"isPartOf\":{\"@id\":\"https:\/\/welovecinema.be\/nl\/#website\"},\"datePublished\":\"2011-09-29T08:00:47+00:00\",\"dateModified\":\"2011-09-27T22:27:49+00:00\",\"breadcrumb\":{\"@id\":\"https:\/\/welovecinema.be\/fr\/avec-le-fiff-et-cinevox-osez-le-cinema-belge\/#breadcrumb\"},\"inLanguage\":\"fr-FR\",\"potentialAction\":[{\"@type\":\"ReadAction\",\"target\":[\"https:\/\/welovecinema.be\/fr\/avec-le-fiff-et-cinevox-osez-le-cinema-belge\/\"]}]},{\"@type\":\"BreadcrumbList\",\"@id\":\"https:\/\/welovecinema.be\/fr\/avec-le-fiff-et-cinevox-osez-le-cinema-belge\/#breadcrumb\",\"itemListElement\":[{\"@type\":\"ListItem\",\"position\":1,\"name\":\"Accueil\",\"item\":\"https:\/\/welovecinema.be\/fr\/\"},{\"@type\":\"ListItem\",\"position\":2,\"name\":\"Avec le FIFF (et Cinevox) Osez le cin\u00e9ma belge !\"}]},{\"@type\":\"WebSite\",\"@id\":\"https:\/\/welovecinema.be\/nl\/#website\",\"url\":\"https:\/\/welovecinema.be\/nl\/\",\"name\":\"We Love Cinema\",\"description\":\"Toute l\u2019information du cin\u00e9ma en Belgique\",\"publisher\":{\"@id\":\"https:\/\/welovecinema.be\/nl\/#organization\"},\"potentialAction\":[{\"@type\":\"SearchAction\",\"target\":{\"@type\":\"EntryPoint\",\"urlTemplate\":\"https:\/\/welovecinema.be\/nl\/?s={search_term_string}\"},\"query-input\":\"required name=search_term_string\"}],\"inLanguage\":\"fr-FR\"},{\"@type\":\"Organization\",\"@id\":\"https:\/\/welovecinema.be\/nl\/#organization\",\"name\":\"We Love Cinema\",\"url\":\"https:\/\/welovecinema.be\/nl\/\",\"logo\":{\"@type\":\"ImageObject\",\"inLanguage\":\"fr-FR\",\"@id\":\"https:\/\/welovecinema.be\/nl\/#\/schema\/logo\/image\/\",\"url\":\"https:\/\/welovecinema.be\/wp-content\/uploads\/sites\/2\/2023\/03\/Logo-We-Love-Cinema305x128.jpg\",\"contentUrl\":\"https:\/\/welovecinema.be\/wp-content\/uploads\/sites\/2\/2023\/03\/Logo-We-Love-Cinema305x128.jpg\",\"width\":305,\"height\":128,\"caption\":\"We Love Cinema\"},\"image\":{\"@id\":\"https:\/\/welovecinema.be\/nl\/#\/schema\/logo\/image\/\"},\"sameAs\":[\"https:\/\/www.facebook.com\/welovecinema.be\",\"https:\/\/www.youtube.com\/channel\/UCX5LYGVhnKvYauW4Nta4HJA\",\"https:\/\/www.instagram.com\/welovecinema.be\/\"]},{\"@type\":\"Person\",\"@id\":\"https:\/\/welovecinema.be\/nl\/#\/schema\/person\/4b9b1d857f0943453a38a7c2859ef756\",\"name\":\"Philippe.Pierquin\",\"url\":\"https:\/\/welovecinema.be\/fr\/author\/philippe-pierquin\/\"}]}<\/script>\n<!-- \/ Yoast SEO plugin. -->","yoast_head_json":{"title":"Avec le FIFF (et Cinevox)  Osez le cin\u00e9ma belge ! - We Love Cinema","robots":{"index":"index","follow":"follow","max-snippet":"max-snippet:-1","max-image-preview":"max-image-preview:large","max-video-preview":"max-video-preview:-1"},"canonical":"https:\/\/welovecinema.be\/fr\/avec-le-fiff-et-cinevox-osez-le-cinema-belge\/","og_locale":"fr_FR","og_type":"article","og_title":"Avec le FIFF (et Cinevox)  Osez le cin\u00e9ma belge ! - We Love Cinema","og_description":"Devenu depuis longtemps la plus importante manifestation d\u00e9di\u00e9e au cin\u00e9ma francophone en Europe, le FIFF namurois met un point d&rsquo;honneur \u00e0 accompagner et soutenir la\u00a0diffusion du cin\u00e9ma belge. Cette ann\u00e9e encore la comp\u00e9tition propose deux films belges et deux autres longs m\u00e9trages avec des stars belges. Et les sections annexes regorgent de projets initi\u00e9s chez &hellip;","og_url":"https:\/\/welovecinema.be\/fr\/avec-le-fiff-et-cinevox-osez-le-cinema-belge\/","og_site_name":"We Love Cinema","article_publisher":"https:\/\/www.facebook.com\/welovecinema.be","article_published_time":"2011-09-29T08:00:47+00:00","article_modified_time":"2011-09-27T22:27:49+00:00","og_image":[{"width":"1000","height":"665","url":"https:\/\/welovecinema.be\/wp-content\/uploads\/sites\/2\/2011\/09\/MG09293.jpg","type":"image\/jpeg"}],"author":"Philippe.Pierquin","twitter_card":"summary_large_image","twitter_misc":{"\u00c9crit par":"Philippe.Pierquin","Dur\u00e9e de lecture estim\u00e9e":"3 minutes"},"schema":{"@context":"https:\/\/schema.org","@graph":[{"@type":"Article","@id":"https:\/\/welovecinema.be\/fr\/avec-le-fiff-et-cinevox-osez-le-cinema-belge\/#article","isPartOf":{"@id":"https:\/\/welovecinema.be\/fr\/avec-le-fiff-et-cinevox-osez-le-cinema-belge\/"},"author":{"name":"Philippe.Pierquin","@id":"https:\/\/welovecinema.be\/nl\/#\/schema\/person\/4b9b1d857f0943453a38a7c2859ef756"},"headline":"Avec le FIFF (et Cinevox) Osez le cin\u00e9ma belge !","datePublished":"2011-09-29T08:00:47+00:00","dateModified":"2011-09-27T22:27:49+00:00","mainEntityOfPage":{"@id":"https:\/\/welovecinema.be\/fr\/avec-le-fiff-et-cinevox-osez-le-cinema-belge\/"},"wordCount":635,"publisher":{"@id":"https:\/\/welovecinema.be\/nl\/#organization"},"articleSection":["En bref","News"],"inLanguage":"fr-FR"},{"@type":"WebPage","@id":"https:\/\/welovecinema.be\/fr\/avec-le-fiff-et-cinevox-osez-le-cinema-belge\/","url":"https:\/\/welovecinema.be\/fr\/avec-le-fiff-et-cinevox-osez-le-cinema-belge\/","name":"Avec le FIFF (et Cinevox) Osez le cin\u00e9ma belge ! - We Love Cinema","isPartOf":{"@id":"https:\/\/welovecinema.be\/nl\/#website"},"datePublished":"2011-09-29T08:00:47+00:00","dateModified":"2011-09-27T22:27:49+00:00","breadcrumb":{"@id":"https:\/\/welovecinema.be\/fr\/avec-le-fiff-et-cinevox-osez-le-cinema-belge\/#breadcrumb"},"inLanguage":"fr-FR","potentialAction":[{"@type":"ReadAction","target":["https:\/\/welovecinema.be\/fr\/avec-le-fiff-et-cinevox-osez-le-cinema-belge\/"]}]},{"@type":"BreadcrumbList","@id":"https:\/\/welovecinema.be\/fr\/avec-le-fiff-et-cinevox-osez-le-cinema-belge\/#breadcrumb","itemListElement":[{"@type":"ListItem","position":1,"name":"Accueil","item":"https:\/\/welovecinema.be\/fr\/"},{"@type":"ListItem","position":2,"name":"Avec le FIFF (et Cinevox) Osez le cin\u00e9ma belge !"}]},{"@type":"WebSite","@id":"https:\/\/welovecinema.be\/nl\/#website","url":"https:\/\/welovecinema.be\/nl\/","name":"We Love Cinema","description":"Toute l\u2019information du cin\u00e9ma en Belgique","publisher":{"@id":"https:\/\/welovecinema.be\/nl\/#organization"},"potentialAction":[{"@type":"SearchAction","target":{"@type":"EntryPoint","urlTemplate":"https:\/\/welovecinema.be\/nl\/?s={search_term_string}"},"query-input":"required name=search_term_string"}],"inLanguage":"fr-FR"},{"@type":"Organization","@id":"https:\/\/welovecinema.be\/nl\/#organization","name":"We Love Cinema","url":"https:\/\/welovecinema.be\/nl\/","logo":{"@type":"ImageObject","inLanguage":"fr-FR","@id":"https:\/\/welovecinema.be\/nl\/#\/schema\/logo\/image\/","url":"https:\/\/welovecinema.be\/wp-content\/uploads\/sites\/2\/2023\/03\/Logo-We-Love-Cinema305x128.jpg","contentUrl":"https:\/\/welovecinema.be\/wp-content\/uploads\/sites\/2\/2023\/03\/Logo-We-Love-Cinema305x128.jpg","width":305,"height":128,"caption":"We Love Cinema"},"image":{"@id":"https:\/\/welovecinema.be\/nl\/#\/schema\/logo\/image\/"},"sameAs":["https:\/\/www.facebook.com\/welovecinema.be","https:\/\/www.youtube.com\/channel\/UCX5LYGVhnKvYauW4Nta4HJA","https:\/\/www.instagram.com\/welovecinema.be\/"]},{"@type":"Person","@id":"https:\/\/welovecinema.be\/nl\/#\/schema\/person\/4b9b1d857f0943453a38a7c2859ef756","name":"Philippe.Pierquin","url":"https:\/\/welovecinema.be\/fr\/author\/philippe-pierquin\/"}]}},"_links":{"self":[{"href":"https:\/\/welovecinema.be\/fr\/wp-json\/wp\/v2\/posts\/8834","targetHints":{"allow":["GET"]}}],"collection":[{"href":"https:\/\/welovecinema.be\/fr\/wp-json\/wp\/v2\/posts"}],"about":[{"href":"https:\/\/welovecinema.be\/fr\/wp-json\/wp\/v2\/types\/post"}],"author":[{"embeddable":true,"href":"https:\/\/welovecinema.be\/fr\/wp-json\/wp\/v2\/users\/7"}],"replies":[{"embeddable":true,"href":"https:\/\/welovecinema.be\/fr\/wp-json\/wp\/v2\/comments?post=8834"}],"version-history":[{"count":0,"href":"https:\/\/welovecinema.be\/fr\/wp-json\/wp\/v2\/posts\/8834\/revisions"}],"wp:featuredmedia":[{"embeddable":true,"href":"https:\/\/welovecinema.be\/fr\/wp-json\/wp\/v2\/media\/8839"}],"wp:attachment":[{"href":"https:\/\/welovecinema.be\/fr\/wp-json\/wp\/v2\/media?parent=8834"}],"wp:term":[{"taxonomy":"category","embeddable":true,"href":"https:\/\/welovecinema.be\/fr\/wp-json\/wp\/v2\/categories?post=8834"},{"taxonomy":"post_tag","embeddable":true,"href":"https:\/\/welovecinema.be\/fr\/wp-json\/wp\/v2\/tags?post=8834"}],"curies":[{"name":"wp","href":"https:\/\/api.w.org\/{rel}","templated":true}]}}