{"id":88275,"date":"2016-06-10T09:57:22","date_gmt":"2016-06-10T07:57:22","guid":{"rendered":"http:\/\/www.cinevox.be\/?p=88275"},"modified":"2016-06-10T09:57:22","modified_gmt":"2016-06-10T07:57:22","slug":"job-dete-remunere-chez-les-freres","status":"publish","type":"post","link":"https:\/\/welovecinema.be\/fr\/job-dete-remunere-chez-les-freres\/","title":{"rendered":"Job d&rsquo;\u00e9t\u00e9 r\u00e9mun\u00e9r\u00e9 chez les fr\u00e8res"},"content":{"rendered":"<p>Les films du fleuve \u00a0recherchent actuellement un \u00e9tudiant pour travailler en comptabilit\u00e9 et ressources humaines du 15 juillet au 19 ao\u00fbt 2016 inclus. Job r\u00e9mun\u00e9r\u00e9.<br \/>\nwww.lesfilmsdufleuve.be<br \/>\nInt\u00e9ress\u00e9(e)? Veuillez SVP envoyer votre CV et vos coordonn\u00e9es compl\u00e8tes \u00e0 l\u2019adresse suivante : info@lesfilmsdufleuve.be<\/p>\n","protected":false},"excerpt":{"rendered":"<p>Les films du fleuve \u00a0recherchent actuellement un \u00e9tudiant pour travailler en comptabilit\u00e9 et ressources humaines du 15 juillet au 19 ao\u00fbt 2016 inclus. Job r\u00e9mun\u00e9r\u00e9. www.lesfilmsdufleuve.be Int\u00e9ress\u00e9(e)? Veuillez SVP envoyer votre CV et vos coordonn\u00e9es compl\u00e8tes \u00e0 l\u2019adresse suivante : info@lesfilmsdufleuve.be<\/p>\n","protected":false},"author":7,"featured_media":88277,"comment_status":"closed","ping_status":"closed","sticky":false,"template":"","format":"standard","meta":{"ngg_post_thumbnail":0,"footnotes":""},"categories":[20],"tags":[],"class_list":["post-88275","post","type-post","status-publish","format-standard","has-post-thumbnail","","category-cinejobs"],"yoast_head":"<!-- This site is optimized with the Yoast SEO plugin v20.4 - https:\/\/yoast.com\/wordpress\/plugins\/seo\/ -->\n<title>Job d&#039;\u00e9t\u00e9 r\u00e9mun\u00e9r\u00e9 chez les fr\u00e8res - We Love Cinema<\/title>\n<meta name=\"robots\" content=\"index, follow, max-snippet:-1, max-image-preview:large, max-video-preview:-1\" \/>\n<link rel=\"canonical\" href=\"https:\/\/welovecinema.be\/fr\/job-dete-remunere-chez-les-freres\/\" \/>\n<meta property=\"og:locale\" content=\"fr_FR\" \/>\n<meta property=\"og:type\" content=\"article\" \/>\n<meta property=\"og:title\" content=\"Job d&#039;\u00e9t\u00e9 r\u00e9mun\u00e9r\u00e9 chez les fr\u00e8res - We Love Cinema\" \/>\n<meta property=\"og:description\" content=\"Les films du fleuve \u00a0recherchent actuellement un \u00e9tudiant pour travailler en comptabilit\u00e9 et ressources humaines du 15 juillet au 19 ao\u00fbt 2016 inclus. Job r\u00e9mun\u00e9r\u00e9. www.lesfilmsdufleuve.be Int\u00e9ress\u00e9(e)? Veuillez SVP envoyer votre CV et vos coordonn\u00e9es compl\u00e8tes \u00e0 l\u2019adresse suivante : info@lesfilmsdufleuve.be\" \/>\n<meta property=\"og:url\" content=\"https:\/\/welovecinema.be\/fr\/job-dete-remunere-chez-les-freres\/\" \/>\n<meta property=\"og:site_name\" content=\"We Love Cinema\" \/>\n<meta property=\"article:publisher\" content=\"https:\/\/www.facebook.com\/welovecinema.be\" \/>\n<meta property=\"article:published_time\" content=\"2016-06-10T07:57:22+00:00\" \/>\n<meta property=\"og:image\" content=\"https:\/\/welovecinema.be\/wp-content\/uploads\/sites\/2\/2016\/06\/image.jpeg\" \/>\n\t<meta property=\"og:image:width\" content=\"534\" \/>\n\t<meta property=\"og:image:height\" content=\"267\" \/>\n\t<meta property=\"og:image:type\" content=\"image\/jpeg\" \/>\n<meta name=\"author\" content=\"Philippe.Pierquin\" \/>\n<meta name=\"twitter:card\" content=\"summary_large_image\" \/>\n<meta name=\"twitter:label1\" content=\"\u00c9crit par\" \/>\n\t<meta name=\"twitter:data1\" content=\"Philippe.Pierquin\" \/>\n<script type=\"application\/ld+json\" class=\"yoast-schema-graph\">{\"@context\":\"https:\/\/schema.org\",\"@graph\":[{\"@type\":\"Article\",\"@id\":\"https:\/\/welovecinema.be\/fr\/job-dete-remunere-chez-les-freres\/#article\",\"isPartOf\":{\"@id\":\"https:\/\/welovecinema.be\/fr\/job-dete-remunere-chez-les-freres\/\"},\"author\":{\"name\":\"Philippe.Pierquin\",\"@id\":\"https:\/\/welovecinema.be\/nl\/#\/schema\/person\/4b9b1d857f0943453a38a7c2859ef756\"},\"headline\":\"Job d&rsquo;\u00e9t\u00e9 r\u00e9mun\u00e9r\u00e9 chez les fr\u00e8res\",\"datePublished\":\"2016-06-10T07:57:22+00:00\",\"dateModified\":\"2016-06-10T07:57:22+00:00\",\"mainEntityOfPage\":{\"@id\":\"https:\/\/welovecinema.be\/fr\/job-dete-remunere-chez-les-freres\/\"},\"wordCount\":58,\"publisher\":{\"@id\":\"https:\/\/welovecinema.be\/nl\/#organization\"},\"articleSection\":[\"Cinejobs\"],\"inLanguage\":\"fr-FR\"},{\"@type\":\"WebPage\",\"@id\":\"https:\/\/welovecinema.be\/fr\/job-dete-remunere-chez-les-freres\/\",\"url\":\"https:\/\/welovecinema.be\/fr\/job-dete-remunere-chez-les-freres\/\",\"name\":\"Job d'\u00e9t\u00e9 r\u00e9mun\u00e9r\u00e9 chez les fr\u00e8res - We Love Cinema\",\"isPartOf\":{\"@id\":\"https:\/\/welovecinema.be\/nl\/#website\"},\"datePublished\":\"2016-06-10T07:57:22+00:00\",\"dateModified\":\"2016-06-10T07:57:22+00:00\",\"breadcrumb\":{\"@id\":\"https:\/\/welovecinema.be\/fr\/job-dete-remunere-chez-les-freres\/#breadcrumb\"},\"inLanguage\":\"fr-FR\",\"potentialAction\":[{\"@type\":\"ReadAction\",\"target\":[\"https:\/\/welovecinema.be\/fr\/job-dete-remunere-chez-les-freres\/\"]}]},{\"@type\":\"BreadcrumbList\",\"@id\":\"https:\/\/welovecinema.be\/fr\/job-dete-remunere-chez-les-freres\/#breadcrumb\",\"itemListElement\":[{\"@type\":\"ListItem\",\"position\":1,\"name\":\"Accueil\",\"item\":\"https:\/\/welovecinema.be\/fr\/\"},{\"@type\":\"ListItem\",\"position\":2,\"name\":\"Job d&rsquo;\u00e9t\u00e9 r\u00e9mun\u00e9r\u00e9 chez les fr\u00e8res\"}]},{\"@type\":\"WebSite\",\"@id\":\"https:\/\/welovecinema.be\/nl\/#website\",\"url\":\"https:\/\/welovecinema.be\/nl\/\",\"name\":\"We Love Cinema\",\"description\":\"Toute l\u2019information du cin\u00e9ma en Belgique\",\"publisher\":{\"@id\":\"https:\/\/welovecinema.be\/nl\/#organization\"},\"potentialAction\":[{\"@type\":\"SearchAction\",\"target\":{\"@type\":\"EntryPoint\",\"urlTemplate\":\"https:\/\/welovecinema.be\/nl\/?s={search_term_string}\"},\"query-input\":\"required name=search_term_string\"}],\"inLanguage\":\"fr-FR\"},{\"@type\":\"Organization\",\"@id\":\"https:\/\/welovecinema.be\/nl\/#organization\",\"name\":\"We Love Cinema\",\"url\":\"https:\/\/welovecinema.be\/nl\/\",\"logo\":{\"@type\":\"ImageObject\",\"inLanguage\":\"fr-FR\",\"@id\":\"https:\/\/welovecinema.be\/nl\/#\/schema\/logo\/image\/\",\"url\":\"https:\/\/welovecinema.be\/wp-content\/uploads\/sites\/2\/2023\/03\/Logo-We-Love-Cinema305x128.jpg\",\"contentUrl\":\"https:\/\/welovecinema.be\/wp-content\/uploads\/sites\/2\/2023\/03\/Logo-We-Love-Cinema305x128.jpg\",\"width\":305,\"height\":128,\"caption\":\"We Love Cinema\"},\"image\":{\"@id\":\"https:\/\/welovecinema.be\/nl\/#\/schema\/logo\/image\/\"},\"sameAs\":[\"https:\/\/www.facebook.com\/welovecinema.be\",\"https:\/\/www.youtube.com\/channel\/UCX5LYGVhnKvYauW4Nta4HJA\",\"https:\/\/www.instagram.com\/welovecinema.be\/\"]},{\"@type\":\"Person\",\"@id\":\"https:\/\/welovecinema.be\/nl\/#\/schema\/person\/4b9b1d857f0943453a38a7c2859ef756\",\"name\":\"Philippe.Pierquin\",\"url\":\"https:\/\/welovecinema.be\/fr\/author\/philippe-pierquin\/\"}]}<\/script>\n<!-- \/ Yoast SEO plugin. -->","yoast_head_json":{"title":"Job d'\u00e9t\u00e9 r\u00e9mun\u00e9r\u00e9 chez les fr\u00e8res - We Love Cinema","robots":{"index":"index","follow":"follow","max-snippet":"max-snippet:-1","max-image-preview":"max-image-preview:large","max-video-preview":"max-video-preview:-1"},"canonical":"https:\/\/welovecinema.be\/fr\/job-dete-remunere-chez-les-freres\/","og_locale":"fr_FR","og_type":"article","og_title":"Job d'\u00e9t\u00e9 r\u00e9mun\u00e9r\u00e9 chez les fr\u00e8res - We Love Cinema","og_description":"Les films du fleuve \u00a0recherchent actuellement un \u00e9tudiant pour travailler en comptabilit\u00e9 et ressources humaines du 15 juillet au 19 ao\u00fbt 2016 inclus. Job r\u00e9mun\u00e9r\u00e9. www.lesfilmsdufleuve.be Int\u00e9ress\u00e9(e)? Veuillez SVP envoyer votre CV et vos coordonn\u00e9es compl\u00e8tes \u00e0 l\u2019adresse suivante : info@lesfilmsdufleuve.be","og_url":"https:\/\/welovecinema.be\/fr\/job-dete-remunere-chez-les-freres\/","og_site_name":"We Love Cinema","article_publisher":"https:\/\/www.facebook.com\/welovecinema.be","article_published_time":"2016-06-10T07:57:22+00:00","og_image":[{"width":534,"height":267,"url":"https:\/\/welovecinema.be\/wp-content\/uploads\/sites\/2\/2016\/06\/image.jpeg","type":"image\/jpeg"}],"author":"Philippe.Pierquin","twitter_card":"summary_large_image","twitter_misc":{"\u00c9crit par":"Philippe.Pierquin"},"schema":{"@context":"https:\/\/schema.org","@graph":[{"@type":"Article","@id":"https:\/\/welovecinema.be\/fr\/job-dete-remunere-chez-les-freres\/#article","isPartOf":{"@id":"https:\/\/welovecinema.be\/fr\/job-dete-remunere-chez-les-freres\/"},"author":{"name":"Philippe.Pierquin","@id":"https:\/\/welovecinema.be\/nl\/#\/schema\/person\/4b9b1d857f0943453a38a7c2859ef756"},"headline":"Job d&rsquo;\u00e9t\u00e9 r\u00e9mun\u00e9r\u00e9 chez les fr\u00e8res","datePublished":"2016-06-10T07:57:22+00:00","dateModified":"2016-06-10T07:57:22+00:00","mainEntityOfPage":{"@id":"https:\/\/welovecinema.be\/fr\/job-dete-remunere-chez-les-freres\/"},"wordCount":58,"publisher":{"@id":"https:\/\/welovecinema.be\/nl\/#organization"},"articleSection":["Cinejobs"],"inLanguage":"fr-FR"},{"@type":"WebPage","@id":"https:\/\/welovecinema.be\/fr\/job-dete-remunere-chez-les-freres\/","url":"https:\/\/welovecinema.be\/fr\/job-dete-remunere-chez-les-freres\/","name":"Job d'\u00e9t\u00e9 r\u00e9mun\u00e9r\u00e9 chez les fr\u00e8res - We Love Cinema","isPartOf":{"@id":"https:\/\/welovecinema.be\/nl\/#website"},"datePublished":"2016-06-10T07:57:22+00:00","dateModified":"2016-06-10T07:57:22+00:00","breadcrumb":{"@id":"https:\/\/welovecinema.be\/fr\/job-dete-remunere-chez-les-freres\/#breadcrumb"},"inLanguage":"fr-FR","potentialAction":[{"@type":"ReadAction","target":["https:\/\/welovecinema.be\/fr\/job-dete-remunere-chez-les-freres\/"]}]},{"@type":"BreadcrumbList","@id":"https:\/\/welovecinema.be\/fr\/job-dete-remunere-chez-les-freres\/#breadcrumb","itemListElement":[{"@type":"ListItem","position":1,"name":"Accueil","item":"https:\/\/welovecinema.be\/fr\/"},{"@type":"ListItem","position":2,"name":"Job d&rsquo;\u00e9t\u00e9 r\u00e9mun\u00e9r\u00e9 chez les fr\u00e8res"}]},{"@type":"WebSite","@id":"https:\/\/welovecinema.be\/nl\/#website","url":"https:\/\/welovecinema.be\/nl\/","name":"We Love Cinema","description":"Toute l\u2019information du cin\u00e9ma en Belgique","publisher":{"@id":"https:\/\/welovecinema.be\/nl\/#organization"},"potentialAction":[{"@type":"SearchAction","target":{"@type":"EntryPoint","urlTemplate":"https:\/\/welovecinema.be\/nl\/?s={search_term_string}"},"query-input":"required name=search_term_string"}],"inLanguage":"fr-FR"},{"@type":"Organization","@id":"https:\/\/welovecinema.be\/nl\/#organization","name":"We Love Cinema","url":"https:\/\/welovecinema.be\/nl\/","logo":{"@type":"ImageObject","inLanguage":"fr-FR","@id":"https:\/\/welovecinema.be\/nl\/#\/schema\/logo\/image\/","url":"https:\/\/welovecinema.be\/wp-content\/uploads\/sites\/2\/2023\/03\/Logo-We-Love-Cinema305x128.jpg","contentUrl":"https:\/\/welovecinema.be\/wp-content\/uploads\/sites\/2\/2023\/03\/Logo-We-Love-Cinema305x128.jpg","width":305,"height":128,"caption":"We Love Cinema"},"image":{"@id":"https:\/\/welovecinema.be\/nl\/#\/schema\/logo\/image\/"},"sameAs":["https:\/\/www.facebook.com\/welovecinema.be","https:\/\/www.youtube.com\/channel\/UCX5LYGVhnKvYauW4Nta4HJA","https:\/\/www.instagram.com\/welovecinema.be\/"]},{"@type":"Person","@id":"https:\/\/welovecinema.be\/nl\/#\/schema\/person\/4b9b1d857f0943453a38a7c2859ef756","name":"Philippe.Pierquin","url":"https:\/\/welovecinema.be\/fr\/author\/philippe-pierquin\/"}]}},"_links":{"self":[{"href":"https:\/\/welovecinema.be\/fr\/wp-json\/wp\/v2\/posts\/88275","targetHints":{"allow":["GET"]}}],"collection":[{"href":"https:\/\/welovecinema.be\/fr\/wp-json\/wp\/v2\/posts"}],"about":[{"href":"https:\/\/welovecinema.be\/fr\/wp-json\/wp\/v2\/types\/post"}],"author":[{"embeddable":true,"href":"https:\/\/welovecinema.be\/fr\/wp-json\/wp\/v2\/users\/7"}],"replies":[{"embeddable":true,"href":"https:\/\/welovecinema.be\/fr\/wp-json\/wp\/v2\/comments?post=88275"}],"version-history":[{"count":0,"href":"https:\/\/welovecinema.be\/fr\/wp-json\/wp\/v2\/posts\/88275\/revisions"}],"wp:featuredmedia":[{"embeddable":true,"href":"https:\/\/welovecinema.be\/fr\/wp-json\/wp\/v2\/media\/88277"}],"wp:attachment":[{"href":"https:\/\/welovecinema.be\/fr\/wp-json\/wp\/v2\/media?parent=88275"}],"wp:term":[{"taxonomy":"category","embeddable":true,"href":"https:\/\/welovecinema.be\/fr\/wp-json\/wp\/v2\/categories?post=88275"},{"taxonomy":"post_tag","embeddable":true,"href":"https:\/\/welovecinema.be\/fr\/wp-json\/wp\/v2\/tags?post=88275"}],"curies":[{"name":"wp","href":"https:\/\/api.w.org\/{rel}","templated":true}]}}