{"id":8823,"date":"2011-09-30T05:50:34","date_gmt":"2011-09-30T05:50:34","guid":{"rendered":"http:\/\/www.cinevox.be\/?p=8823"},"modified":"2011-09-27T19:56:17","modified_gmt":"2011-09-27T19:56:17","slug":"fiff-2011-les-geants-ouvrent-le-bal","status":"publish","type":"post","link":"https:\/\/welovecinema.be\/fr\/fiff-2011-les-geants-ouvrent-le-bal\/","title":{"rendered":"FIFF 2011 <br> Les G\u00e9ants ouvre(nt) le bal"},"content":{"rendered":"<p>Pour les \u0153uvres s\u00e9lectionn\u00e9es au Festival de Cannes, il y a d\u00e9sormais deux strat\u00e9gies dominantes: une sortie rapide apr\u00e8s, voire m\u00eame pendant, la manifestation (<em>Le Gamin au V\u00e9lo, Melancholia, Tree of Life<\/em> ont tir\u00e9 les marrons du feu avec cette option) \u00a0et une sortie \u00e0 l&rsquo;automne pour profiter d&rsquo;autres \u00e9v\u00e8nements plus r\u00e9gionaux, mais tr\u00e8s m\u00e9diatiques\u2026 et de quelques mois bien n\u00e9cessaires pour b\u00e2tir une r\u00e9putation. <em>L&rsquo;Exercice de l&rsquo;\u00c9tat, La F\u00e9e <\/em>et <em>Les G\u00e9ants<\/em> ont pr\u00e9f\u00e9r\u00e9 retarder le plaisir.<!--more--><\/p>\n<p>&nbsp;<\/p>\n<p>Si <em>La F\u00e9e<\/em> a opt\u00e9 pour les Film Days comme rampe de lancement (et nous en remercions <em>Cineart<\/em>), les deux autres qui ont respectivement secou\u00e9 <em>la Semaine de la Critique <\/em>et<em> la Quinzaine des R\u00e9alisateurs<\/em> ont opt\u00e9 pour la solution classique pour un film belge francophone : le Fiff namurois \u00e9tait naturellement pr\u00eat \u00e0 leur ouvrir les bras. \u00a0Film de (grande) qualit\u00e9 + vedette nationale hyper sympa au menu. Qui n&rsquo;aurait pas envie d&rsquo;attirer ces deux jokers dans une manifestation haut de gamme?<\/p>\n<p>&nbsp;<\/p>\n<p><a rel=\"attachment wp-att-8824\" href=\"http:\/\/www.cinevox.be\/fiff-2011-les-geants-ouvrent-le-bal\/geants-barque-3\/\"><img loading=\"lazy\" decoding=\"async\" class=\"aligncenter size-full wp-image-8824\" title=\"geants barque\" src=\"http:\/\/www.cinevox.be\/wp-content\/uploads\/sites\/2\/2011\/09\/geants-barque.jpg\" alt=\"\" width=\"924\" height=\"537\" srcset=\"https:\/\/welovecinema.be\/wp-content\/uploads\/sites\/2\/2011\/09\/geants-barque.jpg 924w, https:\/\/welovecinema.be\/wp-content\/uploads\/sites\/2\/2011\/09\/geants-barque-464x270.jpg 464w, https:\/\/welovecinema.be\/wp-content\/uploads\/sites\/2\/2011\/09\/geants-barque-800x464.jpg 800w\" sizes=\"auto, (max-width: 924px) 100vw, 924px\" \/><\/a><\/p>\n<p>&nbsp;<\/p>\n<p>Pour Bouli, c&rsquo;est carr\u00e9ment la double ration de cr\u00e8me fra\u00eeche: <em>Les G\u00e9ants<\/em> ont \u00e9t\u00e9 choisis pour faire l&rsquo;ouverture du festival et sont en lice pour les Bayards. Quelques jours avant l&rsquo;arriv\u00e9e en salles, on peut difficilement r\u00eaver meilleure visibilit\u00e9.<\/p>\n<p>&nbsp;<\/p>\n<p>Le r\u00e9alisateur nous l&rsquo;avait expliqu\u00e9 : il voulait profiter de ces quelques mois de r\u00e9pit entre Cannes et la sortie officielle pour mener une promo id\u00e9ale en prenant son temps, en recevant les journalistes qui le d\u00e9siraient sans \u00eatre contraints de subir les press-junkets (interviews \u00e0 la cha\u00eene). Il croit terriblement \u00e0 ses <em>G\u00e9ants<\/em> et il a raison. De plus, il est passionn\u00e9 et attentif aux autres. Autant de qualit\u00e9s qui le rendent incontournable.<\/p>\n<p>&nbsp;<\/p>\n<p><a rel=\"attachment wp-att-8825\" href=\"http:\/\/www.cinevox.be\/fiff-2011-les-geants-ouvrent-le-bal\/image00004-4\/\"><img loading=\"lazy\" decoding=\"async\" class=\"aligncenter size-full wp-image-8825\" title=\"Image00004\" src=\"http:\/\/www.cinevox.be\/wp-content\/uploads\/sites\/2\/2011\/09\/Image00004.jpg\" alt=\"\" width=\"1024\" height=\"554\" srcset=\"https:\/\/welovecinema.be\/wp-content\/uploads\/sites\/2\/2011\/09\/Image00004.jpg 1024w, https:\/\/welovecinema.be\/wp-content\/uploads\/sites\/2\/2011\/09\/Image00004-480x259.jpg 480w, https:\/\/welovecinema.be\/wp-content\/uploads\/sites\/2\/2011\/09\/Image00004-800x432.jpg 800w\" sizes=\"auto, (max-width: 1024px) 100vw, 1024px\" \/><\/a><\/p>\n<p>&nbsp;<\/p>\n<p>C&rsquo;est donc ce vendredi que les trois gamins qu&rsquo;il adore gambaderont sur tous les \u00e9crans namurois. Car ce n&rsquo;est pas un, ni m\u00eame deux cin\u00e9mas qui vont accueillir <em>les G\u00e9ants<\/em>. Mais bien trois simultan\u00e9ment. \u00a0\u00c7a d\u00e9marre \u00e0 20h pr\u00e9cises au Cameo 1. Deuxi\u00e8me chance \u00e0 20h45 \u00e0 l&rsquo;Eldorado 1 et si vous pr\u00e9f\u00e9rez une vision num\u00e9rique, c&rsquo;est \u00e0 l&rsquo;Acinapolis que \u00e7a se passe sur le coup de 21h15. L\u00e0 aussi, c&rsquo;est la grande salle qui a \u00e9t\u00e9 r\u00e9serv\u00e9e pour l&rsquo;\u00e9v\u00e8nement, preuve qu&rsquo;on attend ce Stand By me made in Belgium avec un app\u00e9tit d&rsquo;ogre dans la capitale wallonne.<\/p>\n<p>&nbsp;<\/p>\n<p><a rel=\"attachment wp-att-8827\" href=\"http:\/\/www.cinevox.be\/fiff-2011-les-geants-ouvrent-le-bal\/g27-5\/\"><img loading=\"lazy\" decoding=\"async\" class=\"aligncenter size-full wp-image-8827\" title=\"G27\" src=\"http:\/\/www.cinevox.be\/wp-content\/uploads\/sites\/2\/2011\/09\/G27.jpg\" alt=\"\" width=\"1024\" height=\"554\" srcset=\"https:\/\/welovecinema.be\/wp-content\/uploads\/sites\/2\/2011\/09\/G27.jpg 1024w, https:\/\/welovecinema.be\/wp-content\/uploads\/sites\/2\/2011\/09\/G27-480x259.jpg 480w, https:\/\/welovecinema.be\/wp-content\/uploads\/sites\/2\/2011\/09\/G27-800x432.jpg 800w\" sizes=\"auto, (max-width: 1024px) 100vw, 1024px\" \/><\/a><\/p>\n<p>&nbsp;<\/p>\n<p>Apr\u00e8s ses deux prix cannois, Bouli parviendra-t-il \u00e0 arracher un Bayard? Jusqu&rsquo;ici ses films s&rsquo;\u00e9taient pr\u00e9sent\u00e9s \u00e0 Namur dans des sections annexes et, cette ann\u00e9e, le niveau est tr\u00e8s relev\u00e9. Suspense donc. Mais Bouli est confiant. Sinon, il aurait sans doute demand\u00e9 \u00e0 \u00eatre \u00e0 nouveau vers\u00e9 dans une cat\u00e9gorie non comp\u00e9titive.<\/p>\n<p>Et puis, de toute mani\u00e8re au-del\u00e0 du challenge, c&rsquo;est quand m\u00eame le plaisir qui compte !<\/p>\n<p>Dans ce domaine, notre homme est un champion du monde !<\/p>\n<p>&nbsp;<\/p>\n<p>&nbsp;<\/p>\n","protected":false},"excerpt":{"rendered":"<p>Pour les \u0153uvres s\u00e9lectionn\u00e9es au Festival de Cannes, il y a d\u00e9sormais deux strat\u00e9gies dominantes: une sortie rapide apr\u00e8s, voire m\u00eame pendant, la manifestation (Le Gamin au V\u00e9lo, Melancholia, Tree of Life ont tir\u00e9 les marrons du feu avec cette option) \u00a0et une sortie \u00e0 l&rsquo;automne pour profiter d&rsquo;autres \u00e9v\u00e8nements plus r\u00e9gionaux, mais tr\u00e8s m\u00e9diatiques\u2026 &hellip;<\/p>\n","protected":false},"author":7,"featured_media":8829,"comment_status":"closed","ping_status":"closed","sticky":false,"template":"","format":"standard","meta":{"ngg_post_thumbnail":0,"footnotes":""},"categories":[10,1923,7],"tags":[],"class_list":["post-8823","post","type-post","status-publish","format-standard","has-post-thumbnail","","category-a-l-affiche","category-en-bref","category-actualites"],"yoast_head":"<!-- This site is optimized with the Yoast SEO plugin v20.4 - https:\/\/yoast.com\/wordpress\/plugins\/seo\/ -->\n<title>FIFF 2011  Les G\u00e9ants ouvre(nt) le bal - We Love Cinema<\/title>\n<meta name=\"robots\" content=\"index, follow, max-snippet:-1, max-image-preview:large, max-video-preview:-1\" \/>\n<link rel=\"canonical\" href=\"https:\/\/welovecinema.be\/fr\/fiff-2011-les-geants-ouvrent-le-bal\/\" \/>\n<meta property=\"og:locale\" content=\"fr_FR\" \/>\n<meta property=\"og:type\" content=\"article\" \/>\n<meta property=\"og:title\" content=\"FIFF 2011  Les G\u00e9ants ouvre(nt) le bal - We Love Cinema\" \/>\n<meta property=\"og:description\" content=\"Pour les \u0153uvres s\u00e9lectionn\u00e9es au Festival de Cannes, il y a d\u00e9sormais deux strat\u00e9gies dominantes: une sortie rapide apr\u00e8s, voire m\u00eame pendant, la manifestation (Le Gamin au V\u00e9lo, Melancholia, Tree of Life ont tir\u00e9 les marrons du feu avec cette option) \u00a0et une sortie \u00e0 l&rsquo;automne pour profiter d&rsquo;autres \u00e9v\u00e8nements plus r\u00e9gionaux, mais tr\u00e8s m\u00e9diatiques\u2026 &hellip;\" \/>\n<meta property=\"og:url\" content=\"https:\/\/welovecinema.be\/fr\/fiff-2011-les-geants-ouvrent-le-bal\/\" \/>\n<meta property=\"og:site_name\" content=\"We Love Cinema\" \/>\n<meta property=\"article:publisher\" content=\"https:\/\/www.facebook.com\/welovecinema.be\" \/>\n<meta property=\"article:published_time\" content=\"2011-09-30T05:50:34+00:00\" \/>\n<meta property=\"article:modified_time\" content=\"2011-09-27T19:56:17+00:00\" \/>\n<meta property=\"og:image\" content=\"https:\/\/welovecinema.be\/wp-content\/uploads\/sites\/2\/2011\/09\/geants.jpg\" \/>\n\t<meta property=\"og:image:width\" content=\"1024\" \/>\n\t<meta property=\"og:image:height\" content=\"554\" \/>\n\t<meta property=\"og:image:type\" content=\"image\/jpeg\" \/>\n<meta name=\"author\" content=\"Philippe.Pierquin\" \/>\n<meta name=\"twitter:card\" content=\"summary_large_image\" \/>\n<meta name=\"twitter:label1\" content=\"\u00c9crit par\" \/>\n\t<meta name=\"twitter:data1\" content=\"Philippe.Pierquin\" \/>\n\t<meta name=\"twitter:label2\" content=\"Dur\u00e9e de lecture estim\u00e9e\" \/>\n\t<meta name=\"twitter:data2\" content=\"3 minutes\" \/>\n<script type=\"application\/ld+json\" class=\"yoast-schema-graph\">{\"@context\":\"https:\/\/schema.org\",\"@graph\":[{\"@type\":\"Article\",\"@id\":\"https:\/\/welovecinema.be\/fr\/fiff-2011-les-geants-ouvrent-le-bal\/#article\",\"isPartOf\":{\"@id\":\"https:\/\/welovecinema.be\/fr\/fiff-2011-les-geants-ouvrent-le-bal\/\"},\"author\":{\"name\":\"Philippe.Pierquin\",\"@id\":\"https:\/\/welovecinema.be\/nl\/#\/schema\/person\/4b9b1d857f0943453a38a7c2859ef756\"},\"headline\":\"FIFF 2011 Les G\u00e9ants ouvre(nt) le bal\",\"datePublished\":\"2011-09-30T05:50:34+00:00\",\"dateModified\":\"2011-09-27T19:56:17+00:00\",\"mainEntityOfPage\":{\"@id\":\"https:\/\/welovecinema.be\/fr\/fiff-2011-les-geants-ouvrent-le-bal\/\"},\"wordCount\":530,\"publisher\":{\"@id\":\"https:\/\/welovecinema.be\/nl\/#organization\"},\"articleSection\":[\"A l'affiche\",\"En bref\",\"News\"],\"inLanguage\":\"fr-FR\"},{\"@type\":\"WebPage\",\"@id\":\"https:\/\/welovecinema.be\/fr\/fiff-2011-les-geants-ouvrent-le-bal\/\",\"url\":\"https:\/\/welovecinema.be\/fr\/fiff-2011-les-geants-ouvrent-le-bal\/\",\"name\":\"FIFF 2011 Les G\u00e9ants ouvre(nt) le bal - We Love Cinema\",\"isPartOf\":{\"@id\":\"https:\/\/welovecinema.be\/nl\/#website\"},\"datePublished\":\"2011-09-30T05:50:34+00:00\",\"dateModified\":\"2011-09-27T19:56:17+00:00\",\"breadcrumb\":{\"@id\":\"https:\/\/welovecinema.be\/fr\/fiff-2011-les-geants-ouvrent-le-bal\/#breadcrumb\"},\"inLanguage\":\"fr-FR\",\"potentialAction\":[{\"@type\":\"ReadAction\",\"target\":[\"https:\/\/welovecinema.be\/fr\/fiff-2011-les-geants-ouvrent-le-bal\/\"]}]},{\"@type\":\"BreadcrumbList\",\"@id\":\"https:\/\/welovecinema.be\/fr\/fiff-2011-les-geants-ouvrent-le-bal\/#breadcrumb\",\"itemListElement\":[{\"@type\":\"ListItem\",\"position\":1,\"name\":\"Accueil\",\"item\":\"https:\/\/welovecinema.be\/fr\/\"},{\"@type\":\"ListItem\",\"position\":2,\"name\":\"FIFF 2011 Les G\u00e9ants ouvre(nt) le bal\"}]},{\"@type\":\"WebSite\",\"@id\":\"https:\/\/welovecinema.be\/nl\/#website\",\"url\":\"https:\/\/welovecinema.be\/nl\/\",\"name\":\"We Love Cinema\",\"description\":\"Toute l\u2019information du cin\u00e9ma en Belgique\",\"publisher\":{\"@id\":\"https:\/\/welovecinema.be\/nl\/#organization\"},\"potentialAction\":[{\"@type\":\"SearchAction\",\"target\":{\"@type\":\"EntryPoint\",\"urlTemplate\":\"https:\/\/welovecinema.be\/nl\/?s={search_term_string}\"},\"query-input\":\"required name=search_term_string\"}],\"inLanguage\":\"fr-FR\"},{\"@type\":\"Organization\",\"@id\":\"https:\/\/welovecinema.be\/nl\/#organization\",\"name\":\"We Love Cinema\",\"url\":\"https:\/\/welovecinema.be\/nl\/\",\"logo\":{\"@type\":\"ImageObject\",\"inLanguage\":\"fr-FR\",\"@id\":\"https:\/\/welovecinema.be\/nl\/#\/schema\/logo\/image\/\",\"url\":\"https:\/\/welovecinema.be\/wp-content\/uploads\/sites\/2\/2023\/03\/Logo-We-Love-Cinema305x128.jpg\",\"contentUrl\":\"https:\/\/welovecinema.be\/wp-content\/uploads\/sites\/2\/2023\/03\/Logo-We-Love-Cinema305x128.jpg\",\"width\":305,\"height\":128,\"caption\":\"We Love Cinema\"},\"image\":{\"@id\":\"https:\/\/welovecinema.be\/nl\/#\/schema\/logo\/image\/\"},\"sameAs\":[\"https:\/\/www.facebook.com\/welovecinema.be\",\"https:\/\/www.youtube.com\/channel\/UCX5LYGVhnKvYauW4Nta4HJA\",\"https:\/\/www.instagram.com\/welovecinema.be\/\"]},{\"@type\":\"Person\",\"@id\":\"https:\/\/welovecinema.be\/nl\/#\/schema\/person\/4b9b1d857f0943453a38a7c2859ef756\",\"name\":\"Philippe.Pierquin\",\"url\":\"https:\/\/welovecinema.be\/fr\/author\/philippe-pierquin\/\"}]}<\/script>\n<!-- \/ Yoast SEO plugin. -->","yoast_head_json":{"title":"FIFF 2011  Les G\u00e9ants ouvre(nt) le bal - We Love Cinema","robots":{"index":"index","follow":"follow","max-snippet":"max-snippet:-1","max-image-preview":"max-image-preview:large","max-video-preview":"max-video-preview:-1"},"canonical":"https:\/\/welovecinema.be\/fr\/fiff-2011-les-geants-ouvrent-le-bal\/","og_locale":"fr_FR","og_type":"article","og_title":"FIFF 2011  Les G\u00e9ants ouvre(nt) le bal - We Love Cinema","og_description":"Pour les \u0153uvres s\u00e9lectionn\u00e9es au Festival de Cannes, il y a d\u00e9sormais deux strat\u00e9gies dominantes: une sortie rapide apr\u00e8s, voire m\u00eame pendant, la manifestation (Le Gamin au V\u00e9lo, Melancholia, Tree of Life ont tir\u00e9 les marrons du feu avec cette option) \u00a0et une sortie \u00e0 l&rsquo;automne pour profiter d&rsquo;autres \u00e9v\u00e8nements plus r\u00e9gionaux, mais tr\u00e8s m\u00e9diatiques\u2026 &hellip;","og_url":"https:\/\/welovecinema.be\/fr\/fiff-2011-les-geants-ouvrent-le-bal\/","og_site_name":"We Love Cinema","article_publisher":"https:\/\/www.facebook.com\/welovecinema.be","article_published_time":"2011-09-30T05:50:34+00:00","article_modified_time":"2011-09-27T19:56:17+00:00","og_image":[{"width":"1024","height":"554","url":"https:\/\/welovecinema.be\/wp-content\/uploads\/sites\/2\/2011\/09\/geants.jpg","type":"image\/jpeg"}],"author":"Philippe.Pierquin","twitter_card":"summary_large_image","twitter_misc":{"\u00c9crit par":"Philippe.Pierquin","Dur\u00e9e de lecture estim\u00e9e":"3 minutes"},"schema":{"@context":"https:\/\/schema.org","@graph":[{"@type":"Article","@id":"https:\/\/welovecinema.be\/fr\/fiff-2011-les-geants-ouvrent-le-bal\/#article","isPartOf":{"@id":"https:\/\/welovecinema.be\/fr\/fiff-2011-les-geants-ouvrent-le-bal\/"},"author":{"name":"Philippe.Pierquin","@id":"https:\/\/welovecinema.be\/nl\/#\/schema\/person\/4b9b1d857f0943453a38a7c2859ef756"},"headline":"FIFF 2011 Les G\u00e9ants ouvre(nt) le bal","datePublished":"2011-09-30T05:50:34+00:00","dateModified":"2011-09-27T19:56:17+00:00","mainEntityOfPage":{"@id":"https:\/\/welovecinema.be\/fr\/fiff-2011-les-geants-ouvrent-le-bal\/"},"wordCount":530,"publisher":{"@id":"https:\/\/welovecinema.be\/nl\/#organization"},"articleSection":["A l'affiche","En bref","News"],"inLanguage":"fr-FR"},{"@type":"WebPage","@id":"https:\/\/welovecinema.be\/fr\/fiff-2011-les-geants-ouvrent-le-bal\/","url":"https:\/\/welovecinema.be\/fr\/fiff-2011-les-geants-ouvrent-le-bal\/","name":"FIFF 2011 Les G\u00e9ants ouvre(nt) le bal - We Love Cinema","isPartOf":{"@id":"https:\/\/welovecinema.be\/nl\/#website"},"datePublished":"2011-09-30T05:50:34+00:00","dateModified":"2011-09-27T19:56:17+00:00","breadcrumb":{"@id":"https:\/\/welovecinema.be\/fr\/fiff-2011-les-geants-ouvrent-le-bal\/#breadcrumb"},"inLanguage":"fr-FR","potentialAction":[{"@type":"ReadAction","target":["https:\/\/welovecinema.be\/fr\/fiff-2011-les-geants-ouvrent-le-bal\/"]}]},{"@type":"BreadcrumbList","@id":"https:\/\/welovecinema.be\/fr\/fiff-2011-les-geants-ouvrent-le-bal\/#breadcrumb","itemListElement":[{"@type":"ListItem","position":1,"name":"Accueil","item":"https:\/\/welovecinema.be\/fr\/"},{"@type":"ListItem","position":2,"name":"FIFF 2011 Les G\u00e9ants ouvre(nt) le bal"}]},{"@type":"WebSite","@id":"https:\/\/welovecinema.be\/nl\/#website","url":"https:\/\/welovecinema.be\/nl\/","name":"We Love Cinema","description":"Toute l\u2019information du cin\u00e9ma en Belgique","publisher":{"@id":"https:\/\/welovecinema.be\/nl\/#organization"},"potentialAction":[{"@type":"SearchAction","target":{"@type":"EntryPoint","urlTemplate":"https:\/\/welovecinema.be\/nl\/?s={search_term_string}"},"query-input":"required name=search_term_string"}],"inLanguage":"fr-FR"},{"@type":"Organization","@id":"https:\/\/welovecinema.be\/nl\/#organization","name":"We Love Cinema","url":"https:\/\/welovecinema.be\/nl\/","logo":{"@type":"ImageObject","inLanguage":"fr-FR","@id":"https:\/\/welovecinema.be\/nl\/#\/schema\/logo\/image\/","url":"https:\/\/welovecinema.be\/wp-content\/uploads\/sites\/2\/2023\/03\/Logo-We-Love-Cinema305x128.jpg","contentUrl":"https:\/\/welovecinema.be\/wp-content\/uploads\/sites\/2\/2023\/03\/Logo-We-Love-Cinema305x128.jpg","width":305,"height":128,"caption":"We Love Cinema"},"image":{"@id":"https:\/\/welovecinema.be\/nl\/#\/schema\/logo\/image\/"},"sameAs":["https:\/\/www.facebook.com\/welovecinema.be","https:\/\/www.youtube.com\/channel\/UCX5LYGVhnKvYauW4Nta4HJA","https:\/\/www.instagram.com\/welovecinema.be\/"]},{"@type":"Person","@id":"https:\/\/welovecinema.be\/nl\/#\/schema\/person\/4b9b1d857f0943453a38a7c2859ef756","name":"Philippe.Pierquin","url":"https:\/\/welovecinema.be\/fr\/author\/philippe-pierquin\/"}]}},"_links":{"self":[{"href":"https:\/\/welovecinema.be\/fr\/wp-json\/wp\/v2\/posts\/8823","targetHints":{"allow":["GET"]}}],"collection":[{"href":"https:\/\/welovecinema.be\/fr\/wp-json\/wp\/v2\/posts"}],"about":[{"href":"https:\/\/welovecinema.be\/fr\/wp-json\/wp\/v2\/types\/post"}],"author":[{"embeddable":true,"href":"https:\/\/welovecinema.be\/fr\/wp-json\/wp\/v2\/users\/7"}],"replies":[{"embeddable":true,"href":"https:\/\/welovecinema.be\/fr\/wp-json\/wp\/v2\/comments?post=8823"}],"version-history":[{"count":0,"href":"https:\/\/welovecinema.be\/fr\/wp-json\/wp\/v2\/posts\/8823\/revisions"}],"wp:featuredmedia":[{"embeddable":true,"href":"https:\/\/welovecinema.be\/fr\/wp-json\/wp\/v2\/media\/8829"}],"wp:attachment":[{"href":"https:\/\/welovecinema.be\/fr\/wp-json\/wp\/v2\/media?parent=8823"}],"wp:term":[{"taxonomy":"category","embeddable":true,"href":"https:\/\/welovecinema.be\/fr\/wp-json\/wp\/v2\/categories?post=8823"},{"taxonomy":"post_tag","embeddable":true,"href":"https:\/\/welovecinema.be\/fr\/wp-json\/wp\/v2\/tags?post=8823"}],"curies":[{"name":"wp","href":"https:\/\/api.w.org\/{rel}","templated":true}]}}