{"id":874,"date":"2012-02-05T05:48:33","date_gmt":"2012-02-05T05:48:33","guid":{"rendered":"http:\/\/voice01.cblue.be\/www.cinevox.be\/?p=874"},"modified":"2013-04-24T12:42:39","modified_gmt":"2013-04-24T12:42:39","slug":"le-gamin-au-velo","status":"publish","type":"post","link":"https:\/\/welovecinema.be\/fr\/le-gamin-au-velo\/","title":{"rendered":"Le Gamin au V\u00e9lo"},"content":{"rendered":"<p><strong>Magritte 2012<\/strong><\/p>\n<p><strong>R\u00e9v\u00e9lation masculine l&rsquo;ann\u00e9e : Thomas Doret<\/strong><\/p>\n<p>&nbsp;<\/p>\n<p>Cyril, bient\u00f4t 12 ans, n\u2019a qu\u2019une id\u00e9e en t\u00eate : retrouver son p\u00e8re qui l\u2019a plac\u00e9 provisoirement dans un foyer pour enfants.<\/p>\n<p>Par hasard, il rencontre Samantha, qui tient un salon de coiffure et qui accepte de l\u2019accueillir chez elle pendant les week-ends.<\/p>\n<p>Mais Cyril ne voit pas encore l\u2019amour que Samantha lui porte, cet amour dont il a pourtant besoin pour apaiser sa col\u00e8re<\/p>\n","protected":false},"excerpt":{"rendered":"<p>Magritte 2012 R\u00e9v\u00e9lation masculine l&rsquo;ann\u00e9e : Thomas Doret &nbsp; Cyril, bient\u00f4t 12 ans, n\u2019a qu\u2019une id\u00e9e en t\u00eate : retrouver son p\u00e8re qui l\u2019a plac\u00e9 provisoirement dans un foyer pour enfants. Par hasard, il rencontre Samantha, qui tient un salon de coiffure et qui accepte de l\u2019accueillir chez elle pendant les week-ends. Mais Cyril ne &hellip;<\/p>\n","protected":false},"author":7,"featured_media":875,"comment_status":"closed","ping_status":"closed","sticky":false,"template":"","format":"standard","meta":{"ngg_post_thumbnail":0,"footnotes":""},"categories":[53],"tags":[],"class_list":["post-874","post","type-post","status-publish","format-standard","has-post-thumbnail","","category-coming-soon"],"yoast_head":"<!-- This site is optimized with the Yoast SEO plugin v20.4 - https:\/\/yoast.com\/wordpress\/plugins\/seo\/ -->\n<title>Le Gamin au V\u00e9lo - We Love Cinema<\/title>\n<meta name=\"robots\" content=\"index, follow, max-snippet:-1, max-image-preview:large, max-video-preview:-1\" \/>\n<link rel=\"canonical\" href=\"https:\/\/welovecinema.be\/fr\/le-gamin-au-velo\/\" \/>\n<meta property=\"og:locale\" content=\"fr_FR\" \/>\n<meta property=\"og:type\" content=\"article\" \/>\n<meta property=\"og:title\" content=\"Le Gamin au V\u00e9lo - We Love Cinema\" \/>\n<meta property=\"og:description\" content=\"Magritte 2012 R\u00e9v\u00e9lation masculine l&rsquo;ann\u00e9e : Thomas Doret &nbsp; Cyril, bient\u00f4t 12 ans, n\u2019a qu\u2019une id\u00e9e en t\u00eate : retrouver son p\u00e8re qui l\u2019a plac\u00e9 provisoirement dans un foyer pour enfants. Par hasard, il rencontre Samantha, qui tient un salon de coiffure et qui accepte de l\u2019accueillir chez elle pendant les week-ends. Mais Cyril ne &hellip;\" \/>\n<meta property=\"og:url\" content=\"https:\/\/welovecinema.be\/fr\/le-gamin-au-velo\/\" \/>\n<meta property=\"og:site_name\" content=\"We Love Cinema\" \/>\n<meta property=\"article:publisher\" content=\"https:\/\/www.facebook.com\/welovecinema.be\" \/>\n<meta property=\"article:published_time\" content=\"2012-02-05T05:48:33+00:00\" \/>\n<meta property=\"article:modified_time\" content=\"2013-04-24T12:42:39+00:00\" \/>\n<meta property=\"og:image\" content=\"https:\/\/welovecinema.be\/wp-content\/uploads\/sites\/2\/2011\/05\/v\u00e9lo.jpg\" \/>\n\t<meta property=\"og:image:width\" content=\"934\" \/>\n\t<meta property=\"og:image:height\" content=\"618\" \/>\n\t<meta property=\"og:image:type\" content=\"image\/jpeg\" \/>\n<meta name=\"author\" content=\"Philippe.Pierquin\" \/>\n<meta name=\"twitter:card\" content=\"summary_large_image\" \/>\n<meta name=\"twitter:label1\" content=\"\u00c9crit par\" \/>\n\t<meta name=\"twitter:data1\" content=\"Philippe.Pierquin\" \/>\n<script type=\"application\/ld+json\" class=\"yoast-schema-graph\">{\"@context\":\"https:\/\/schema.org\",\"@graph\":[{\"@type\":\"Article\",\"@id\":\"https:\/\/welovecinema.be\/fr\/le-gamin-au-velo\/#article\",\"isPartOf\":{\"@id\":\"https:\/\/welovecinema.be\/fr\/le-gamin-au-velo\/\"},\"author\":{\"name\":\"Philippe.Pierquin\",\"@id\":\"https:\/\/welovecinema.be\/nl\/#\/schema\/person\/4b9b1d857f0943453a38a7c2859ef756\"},\"headline\":\"Le Gamin au V\u00e9lo\",\"datePublished\":\"2012-02-05T05:48:33+00:00\",\"dateModified\":\"2013-04-24T12:42:39+00:00\",\"mainEntityOfPage\":{\"@id\":\"https:\/\/welovecinema.be\/fr\/le-gamin-au-velo\/\"},\"wordCount\":89,\"publisher\":{\"@id\":\"https:\/\/welovecinema.be\/nl\/#organization\"},\"articleSection\":[\"Coming soon\"],\"inLanguage\":\"fr-FR\"},{\"@type\":\"WebPage\",\"@id\":\"https:\/\/welovecinema.be\/fr\/le-gamin-au-velo\/\",\"url\":\"https:\/\/welovecinema.be\/fr\/le-gamin-au-velo\/\",\"name\":\"Le Gamin au V\u00e9lo - We Love Cinema\",\"isPartOf\":{\"@id\":\"https:\/\/welovecinema.be\/nl\/#website\"},\"datePublished\":\"2012-02-05T05:48:33+00:00\",\"dateModified\":\"2013-04-24T12:42:39+00:00\",\"breadcrumb\":{\"@id\":\"https:\/\/welovecinema.be\/fr\/le-gamin-au-velo\/#breadcrumb\"},\"inLanguage\":\"fr-FR\",\"potentialAction\":[{\"@type\":\"ReadAction\",\"target\":[\"https:\/\/welovecinema.be\/fr\/le-gamin-au-velo\/\"]}]},{\"@type\":\"BreadcrumbList\",\"@id\":\"https:\/\/welovecinema.be\/fr\/le-gamin-au-velo\/#breadcrumb\",\"itemListElement\":[{\"@type\":\"ListItem\",\"position\":1,\"name\":\"Accueil\",\"item\":\"https:\/\/welovecinema.be\/fr\/\"},{\"@type\":\"ListItem\",\"position\":2,\"name\":\"Le Gamin au V\u00e9lo\"}]},{\"@type\":\"WebSite\",\"@id\":\"https:\/\/welovecinema.be\/nl\/#website\",\"url\":\"https:\/\/welovecinema.be\/nl\/\",\"name\":\"We Love Cinema\",\"description\":\"Toute l\u2019information du cin\u00e9ma en Belgique\",\"publisher\":{\"@id\":\"https:\/\/welovecinema.be\/nl\/#organization\"},\"potentialAction\":[{\"@type\":\"SearchAction\",\"target\":{\"@type\":\"EntryPoint\",\"urlTemplate\":\"https:\/\/welovecinema.be\/nl\/?s={search_term_string}\"},\"query-input\":\"required name=search_term_string\"}],\"inLanguage\":\"fr-FR\"},{\"@type\":\"Organization\",\"@id\":\"https:\/\/welovecinema.be\/nl\/#organization\",\"name\":\"We Love Cinema\",\"url\":\"https:\/\/welovecinema.be\/nl\/\",\"logo\":{\"@type\":\"ImageObject\",\"inLanguage\":\"fr-FR\",\"@id\":\"https:\/\/welovecinema.be\/nl\/#\/schema\/logo\/image\/\",\"url\":\"https:\/\/welovecinema.be\/wp-content\/uploads\/sites\/2\/2023\/03\/Logo-We-Love-Cinema305x128.jpg\",\"contentUrl\":\"https:\/\/welovecinema.be\/wp-content\/uploads\/sites\/2\/2023\/03\/Logo-We-Love-Cinema305x128.jpg\",\"width\":305,\"height\":128,\"caption\":\"We Love Cinema\"},\"image\":{\"@id\":\"https:\/\/welovecinema.be\/nl\/#\/schema\/logo\/image\/\"},\"sameAs\":[\"https:\/\/www.facebook.com\/welovecinema.be\",\"https:\/\/www.youtube.com\/channel\/UCX5LYGVhnKvYauW4Nta4HJA\",\"https:\/\/www.instagram.com\/welovecinema.be\/\"]},{\"@type\":\"Person\",\"@id\":\"https:\/\/welovecinema.be\/nl\/#\/schema\/person\/4b9b1d857f0943453a38a7c2859ef756\",\"name\":\"Philippe.Pierquin\",\"url\":\"https:\/\/welovecinema.be\/fr\/author\/philippe-pierquin\/\"}]}<\/script>\n<!-- \/ Yoast SEO plugin. -->","yoast_head_json":{"title":"Le Gamin au V\u00e9lo - We Love Cinema","robots":{"index":"index","follow":"follow","max-snippet":"max-snippet:-1","max-image-preview":"max-image-preview:large","max-video-preview":"max-video-preview:-1"},"canonical":"https:\/\/welovecinema.be\/fr\/le-gamin-au-velo\/","og_locale":"fr_FR","og_type":"article","og_title":"Le Gamin au V\u00e9lo - We Love Cinema","og_description":"Magritte 2012 R\u00e9v\u00e9lation masculine l&rsquo;ann\u00e9e : Thomas Doret &nbsp; Cyril, bient\u00f4t 12 ans, n\u2019a qu\u2019une id\u00e9e en t\u00eate : retrouver son p\u00e8re qui l\u2019a plac\u00e9 provisoirement dans un foyer pour enfants. Par hasard, il rencontre Samantha, qui tient un salon de coiffure et qui accepte de l\u2019accueillir chez elle pendant les week-ends. Mais Cyril ne &hellip;","og_url":"https:\/\/welovecinema.be\/fr\/le-gamin-au-velo\/","og_site_name":"We Love Cinema","article_publisher":"https:\/\/www.facebook.com\/welovecinema.be","article_published_time":"2012-02-05T05:48:33+00:00","article_modified_time":"2013-04-24T12:42:39+00:00","og_image":[{"width":"934","height":"618","url":"https:\/\/welovecinema.be\/wp-content\/uploads\/sites\/2\/2011\/05\/v\u00e9lo.jpg","type":"image\/jpeg"}],"author":"Philippe.Pierquin","twitter_card":"summary_large_image","twitter_misc":{"\u00c9crit par":"Philippe.Pierquin"},"schema":{"@context":"https:\/\/schema.org","@graph":[{"@type":"Article","@id":"https:\/\/welovecinema.be\/fr\/le-gamin-au-velo\/#article","isPartOf":{"@id":"https:\/\/welovecinema.be\/fr\/le-gamin-au-velo\/"},"author":{"name":"Philippe.Pierquin","@id":"https:\/\/welovecinema.be\/nl\/#\/schema\/person\/4b9b1d857f0943453a38a7c2859ef756"},"headline":"Le Gamin au V\u00e9lo","datePublished":"2012-02-05T05:48:33+00:00","dateModified":"2013-04-24T12:42:39+00:00","mainEntityOfPage":{"@id":"https:\/\/welovecinema.be\/fr\/le-gamin-au-velo\/"},"wordCount":89,"publisher":{"@id":"https:\/\/welovecinema.be\/nl\/#organization"},"articleSection":["Coming soon"],"inLanguage":"fr-FR"},{"@type":"WebPage","@id":"https:\/\/welovecinema.be\/fr\/le-gamin-au-velo\/","url":"https:\/\/welovecinema.be\/fr\/le-gamin-au-velo\/","name":"Le Gamin au V\u00e9lo - We Love Cinema","isPartOf":{"@id":"https:\/\/welovecinema.be\/nl\/#website"},"datePublished":"2012-02-05T05:48:33+00:00","dateModified":"2013-04-24T12:42:39+00:00","breadcrumb":{"@id":"https:\/\/welovecinema.be\/fr\/le-gamin-au-velo\/#breadcrumb"},"inLanguage":"fr-FR","potentialAction":[{"@type":"ReadAction","target":["https:\/\/welovecinema.be\/fr\/le-gamin-au-velo\/"]}]},{"@type":"BreadcrumbList","@id":"https:\/\/welovecinema.be\/fr\/le-gamin-au-velo\/#breadcrumb","itemListElement":[{"@type":"ListItem","position":1,"name":"Accueil","item":"https:\/\/welovecinema.be\/fr\/"},{"@type":"ListItem","position":2,"name":"Le Gamin au V\u00e9lo"}]},{"@type":"WebSite","@id":"https:\/\/welovecinema.be\/nl\/#website","url":"https:\/\/welovecinema.be\/nl\/","name":"We Love Cinema","description":"Toute l\u2019information du cin\u00e9ma en Belgique","publisher":{"@id":"https:\/\/welovecinema.be\/nl\/#organization"},"potentialAction":[{"@type":"SearchAction","target":{"@type":"EntryPoint","urlTemplate":"https:\/\/welovecinema.be\/nl\/?s={search_term_string}"},"query-input":"required name=search_term_string"}],"inLanguage":"fr-FR"},{"@type":"Organization","@id":"https:\/\/welovecinema.be\/nl\/#organization","name":"We Love Cinema","url":"https:\/\/welovecinema.be\/nl\/","logo":{"@type":"ImageObject","inLanguage":"fr-FR","@id":"https:\/\/welovecinema.be\/nl\/#\/schema\/logo\/image\/","url":"https:\/\/welovecinema.be\/wp-content\/uploads\/sites\/2\/2023\/03\/Logo-We-Love-Cinema305x128.jpg","contentUrl":"https:\/\/welovecinema.be\/wp-content\/uploads\/sites\/2\/2023\/03\/Logo-We-Love-Cinema305x128.jpg","width":305,"height":128,"caption":"We Love Cinema"},"image":{"@id":"https:\/\/welovecinema.be\/nl\/#\/schema\/logo\/image\/"},"sameAs":["https:\/\/www.facebook.com\/welovecinema.be","https:\/\/www.youtube.com\/channel\/UCX5LYGVhnKvYauW4Nta4HJA","https:\/\/www.instagram.com\/welovecinema.be\/"]},{"@type":"Person","@id":"https:\/\/welovecinema.be\/nl\/#\/schema\/person\/4b9b1d857f0943453a38a7c2859ef756","name":"Philippe.Pierquin","url":"https:\/\/welovecinema.be\/fr\/author\/philippe-pierquin\/"}]}},"_links":{"self":[{"href":"https:\/\/welovecinema.be\/fr\/wp-json\/wp\/v2\/posts\/874","targetHints":{"allow":["GET"]}}],"collection":[{"href":"https:\/\/welovecinema.be\/fr\/wp-json\/wp\/v2\/posts"}],"about":[{"href":"https:\/\/welovecinema.be\/fr\/wp-json\/wp\/v2\/types\/post"}],"author":[{"embeddable":true,"href":"https:\/\/welovecinema.be\/fr\/wp-json\/wp\/v2\/users\/7"}],"replies":[{"embeddable":true,"href":"https:\/\/welovecinema.be\/fr\/wp-json\/wp\/v2\/comments?post=874"}],"version-history":[{"count":0,"href":"https:\/\/welovecinema.be\/fr\/wp-json\/wp\/v2\/posts\/874\/revisions"}],"wp:featuredmedia":[{"embeddable":true,"href":"https:\/\/welovecinema.be\/fr\/wp-json\/wp\/v2\/media\/875"}],"wp:attachment":[{"href":"https:\/\/welovecinema.be\/fr\/wp-json\/wp\/v2\/media?parent=874"}],"wp:term":[{"taxonomy":"category","embeddable":true,"href":"https:\/\/welovecinema.be\/fr\/wp-json\/wp\/v2\/categories?post=874"},{"taxonomy":"post_tag","embeddable":true,"href":"https:\/\/welovecinema.be\/fr\/wp-json\/wp\/v2\/tags?post=874"}],"curies":[{"name":"wp","href":"https:\/\/api.w.org\/{rel}","templated":true}]}}