{"id":8727,"date":"2011-09-27T06:40:33","date_gmt":"2011-09-27T06:40:33","guid":{"rendered":"http:\/\/www.cinevox.be\/?p=8727"},"modified":"2011-09-26T09:41:31","modified_gmt":"2011-09-26T09:41:31","slug":"le-fiff-demarre-vendredi-15-films-en-competition-officielle","status":"publish","type":"post","link":"https:\/\/welovecinema.be\/fr\/le-fiff-demarre-vendredi-15-films-en-competition-officielle\/","title":{"rendered":"Le FIFF d\u00e9marre vendredi <br> 15 films en comp\u00e9tition officielle"},"content":{"rendered":"<p>Vendredi, oui d\u00e9j\u00e0 vendredi, d\u00e9bute le Festival International du Film francophone namurois. Pas le temps de souffler, \u00e0 peine les BNP Paribas Fortis Film Days termin\u00e9s, nous voil\u00e0 happ\u00e9s par un nouvel\u00a0\u00e9v\u00e8nement\u00a0d&rsquo;envergure qui, en nos contr\u00e9es, met \u00e0 l&rsquo;honneur le cin\u00e9ma. Francophone, donc. Et belge, par la force des choses.<\/p>\n<p><!--more--><\/p>\n<p>&nbsp;<\/p>\n<p>Reconnu par la F\u00e9d\u00e9ration internationale des Associations de Producteurs de Films (FIAPF), le FIFF namurois f\u00eate cette ann\u00e9e sa 26<sup>e<\/sup> \u00e9dition. Depuis 20 ans, la manifestation organise une comp\u00e9tition.<\/p>\n<p>&nbsp;<\/p>\n<p><a rel=\"attachment wp-att-8728\" href=\"http:\/\/www.cinevox.be\/le-fiff-demarre-vendredi-15-films-en-competition-officielle\/g16-3\/\"><img loading=\"lazy\" decoding=\"async\" class=\"alignright size-large wp-image-8728\" title=\"G16\" src=\"http:\/\/www.cinevox.be\/wp-content\/uploads\/sites\/2\/2011\/09\/G16-800x432.jpg\" alt=\"\" width=\"384\" height=\"207\" srcset=\"https:\/\/welovecinema.be\/wp-content\/uploads\/sites\/2\/2011\/09\/G16-800x432.jpg 800w, https:\/\/welovecinema.be\/wp-content\/uploads\/sites\/2\/2011\/09\/G16-480x259.jpg 480w, https:\/\/welovecinema.be\/wp-content\/uploads\/sites\/2\/2011\/09\/G16.jpg 1024w\" sizes=\"auto, (max-width: 384px) 100vw, 384px\" \/><\/a>R\u00e9compense supr\u00eame, les Bayards d&rsquo;Or (statuettes de l&rsquo;artiste r\u00e9gional Olivier Strebelle \u00e9voquant la l\u00e9gende du fameux cheval) sont accompagn\u00e9s de prix d&rsquo;un montant de pr\u00e8s de 70.000 \u20ac. Ils sont attribu\u00e9s aux laur\u00e9ats par trois jurys : le Jury officiel des longs m\u00e9trages, le Jury officiel des courts m\u00e9trages et le Jury \u00c9mile Cantillon. D&rsquo;autres prix sont \u00e9galement d\u00e9cern\u00e9s en parall\u00e8le par le Jury junior et par le public.<\/p>\n<p>&nbsp;<\/p>\n<p>Cette ann\u00e9e, quinze films s&rsquo;affronteront dans la comp\u00e9tition officielle du FIFF namurois, domin\u00e9e par une forte colonie qu\u00e9b\u00e9coise. Parmi les potentiels laur\u00e9ats, \u00a0deux longs m\u00e9trages 100% belges seulement: <em>Les G\u00e9ants<\/em> de <strong>Bouli Lanners<\/strong>, qui ouvrira la manifestation le 30 octobre en pr\u00e9sence bien s\u00fbr du r\u00e9alisateur \u00e0 la barbe fleurie. Et <em>Territoire perdu<\/em>, un documentaire de <strong>Pierre-Yves Vandeweerd<\/strong> qui braque sa cam\u00e9ra sur le Sahara occidental scind\u00e9 en deux par un mur.<\/p>\n<p>&nbsp;<\/p>\n<p><a rel=\"attachment wp-att-8729\" href=\"http:\/\/www.cinevox.be\/le-fiff-demarre-vendredi-15-films-en-competition-officielle\/exercice-4-3\/\"><img loading=\"lazy\" decoding=\"async\" class=\"alignleft size-medium wp-image-8729\" title=\"exercice 4\" src=\"http:\/\/www.cinevox.be\/wp-content\/uploads\/sites\/2\/2011\/09\/exercice-4-405x270.jpg\" alt=\"\" width=\"405\" height=\"270\" srcset=\"https:\/\/welovecinema.be\/wp-content\/uploads\/sites\/2\/2011\/09\/exercice-4-405x270.jpg 405w, https:\/\/welovecinema.be\/wp-content\/uploads\/sites\/2\/2011\/09\/exercice-4.jpg 760w\" sizes=\"auto, (max-width: 405px) 100vw, 405px\" \/><\/a>Deux autres films en comp\u00e9tition sont des coproductions belges : <em>L&rsquo;Exercice de l&rsquo;\u00c9tat,<\/em> bien s\u00fbr, tr\u00e8s attendu depuis sa projection cannoise et les critiques dithyrambiques qui l&rsquo;ont accueilli l\u00e0-bas. D\u00e9couvrir <strong>Olivier Gourmet<\/strong> dans le r\u00f4le d&rsquo;un ministre fran\u00e7ais, second\u00e9 par <strong>Michel Blanc<\/strong> et <strong>Zabou<\/strong> <strong>Breitman<\/strong> est une authentique curiosit\u00e9. Une coproduction sign\u00e9e par les <em>films du Fleuve<\/em> (la compagnie des fr\u00e8res Dardenne, donc).<\/p>\n<p>&nbsp;<\/p>\n<p>On rangera aussi dans cette cat\u00e9gorie : <em>De Bon matin<\/em> de <strong>Jean-Marc Moutout<\/strong> (<em>Violence des \u00e9changes en milieu temp\u00e9r\u00e9<\/em>) avec <strong>Jean-Pierre Darroussin, Xavier Beauvois <\/strong>(le r\u00e9alisateur de <em>Des Hommes et des Dieux,<\/em> ici acteur, donc), mais aussi <strong>Yannick Renier<\/strong>.<\/p>\n<p>&nbsp;<\/p>\n<p><a rel=\"attachment wp-att-8730\" href=\"http:\/\/www.cinevox.be\/le-fiff-demarre-vendredi-15-films-en-competition-officielle\/toutes-nos-envies-10\/\"><img loading=\"lazy\" decoding=\"async\" class=\"alignright size-medium wp-image-8730\" title=\"Toutes nos envies (10)\" src=\"http:\/\/www.cinevox.be\/wp-content\/uploads\/sites\/2\/2011\/09\/Toutes-nos-envies-10-405x270.jpg\" alt=\"\" width=\"405\" height=\"270\" srcset=\"https:\/\/welovecinema.be\/wp-content\/uploads\/sites\/2\/2011\/09\/Toutes-nos-envies-10-405x270.jpg 405w, https:\/\/welovecinema.be\/wp-content\/uploads\/sites\/2\/2011\/09\/Toutes-nos-envies-10-800x532.jpg 800w\" sizes=\"auto, (max-width: 405px) 100vw, 405px\" \/><\/a>Foi de Cinevoxien, on note encore la pr\u00e9sence d&rsquo;une actrice ador\u00e9e chez nous dans un film fran\u00e7ais qui devrait faire sensation du c\u00f4t\u00e9 de la capitale wallonne: <strong>Marie Gillain<\/strong> partage en effet l&rsquo;affiche de <em>Toutes Nos Envies<\/em> du (tr\u00e8s) grand <strong>Philippe Lioret<\/strong> avec <strong>Vincent Lindon<\/strong>.<\/p>\n<p>&nbsp;<\/p>\n<p>Qui emportera la mise? Les paris sont ouverts et la comp\u00e9tition sera s\u00e9v\u00e8re. Le Jury officiel des longs m\u00e9trages est pr\u00e9sid\u00e9, cette ann\u00e9e, par le r\u00e9alisateur <strong>Adlettaif Kechiche<\/strong> et compos\u00e9 par <strong>Alex Beaupain<\/strong> (auteur, compositeur, interpr\u00e8te fran\u00e7ais), <strong>Isabelle Blais<\/strong> (com\u00e9dienne qu\u00e9b\u00e9coise), <strong>Berni Goldblat<\/strong> (r\u00e9alisateur suisse), <strong>Guillaume Laurant (<\/strong>sc\u00e9nariste fran\u00e7ais), <strong>Sophie Quinton<\/strong> (com\u00e9dienne fran\u00e7aise, poupoupidou) et <strong>Georgette Par\u00e9<\/strong>, com\u00e9dienne originaire du Burkina Faso.<\/p>\n<p>&nbsp;<\/p>\n<p>Ce jury d\u00e9cernera les prix suivants :<\/p>\n<p><strong> <\/strong><\/p>\n<p>&#8211;\u00a0\u00a0\u00a0\u00a0\u00a0\u00a0\u00a0\u00a0\u00a0 <strong>Le Bayard d\u2019Or<\/strong> du meilleur film, remis au r\u00e9alisateur\u00a0 : 10.000 \u20ac seront offerts\u00a0 au distributeur par la RTBF pour l\u2019achat des droits TV), 7.500 \u20ac seront offerts au distributeur par le FIFF pour une aide \u00e0 la distribution en Belgique, 5.000 \u20ac seront offerts au distributeur par la SABAM pour une aide \u00e0 la distribution en Belgique, 7.500 \u20ac seront attribu\u00e9s par TV5 monde pour une aide \u00e0 l\u2019exportation sur un territoire francophone au 1er distributeur qui s\u2019engagera \u00e0 sortir le film en salle dans l\u2019un des pays francophones appartenant \u00e0 l\u2019OIF, hors du pays d\u2019origine (Prix Pierre COUCHARD)<\/p>\n<p><strong> <\/strong><\/p>\n<p>&#8211;\u00a0\u00a0\u00a0\u00a0\u00a0\u00a0\u00a0\u00a0\u00a0 <strong>Le Prix sp\u00e9cial du Jury<\/strong>, remis au r\u00e9alisateur : 10.000 \u20ac seront offerts par Dame Blanche Genval au r\u00e9alisateur pour une aide \u00e0 la postproduction sur son prochain long m\u00e9trage<\/p>\n<p>&nbsp;<\/p>\n<p>&#8211;\u00a0\u00a0\u00a0\u00a0\u00a0\u00a0\u00a0\u00a0\u00a0 Le <strong>Bayard d\u2019Or<\/strong> du meilleur sc\u00e9nario, remis \u00e0 l\u2019auteur et\/ou sc\u00e9nariste : 2.500 \u20ac seront offerts par la SACD Belgique<\/p>\n<p>&nbsp;<\/p>\n<p>&#8211;\u00a0\u00a0\u00a0\u00a0\u00a0\u00a0\u00a0\u00a0\u00a0 Le <strong>Bayard d\u2019Or<\/strong> de la meilleure photographie, remis au directeur de la photographie\u00a0\u00a0\u00a0 : prix d\u2019une valeur de 2.000 \u20ac en pellicule KODAK remis au r\u00e9alisateur<\/p>\n<p>&nbsp;<\/p>\n<p>&#8211;\u00a0\u00a0\u00a0\u00a0\u00a0\u00a0\u00a0\u00a0\u00a0 Le <strong>Bayard d\u2019Or<\/strong> de la meilleure com\u00e9dienne : 1.000\u20ac seront offerts par Franck Provost Coiffure.<\/p>\n<p>&nbsp;<\/p>\n<p>&#8211;\u00a0\u00a0\u00a0\u00a0\u00a0\u00a0\u00a0\u00a0\u00a0 Le <strong>Bayard d\u2019Or<\/strong> du meilleur com\u00e9dien : 1.000\u20ac seront offerts par le Magazine \u00ab Notre Afrik \u00bb<\/p>\n<p>&nbsp;<\/p>\n<p><a rel=\"attachment wp-att-8736\" href=\"http:\/\/www.cinevox.be\/le-fiff-demarre-vendredi-15-films-en-competition-officielle\/mon-pire-cauchemard-un-film-de-anne-fontaine\/\"><img loading=\"lazy\" decoding=\"async\" class=\"aligncenter size-full wp-image-8736\" title=\"&quot;Mon pire Cauchemard&quot; un film de Anne Fontaine\" src=\"http:\/\/www.cinevox.be\/wp-content\/uploads\/sites\/2\/2011\/09\/monpirecauchemar_jp_07.jpg\" alt=\"\" width=\"4252\" height=\"2835\" srcset=\"https:\/\/welovecinema.be\/wp-content\/uploads\/sites\/2\/2011\/09\/monpirecauchemar_jp_07.jpg 4252w, https:\/\/welovecinema.be\/wp-content\/uploads\/sites\/2\/2011\/09\/monpirecauchemar_jp_07-404x270.jpg 404w, https:\/\/welovecinema.be\/wp-content\/uploads\/sites\/2\/2011\/09\/monpirecauchemar_jp_07-800x533.jpg 800w\" sizes=\"auto, (max-width: 4252px) 100vw, 4252px\" \/><\/a><\/p>\n<p>&nbsp;<\/p>\n<p>Verdict, le vendredi 7 octobre, juste avant la projection en cl\u00f4ture de <em>Mon Pire Cauchemar<\/em> avec <strong>Isabelle Huppert, <\/strong>mais aussi<strong> Benoit Poelvoorde <\/strong>et <strong>Virginie Effira<\/strong>.<\/p>\n<p>Histoire de ponctuer la semaine en beaut\u00e9.<\/p>\n<p>&nbsp;<\/p>\n<p>&nbsp;<\/p>\n<p>&nbsp;<\/p>\n<p>&nbsp;<\/p>\n","protected":false},"excerpt":{"rendered":"<p>Vendredi, oui d\u00e9j\u00e0 vendredi, d\u00e9bute le Festival International du Film francophone namurois. Pas le temps de souffler, \u00e0 peine les BNP Paribas Fortis Film Days termin\u00e9s, nous voil\u00e0 happ\u00e9s par un nouvel\u00a0\u00e9v\u00e8nement\u00a0d&rsquo;envergure qui, en nos contr\u00e9es, met \u00e0 l&rsquo;honneur le cin\u00e9ma. Francophone, donc. Et belge, par la force des choses.<\/p>\n","protected":false},"author":7,"featured_media":8748,"comment_status":"closed","ping_status":"closed","sticky":false,"template":"","format":"standard","meta":{"ngg_post_thumbnail":0,"footnotes":""},"categories":[53,7],"tags":[],"class_list":["post-8727","post","type-post","status-publish","format-standard","has-post-thumbnail","","category-coming-soon","category-actualites"],"yoast_head":"<!-- This site is optimized with the Yoast SEO plugin v20.4 - https:\/\/yoast.com\/wordpress\/plugins\/seo\/ -->\n<title>Le FIFF d\u00e9marre vendredi  15 films en comp\u00e9tition officielle - We Love Cinema<\/title>\n<meta name=\"robots\" content=\"index, follow, max-snippet:-1, max-image-preview:large, max-video-preview:-1\" \/>\n<link rel=\"canonical\" href=\"https:\/\/welovecinema.be\/fr\/le-fiff-demarre-vendredi-15-films-en-competition-officielle\/\" \/>\n<meta property=\"og:locale\" content=\"fr_FR\" \/>\n<meta property=\"og:type\" content=\"article\" \/>\n<meta property=\"og:title\" content=\"Le FIFF d\u00e9marre vendredi  15 films en comp\u00e9tition officielle - We Love Cinema\" \/>\n<meta property=\"og:description\" content=\"Vendredi, oui d\u00e9j\u00e0 vendredi, d\u00e9bute le Festival International du Film francophone namurois. Pas le temps de souffler, \u00e0 peine les BNP Paribas Fortis Film Days termin\u00e9s, nous voil\u00e0 happ\u00e9s par un nouvel\u00a0\u00e9v\u00e8nement\u00a0d&rsquo;envergure qui, en nos contr\u00e9es, met \u00e0 l&rsquo;honneur le cin\u00e9ma. Francophone, donc. Et belge, par la force des choses.\" \/>\n<meta property=\"og:url\" content=\"https:\/\/welovecinema.be\/fr\/le-fiff-demarre-vendredi-15-films-en-competition-officielle\/\" \/>\n<meta property=\"og:site_name\" content=\"We Love Cinema\" \/>\n<meta property=\"article:publisher\" content=\"https:\/\/www.facebook.com\/welovecinema.be\" \/>\n<meta property=\"article:published_time\" content=\"2011-09-27T06:40:33+00:00\" \/>\n<meta property=\"article:modified_time\" content=\"2011-09-26T09:41:31+00:00\" \/>\n<meta property=\"og:image\" content=\"https:\/\/welovecinema.be\/wp-content\/uploads\/sites\/2\/2011\/09\/fiff.png\" \/>\n\t<meta property=\"og:image:width\" content=\"513\" \/>\n\t<meta property=\"og:image:height\" content=\"290\" \/>\n\t<meta property=\"og:image:type\" content=\"image\/png\" \/>\n<meta name=\"author\" content=\"Philippe.Pierquin\" \/>\n<meta name=\"twitter:card\" content=\"summary_large_image\" \/>\n<meta name=\"twitter:label1\" content=\"\u00c9crit par\" \/>\n\t<meta name=\"twitter:data1\" content=\"Philippe.Pierquin\" \/>\n\t<meta name=\"twitter:label2\" content=\"Dur\u00e9e de lecture estim\u00e9e\" \/>\n\t<meta name=\"twitter:data2\" content=\"4 minutes\" \/>\n<script type=\"application\/ld+json\" class=\"yoast-schema-graph\">{\"@context\":\"https:\/\/schema.org\",\"@graph\":[{\"@type\":\"Article\",\"@id\":\"https:\/\/welovecinema.be\/fr\/le-fiff-demarre-vendredi-15-films-en-competition-officielle\/#article\",\"isPartOf\":{\"@id\":\"https:\/\/welovecinema.be\/fr\/le-fiff-demarre-vendredi-15-films-en-competition-officielle\/\"},\"author\":{\"name\":\"Philippe.Pierquin\",\"@id\":\"https:\/\/welovecinema.be\/nl\/#\/schema\/person\/4b9b1d857f0943453a38a7c2859ef756\"},\"headline\":\"Le FIFF d\u00e9marre vendredi 15 films en comp\u00e9tition officielle\",\"datePublished\":\"2011-09-27T06:40:33+00:00\",\"dateModified\":\"2011-09-26T09:41:31+00:00\",\"mainEntityOfPage\":{\"@id\":\"https:\/\/welovecinema.be\/fr\/le-fiff-demarre-vendredi-15-films-en-competition-officielle\/\"},\"wordCount\":780,\"publisher\":{\"@id\":\"https:\/\/welovecinema.be\/nl\/#organization\"},\"articleSection\":[\"Coming soon\",\"News\"],\"inLanguage\":\"fr-FR\"},{\"@type\":\"WebPage\",\"@id\":\"https:\/\/welovecinema.be\/fr\/le-fiff-demarre-vendredi-15-films-en-competition-officielle\/\",\"url\":\"https:\/\/welovecinema.be\/fr\/le-fiff-demarre-vendredi-15-films-en-competition-officielle\/\",\"name\":\"Le FIFF d\u00e9marre vendredi 15 films en comp\u00e9tition officielle - We Love Cinema\",\"isPartOf\":{\"@id\":\"https:\/\/welovecinema.be\/nl\/#website\"},\"datePublished\":\"2011-09-27T06:40:33+00:00\",\"dateModified\":\"2011-09-26T09:41:31+00:00\",\"breadcrumb\":{\"@id\":\"https:\/\/welovecinema.be\/fr\/le-fiff-demarre-vendredi-15-films-en-competition-officielle\/#breadcrumb\"},\"inLanguage\":\"fr-FR\",\"potentialAction\":[{\"@type\":\"ReadAction\",\"target\":[\"https:\/\/welovecinema.be\/fr\/le-fiff-demarre-vendredi-15-films-en-competition-officielle\/\"]}]},{\"@type\":\"BreadcrumbList\",\"@id\":\"https:\/\/welovecinema.be\/fr\/le-fiff-demarre-vendredi-15-films-en-competition-officielle\/#breadcrumb\",\"itemListElement\":[{\"@type\":\"ListItem\",\"position\":1,\"name\":\"Accueil\",\"item\":\"https:\/\/welovecinema.be\/fr\/\"},{\"@type\":\"ListItem\",\"position\":2,\"name\":\"Le FIFF d\u00e9marre vendredi 15 films en comp\u00e9tition officielle\"}]},{\"@type\":\"WebSite\",\"@id\":\"https:\/\/welovecinema.be\/nl\/#website\",\"url\":\"https:\/\/welovecinema.be\/nl\/\",\"name\":\"We Love Cinema\",\"description\":\"Toute l\u2019information du cin\u00e9ma en Belgique\",\"publisher\":{\"@id\":\"https:\/\/welovecinema.be\/nl\/#organization\"},\"potentialAction\":[{\"@type\":\"SearchAction\",\"target\":{\"@type\":\"EntryPoint\",\"urlTemplate\":\"https:\/\/welovecinema.be\/nl\/?s={search_term_string}\"},\"query-input\":\"required name=search_term_string\"}],\"inLanguage\":\"fr-FR\"},{\"@type\":\"Organization\",\"@id\":\"https:\/\/welovecinema.be\/nl\/#organization\",\"name\":\"We Love Cinema\",\"url\":\"https:\/\/welovecinema.be\/nl\/\",\"logo\":{\"@type\":\"ImageObject\",\"inLanguage\":\"fr-FR\",\"@id\":\"https:\/\/welovecinema.be\/nl\/#\/schema\/logo\/image\/\",\"url\":\"https:\/\/welovecinema.be\/wp-content\/uploads\/sites\/2\/2023\/03\/Logo-We-Love-Cinema305x128.jpg\",\"contentUrl\":\"https:\/\/welovecinema.be\/wp-content\/uploads\/sites\/2\/2023\/03\/Logo-We-Love-Cinema305x128.jpg\",\"width\":305,\"height\":128,\"caption\":\"We Love Cinema\"},\"image\":{\"@id\":\"https:\/\/welovecinema.be\/nl\/#\/schema\/logo\/image\/\"},\"sameAs\":[\"https:\/\/www.facebook.com\/welovecinema.be\",\"https:\/\/www.youtube.com\/channel\/UCX5LYGVhnKvYauW4Nta4HJA\",\"https:\/\/www.instagram.com\/welovecinema.be\/\"]},{\"@type\":\"Person\",\"@id\":\"https:\/\/welovecinema.be\/nl\/#\/schema\/person\/4b9b1d857f0943453a38a7c2859ef756\",\"name\":\"Philippe.Pierquin\",\"url\":\"https:\/\/welovecinema.be\/fr\/author\/philippe-pierquin\/\"}]}<\/script>\n<!-- \/ Yoast SEO plugin. -->","yoast_head_json":{"title":"Le FIFF d\u00e9marre vendredi  15 films en comp\u00e9tition officielle - We Love Cinema","robots":{"index":"index","follow":"follow","max-snippet":"max-snippet:-1","max-image-preview":"max-image-preview:large","max-video-preview":"max-video-preview:-1"},"canonical":"https:\/\/welovecinema.be\/fr\/le-fiff-demarre-vendredi-15-films-en-competition-officielle\/","og_locale":"fr_FR","og_type":"article","og_title":"Le FIFF d\u00e9marre vendredi  15 films en comp\u00e9tition officielle - We Love Cinema","og_description":"Vendredi, oui d\u00e9j\u00e0 vendredi, d\u00e9bute le Festival International du Film francophone namurois. Pas le temps de souffler, \u00e0 peine les BNP Paribas Fortis Film Days termin\u00e9s, nous voil\u00e0 happ\u00e9s par un nouvel\u00a0\u00e9v\u00e8nement\u00a0d&rsquo;envergure qui, en nos contr\u00e9es, met \u00e0 l&rsquo;honneur le cin\u00e9ma. Francophone, donc. Et belge, par la force des choses.","og_url":"https:\/\/welovecinema.be\/fr\/le-fiff-demarre-vendredi-15-films-en-competition-officielle\/","og_site_name":"We Love Cinema","article_publisher":"https:\/\/www.facebook.com\/welovecinema.be","article_published_time":"2011-09-27T06:40:33+00:00","article_modified_time":"2011-09-26T09:41:31+00:00","og_image":[{"width":"513","height":"290","url":"https:\/\/welovecinema.be\/wp-content\/uploads\/sites\/2\/2011\/09\/fiff.png","type":"image\/png"}],"author":"Philippe.Pierquin","twitter_card":"summary_large_image","twitter_misc":{"\u00c9crit par":"Philippe.Pierquin","Dur\u00e9e de lecture estim\u00e9e":"4 minutes"},"schema":{"@context":"https:\/\/schema.org","@graph":[{"@type":"Article","@id":"https:\/\/welovecinema.be\/fr\/le-fiff-demarre-vendredi-15-films-en-competition-officielle\/#article","isPartOf":{"@id":"https:\/\/welovecinema.be\/fr\/le-fiff-demarre-vendredi-15-films-en-competition-officielle\/"},"author":{"name":"Philippe.Pierquin","@id":"https:\/\/welovecinema.be\/nl\/#\/schema\/person\/4b9b1d857f0943453a38a7c2859ef756"},"headline":"Le FIFF d\u00e9marre vendredi 15 films en comp\u00e9tition officielle","datePublished":"2011-09-27T06:40:33+00:00","dateModified":"2011-09-26T09:41:31+00:00","mainEntityOfPage":{"@id":"https:\/\/welovecinema.be\/fr\/le-fiff-demarre-vendredi-15-films-en-competition-officielle\/"},"wordCount":780,"publisher":{"@id":"https:\/\/welovecinema.be\/nl\/#organization"},"articleSection":["Coming soon","News"],"inLanguage":"fr-FR"},{"@type":"WebPage","@id":"https:\/\/welovecinema.be\/fr\/le-fiff-demarre-vendredi-15-films-en-competition-officielle\/","url":"https:\/\/welovecinema.be\/fr\/le-fiff-demarre-vendredi-15-films-en-competition-officielle\/","name":"Le FIFF d\u00e9marre vendredi 15 films en comp\u00e9tition officielle - We Love Cinema","isPartOf":{"@id":"https:\/\/welovecinema.be\/nl\/#website"},"datePublished":"2011-09-27T06:40:33+00:00","dateModified":"2011-09-26T09:41:31+00:00","breadcrumb":{"@id":"https:\/\/welovecinema.be\/fr\/le-fiff-demarre-vendredi-15-films-en-competition-officielle\/#breadcrumb"},"inLanguage":"fr-FR","potentialAction":[{"@type":"ReadAction","target":["https:\/\/welovecinema.be\/fr\/le-fiff-demarre-vendredi-15-films-en-competition-officielle\/"]}]},{"@type":"BreadcrumbList","@id":"https:\/\/welovecinema.be\/fr\/le-fiff-demarre-vendredi-15-films-en-competition-officielle\/#breadcrumb","itemListElement":[{"@type":"ListItem","position":1,"name":"Accueil","item":"https:\/\/welovecinema.be\/fr\/"},{"@type":"ListItem","position":2,"name":"Le FIFF d\u00e9marre vendredi 15 films en comp\u00e9tition officielle"}]},{"@type":"WebSite","@id":"https:\/\/welovecinema.be\/nl\/#website","url":"https:\/\/welovecinema.be\/nl\/","name":"We Love Cinema","description":"Toute l\u2019information du cin\u00e9ma en Belgique","publisher":{"@id":"https:\/\/welovecinema.be\/nl\/#organization"},"potentialAction":[{"@type":"SearchAction","target":{"@type":"EntryPoint","urlTemplate":"https:\/\/welovecinema.be\/nl\/?s={search_term_string}"},"query-input":"required name=search_term_string"}],"inLanguage":"fr-FR"},{"@type":"Organization","@id":"https:\/\/welovecinema.be\/nl\/#organization","name":"We Love Cinema","url":"https:\/\/welovecinema.be\/nl\/","logo":{"@type":"ImageObject","inLanguage":"fr-FR","@id":"https:\/\/welovecinema.be\/nl\/#\/schema\/logo\/image\/","url":"https:\/\/welovecinema.be\/wp-content\/uploads\/sites\/2\/2023\/03\/Logo-We-Love-Cinema305x128.jpg","contentUrl":"https:\/\/welovecinema.be\/wp-content\/uploads\/sites\/2\/2023\/03\/Logo-We-Love-Cinema305x128.jpg","width":305,"height":128,"caption":"We Love Cinema"},"image":{"@id":"https:\/\/welovecinema.be\/nl\/#\/schema\/logo\/image\/"},"sameAs":["https:\/\/www.facebook.com\/welovecinema.be","https:\/\/www.youtube.com\/channel\/UCX5LYGVhnKvYauW4Nta4HJA","https:\/\/www.instagram.com\/welovecinema.be\/"]},{"@type":"Person","@id":"https:\/\/welovecinema.be\/nl\/#\/schema\/person\/4b9b1d857f0943453a38a7c2859ef756","name":"Philippe.Pierquin","url":"https:\/\/welovecinema.be\/fr\/author\/philippe-pierquin\/"}]}},"_links":{"self":[{"href":"https:\/\/welovecinema.be\/fr\/wp-json\/wp\/v2\/posts\/8727","targetHints":{"allow":["GET"]}}],"collection":[{"href":"https:\/\/welovecinema.be\/fr\/wp-json\/wp\/v2\/posts"}],"about":[{"href":"https:\/\/welovecinema.be\/fr\/wp-json\/wp\/v2\/types\/post"}],"author":[{"embeddable":true,"href":"https:\/\/welovecinema.be\/fr\/wp-json\/wp\/v2\/users\/7"}],"replies":[{"embeddable":true,"href":"https:\/\/welovecinema.be\/fr\/wp-json\/wp\/v2\/comments?post=8727"}],"version-history":[{"count":0,"href":"https:\/\/welovecinema.be\/fr\/wp-json\/wp\/v2\/posts\/8727\/revisions"}],"wp:featuredmedia":[{"embeddable":true,"href":"https:\/\/welovecinema.be\/fr\/wp-json\/wp\/v2\/media\/8748"}],"wp:attachment":[{"href":"https:\/\/welovecinema.be\/fr\/wp-json\/wp\/v2\/media?parent=8727"}],"wp:term":[{"taxonomy":"category","embeddable":true,"href":"https:\/\/welovecinema.be\/fr\/wp-json\/wp\/v2\/categories?post=8727"},{"taxonomy":"post_tag","embeddable":true,"href":"https:\/\/welovecinema.be\/fr\/wp-json\/wp\/v2\/tags?post=8727"}],"curies":[{"name":"wp","href":"https:\/\/api.w.org\/{rel}","templated":true}]}}