{"id":87136,"date":"2016-05-03T08:48:39","date_gmt":"2016-05-03T06:48:39","guid":{"rendered":"http:\/\/www.cinevox.be\/?p=87136"},"modified":"2016-05-02T09:11:05","modified_gmt":"2016-05-02T07:11:05","slug":"la-trois-au-pied-du-mur","status":"publish","type":"post","link":"https:\/\/welovecinema.be\/fr\/la-trois-au-pied-du-mur\/","title":{"rendered":"La Trois au pied du Mur"},"content":{"rendered":"<p>Pour son premier num\u00e9ro de mai, Tout Court fait <em>Le mur,<\/em> avec cet in\u00e9dit de Samuel Lampaert produit par les films du Carr\u00e9. Dans la foul\u00e9e, on retrouve <em>Eliot<\/em> et le classique des classiques du cin\u00e9ma belge version short et anime, <em>Les P\u00e8cheresses<\/em> de Gerlando Infuso que vous devez au moins avoir vu une fois dans votre vie, c\u2019est \u00e9vident.<!--more--><\/p>\n<p>&nbsp;<\/p>\n<p><a href=\"http:\/\/www.cinevox.be\/wp-content\/uploads\/sites\/2\/2016\/05\/le-mur.png\"><img loading=\"lazy\" decoding=\"async\" class=\"aligncenter size-full wp-image-87139\" src=\"http:\/\/www.cinevox.be\/wp-content\/uploads\/sites\/2\/2016\/05\/le-mur.png\" alt=\"\" width=\"634\" height=\"268\" srcset=\"https:\/\/welovecinema.be\/wp-content\/uploads\/sites\/2\/2016\/05\/le-mur.png 634w, https:\/\/welovecinema.be\/wp-content\/uploads\/sites\/2\/2016\/05\/le-mur-480x202.png 480w\" sizes=\"auto, (max-width: 634px) 100vw, 634px\" \/><\/a><\/p>\n<p>&nbsp;<\/p>\n<h2>23:20\u00a0&#8211; <strong>Le mur<\/strong><\/h2>\n<ul>\n<li><strong>Dur\u00e9e\u00a0:<\/strong>\u00a000:10<\/li>\n<\/ul>\n<p>Hong-Kong. Une multitude de hautes tours d&rsquo;immeubles en b\u00e9ton, sans personnalit\u00e9. A l&rsquo;int\u00e9rieur, des studios \u00e9troits dans lesquels vivent des anonymes repli\u00e9s sur eux-m\u00eames, jusqu&rsquo;au jour o\u00f9 CHUNG, c\u00e9libataire, d\u00e9cide d&rsquo;accrocher un cadre au mur.<br \/>\nPrix et r\u00e9compenses :<br \/>\nFestival du Film Gand : Meilleur court europ\u00e9en, nomin\u00e9 pour The European Film Academy 2016<br \/>\nINT SHORT FILM FESTIVAL LEUVEN : Prix du Public meilleur court europ\u00e9en.<\/p>\n<p><strong>R\u00e9alisateur\u00a0:\u00a0<\/strong>Samuel Lampaert<\/p>\n<ul>\n<li><strong>Sc\u00e9nariste\u00a0:\u00a0<\/strong>Samuel Lampaert<\/li>\n<li><strong>Acteur\/Actrice\u00a0:\u00a0<\/strong>Yves Yan, Steven Eng, Cathy Min<\/li>\n<\/ul>\n<p>&nbsp;<\/p>\n<p><a href=\"http:\/\/www.cinevox.be\/wp-content\/uploads\/sites\/2\/2016\/05\/p\u00e9cheresses.jpg\"><img loading=\"lazy\" decoding=\"async\" class=\"aligncenter size-large wp-image-87138\" src=\"http:\/\/www.cinevox.be\/wp-content\/uploads\/sites\/2\/2016\/05\/p\u00e9cheresses-800x421.jpg\" alt=\"\" width=\"640\" height=\"336\" srcset=\"https:\/\/welovecinema.be\/wp-content\/uploads\/sites\/2\/2016\/05\/p\u00e9cheresses-800x421.jpg 800w, https:\/\/welovecinema.be\/wp-content\/uploads\/sites\/2\/2016\/05\/p\u00e9cheresses-480x253.jpg 480w, https:\/\/welovecinema.be\/wp-content\/uploads\/sites\/2\/2016\/05\/p\u00e9cheresses.jpg 960w\" sizes=\"auto, (max-width: 640px) 100vw, 640px\" \/><\/a><\/p>\n<p>&nbsp;<\/p>\n<h2>23:30\u00a0&#8211; <strong>Les p\u00e9cheresses<\/strong><\/h2>\n<ul>\n<li><strong>Dur\u00e9e\u00a0:<\/strong>\u00a000:16<\/li>\n<\/ul>\n<p>\u00ab\u00a0Les P\u00e9cheresses\u00a0\u00bb de Gerlando Infuso (Copro) (prix international du jury du FIFF 2014)<br \/>\nUne production Eklektik Productions 2014<br \/>\nTrois femmes, \u00e0 trois \u00e9poques diff\u00e9rentes, bravent un interdit : la premi\u00e8re, Eve, corruptrice mythique ; la deuxi\u00e8me, Jos\u00e9phine, derni\u00e8re \u00e9pouse de Barbe Bleue ; et la troisi\u00e8me, Cerise, danseuse dans un cabaret new-yorkais des ann\u00e9es 30. Suite \u00e0 leur geste malheureux, elles subissent les col\u00e8res d&rsquo;une figure masculine.<br \/>\nCette \u0153uvre singuli\u00e8re et ma\u00eetris\u00e9e baigne entre l&rsquo;animation et le fantastique. Elle se caract\u00e9rise par des d\u00e9cors et des objets construits de mani\u00e8re artisanale, ainsi que des marionnettes sculpt\u00e9es par Gerlando Infuso lui-m\u00eame.<\/p>\n<p>C&rsquo;est gr\u00e2ce \u00e0 son appareil photo connect\u00e9 \u00e0 son ordinateur qu&rsquo;il parvient \u00e0 \u00e9tablir le mix parfait entre le bricolage et la technologie de pointe.<\/p>\n<ul>\n<li><strong>R\u00e9alisateur\u00a0:\u00a0<\/strong>Gerlando Infuso<\/li>\n<li><strong>Sc\u00e9nariste\u00a0:\u00a0<\/strong>Gerlando Infuso<\/li>\n<li><strong>Compositeur\u00a0:\u00a0<\/strong>Philippe Tasquin<\/li>\n<\/ul>\n<p>&nbsp;<\/p>\n<p><a href=\"http:\/\/www.cinevox.be\/wp-content\/uploads\/sites\/2\/2016\/05\/eliot.jpg\"><img loading=\"lazy\" decoding=\"async\" class=\"aligncenter size-full wp-image-87137\" src=\"http:\/\/www.cinevox.be\/wp-content\/uploads\/sites\/2\/2016\/05\/eliot.jpg\" alt=\"\" width=\"714\" height=\"282\" srcset=\"https:\/\/welovecinema.be\/wp-content\/uploads\/sites\/2\/2016\/05\/eliot.jpg 714w, https:\/\/welovecinema.be\/wp-content\/uploads\/sites\/2\/2016\/05\/eliot-480x189.jpg 480w\" sizes=\"auto, (max-width: 714px) 100vw, 714px\" \/><\/a><\/p>\n<p>&nbsp;<\/p>\n<h2>23:45\u00a0&#8211; <strong>Eliot<\/strong><\/h2>\n<ul>\n<li><strong>Dur\u00e9e\u00a0:<\/strong>\u00a000:33<\/li>\n<\/ul>\n<p>\u00ab\u00a0\u00c9liot\u00a0\u00bb est l&rsquo;histoire d&rsquo;un adolescent, r\u00eaveur et passionn\u00e9, qui pour s&rsquo;affranchir d&rsquo;une existence qu&rsquo;il juge trop ordinaire, s&rsquo;\u00e9vade en faisant des films super 8 avec ses amis et d\u00e9cide, par amour, de forcer le destin. Jusqu&rsquo;au jour o\u00f9 un drame survient&#8230;<\/p>\n<ul>\n<li><strong>R\u00e9alisateur\u00a0:\u00a0<\/strong>Philippe Reypens<\/li>\n<li><strong>Sc\u00e9nariste\u00a0:\u00a0<\/strong>Philippe Reypens<\/li>\n<li><strong>Acteur\/Actrice\u00a0:\u00a0<\/strong>Hugo Alsteens, Catherine Aymerie, Catherine Bary, Eszter Boone, Lauren Bruls<\/li>\n<\/ul>\n<p>&nbsp;<\/p>\n<p>&nbsp;<\/p>\n","protected":false},"excerpt":{"rendered":"<p>Pour son premier num\u00e9ro de mai, Tout Court fait Le mur, avec cet in\u00e9dit de Samuel Lampaert produit par les films du Carr\u00e9. Dans la foul\u00e9e, on retrouve Eliot et le classique des classiques du cin\u00e9ma belge version short et anime, Les P\u00e8cheresses de Gerlando Infuso que vous devez au moins avoir vu une fois &hellip;<\/p>\n","protected":false},"author":7,"featured_media":87141,"comment_status":"closed","ping_status":"closed","sticky":false,"template":"","format":"standard","meta":{"ngg_post_thumbnail":0,"footnotes":""},"categories":[14],"tags":[],"class_list":["post-87136","post","type-post","status-publish","format-standard","has-post-thumbnail","","category-home-cinema"],"yoast_head":"<!-- This site is optimized with the Yoast SEO plugin v20.4 - https:\/\/yoast.com\/wordpress\/plugins\/seo\/ -->\n<title>La Trois au pied du Mur - We Love Cinema<\/title>\n<meta name=\"robots\" content=\"index, follow, max-snippet:-1, max-image-preview:large, max-video-preview:-1\" \/>\n<link rel=\"canonical\" href=\"https:\/\/welovecinema.be\/fr\/la-trois-au-pied-du-mur\/\" \/>\n<meta property=\"og:locale\" content=\"fr_FR\" \/>\n<meta property=\"og:type\" content=\"article\" \/>\n<meta property=\"og:title\" content=\"La Trois au pied du Mur - We Love Cinema\" \/>\n<meta property=\"og:description\" content=\"Pour son premier num\u00e9ro de mai, Tout Court fait Le mur, avec cet in\u00e9dit de Samuel Lampaert produit par les films du Carr\u00e9. Dans la foul\u00e9e, on retrouve Eliot et le classique des classiques du cin\u00e9ma belge version short et anime, Les P\u00e8cheresses de Gerlando Infuso que vous devez au moins avoir vu une fois &hellip;\" \/>\n<meta property=\"og:url\" content=\"https:\/\/welovecinema.be\/fr\/la-trois-au-pied-du-mur\/\" \/>\n<meta property=\"og:site_name\" content=\"We Love Cinema\" \/>\n<meta property=\"article:publisher\" content=\"https:\/\/www.facebook.com\/welovecinema.be\" \/>\n<meta property=\"article:published_time\" content=\"2016-05-03T06:48:39+00:00\" \/>\n<meta property=\"article:modified_time\" content=\"2016-05-02T07:11:05+00:00\" \/>\n<meta property=\"og:image\" content=\"https:\/\/welovecinema.be\/wp-content\/uploads\/sites\/2\/2016\/05\/le-mur-2.jpg\" \/>\n\t<meta property=\"og:image:width\" content=\"900\" \/>\n\t<meta property=\"og:image:height\" content=\"380\" \/>\n\t<meta property=\"og:image:type\" content=\"image\/jpeg\" \/>\n<meta name=\"author\" content=\"Philippe.Pierquin\" \/>\n<meta name=\"twitter:card\" content=\"summary_large_image\" \/>\n<meta name=\"twitter:label1\" content=\"\u00c9crit par\" \/>\n\t<meta name=\"twitter:data1\" content=\"Philippe.Pierquin\" \/>\n\t<meta name=\"twitter:label2\" content=\"Dur\u00e9e de lecture estim\u00e9e\" \/>\n\t<meta name=\"twitter:data2\" content=\"2 minutes\" \/>\n<script type=\"application\/ld+json\" class=\"yoast-schema-graph\">{\"@context\":\"https:\/\/schema.org\",\"@graph\":[{\"@type\":\"Article\",\"@id\":\"https:\/\/welovecinema.be\/fr\/la-trois-au-pied-du-mur\/#article\",\"isPartOf\":{\"@id\":\"https:\/\/welovecinema.be\/fr\/la-trois-au-pied-du-mur\/\"},\"author\":{\"name\":\"Philippe.Pierquin\",\"@id\":\"https:\/\/welovecinema.be\/nl\/#\/schema\/person\/4b9b1d857f0943453a38a7c2859ef756\"},\"headline\":\"La Trois au pied du Mur\",\"datePublished\":\"2016-05-03T06:48:39+00:00\",\"dateModified\":\"2016-05-02T07:11:05+00:00\",\"mainEntityOfPage\":{\"@id\":\"https:\/\/welovecinema.be\/fr\/la-trois-au-pied-du-mur\/\"},\"wordCount\":402,\"publisher\":{\"@id\":\"https:\/\/welovecinema.be\/nl\/#organization\"},\"articleSection\":[\"Plateau t\u00e9l\u00e9\"],\"inLanguage\":\"fr-FR\"},{\"@type\":\"WebPage\",\"@id\":\"https:\/\/welovecinema.be\/fr\/la-trois-au-pied-du-mur\/\",\"url\":\"https:\/\/welovecinema.be\/fr\/la-trois-au-pied-du-mur\/\",\"name\":\"La Trois au pied du Mur - We Love Cinema\",\"isPartOf\":{\"@id\":\"https:\/\/welovecinema.be\/nl\/#website\"},\"datePublished\":\"2016-05-03T06:48:39+00:00\",\"dateModified\":\"2016-05-02T07:11:05+00:00\",\"breadcrumb\":{\"@id\":\"https:\/\/welovecinema.be\/fr\/la-trois-au-pied-du-mur\/#breadcrumb\"},\"inLanguage\":\"fr-FR\",\"potentialAction\":[{\"@type\":\"ReadAction\",\"target\":[\"https:\/\/welovecinema.be\/fr\/la-trois-au-pied-du-mur\/\"]}]},{\"@type\":\"BreadcrumbList\",\"@id\":\"https:\/\/welovecinema.be\/fr\/la-trois-au-pied-du-mur\/#breadcrumb\",\"itemListElement\":[{\"@type\":\"ListItem\",\"position\":1,\"name\":\"Accueil\",\"item\":\"https:\/\/welovecinema.be\/fr\/\"},{\"@type\":\"ListItem\",\"position\":2,\"name\":\"La Trois au pied du Mur\"}]},{\"@type\":\"WebSite\",\"@id\":\"https:\/\/welovecinema.be\/nl\/#website\",\"url\":\"https:\/\/welovecinema.be\/nl\/\",\"name\":\"We Love Cinema\",\"description\":\"Toute l\u2019information du cin\u00e9ma en Belgique\",\"publisher\":{\"@id\":\"https:\/\/welovecinema.be\/nl\/#organization\"},\"potentialAction\":[{\"@type\":\"SearchAction\",\"target\":{\"@type\":\"EntryPoint\",\"urlTemplate\":\"https:\/\/welovecinema.be\/nl\/?s={search_term_string}\"},\"query-input\":\"required name=search_term_string\"}],\"inLanguage\":\"fr-FR\"},{\"@type\":\"Organization\",\"@id\":\"https:\/\/welovecinema.be\/nl\/#organization\",\"name\":\"We Love Cinema\",\"url\":\"https:\/\/welovecinema.be\/nl\/\",\"logo\":{\"@type\":\"ImageObject\",\"inLanguage\":\"fr-FR\",\"@id\":\"https:\/\/welovecinema.be\/nl\/#\/schema\/logo\/image\/\",\"url\":\"https:\/\/welovecinema.be\/wp-content\/uploads\/sites\/2\/2023\/03\/Logo-We-Love-Cinema305x128.jpg\",\"contentUrl\":\"https:\/\/welovecinema.be\/wp-content\/uploads\/sites\/2\/2023\/03\/Logo-We-Love-Cinema305x128.jpg\",\"width\":305,\"height\":128,\"caption\":\"We Love Cinema\"},\"image\":{\"@id\":\"https:\/\/welovecinema.be\/nl\/#\/schema\/logo\/image\/\"},\"sameAs\":[\"https:\/\/www.facebook.com\/welovecinema.be\",\"https:\/\/www.youtube.com\/channel\/UCX5LYGVhnKvYauW4Nta4HJA\",\"https:\/\/www.instagram.com\/welovecinema.be\/\"]},{\"@type\":\"Person\",\"@id\":\"https:\/\/welovecinema.be\/nl\/#\/schema\/person\/4b9b1d857f0943453a38a7c2859ef756\",\"name\":\"Philippe.Pierquin\",\"url\":\"https:\/\/welovecinema.be\/fr\/author\/philippe-pierquin\/\"}]}<\/script>\n<!-- \/ Yoast SEO plugin. -->","yoast_head_json":{"title":"La Trois au pied du Mur - We Love Cinema","robots":{"index":"index","follow":"follow","max-snippet":"max-snippet:-1","max-image-preview":"max-image-preview:large","max-video-preview":"max-video-preview:-1"},"canonical":"https:\/\/welovecinema.be\/fr\/la-trois-au-pied-du-mur\/","og_locale":"fr_FR","og_type":"article","og_title":"La Trois au pied du Mur - We Love Cinema","og_description":"Pour son premier num\u00e9ro de mai, Tout Court fait Le mur, avec cet in\u00e9dit de Samuel Lampaert produit par les films du Carr\u00e9. Dans la foul\u00e9e, on retrouve Eliot et le classique des classiques du cin\u00e9ma belge version short et anime, Les P\u00e8cheresses de Gerlando Infuso que vous devez au moins avoir vu une fois &hellip;","og_url":"https:\/\/welovecinema.be\/fr\/la-trois-au-pied-du-mur\/","og_site_name":"We Love Cinema","article_publisher":"https:\/\/www.facebook.com\/welovecinema.be","article_published_time":"2016-05-03T06:48:39+00:00","article_modified_time":"2016-05-02T07:11:05+00:00","og_image":[{"width":900,"height":380,"url":"https:\/\/welovecinema.be\/wp-content\/uploads\/sites\/2\/2016\/05\/le-mur-2.jpg","type":"image\/jpeg"}],"author":"Philippe.Pierquin","twitter_card":"summary_large_image","twitter_misc":{"\u00c9crit par":"Philippe.Pierquin","Dur\u00e9e de lecture estim\u00e9e":"2 minutes"},"schema":{"@context":"https:\/\/schema.org","@graph":[{"@type":"Article","@id":"https:\/\/welovecinema.be\/fr\/la-trois-au-pied-du-mur\/#article","isPartOf":{"@id":"https:\/\/welovecinema.be\/fr\/la-trois-au-pied-du-mur\/"},"author":{"name":"Philippe.Pierquin","@id":"https:\/\/welovecinema.be\/nl\/#\/schema\/person\/4b9b1d857f0943453a38a7c2859ef756"},"headline":"La Trois au pied du Mur","datePublished":"2016-05-03T06:48:39+00:00","dateModified":"2016-05-02T07:11:05+00:00","mainEntityOfPage":{"@id":"https:\/\/welovecinema.be\/fr\/la-trois-au-pied-du-mur\/"},"wordCount":402,"publisher":{"@id":"https:\/\/welovecinema.be\/nl\/#organization"},"articleSection":["Plateau t\u00e9l\u00e9"],"inLanguage":"fr-FR"},{"@type":"WebPage","@id":"https:\/\/welovecinema.be\/fr\/la-trois-au-pied-du-mur\/","url":"https:\/\/welovecinema.be\/fr\/la-trois-au-pied-du-mur\/","name":"La Trois au pied du Mur - We Love Cinema","isPartOf":{"@id":"https:\/\/welovecinema.be\/nl\/#website"},"datePublished":"2016-05-03T06:48:39+00:00","dateModified":"2016-05-02T07:11:05+00:00","breadcrumb":{"@id":"https:\/\/welovecinema.be\/fr\/la-trois-au-pied-du-mur\/#breadcrumb"},"inLanguage":"fr-FR","potentialAction":[{"@type":"ReadAction","target":["https:\/\/welovecinema.be\/fr\/la-trois-au-pied-du-mur\/"]}]},{"@type":"BreadcrumbList","@id":"https:\/\/welovecinema.be\/fr\/la-trois-au-pied-du-mur\/#breadcrumb","itemListElement":[{"@type":"ListItem","position":1,"name":"Accueil","item":"https:\/\/welovecinema.be\/fr\/"},{"@type":"ListItem","position":2,"name":"La Trois au pied du Mur"}]},{"@type":"WebSite","@id":"https:\/\/welovecinema.be\/nl\/#website","url":"https:\/\/welovecinema.be\/nl\/","name":"We Love Cinema","description":"Toute l\u2019information du cin\u00e9ma en Belgique","publisher":{"@id":"https:\/\/welovecinema.be\/nl\/#organization"},"potentialAction":[{"@type":"SearchAction","target":{"@type":"EntryPoint","urlTemplate":"https:\/\/welovecinema.be\/nl\/?s={search_term_string}"},"query-input":"required name=search_term_string"}],"inLanguage":"fr-FR"},{"@type":"Organization","@id":"https:\/\/welovecinema.be\/nl\/#organization","name":"We Love Cinema","url":"https:\/\/welovecinema.be\/nl\/","logo":{"@type":"ImageObject","inLanguage":"fr-FR","@id":"https:\/\/welovecinema.be\/nl\/#\/schema\/logo\/image\/","url":"https:\/\/welovecinema.be\/wp-content\/uploads\/sites\/2\/2023\/03\/Logo-We-Love-Cinema305x128.jpg","contentUrl":"https:\/\/welovecinema.be\/wp-content\/uploads\/sites\/2\/2023\/03\/Logo-We-Love-Cinema305x128.jpg","width":305,"height":128,"caption":"We Love Cinema"},"image":{"@id":"https:\/\/welovecinema.be\/nl\/#\/schema\/logo\/image\/"},"sameAs":["https:\/\/www.facebook.com\/welovecinema.be","https:\/\/www.youtube.com\/channel\/UCX5LYGVhnKvYauW4Nta4HJA","https:\/\/www.instagram.com\/welovecinema.be\/"]},{"@type":"Person","@id":"https:\/\/welovecinema.be\/nl\/#\/schema\/person\/4b9b1d857f0943453a38a7c2859ef756","name":"Philippe.Pierquin","url":"https:\/\/welovecinema.be\/fr\/author\/philippe-pierquin\/"}]}},"_links":{"self":[{"href":"https:\/\/welovecinema.be\/fr\/wp-json\/wp\/v2\/posts\/87136","targetHints":{"allow":["GET"]}}],"collection":[{"href":"https:\/\/welovecinema.be\/fr\/wp-json\/wp\/v2\/posts"}],"about":[{"href":"https:\/\/welovecinema.be\/fr\/wp-json\/wp\/v2\/types\/post"}],"author":[{"embeddable":true,"href":"https:\/\/welovecinema.be\/fr\/wp-json\/wp\/v2\/users\/7"}],"replies":[{"embeddable":true,"href":"https:\/\/welovecinema.be\/fr\/wp-json\/wp\/v2\/comments?post=87136"}],"version-history":[{"count":0,"href":"https:\/\/welovecinema.be\/fr\/wp-json\/wp\/v2\/posts\/87136\/revisions"}],"wp:featuredmedia":[{"embeddable":true,"href":"https:\/\/welovecinema.be\/fr\/wp-json\/wp\/v2\/media\/87141"}],"wp:attachment":[{"href":"https:\/\/welovecinema.be\/fr\/wp-json\/wp\/v2\/media?parent=87136"}],"wp:term":[{"taxonomy":"category","embeddable":true,"href":"https:\/\/welovecinema.be\/fr\/wp-json\/wp\/v2\/categories?post=87136"},{"taxonomy":"post_tag","embeddable":true,"href":"https:\/\/welovecinema.be\/fr\/wp-json\/wp\/v2\/tags?post=87136"}],"curies":[{"name":"wp","href":"https:\/\/api.w.org\/{rel}","templated":true}]}}