{"id":86426,"date":"2016-04-07T18:54:17","date_gmt":"2016-04-07T16:54:17","guid":{"rendered":"http:\/\/www.cinevox.be\/?p=86426"},"modified":"2016-04-07T18:54:17","modified_gmt":"2016-04-07T16:54:17","slug":"86426","status":"publish","type":"post","link":"https:\/\/welovecinema.be\/fr\/86426\/","title":{"rendered":"La Tr\u00eave vendue en Suisse et en Flandre"},"content":{"rendered":"<p>La s\u00e9rie belge francophone La tr\u00eave vient d\u2019\u00eatre vendue aux t\u00e9l\u00e9visions publiques flamande (VRT) et Suisse romande (RTS) lors du MIPTV qui s\u2019ach\u00e8ve ce jeudi \u00e0 Cannes. La semaine pass\u00e9e, c\u2019est France 2 qui en achetait les droits de diffusion pour la France. D\u2019autres territoires sont par ailleurs en cours de n\u00e9gociation.<!--more--><\/p>\n<p>&nbsp;<\/p>\n<p>Son passage sur la Une (RTBF) fut un v\u00e9ritable succ\u00e8s, la s\u00e9rie s\u2019adjugeant une part d\u2019audience moyenne de 22,5%, soit 400.000 t\u00e9l\u00e9spectateurs en moyenne. Ce succ\u00e8s d\u2019audience s\u2019accompagne d\u2019une reconnaissance critique et professionnelle puisque La Tr\u00eave sera pr\u00e9sent\u00e9e prochainement au Festival S\u00e9ries Mania de Paris.<\/p>\n<p>La Tr\u00eave est produite par H\u00e9licotronc en coproduction avec la RTBF, Proximus et avec le soutien de la F\u00e9d\u00e9ration Wallonie Bruxelles, CasaKafka Pictures, Wallimage-Bruxellimage et RMB. La S\u00e9rie est distribu\u00e9e \u00e0 l\u2019international par Ella Productions (Benelux, France, Suisse) et Federation Entertainment (reste du monde).<\/p>\n","protected":false},"excerpt":{"rendered":"<p>La s\u00e9rie belge francophone La tr\u00eave vient d\u2019\u00eatre vendue aux t\u00e9l\u00e9visions publiques flamande (VRT) et Suisse romande (RTS) lors du MIPTV qui s\u2019ach\u00e8ve ce jeudi \u00e0 Cannes. La semaine pass\u00e9e, c\u2019est France 2 qui en achetait les droits de diffusion pour la France. D\u2019autres territoires sont par ailleurs en cours de n\u00e9gociation.<\/p>\n","protected":false},"author":7,"featured_media":86428,"comment_status":"closed","ping_status":"closed","sticky":false,"template":"","format":"standard","meta":{"ngg_post_thumbnail":0,"footnotes":""},"categories":[14],"tags":[],"class_list":["post-86426","post","type-post","status-publish","format-standard","has-post-thumbnail","","category-home-cinema"],"yoast_head":"<!-- This site is optimized with the Yoast SEO plugin v20.4 - https:\/\/yoast.com\/wordpress\/plugins\/seo\/ -->\n<title>La Tr\u00eave vendue en Suisse et en Flandre - We Love Cinema<\/title>\n<meta name=\"robots\" content=\"index, follow, max-snippet:-1, max-image-preview:large, max-video-preview:-1\" \/>\n<link rel=\"canonical\" href=\"https:\/\/welovecinema.be\/fr\/86426\/\" \/>\n<meta property=\"og:locale\" content=\"fr_FR\" \/>\n<meta property=\"og:type\" content=\"article\" \/>\n<meta property=\"og:title\" content=\"La Tr\u00eave vendue en Suisse et en Flandre - We Love Cinema\" \/>\n<meta property=\"og:description\" content=\"La s\u00e9rie belge francophone La tr\u00eave vient d\u2019\u00eatre vendue aux t\u00e9l\u00e9visions publiques flamande (VRT) et Suisse romande (RTS) lors du MIPTV qui s\u2019ach\u00e8ve ce jeudi \u00e0 Cannes. La semaine pass\u00e9e, c\u2019est France 2 qui en achetait les droits de diffusion pour la France. D\u2019autres territoires sont par ailleurs en cours de n\u00e9gociation.\" \/>\n<meta property=\"og:url\" content=\"https:\/\/welovecinema.be\/fr\/86426\/\" \/>\n<meta property=\"og:site_name\" content=\"We Love Cinema\" \/>\n<meta property=\"article:publisher\" content=\"https:\/\/www.facebook.com\/welovecinema.be\" \/>\n<meta property=\"article:published_time\" content=\"2016-04-07T16:54:17+00:00\" \/>\n<meta property=\"og:image\" content=\"https:\/\/welovecinema.be\/wp-content\/uploads\/sites\/2\/2016\/04\/image.jpeg\" \/>\n\t<meta property=\"og:image:width\" content=\"624\" \/>\n\t<meta property=\"og:image:height\" content=\"351\" \/>\n\t<meta property=\"og:image:type\" content=\"image\/jpeg\" \/>\n<meta name=\"author\" content=\"Philippe.Pierquin\" \/>\n<meta name=\"twitter:card\" content=\"summary_large_image\" \/>\n<meta name=\"twitter:label1\" content=\"\u00c9crit par\" \/>\n\t<meta name=\"twitter:data1\" content=\"Philippe.Pierquin\" \/>\n\t<meta name=\"twitter:label2\" content=\"Dur\u00e9e de lecture estim\u00e9e\" \/>\n\t<meta name=\"twitter:data2\" content=\"1 minute\" \/>\n<script type=\"application\/ld+json\" class=\"yoast-schema-graph\">{\"@context\":\"https:\/\/schema.org\",\"@graph\":[{\"@type\":\"Article\",\"@id\":\"https:\/\/welovecinema.be\/fr\/86426\/#article\",\"isPartOf\":{\"@id\":\"https:\/\/welovecinema.be\/fr\/86426\/\"},\"author\":{\"name\":\"Philippe.Pierquin\",\"@id\":\"https:\/\/welovecinema.be\/nl\/#\/schema\/person\/4b9b1d857f0943453a38a7c2859ef756\"},\"headline\":\"La Tr\u00eave vendue en Suisse et en Flandre\",\"datePublished\":\"2016-04-07T16:54:17+00:00\",\"dateModified\":\"2016-04-07T16:54:17+00:00\",\"mainEntityOfPage\":{\"@id\":\"https:\/\/welovecinema.be\/fr\/86426\/\"},\"wordCount\":179,\"publisher\":{\"@id\":\"https:\/\/welovecinema.be\/nl\/#organization\"},\"articleSection\":[\"Plateau t\u00e9l\u00e9\"],\"inLanguage\":\"fr-FR\"},{\"@type\":\"WebPage\",\"@id\":\"https:\/\/welovecinema.be\/fr\/86426\/\",\"url\":\"https:\/\/welovecinema.be\/fr\/86426\/\",\"name\":\"La Tr\u00eave vendue en Suisse et en Flandre - We Love Cinema\",\"isPartOf\":{\"@id\":\"https:\/\/welovecinema.be\/nl\/#website\"},\"datePublished\":\"2016-04-07T16:54:17+00:00\",\"dateModified\":\"2016-04-07T16:54:17+00:00\",\"breadcrumb\":{\"@id\":\"https:\/\/welovecinema.be\/fr\/86426\/#breadcrumb\"},\"inLanguage\":\"fr-FR\",\"potentialAction\":[{\"@type\":\"ReadAction\",\"target\":[\"https:\/\/welovecinema.be\/fr\/86426\/\"]}]},{\"@type\":\"BreadcrumbList\",\"@id\":\"https:\/\/welovecinema.be\/fr\/86426\/#breadcrumb\",\"itemListElement\":[{\"@type\":\"ListItem\",\"position\":1,\"name\":\"Accueil\",\"item\":\"https:\/\/welovecinema.be\/fr\/\"},{\"@type\":\"ListItem\",\"position\":2,\"name\":\"La Tr\u00eave vendue en Suisse et en Flandre\"}]},{\"@type\":\"WebSite\",\"@id\":\"https:\/\/welovecinema.be\/nl\/#website\",\"url\":\"https:\/\/welovecinema.be\/nl\/\",\"name\":\"We Love Cinema\",\"description\":\"Toute l\u2019information du cin\u00e9ma en Belgique\",\"publisher\":{\"@id\":\"https:\/\/welovecinema.be\/nl\/#organization\"},\"potentialAction\":[{\"@type\":\"SearchAction\",\"target\":{\"@type\":\"EntryPoint\",\"urlTemplate\":\"https:\/\/welovecinema.be\/nl\/?s={search_term_string}\"},\"query-input\":\"required name=search_term_string\"}],\"inLanguage\":\"fr-FR\"},{\"@type\":\"Organization\",\"@id\":\"https:\/\/welovecinema.be\/nl\/#organization\",\"name\":\"We Love Cinema\",\"url\":\"https:\/\/welovecinema.be\/nl\/\",\"logo\":{\"@type\":\"ImageObject\",\"inLanguage\":\"fr-FR\",\"@id\":\"https:\/\/welovecinema.be\/nl\/#\/schema\/logo\/image\/\",\"url\":\"https:\/\/welovecinema.be\/wp-content\/uploads\/sites\/2\/2023\/03\/Logo-We-Love-Cinema305x128.jpg\",\"contentUrl\":\"https:\/\/welovecinema.be\/wp-content\/uploads\/sites\/2\/2023\/03\/Logo-We-Love-Cinema305x128.jpg\",\"width\":305,\"height\":128,\"caption\":\"We Love Cinema\"},\"image\":{\"@id\":\"https:\/\/welovecinema.be\/nl\/#\/schema\/logo\/image\/\"},\"sameAs\":[\"https:\/\/www.facebook.com\/welovecinema.be\",\"https:\/\/www.youtube.com\/channel\/UCX5LYGVhnKvYauW4Nta4HJA\",\"https:\/\/www.instagram.com\/welovecinema.be\/\"]},{\"@type\":\"Person\",\"@id\":\"https:\/\/welovecinema.be\/nl\/#\/schema\/person\/4b9b1d857f0943453a38a7c2859ef756\",\"name\":\"Philippe.Pierquin\",\"url\":\"https:\/\/welovecinema.be\/fr\/author\/philippe-pierquin\/\"}]}<\/script>\n<!-- \/ Yoast SEO plugin. -->","yoast_head_json":{"title":"La Tr\u00eave vendue en Suisse et en Flandre - We Love Cinema","robots":{"index":"index","follow":"follow","max-snippet":"max-snippet:-1","max-image-preview":"max-image-preview:large","max-video-preview":"max-video-preview:-1"},"canonical":"https:\/\/welovecinema.be\/fr\/86426\/","og_locale":"fr_FR","og_type":"article","og_title":"La Tr\u00eave vendue en Suisse et en Flandre - We Love Cinema","og_description":"La s\u00e9rie belge francophone La tr\u00eave vient d\u2019\u00eatre vendue aux t\u00e9l\u00e9visions publiques flamande (VRT) et Suisse romande (RTS) lors du MIPTV qui s\u2019ach\u00e8ve ce jeudi \u00e0 Cannes. La semaine pass\u00e9e, c\u2019est France 2 qui en achetait les droits de diffusion pour la France. D\u2019autres territoires sont par ailleurs en cours de n\u00e9gociation.","og_url":"https:\/\/welovecinema.be\/fr\/86426\/","og_site_name":"We Love Cinema","article_publisher":"https:\/\/www.facebook.com\/welovecinema.be","article_published_time":"2016-04-07T16:54:17+00:00","og_image":[{"width":624,"height":351,"url":"https:\/\/welovecinema.be\/wp-content\/uploads\/sites\/2\/2016\/04\/image.jpeg","type":"image\/jpeg"}],"author":"Philippe.Pierquin","twitter_card":"summary_large_image","twitter_misc":{"\u00c9crit par":"Philippe.Pierquin","Dur\u00e9e de lecture estim\u00e9e":"1 minute"},"schema":{"@context":"https:\/\/schema.org","@graph":[{"@type":"Article","@id":"https:\/\/welovecinema.be\/fr\/86426\/#article","isPartOf":{"@id":"https:\/\/welovecinema.be\/fr\/86426\/"},"author":{"name":"Philippe.Pierquin","@id":"https:\/\/welovecinema.be\/nl\/#\/schema\/person\/4b9b1d857f0943453a38a7c2859ef756"},"headline":"La Tr\u00eave vendue en Suisse et en Flandre","datePublished":"2016-04-07T16:54:17+00:00","dateModified":"2016-04-07T16:54:17+00:00","mainEntityOfPage":{"@id":"https:\/\/welovecinema.be\/fr\/86426\/"},"wordCount":179,"publisher":{"@id":"https:\/\/welovecinema.be\/nl\/#organization"},"articleSection":["Plateau t\u00e9l\u00e9"],"inLanguage":"fr-FR"},{"@type":"WebPage","@id":"https:\/\/welovecinema.be\/fr\/86426\/","url":"https:\/\/welovecinema.be\/fr\/86426\/","name":"La Tr\u00eave vendue en Suisse et en Flandre - We Love Cinema","isPartOf":{"@id":"https:\/\/welovecinema.be\/nl\/#website"},"datePublished":"2016-04-07T16:54:17+00:00","dateModified":"2016-04-07T16:54:17+00:00","breadcrumb":{"@id":"https:\/\/welovecinema.be\/fr\/86426\/#breadcrumb"},"inLanguage":"fr-FR","potentialAction":[{"@type":"ReadAction","target":["https:\/\/welovecinema.be\/fr\/86426\/"]}]},{"@type":"BreadcrumbList","@id":"https:\/\/welovecinema.be\/fr\/86426\/#breadcrumb","itemListElement":[{"@type":"ListItem","position":1,"name":"Accueil","item":"https:\/\/welovecinema.be\/fr\/"},{"@type":"ListItem","position":2,"name":"La Tr\u00eave vendue en Suisse et en Flandre"}]},{"@type":"WebSite","@id":"https:\/\/welovecinema.be\/nl\/#website","url":"https:\/\/welovecinema.be\/nl\/","name":"We Love Cinema","description":"Toute l\u2019information du cin\u00e9ma en Belgique","publisher":{"@id":"https:\/\/welovecinema.be\/nl\/#organization"},"potentialAction":[{"@type":"SearchAction","target":{"@type":"EntryPoint","urlTemplate":"https:\/\/welovecinema.be\/nl\/?s={search_term_string}"},"query-input":"required name=search_term_string"}],"inLanguage":"fr-FR"},{"@type":"Organization","@id":"https:\/\/welovecinema.be\/nl\/#organization","name":"We Love Cinema","url":"https:\/\/welovecinema.be\/nl\/","logo":{"@type":"ImageObject","inLanguage":"fr-FR","@id":"https:\/\/welovecinema.be\/nl\/#\/schema\/logo\/image\/","url":"https:\/\/welovecinema.be\/wp-content\/uploads\/sites\/2\/2023\/03\/Logo-We-Love-Cinema305x128.jpg","contentUrl":"https:\/\/welovecinema.be\/wp-content\/uploads\/sites\/2\/2023\/03\/Logo-We-Love-Cinema305x128.jpg","width":305,"height":128,"caption":"We Love Cinema"},"image":{"@id":"https:\/\/welovecinema.be\/nl\/#\/schema\/logo\/image\/"},"sameAs":["https:\/\/www.facebook.com\/welovecinema.be","https:\/\/www.youtube.com\/channel\/UCX5LYGVhnKvYauW4Nta4HJA","https:\/\/www.instagram.com\/welovecinema.be\/"]},{"@type":"Person","@id":"https:\/\/welovecinema.be\/nl\/#\/schema\/person\/4b9b1d857f0943453a38a7c2859ef756","name":"Philippe.Pierquin","url":"https:\/\/welovecinema.be\/fr\/author\/philippe-pierquin\/"}]}},"_links":{"self":[{"href":"https:\/\/welovecinema.be\/fr\/wp-json\/wp\/v2\/posts\/86426","targetHints":{"allow":["GET"]}}],"collection":[{"href":"https:\/\/welovecinema.be\/fr\/wp-json\/wp\/v2\/posts"}],"about":[{"href":"https:\/\/welovecinema.be\/fr\/wp-json\/wp\/v2\/types\/post"}],"author":[{"embeddable":true,"href":"https:\/\/welovecinema.be\/fr\/wp-json\/wp\/v2\/users\/7"}],"replies":[{"embeddable":true,"href":"https:\/\/welovecinema.be\/fr\/wp-json\/wp\/v2\/comments?post=86426"}],"version-history":[{"count":0,"href":"https:\/\/welovecinema.be\/fr\/wp-json\/wp\/v2\/posts\/86426\/revisions"}],"wp:featuredmedia":[{"embeddable":true,"href":"https:\/\/welovecinema.be\/fr\/wp-json\/wp\/v2\/media\/86428"}],"wp:attachment":[{"href":"https:\/\/welovecinema.be\/fr\/wp-json\/wp\/v2\/media?parent=86426"}],"wp:term":[{"taxonomy":"category","embeddable":true,"href":"https:\/\/welovecinema.be\/fr\/wp-json\/wp\/v2\/categories?post=86426"},{"taxonomy":"post_tag","embeddable":true,"href":"https:\/\/welovecinema.be\/fr\/wp-json\/wp\/v2\/tags?post=86426"}],"curies":[{"name":"wp","href":"https:\/\/api.w.org\/{rel}","templated":true}]}}