{"id":8615,"date":"2011-09-26T07:29:10","date_gmt":"2011-09-26T07:29:10","guid":{"rendered":"http:\/\/www.cinevox.be\/?p=8615"},"modified":"2011-09-26T08:44:08","modified_gmt":"2011-09-26T08:44:08","slug":"les-bnp-paribas-fortis-film-days-sont-termines-rv-en-2012","status":"publish","type":"post","link":"https:\/\/welovecinema.be\/fr\/les-bnp-paribas-fortis-film-days-sont-termines-rv-en-2012\/","title":{"rendered":"Finis les BNP Paribas Fortis Film Days? <br> Rendez-Vous en 2012 !"},"content":{"rendered":"<p>Voil\u00e0 c&rsquo;est fini. Comme le chante Jean-Louis (Aubert, donc). Finis les<em> BNP Paribas Fortis Film Days,<\/em> finis les <em>Cinevox Happenings<\/em>. Pour cette ann\u00e9e. Car, c&rsquo;est la (tr\u00e8s) bonne nouvelle de la journ\u00e9e, oui l&rsquo;\u00e9v\u00e8nement est reconduit pour 2012. Il s&rsquo;\u00e9tendra du 26 au 29 septembre. Et, \u00e0 nouveau, toutes les s\u00e9ances seront \u00e0 4 euros dans presque tous les cin\u00e9mas belges. \u00c0 nouveau, nous vous offrirons des tickets duos gratuits. \u00c0 nouveau, Cinevox soutiendra l&rsquo;op\u00e9ration en mettant en avant quelques-uns de nos talents. Et franchement, on a d\u00e9j\u00e0 h\u00e2te d&rsquo;y \u00eatre.<\/p>\n<p>&nbsp;<\/p>\n<p><!--more--><\/p>\n<p><a rel=\"attachment wp-att-8617\" href=\"http:\/\/www.cinevox.be\/les-bnp-paribas-fortis-film-days-sont-termines-rv-en-2012\/_mg08902-2\/\"><img loading=\"lazy\" decoding=\"async\" class=\"alignright size-medium wp-image-8617\" title=\"_MG08902\" src=\"http:\/\/www.cinevox.be\/wp-content\/uploads\/sites\/2\/2011\/09\/MG089021-406x270.jpg\" alt=\"\" width=\"325\" height=\"216\" srcset=\"https:\/\/welovecinema.be\/wp-content\/uploads\/sites\/2\/2011\/09\/MG089021-406x270.jpg 406w, https:\/\/welovecinema.be\/wp-content\/uploads\/sites\/2\/2011\/09\/MG089021-800x532.jpg 800w, https:\/\/welovecinema.be\/wp-content\/uploads\/sites\/2\/2011\/09\/MG089021.jpg 1000w\" sizes=\"auto, (max-width: 325px) 100vw, 325px\" \/><\/a>H\u00e2te, car \u00e0 notre niveau, au contact des r\u00e9alisateurs belges, des acteurs, des producteurs ou distributeurs qui nous accompagnaient au fil des jours, \u00e0 travers tout le pays, nous nous sommes beaucoup amus\u00e9s. Avec des pics d&rsquo;\u00e9motion, des pics de rire aussi, des grands moments de cin\u00e9ma et de fraternit\u00e9, une communion entre le public et ceux qui venaient \u00e0 sa rencontre. Un bonheur de tous les instants. Parce que les visages heureux en fin de soir\u00e9e, nous rassuraient si besoin sur l&rsquo;utilit\u00e9 de cette grosse manifestation.<\/p>\n<p>&nbsp;<\/p>\n<p><a rel=\"attachment wp-att-8618\" href=\"http:\/\/www.cinevox.be\/les-bnp-paribas-fortis-film-days-sont-termines-rv-en-2012\/_mg08937\/\"><img loading=\"lazy\" decoding=\"async\" class=\"alignleft size-medium wp-image-8618\" title=\"_MG08937\" src=\"http:\/\/www.cinevox.be\/wp-content\/uploads\/sites\/2\/2011\/09\/MG08937-406x270.jpg\" alt=\"\" width=\"293\" height=\"194\" srcset=\"https:\/\/welovecinema.be\/wp-content\/uploads\/sites\/2\/2011\/09\/MG08937-406x270.jpg 406w, https:\/\/welovecinema.be\/wp-content\/uploads\/sites\/2\/2011\/09\/MG08937-800x532.jpg 800w, https:\/\/welovecinema.be\/wp-content\/uploads\/sites\/2\/2011\/09\/MG08937.jpg 1000w\" sizes=\"auto, (max-width: 293px) 100vw, 293px\" \/><\/a><\/p>\n<p>&nbsp;<\/p>\n<p>Avant de refermer la page, nous ne pouvons r\u00e9sister au plaisir de vous (re)proposer quelques photos essentielles et de tr\u00e8s nombreux clich\u00e9s in\u00e9dits. Histoire de vous donner envie, peut-\u00eatre de feuilleter (\u00e0 nouveau?) certains albums particuli\u00e8rement marquants. Et de pointer d\u00e9j\u00e0 les 26, 27, 28 et 29 septembre 2012 dans votre agenda.<\/p>\n<p>Les BNP Paribas Fortis Film Days 2011 sont morts, vive les BNP Paribas Fortis Film Days 2012 !<\/p>\n<p>&nbsp;<\/p>\n<p>&nbsp;<\/p>\n<p><a href=\"http:\/\/www.cinevox.be\/bnp-paribas-fortis-film-days-la-fee-ouvre-les-cinevox-happenings\/\" target=\"_blank\">MERCREDI 21 : LA FEE (UGC de Brouck\u00e8re)<\/a><\/p>\n<p>&nbsp;<\/p>\n<p style=\"text-align: center;\"><a rel=\"attachment wp-att-8639\" href=\"http:\/\/www.cinevox.be\/les-bnp-paribas-fortis-film-days-sont-termines-rv-en-2012\/_mg08927-3\/\"><img loading=\"lazy\" decoding=\"async\" class=\"size-full wp-image-8639 aligncenter\" title=\"_MG08927\" src=\"http:\/\/www.cinevox.be\/wp-content\/uploads\/sites\/2\/2011\/09\/MG089272.jpg\" alt=\"\" width=\"1000\" height=\"665\" srcset=\"https:\/\/welovecinema.be\/wp-content\/uploads\/sites\/2\/2011\/09\/MG089272.jpg 1000w, https:\/\/welovecinema.be\/wp-content\/uploads\/sites\/2\/2011\/09\/MG089272-406x270.jpg 406w, https:\/\/welovecinema.be\/wp-content\/uploads\/sites\/2\/2011\/09\/MG089272-800x532.jpg 800w\" sizes=\"auto, (max-width: 1000px) 100vw, 1000px\" \/><\/a><\/p>\n<p style=\"text-align: center;\">&nbsp;<\/p>\n<p style=\"text-align: center;\"><a rel=\"attachment wp-att-8641\" href=\"http:\/\/www.cinevox.be\/les-bnp-paribas-fortis-film-days-sont-termines-rv-en-2012\/_mg08989-2\/\"><img loading=\"lazy\" decoding=\"async\" class=\"size-full wp-image-8641 aligncenter\" title=\"_MG08989\" src=\"http:\/\/www.cinevox.be\/wp-content\/uploads\/sites\/2\/2011\/09\/MG089891.jpg\" alt=\"\" width=\"1000\" height=\"665\" srcset=\"https:\/\/welovecinema.be\/wp-content\/uploads\/sites\/2\/2011\/09\/MG089891.jpg 1000w, https:\/\/welovecinema.be\/wp-content\/uploads\/sites\/2\/2011\/09\/MG089891-406x270.jpg 406w, https:\/\/welovecinema.be\/wp-content\/uploads\/sites\/2\/2011\/09\/MG089891-800x532.jpg 800w\" sizes=\"auto, (max-width: 1000px) 100vw, 1000px\" \/><\/a><\/p>\n<p>&nbsp;<\/p>\n<p><a rel=\"attachment wp-att-8642\" href=\"http:\/\/www.cinevox.be\/les-bnp-paribas-fortis-film-days-sont-termines-rv-en-2012\/_mg08952-2\/\"><img loading=\"lazy\" decoding=\"async\" class=\"size-full wp-image-8642 aligncenter\" title=\"_MG08952\" src=\"http:\/\/www.cinevox.be\/wp-content\/uploads\/sites\/2\/2011\/09\/MG089521.jpg\" alt=\"\" width=\"1000\" height=\"665\" srcset=\"https:\/\/welovecinema.be\/wp-content\/uploads\/sites\/2\/2011\/09\/MG089521.jpg 1000w, https:\/\/welovecinema.be\/wp-content\/uploads\/sites\/2\/2011\/09\/MG089521-406x270.jpg 406w, https:\/\/welovecinema.be\/wp-content\/uploads\/sites\/2\/2011\/09\/MG089521-800x532.jpg 800w\" sizes=\"auto, (max-width: 1000px) 100vw, 1000px\" \/><\/a><\/p>\n<p>&nbsp;<\/p>\n<p><a href=\"http:\/\/www.cinevox.be\/monsieur-papa-%E2%80%93-bxlusa-un-grand-moment-de-bonheur\/\" target=\"_blank\">JEUDI 22 : MADAME PAPA \/ BXL-USA (UGC de Brouck\u00e8re)<\/a><\/p>\n<p>&nbsp;<\/p>\n<p><a rel=\"attachment wp-att-8643\" href=\"http:\/\/www.cinevox.be\/les-bnp-paribas-fortis-film-days-sont-termines-rv-en-2012\/_mg09029\/\"><img loading=\"lazy\" decoding=\"async\" class=\"size-full wp-image-8643 aligncenter\" title=\"_MG09029\" src=\"http:\/\/www.cinevox.be\/wp-content\/uploads\/sites\/2\/2011\/09\/MG09029.jpg\" alt=\"\" width=\"1000\" height=\"665\" srcset=\"https:\/\/welovecinema.be\/wp-content\/uploads\/sites\/2\/2011\/09\/MG09029.jpg 1000w, https:\/\/welovecinema.be\/wp-content\/uploads\/sites\/2\/2011\/09\/MG09029-406x270.jpg 406w, https:\/\/welovecinema.be\/wp-content\/uploads\/sites\/2\/2011\/09\/MG09029-800x532.jpg 800w\" sizes=\"auto, (max-width: 1000px) 100vw, 1000px\" \/><\/a><\/p>\n<p>&nbsp;<\/p>\n<p><a rel=\"attachment wp-att-8644\" href=\"http:\/\/www.cinevox.be\/les-bnp-paribas-fortis-film-days-sont-termines-rv-en-2012\/_mg09068\/\"><img loading=\"lazy\" decoding=\"async\" class=\"size-full wp-image-8644 aligncenter\" title=\"_MG09068\" src=\"http:\/\/www.cinevox.be\/wp-content\/uploads\/sites\/2\/2011\/09\/MG09068.jpg\" alt=\"\" width=\"1000\" height=\"665\" srcset=\"https:\/\/welovecinema.be\/wp-content\/uploads\/sites\/2\/2011\/09\/MG09068.jpg 1000w, https:\/\/welovecinema.be\/wp-content\/uploads\/sites\/2\/2011\/09\/MG09068-406x270.jpg 406w, https:\/\/welovecinema.be\/wp-content\/uploads\/sites\/2\/2011\/09\/MG09068-800x532.jpg 800w\" sizes=\"auto, (max-width: 1000px) 100vw, 1000px\" \/><\/a><\/p>\n<p>&nbsp;<\/p>\n<p><a rel=\"attachment wp-att-8645\" href=\"http:\/\/www.cinevox.be\/les-bnp-paribas-fortis-film-days-sont-termines-rv-en-2012\/_mg09096\/\"><img loading=\"lazy\" decoding=\"async\" class=\"size-full wp-image-8645 aligncenter\" title=\"_MG09096\" src=\"http:\/\/www.cinevox.be\/wp-content\/uploads\/sites\/2\/2011\/09\/MG09096.jpg\" alt=\"\" width=\"1000\" height=\"665\" srcset=\"https:\/\/welovecinema.be\/wp-content\/uploads\/sites\/2\/2011\/09\/MG09096.jpg 1000w, https:\/\/welovecinema.be\/wp-content\/uploads\/sites\/2\/2011\/09\/MG09096-406x270.jpg 406w, https:\/\/welovecinema.be\/wp-content\/uploads\/sites\/2\/2011\/09\/MG09096-800x532.jpg 800w\" sizes=\"auto, (max-width: 1000px) 100vw, 1000px\" \/><\/a><\/p>\n<p>&nbsp;<\/p>\n<p style=\"text-align: center;\"><a rel=\"attachment wp-att-8646\" href=\"http:\/\/www.cinevox.be\/les-bnp-paribas-fortis-film-days-sont-termines-rv-en-2012\/_mg09154-2\/\"><img loading=\"lazy\" decoding=\"async\" class=\"size-full wp-image-8646 aligncenter\" title=\"_MG09154\" src=\"http:\/\/www.cinevox.be\/wp-content\/uploads\/sites\/2\/2011\/09\/MG091541.jpg\" alt=\"\" width=\"1000\" height=\"665\" srcset=\"https:\/\/welovecinema.be\/wp-content\/uploads\/sites\/2\/2011\/09\/MG091541.jpg 1000w, https:\/\/welovecinema.be\/wp-content\/uploads\/sites\/2\/2011\/09\/MG091541-406x270.jpg 406w, https:\/\/welovecinema.be\/wp-content\/uploads\/sites\/2\/2011\/09\/MG091541-800x532.jpg 800w\" sizes=\"auto, (max-width: 1000px) 100vw, 1000px\" \/><\/a><\/p>\n<p>&nbsp;<\/p>\n<p style=\"text-align: center;\"><a rel=\"attachment wp-att-8647\" href=\"http:\/\/www.cinevox.be\/les-bnp-paribas-fortis-film-days-sont-termines-rv-en-2012\/_mg09222\/\"><img loading=\"lazy\" decoding=\"async\" class=\"size-full wp-image-8647 aligncenter\" title=\"_MG09222\" src=\"http:\/\/www.cinevox.be\/wp-content\/uploads\/sites\/2\/2011\/09\/MG09222.jpg\" alt=\"\" width=\"1000\" height=\"665\" srcset=\"https:\/\/welovecinema.be\/wp-content\/uploads\/sites\/2\/2011\/09\/MG09222.jpg 1000w, https:\/\/welovecinema.be\/wp-content\/uploads\/sites\/2\/2011\/09\/MG09222-406x270.jpg 406w, https:\/\/welovecinema.be\/wp-content\/uploads\/sites\/2\/2011\/09\/MG09222-800x532.jpg 800w\" sizes=\"auto, (max-width: 1000px) 100vw, 1000px\" \/><\/a><\/p>\n<p>&nbsp;<\/p>\n<p style=\"text-align: center;\"><a rel=\"attachment wp-att-8648\" href=\"http:\/\/www.cinevox.be\/les-bnp-paribas-fortis-film-days-sont-termines-rv-en-2012\/_mg09243-2\/\"><img loading=\"lazy\" decoding=\"async\" class=\"size-full wp-image-8648 aligncenter\" title=\"_MG09243\" src=\"http:\/\/www.cinevox.be\/wp-content\/uploads\/sites\/2\/2011\/09\/MG092431.jpg\" alt=\"\" width=\"1000\" height=\"665\" srcset=\"https:\/\/welovecinema.be\/wp-content\/uploads\/sites\/2\/2011\/09\/MG092431.jpg 1000w, https:\/\/welovecinema.be\/wp-content\/uploads\/sites\/2\/2011\/09\/MG092431-406x270.jpg 406w, https:\/\/welovecinema.be\/wp-content\/uploads\/sites\/2\/2011\/09\/MG092431-800x532.jpg 800w\" sizes=\"auto, (max-width: 1000px) 100vw, 1000px\" \/><\/a><\/p>\n<p style=\"text-align: center;\">&nbsp;<\/p>\n<p style=\"text-align: center;\"><a rel=\"attachment wp-att-8650\" href=\"http:\/\/www.cinevox.be\/les-bnp-paribas-fortis-film-days-sont-termines-rv-en-2012\/_mg09282-2\/\"><img loading=\"lazy\" decoding=\"async\" class=\"size-full wp-image-8650 aligncenter\" title=\"_MG09282\" src=\"http:\/\/www.cinevox.be\/wp-content\/uploads\/sites\/2\/2011\/09\/MG092821.jpg\" alt=\"\" width=\"636\" height=\"440\" srcset=\"https:\/\/welovecinema.be\/wp-content\/uploads\/sites\/2\/2011\/09\/MG092821.jpg 636w, https:\/\/welovecinema.be\/wp-content\/uploads\/sites\/2\/2011\/09\/MG092821-390x270.jpg 390w\" sizes=\"auto, (max-width: 636px) 100vw, 636px\" \/><\/a><\/p>\n<p>&nbsp;<\/p>\n<p><a href=\"http:\/\/www.cinevox.be\/bnp-paribas-fortis-film-days-la-fee-enchante-lacinapolis\/\" target=\"_blank\">JEUDI 22 : LA\u00a0F\u00c9E\u00a0(Acinapolis Jambes)<\/a><\/p>\n<p>&nbsp;<\/p>\n<p><a rel=\"attachment wp-att-8657\" href=\"http:\/\/www.cinevox.be\/les-bnp-paribas-fortis-film-days-sont-termines-rv-en-2012\/_man7008\/\"><img loading=\"lazy\" decoding=\"async\" class=\"aligncenter size-full wp-image-8657\" title=\"_MAN7008\" src=\"http:\/\/www.cinevox.be\/wp-content\/uploads\/sites\/2\/2011\/09\/MAN7008.jpg\" alt=\"\" width=\"1000\" height=\"665\" srcset=\"https:\/\/welovecinema.be\/wp-content\/uploads\/sites\/2\/2011\/09\/MAN7008.jpg 1000w, https:\/\/welovecinema.be\/wp-content\/uploads\/sites\/2\/2011\/09\/MAN7008-406x270.jpg 406w, https:\/\/welovecinema.be\/wp-content\/uploads\/sites\/2\/2011\/09\/MAN7008-800x532.jpg 800w\" sizes=\"auto, (max-width: 1000px) 100vw, 1000px\" \/><\/a><\/p>\n<p>&nbsp;<\/p>\n<p><a rel=\"attachment wp-att-8658\" href=\"http:\/\/www.cinevox.be\/les-bnp-paribas-fortis-film-days-sont-termines-rv-en-2012\/_man7046-2\/\"><img loading=\"lazy\" decoding=\"async\" class=\"aligncenter size-full wp-image-8658\" title=\"_MAN7046\" src=\"http:\/\/www.cinevox.be\/wp-content\/uploads\/sites\/2\/2011\/09\/MAN70461.jpg\" alt=\"\" width=\"1000\" height=\"665\" srcset=\"https:\/\/welovecinema.be\/wp-content\/uploads\/sites\/2\/2011\/09\/MAN70461.jpg 1000w, https:\/\/welovecinema.be\/wp-content\/uploads\/sites\/2\/2011\/09\/MAN70461-406x270.jpg 406w, https:\/\/welovecinema.be\/wp-content\/uploads\/sites\/2\/2011\/09\/MAN70461-800x532.jpg 800w\" sizes=\"auto, (max-width: 1000px) 100vw, 1000px\" \/><\/a><\/p>\n<p>&nbsp;<\/p>\n<p><a href=\"http:\/\/www.cinevox.be\/bnp-paribas-fortis-film-days-rondo-concentre-demotions\/\" target=\"_blank\">JEUDI 22 : RONDO (UGC Toison d&rsquo;Or)<\/a><\/p>\n<p>&nbsp;<\/p>\n<p><a rel=\"attachment wp-att-8651\" href=\"http:\/\/www.cinevox.be\/les-bnp-paribas-fortis-film-days-sont-termines-rv-en-2012\/_mg09314-3\/\"><img loading=\"lazy\" decoding=\"async\" class=\"aligncenter size-full wp-image-8651\" title=\"_MG09314\" src=\"http:\/\/www.cinevox.be\/wp-content\/uploads\/sites\/2\/2011\/09\/MG093142.jpg\" alt=\"\" width=\"1000\" height=\"665\" srcset=\"https:\/\/welovecinema.be\/wp-content\/uploads\/sites\/2\/2011\/09\/MG093142.jpg 1000w, https:\/\/welovecinema.be\/wp-content\/uploads\/sites\/2\/2011\/09\/MG093142-406x270.jpg 406w, https:\/\/welovecinema.be\/wp-content\/uploads\/sites\/2\/2011\/09\/MG093142-800x532.jpg 800w\" sizes=\"auto, (max-width: 1000px) 100vw, 1000px\" \/><\/a><\/p>\n<p>&nbsp;<\/p>\n<p><a rel=\"attachment wp-att-8652\" href=\"http:\/\/www.cinevox.be\/les-bnp-paribas-fortis-film-days-sont-termines-rv-en-2012\/_mg09322-2\/\"><img loading=\"lazy\" decoding=\"async\" class=\"aligncenter size-full wp-image-8652\" title=\"_MG09322\" src=\"http:\/\/www.cinevox.be\/wp-content\/uploads\/sites\/2\/2011\/09\/MG093221.jpg\" alt=\"\" width=\"1000\" height=\"665\" srcset=\"https:\/\/welovecinema.be\/wp-content\/uploads\/sites\/2\/2011\/09\/MG093221.jpg 1000w, https:\/\/welovecinema.be\/wp-content\/uploads\/sites\/2\/2011\/09\/MG093221-406x270.jpg 406w, https:\/\/welovecinema.be\/wp-content\/uploads\/sites\/2\/2011\/09\/MG093221-800x532.jpg 800w\" sizes=\"auto, (max-width: 1000px) 100vw, 1000px\" \/><\/a><\/p>\n<p>&nbsp;<\/p>\n<p><a rel=\"attachment wp-att-8653\" href=\"http:\/\/www.cinevox.be\/les-bnp-paribas-fortis-film-days-sont-termines-rv-en-2012\/_mg09365-2\/\"><img loading=\"lazy\" decoding=\"async\" class=\"aligncenter size-full wp-image-8653\" title=\"_MG09365\" src=\"http:\/\/www.cinevox.be\/wp-content\/uploads\/sites\/2\/2011\/09\/MG093651.jpg\" alt=\"\" width=\"1000\" height=\"665\" srcset=\"https:\/\/welovecinema.be\/wp-content\/uploads\/sites\/2\/2011\/09\/MG093651.jpg 1000w, https:\/\/welovecinema.be\/wp-content\/uploads\/sites\/2\/2011\/09\/MG093651-406x270.jpg 406w, https:\/\/welovecinema.be\/wp-content\/uploads\/sites\/2\/2011\/09\/MG093651-800x532.jpg 800w\" sizes=\"auto, (max-width: 1000px) 100vw, 1000px\" \/><\/a><\/p>\n<p>&nbsp;<\/p>\n<p>VENDREDI 23 : LA\u00a0F\u00c9E\u00a0(Imagix Tournai)<\/p>\n<p>&nbsp;<\/p>\n<p><a rel=\"attachment wp-att-8660\" href=\"http:\/\/www.cinevox.be\/les-bnp-paribas-fortis-film-days-sont-termines-rv-en-2012\/img_9795\/\"><img loading=\"lazy\" decoding=\"async\" class=\"aligncenter size-full wp-image-8660\" title=\"IMG_9795\" src=\"http:\/\/www.cinevox.be\/wp-content\/uploads\/sites\/2\/2011\/09\/IMG_9795.jpg\" alt=\"\" width=\"800\" height=\"533\" srcset=\"https:\/\/welovecinema.be\/wp-content\/uploads\/sites\/2\/2011\/09\/IMG_9795.jpg 800w, https:\/\/welovecinema.be\/wp-content\/uploads\/sites\/2\/2011\/09\/IMG_9795-405x270.jpg 405w\" sizes=\"auto, (max-width: 800px) 100vw, 800px\" \/><\/a><\/p>\n<p>&nbsp;<\/p>\n<p><a href=\"http:\/\/www.cinevox.be\/bnp-paribas-fortis-film-days-une-soiree-unique\/\" target=\"_blank\">VENDREDI 23 : FILS UNIQUE (Vend\u00f4me &#8211; Bruxelles)<\/a><\/p>\n<p>&nbsp;<\/p>\n<p><a rel=\"attachment wp-att-8654\" href=\"http:\/\/www.cinevox.be\/les-bnp-paribas-fortis-film-days-sont-termines-rv-en-2012\/_mg09400\/\"><img loading=\"lazy\" decoding=\"async\" class=\"aligncenter size-full wp-image-8654\" title=\"_MG09400\" src=\"http:\/\/www.cinevox.be\/wp-content\/uploads\/sites\/2\/2011\/09\/MG09400.jpg\" alt=\"\" width=\"1000\" height=\"665\" srcset=\"https:\/\/welovecinema.be\/wp-content\/uploads\/sites\/2\/2011\/09\/MG09400.jpg 1000w, https:\/\/welovecinema.be\/wp-content\/uploads\/sites\/2\/2011\/09\/MG09400-406x270.jpg 406w, https:\/\/welovecinema.be\/wp-content\/uploads\/sites\/2\/2011\/09\/MG09400-800x532.jpg 800w\" sizes=\"auto, (max-width: 1000px) 100vw, 1000px\" \/><\/a><\/p>\n<p>&nbsp;<\/p>\n<p><a rel=\"attachment wp-att-8655\" href=\"http:\/\/www.cinevox.be\/les-bnp-paribas-fortis-film-days-sont-termines-rv-en-2012\/_mg09424\/\"><img loading=\"lazy\" decoding=\"async\" class=\"aligncenter size-full wp-image-8655\" title=\"_MG09424\" src=\"http:\/\/www.cinevox.be\/wp-content\/uploads\/sites\/2\/2011\/09\/MG09424.jpg\" alt=\"\" width=\"1000\" height=\"665\" srcset=\"https:\/\/welovecinema.be\/wp-content\/uploads\/sites\/2\/2011\/09\/MG09424.jpg 1000w, https:\/\/welovecinema.be\/wp-content\/uploads\/sites\/2\/2011\/09\/MG09424-406x270.jpg 406w, https:\/\/welovecinema.be\/wp-content\/uploads\/sites\/2\/2011\/09\/MG09424-800x532.jpg 800w\" sizes=\"auto, (max-width: 1000px) 100vw, 1000px\" \/><\/a><\/p>\n<p>&nbsp;<\/p>\n<p><a rel=\"attachment wp-att-8656\" href=\"http:\/\/www.cinevox.be\/les-bnp-paribas-fortis-film-days-sont-termines-rv-en-2012\/_mg09426\/\"><img loading=\"lazy\" decoding=\"async\" class=\"aligncenter size-full wp-image-8656\" title=\"_MG09426\" src=\"http:\/\/www.cinevox.be\/wp-content\/uploads\/sites\/2\/2011\/09\/MG09426.jpg\" alt=\"\" width=\"1000\" height=\"665\" srcset=\"https:\/\/welovecinema.be\/wp-content\/uploads\/sites\/2\/2011\/09\/MG09426.jpg 1000w, https:\/\/welovecinema.be\/wp-content\/uploads\/sites\/2\/2011\/09\/MG09426-406x270.jpg 406w, https:\/\/welovecinema.be\/wp-content\/uploads\/sites\/2\/2011\/09\/MG09426-800x532.jpg 800w\" sizes=\"auto, (max-width: 1000px) 100vw, 1000px\" \/><\/a><\/p>\n<p>&nbsp;<\/p>\n<p><a href=\"http:\/\/www.cinevox.be\/bnp-paribas-fortis-film-days-la-fee-enchante-lacinapolis\/\" target=\"_blank\">SAMEDI 24 : LA\u00a0F\u00c9E\u00a0(Kinepolis Imagibraine)<\/a><\/p>\n<p>&nbsp;<\/p>\n<p><a rel=\"attachment wp-att-8659\" href=\"http:\/\/www.cinevox.be\/les-bnp-paribas-fortis-film-days-sont-termines-rv-en-2012\/_mg09628-3\/\"><img loading=\"lazy\" decoding=\"async\" class=\"aligncenter size-full wp-image-8659\" title=\"_MG09628\" src=\"http:\/\/www.cinevox.be\/wp-content\/uploads\/sites\/2\/2011\/09\/MG096282.jpg\" alt=\"\" width=\"640\" height=\"426\" srcset=\"https:\/\/welovecinema.be\/wp-content\/uploads\/sites\/2\/2011\/09\/MG096282.jpg 640w, https:\/\/welovecinema.be\/wp-content\/uploads\/sites\/2\/2011\/09\/MG096282-405x270.jpg 405w\" sizes=\"auto, (max-width: 640px) 100vw, 640px\" \/><\/a><\/p>\n<p>&nbsp;<\/p>\n<p>&#8230; Merci \u00e0\u00a0tous\u00a0et \u00e0 l&rsquo;ann\u00e9e prochaine !!!<\/p>\n<p>&nbsp;<\/p>\n<p>&nbsp;<\/p>\n<p>&nbsp;<\/p>\n<p>&nbsp;<\/p>\n<p>&nbsp;<\/p>\n<p>&nbsp;<\/p>\n<p>&nbsp;<\/p>\n<p>&nbsp;<\/p>\n<p>&nbsp;<\/p>\n<p>&nbsp;<\/p>\n<p>&nbsp;<\/p>\n<p>&nbsp;<\/p>\n<p>&nbsp;<\/p>\n<p>&nbsp;<\/p>\n<p>&nbsp;<\/p>\n<p>&nbsp;<\/p>\n<p>&nbsp;<\/p>\n<p>&nbsp;<\/p>\n<p>&nbsp;<\/p>\n<p>&nbsp;<\/p>\n<p>&nbsp;<\/p>\n<p>&nbsp;<\/p>\n<p>&nbsp;<\/p>\n<p>&nbsp;<\/p>\n<p>&nbsp;<\/p>\n","protected":false},"excerpt":{"rendered":"<p>Voil\u00e0 c&rsquo;est fini. Comme le chante Jean-Louis (Aubert, donc). Finis les BNP Paribas Fortis Film Days, finis les Cinevox Happenings. Pour cette ann\u00e9e. Car, c&rsquo;est la (tr\u00e8s) bonne nouvelle de la journ\u00e9e, oui l&rsquo;\u00e9v\u00e8nement est reconduit pour 2012. Il s&rsquo;\u00e9tendra du 26 au 29 septembre. Et, \u00e0 nouveau, toutes les s\u00e9ances seront \u00e0 4 euros &hellip;<\/p>\n","protected":false},"author":7,"featured_media":8620,"comment_status":"closed","ping_status":"closed","sticky":false,"template":"","format":"standard","meta":{"ngg_post_thumbnail":0,"footnotes":""},"categories":[1923,7],"tags":[],"class_list":["post-8615","post","type-post","status-publish","format-standard","has-post-thumbnail","","category-en-bref","category-actualites"],"yoast_head":"<!-- This site is optimized with the Yoast SEO plugin v20.4 - https:\/\/yoast.com\/wordpress\/plugins\/seo\/ -->\n<title>Finis les BNP Paribas Fortis Film Days?  Rendez-Vous en 2012 ! - We Love Cinema<\/title>\n<meta name=\"robots\" content=\"index, follow, max-snippet:-1, max-image-preview:large, max-video-preview:-1\" \/>\n<link rel=\"canonical\" href=\"https:\/\/welovecinema.be\/fr\/les-bnp-paribas-fortis-film-days-sont-termines-rv-en-2012\/\" \/>\n<meta property=\"og:locale\" content=\"fr_FR\" \/>\n<meta property=\"og:type\" content=\"article\" \/>\n<meta property=\"og:title\" content=\"Finis les BNP Paribas Fortis Film Days?  Rendez-Vous en 2012 ! - We Love Cinema\" \/>\n<meta property=\"og:description\" content=\"Voil\u00e0 c&rsquo;est fini. Comme le chante Jean-Louis (Aubert, donc). Finis les BNP Paribas Fortis Film Days, finis les Cinevox Happenings. Pour cette ann\u00e9e. Car, c&rsquo;est la (tr\u00e8s) bonne nouvelle de la journ\u00e9e, oui l&rsquo;\u00e9v\u00e8nement est reconduit pour 2012. Il s&rsquo;\u00e9tendra du 26 au 29 septembre. Et, \u00e0 nouveau, toutes les s\u00e9ances seront \u00e0 4 euros &hellip;\" \/>\n<meta property=\"og:url\" content=\"https:\/\/welovecinema.be\/fr\/les-bnp-paribas-fortis-film-days-sont-termines-rv-en-2012\/\" \/>\n<meta property=\"og:site_name\" content=\"We Love Cinema\" \/>\n<meta property=\"article:publisher\" content=\"https:\/\/www.facebook.com\/welovecinema.be\" \/>\n<meta property=\"article:published_time\" content=\"2011-09-26T07:29:10+00:00\" \/>\n<meta property=\"article:modified_time\" content=\"2011-09-26T08:44:08+00:00\" \/>\n<meta property=\"og:image\" content=\"https:\/\/welovecinema.be\/wp-content\/uploads\/sites\/2\/2011\/09\/MAN70241.jpg\" \/>\n\t<meta property=\"og:image:width\" content=\"1000\" \/>\n\t<meta property=\"og:image:height\" content=\"665\" \/>\n\t<meta property=\"og:image:type\" content=\"image\/jpeg\" \/>\n<meta name=\"author\" content=\"Philippe.Pierquin\" \/>\n<meta name=\"twitter:card\" content=\"summary_large_image\" \/>\n<meta name=\"twitter:label1\" content=\"\u00c9crit par\" \/>\n\t<meta name=\"twitter:data1\" content=\"Philippe.Pierquin\" \/>\n\t<meta name=\"twitter:label2\" content=\"Dur\u00e9e de lecture estim\u00e9e\" \/>\n\t<meta name=\"twitter:data2\" content=\"2 minutes\" \/>\n<script type=\"application\/ld+json\" class=\"yoast-schema-graph\">{\"@context\":\"https:\/\/schema.org\",\"@graph\":[{\"@type\":\"Article\",\"@id\":\"https:\/\/welovecinema.be\/fr\/les-bnp-paribas-fortis-film-days-sont-termines-rv-en-2012\/#article\",\"isPartOf\":{\"@id\":\"https:\/\/welovecinema.be\/fr\/les-bnp-paribas-fortis-film-days-sont-termines-rv-en-2012\/\"},\"author\":{\"name\":\"Philippe.Pierquin\",\"@id\":\"https:\/\/welovecinema.be\/nl\/#\/schema\/person\/4b9b1d857f0943453a38a7c2859ef756\"},\"headline\":\"Finis les BNP Paribas Fortis Film Days? Rendez-Vous en 2012 !\",\"datePublished\":\"2011-09-26T07:29:10+00:00\",\"dateModified\":\"2011-09-26T08:44:08+00:00\",\"mainEntityOfPage\":{\"@id\":\"https:\/\/welovecinema.be\/fr\/les-bnp-paribas-fortis-film-days-sont-termines-rv-en-2012\/\"},\"wordCount\":377,\"publisher\":{\"@id\":\"https:\/\/welovecinema.be\/nl\/#organization\"},\"articleSection\":[\"En bref\",\"News\"],\"inLanguage\":\"fr-FR\"},{\"@type\":\"WebPage\",\"@id\":\"https:\/\/welovecinema.be\/fr\/les-bnp-paribas-fortis-film-days-sont-termines-rv-en-2012\/\",\"url\":\"https:\/\/welovecinema.be\/fr\/les-bnp-paribas-fortis-film-days-sont-termines-rv-en-2012\/\",\"name\":\"Finis les BNP Paribas Fortis Film Days? Rendez-Vous en 2012 ! - We Love Cinema\",\"isPartOf\":{\"@id\":\"https:\/\/welovecinema.be\/nl\/#website\"},\"datePublished\":\"2011-09-26T07:29:10+00:00\",\"dateModified\":\"2011-09-26T08:44:08+00:00\",\"breadcrumb\":{\"@id\":\"https:\/\/welovecinema.be\/fr\/les-bnp-paribas-fortis-film-days-sont-termines-rv-en-2012\/#breadcrumb\"},\"inLanguage\":\"fr-FR\",\"potentialAction\":[{\"@type\":\"ReadAction\",\"target\":[\"https:\/\/welovecinema.be\/fr\/les-bnp-paribas-fortis-film-days-sont-termines-rv-en-2012\/\"]}]},{\"@type\":\"BreadcrumbList\",\"@id\":\"https:\/\/welovecinema.be\/fr\/les-bnp-paribas-fortis-film-days-sont-termines-rv-en-2012\/#breadcrumb\",\"itemListElement\":[{\"@type\":\"ListItem\",\"position\":1,\"name\":\"Accueil\",\"item\":\"https:\/\/welovecinema.be\/fr\/\"},{\"@type\":\"ListItem\",\"position\":2,\"name\":\"Finis les BNP Paribas Fortis Film Days? Rendez-Vous en 2012 !\"}]},{\"@type\":\"WebSite\",\"@id\":\"https:\/\/welovecinema.be\/nl\/#website\",\"url\":\"https:\/\/welovecinema.be\/nl\/\",\"name\":\"We Love Cinema\",\"description\":\"Toute l\u2019information du cin\u00e9ma en Belgique\",\"publisher\":{\"@id\":\"https:\/\/welovecinema.be\/nl\/#organization\"},\"potentialAction\":[{\"@type\":\"SearchAction\",\"target\":{\"@type\":\"EntryPoint\",\"urlTemplate\":\"https:\/\/welovecinema.be\/nl\/?s={search_term_string}\"},\"query-input\":\"required name=search_term_string\"}],\"inLanguage\":\"fr-FR\"},{\"@type\":\"Organization\",\"@id\":\"https:\/\/welovecinema.be\/nl\/#organization\",\"name\":\"We Love Cinema\",\"url\":\"https:\/\/welovecinema.be\/nl\/\",\"logo\":{\"@type\":\"ImageObject\",\"inLanguage\":\"fr-FR\",\"@id\":\"https:\/\/welovecinema.be\/nl\/#\/schema\/logo\/image\/\",\"url\":\"https:\/\/welovecinema.be\/wp-content\/uploads\/sites\/2\/2023\/03\/Logo-We-Love-Cinema305x128.jpg\",\"contentUrl\":\"https:\/\/welovecinema.be\/wp-content\/uploads\/sites\/2\/2023\/03\/Logo-We-Love-Cinema305x128.jpg\",\"width\":305,\"height\":128,\"caption\":\"We Love Cinema\"},\"image\":{\"@id\":\"https:\/\/welovecinema.be\/nl\/#\/schema\/logo\/image\/\"},\"sameAs\":[\"https:\/\/www.facebook.com\/welovecinema.be\",\"https:\/\/www.youtube.com\/channel\/UCX5LYGVhnKvYauW4Nta4HJA\",\"https:\/\/www.instagram.com\/welovecinema.be\/\"]},{\"@type\":\"Person\",\"@id\":\"https:\/\/welovecinema.be\/nl\/#\/schema\/person\/4b9b1d857f0943453a38a7c2859ef756\",\"name\":\"Philippe.Pierquin\",\"url\":\"https:\/\/welovecinema.be\/fr\/author\/philippe-pierquin\/\"}]}<\/script>\n<!-- \/ Yoast SEO plugin. -->","yoast_head_json":{"title":"Finis les BNP Paribas Fortis Film Days?  Rendez-Vous en 2012 ! - We Love Cinema","robots":{"index":"index","follow":"follow","max-snippet":"max-snippet:-1","max-image-preview":"max-image-preview:large","max-video-preview":"max-video-preview:-1"},"canonical":"https:\/\/welovecinema.be\/fr\/les-bnp-paribas-fortis-film-days-sont-termines-rv-en-2012\/","og_locale":"fr_FR","og_type":"article","og_title":"Finis les BNP Paribas Fortis Film Days?  Rendez-Vous en 2012 ! - We Love Cinema","og_description":"Voil\u00e0 c&rsquo;est fini. Comme le chante Jean-Louis (Aubert, donc). Finis les BNP Paribas Fortis Film Days, finis les Cinevox Happenings. Pour cette ann\u00e9e. Car, c&rsquo;est la (tr\u00e8s) bonne nouvelle de la journ\u00e9e, oui l&rsquo;\u00e9v\u00e8nement est reconduit pour 2012. Il s&rsquo;\u00e9tendra du 26 au 29 septembre. Et, \u00e0 nouveau, toutes les s\u00e9ances seront \u00e0 4 euros &hellip;","og_url":"https:\/\/welovecinema.be\/fr\/les-bnp-paribas-fortis-film-days-sont-termines-rv-en-2012\/","og_site_name":"We Love Cinema","article_publisher":"https:\/\/www.facebook.com\/welovecinema.be","article_published_time":"2011-09-26T07:29:10+00:00","article_modified_time":"2011-09-26T08:44:08+00:00","og_image":[{"width":"1000","height":"665","url":"https:\/\/welovecinema.be\/wp-content\/uploads\/sites\/2\/2011\/09\/MAN70241.jpg","type":"image\/jpeg"}],"author":"Philippe.Pierquin","twitter_card":"summary_large_image","twitter_misc":{"\u00c9crit par":"Philippe.Pierquin","Dur\u00e9e de lecture estim\u00e9e":"2 minutes"},"schema":{"@context":"https:\/\/schema.org","@graph":[{"@type":"Article","@id":"https:\/\/welovecinema.be\/fr\/les-bnp-paribas-fortis-film-days-sont-termines-rv-en-2012\/#article","isPartOf":{"@id":"https:\/\/welovecinema.be\/fr\/les-bnp-paribas-fortis-film-days-sont-termines-rv-en-2012\/"},"author":{"name":"Philippe.Pierquin","@id":"https:\/\/welovecinema.be\/nl\/#\/schema\/person\/4b9b1d857f0943453a38a7c2859ef756"},"headline":"Finis les BNP Paribas Fortis Film Days? Rendez-Vous en 2012 !","datePublished":"2011-09-26T07:29:10+00:00","dateModified":"2011-09-26T08:44:08+00:00","mainEntityOfPage":{"@id":"https:\/\/welovecinema.be\/fr\/les-bnp-paribas-fortis-film-days-sont-termines-rv-en-2012\/"},"wordCount":377,"publisher":{"@id":"https:\/\/welovecinema.be\/nl\/#organization"},"articleSection":["En bref","News"],"inLanguage":"fr-FR"},{"@type":"WebPage","@id":"https:\/\/welovecinema.be\/fr\/les-bnp-paribas-fortis-film-days-sont-termines-rv-en-2012\/","url":"https:\/\/welovecinema.be\/fr\/les-bnp-paribas-fortis-film-days-sont-termines-rv-en-2012\/","name":"Finis les BNP Paribas Fortis Film Days? Rendez-Vous en 2012 ! - We Love Cinema","isPartOf":{"@id":"https:\/\/welovecinema.be\/nl\/#website"},"datePublished":"2011-09-26T07:29:10+00:00","dateModified":"2011-09-26T08:44:08+00:00","breadcrumb":{"@id":"https:\/\/welovecinema.be\/fr\/les-bnp-paribas-fortis-film-days-sont-termines-rv-en-2012\/#breadcrumb"},"inLanguage":"fr-FR","potentialAction":[{"@type":"ReadAction","target":["https:\/\/welovecinema.be\/fr\/les-bnp-paribas-fortis-film-days-sont-termines-rv-en-2012\/"]}]},{"@type":"BreadcrumbList","@id":"https:\/\/welovecinema.be\/fr\/les-bnp-paribas-fortis-film-days-sont-termines-rv-en-2012\/#breadcrumb","itemListElement":[{"@type":"ListItem","position":1,"name":"Accueil","item":"https:\/\/welovecinema.be\/fr\/"},{"@type":"ListItem","position":2,"name":"Finis les BNP Paribas Fortis Film Days? Rendez-Vous en 2012 !"}]},{"@type":"WebSite","@id":"https:\/\/welovecinema.be\/nl\/#website","url":"https:\/\/welovecinema.be\/nl\/","name":"We Love Cinema","description":"Toute l\u2019information du cin\u00e9ma en Belgique","publisher":{"@id":"https:\/\/welovecinema.be\/nl\/#organization"},"potentialAction":[{"@type":"SearchAction","target":{"@type":"EntryPoint","urlTemplate":"https:\/\/welovecinema.be\/nl\/?s={search_term_string}"},"query-input":"required name=search_term_string"}],"inLanguage":"fr-FR"},{"@type":"Organization","@id":"https:\/\/welovecinema.be\/nl\/#organization","name":"We Love Cinema","url":"https:\/\/welovecinema.be\/nl\/","logo":{"@type":"ImageObject","inLanguage":"fr-FR","@id":"https:\/\/welovecinema.be\/nl\/#\/schema\/logo\/image\/","url":"https:\/\/welovecinema.be\/wp-content\/uploads\/sites\/2\/2023\/03\/Logo-We-Love-Cinema305x128.jpg","contentUrl":"https:\/\/welovecinema.be\/wp-content\/uploads\/sites\/2\/2023\/03\/Logo-We-Love-Cinema305x128.jpg","width":305,"height":128,"caption":"We Love Cinema"},"image":{"@id":"https:\/\/welovecinema.be\/nl\/#\/schema\/logo\/image\/"},"sameAs":["https:\/\/www.facebook.com\/welovecinema.be","https:\/\/www.youtube.com\/channel\/UCX5LYGVhnKvYauW4Nta4HJA","https:\/\/www.instagram.com\/welovecinema.be\/"]},{"@type":"Person","@id":"https:\/\/welovecinema.be\/nl\/#\/schema\/person\/4b9b1d857f0943453a38a7c2859ef756","name":"Philippe.Pierquin","url":"https:\/\/welovecinema.be\/fr\/author\/philippe-pierquin\/"}]}},"_links":{"self":[{"href":"https:\/\/welovecinema.be\/fr\/wp-json\/wp\/v2\/posts\/8615","targetHints":{"allow":["GET"]}}],"collection":[{"href":"https:\/\/welovecinema.be\/fr\/wp-json\/wp\/v2\/posts"}],"about":[{"href":"https:\/\/welovecinema.be\/fr\/wp-json\/wp\/v2\/types\/post"}],"author":[{"embeddable":true,"href":"https:\/\/welovecinema.be\/fr\/wp-json\/wp\/v2\/users\/7"}],"replies":[{"embeddable":true,"href":"https:\/\/welovecinema.be\/fr\/wp-json\/wp\/v2\/comments?post=8615"}],"version-history":[{"count":0,"href":"https:\/\/welovecinema.be\/fr\/wp-json\/wp\/v2\/posts\/8615\/revisions"}],"wp:featuredmedia":[{"embeddable":true,"href":"https:\/\/welovecinema.be\/fr\/wp-json\/wp\/v2\/media\/8620"}],"wp:attachment":[{"href":"https:\/\/welovecinema.be\/fr\/wp-json\/wp\/v2\/media?parent=8615"}],"wp:term":[{"taxonomy":"category","embeddable":true,"href":"https:\/\/welovecinema.be\/fr\/wp-json\/wp\/v2\/categories?post=8615"},{"taxonomy":"post_tag","embeddable":true,"href":"https:\/\/welovecinema.be\/fr\/wp-json\/wp\/v2\/tags?post=8615"}],"curies":[{"name":"wp","href":"https:\/\/api.w.org\/{rel}","templated":true}]}}