{"id":8587,"date":"2011-09-25T14:26:41","date_gmt":"2011-09-25T14:26:41","guid":{"rendered":"http:\/\/www.cinevox.be\/?p=8587"},"modified":"2011-10-06T17:49:04","modified_gmt":"2011-10-06T17:49:04","slug":"cinevox-happenings-derniere-une-etoile-pour-la-fee","status":"publish","type":"post","link":"https:\/\/welovecinema.be\/fr\/cinevox-happenings-derniere-une-etoile-pour-la-fee\/","title":{"rendered":"Cinevox Happenings, derni\u00e8re <br> Une \u00e9toile pour la F\u00e9e"},"content":{"rendered":"<p>Pour ponctuer en beaut\u00e9 les <em>BNP Paribas Fortis Film Days<\/em> 2011, versant <em>Cinevox Happenings,<\/em> le Kinepolis Imagibraine accueillait samedi soir, l&rsquo;\u00e9quipe de <em><a href=\"http:\/\/www.cinevox.be\/abel-et-gordon-linterview-video%E2%80%A6\/\" target=\"_blank\">La F\u00e9e<\/a><\/em>: <strong>Fiona Gordon<\/strong> et <strong>Dominique Abel<\/strong> donc, mais aussi Zouzou Vanbesien de Cineart qui organise la sortie en salles (mercredi 28!!!) de ce film \u00e9tonnant.<!--more--><\/p>\n<p><a rel=\"attachment wp-att-8597\" href=\"http:\/\/www.cinevox.be\/cinevox-happenings-derniere-une-etoile-pour-la-fee\/_mg09631\/\"><img loading=\"lazy\" decoding=\"async\" class=\"alignright size-medium wp-image-8597\" title=\"_MG09631\" src=\"http:\/\/www.cinevox.be\/wp-content\/uploads\/sites\/2\/2011\/09\/MG09631-405x270.jpg\" alt=\"\" width=\"405\" height=\"270\" srcset=\"https:\/\/welovecinema.be\/wp-content\/uploads\/sites\/2\/2011\/09\/MG09631-405x270.jpg 405w, https:\/\/welovecinema.be\/wp-content\/uploads\/sites\/2\/2011\/09\/MG09631.jpg 640w\" sizes=\"auto, (max-width: 405px) 100vw, 405px\" \/><\/a>\u00c9tonnant, car si nous avons d\u00e9j\u00e0 soulign\u00e9 ses grandes qualit\u00e9s: po\u00e9sie, humour, fra\u00eecheur, folle personnalit\u00e9\u2026, nous avons pu constater lors de ces Film Days que le film se pliait \u00e0 merveille \u00e0 des visions \u00e0 r\u00e9p\u00e9tition. Pas de lassitude en vue. Au contraire : le plaisir de renouer avec un univers qu&rsquo;on aime et qu&rsquo;on sait unique. Et de d\u00e9couvrir dans les recoins du cadre des petits d\u00e9tails qui nous avaient \u00e9chapp\u00e9s jusque-l\u00e0: clins d&rsquo;\u0153il, r\u00e9f\u00e9rence, traits d&rsquo;humour d\u00e9cal\u00e9s\u2026<\/p>\n<p>L&rsquo;image, parlons-en une derni\u00e8re fois: avec cette nouvelle projection digitale, nous ne pouvons que nous p\u00e2mer devant <a href=\"http:\/\/www.cinevox.be\/la-fee-numerique\/\" target=\"_blank\">l&rsquo;incroyable postproduction num\u00e9rique<\/a> qui sert la photographie au-del\u00e0 de tout espoir.<\/p>\n<p><a rel=\"attachment wp-att-8598\" href=\"http:\/\/www.cinevox.be\/cinevox-happenings-derniere-une-etoile-pour-la-fee\/_mg09616\/\"><img loading=\"lazy\" decoding=\"async\" class=\"alignleft size-medium wp-image-8598\" title=\"_MG09616\" src=\"http:\/\/www.cinevox.be\/wp-content\/uploads\/sites\/2\/2011\/09\/MG09616-179x270.jpg\" alt=\"\" width=\"179\" height=\"270\" srcset=\"https:\/\/welovecinema.be\/wp-content\/uploads\/sites\/2\/2011\/09\/MG09616-179x270.jpg 179w, https:\/\/welovecinema.be\/wp-content\/uploads\/sites\/2\/2011\/09\/MG09616-399x600.jpg 399w, https:\/\/welovecinema.be\/wp-content\/uploads\/sites\/2\/2011\/09\/MG09616.jpg 426w\" sizes=\"auto, (max-width: 179px) 100vw, 179px\" \/><\/a><\/p>\n<p>&nbsp;<\/p>\n<p>Pour cette ultime soir\u00e9e, nous avons donc retrouv\u00e9 un duo heureux, mais visiblement fatigu\u00e9. Il faut dire que cette escapade \u00e0 travers la communaut\u00e9 fran\u00e7aise succ\u00e8de \u00e0 un long p\u00e8lerinage fran\u00e7ais (plus de trente dates), une visite en Suisse et m\u00eame un voyage en Australie qui a permis \u00e0 Fiona de go\u00fbter \u00e0 nouveau au pays de son enfance.<\/p>\n<p>&nbsp;<\/p>\n<p>Cette s\u00e9ance ponctu\u00e9e par un riche \u00e9change avec un public tr\u00e8s r\u00e9ceptif (merveilleuses anecdotes en cascade) avait d\u00e9marr\u00e9 par une belle surprise: le Kinepolis avait pr\u00e9par\u00e9 pour le couple, outre deux ballotins de pralines (qu&rsquo;il offrit aux spectateurs \u00e0 la fin), une \u00e9toile qui propulse Abel et Gordon dans la l\u00e9gende du cin\u00e9ma belge.<\/p>\n<p>&nbsp;<\/p>\n<p>F\u00e9\u00e9rique, non?<\/p>\n<p>&nbsp;<\/p>\n<p>&nbsp;<\/p>\n<p><a rel=\"attachment wp-att-8588\" href=\"http:\/\/www.cinevox.be\/cinevox-happenings-derniere-une-etoile-pour-la-fee\/_mg09568\/\"><img loading=\"lazy\" decoding=\"async\" class=\"aligncenter size-full wp-image-8588\" title=\"_MG09568\" src=\"http:\/\/www.cinevox.be\/wp-content\/uploads\/sites\/2\/2011\/09\/MG09568.jpg\" alt=\"\" width=\"640\" height=\"426\" srcset=\"https:\/\/welovecinema.be\/wp-content\/uploads\/sites\/2\/2011\/09\/MG09568.jpg 640w, https:\/\/welovecinema.be\/wp-content\/uploads\/sites\/2\/2011\/09\/MG09568-405x270.jpg 405w\" sizes=\"auto, (max-width: 640px) 100vw, 640px\" \/><\/a><\/p>\n<p>&nbsp;<\/p>\n<p><a rel=\"attachment wp-att-8589\" href=\"http:\/\/www.cinevox.be\/cinevox-happenings-derniere-une-etoile-pour-la-fee\/_mg09586\/\"><img loading=\"lazy\" decoding=\"async\" class=\"aligncenter size-full wp-image-8589\" title=\"_MG09586\" src=\"http:\/\/www.cinevox.be\/wp-content\/uploads\/sites\/2\/2011\/09\/MG09586.jpg\" alt=\"\" width=\"640\" height=\"426\" srcset=\"https:\/\/welovecinema.be\/wp-content\/uploads\/sites\/2\/2011\/09\/MG09586.jpg 640w, https:\/\/welovecinema.be\/wp-content\/uploads\/sites\/2\/2011\/09\/MG09586-405x270.jpg 405w\" sizes=\"auto, (max-width: 640px) 100vw, 640px\" \/><\/a><\/p>\n<p>&nbsp;<\/p>\n<p><a rel=\"attachment wp-att-8590\" href=\"http:\/\/www.cinevox.be\/cinevox-happenings-derniere-une-etoile-pour-la-fee\/_mg09599\/\"><img loading=\"lazy\" decoding=\"async\" class=\"aligncenter size-full wp-image-8590\" title=\"_MG09599\" src=\"http:\/\/www.cinevox.be\/wp-content\/uploads\/sites\/2\/2011\/09\/MG09599.jpg\" alt=\"\" width=\"640\" height=\"426\" srcset=\"https:\/\/welovecinema.be\/wp-content\/uploads\/sites\/2\/2011\/09\/MG09599.jpg 640w, https:\/\/welovecinema.be\/wp-content\/uploads\/sites\/2\/2011\/09\/MG09599-405x270.jpg 405w\" sizes=\"auto, (max-width: 640px) 100vw, 640px\" \/><\/a><\/p>\n<p>&nbsp;<\/p>\n<p><a rel=\"attachment wp-att-8591\" href=\"http:\/\/www.cinevox.be\/cinevox-happenings-derniere-une-etoile-pour-la-fee\/_mg09614\/\"><img loading=\"lazy\" decoding=\"async\" class=\"aligncenter size-full wp-image-8591\" title=\"_MG09614\" src=\"http:\/\/www.cinevox.be\/wp-content\/uploads\/sites\/2\/2011\/09\/MG09614.jpg\" alt=\"\" width=\"426\" height=\"640\" srcset=\"https:\/\/welovecinema.be\/wp-content\/uploads\/sites\/2\/2011\/09\/MG09614.jpg 426w, https:\/\/welovecinema.be\/wp-content\/uploads\/sites\/2\/2011\/09\/MG09614-179x270.jpg 179w, https:\/\/welovecinema.be\/wp-content\/uploads\/sites\/2\/2011\/09\/MG09614-399x600.jpg 399w\" sizes=\"auto, (max-width: 426px) 100vw, 426px\" \/><\/a><\/p>\n<p>&nbsp;<\/p>\n<p><a rel=\"attachment wp-att-8593\" href=\"http:\/\/www.cinevox.be\/cinevox-happenings-derniere-une-etoile-pour-la-fee\/_mg09588\/\"><img loading=\"lazy\" decoding=\"async\" class=\"aligncenter size-full wp-image-8593\" title=\"_MG09588\" src=\"http:\/\/www.cinevox.be\/wp-content\/uploads\/sites\/2\/2011\/09\/MG09588.jpg\" alt=\"\" width=\"640\" height=\"426\" srcset=\"https:\/\/welovecinema.be\/wp-content\/uploads\/sites\/2\/2011\/09\/MG09588.jpg 640w, https:\/\/welovecinema.be\/wp-content\/uploads\/sites\/2\/2011\/09\/MG09588-405x270.jpg 405w\" sizes=\"auto, (max-width: 640px) 100vw, 640px\" \/><\/a><\/p>\n<p>&nbsp;<\/p>\n","protected":false},"excerpt":{"rendered":"<p>Pour ponctuer en beaut\u00e9 les BNP Paribas Fortis Film Days 2011, versant Cinevox Happenings, le Kinepolis Imagibraine accueillait samedi soir, l&rsquo;\u00e9quipe de La F\u00e9e: Fiona Gordon et Dominique Abel donc, mais aussi Zouzou Vanbesien de Cineart qui organise la sortie en salles (mercredi 28!!!) de ce film \u00e9tonnant.<\/p>\n","protected":false},"author":7,"featured_media":8595,"comment_status":"closed","ping_status":"closed","sticky":false,"template":"","format":"standard","meta":{"ngg_post_thumbnail":0,"footnotes":""},"categories":[1923,7],"tags":[],"class_list":["post-8587","post","type-post","status-publish","format-standard","has-post-thumbnail","","category-en-bref","category-actualites"],"yoast_head":"<!-- This site is optimized with the Yoast SEO plugin v20.4 - https:\/\/yoast.com\/wordpress\/plugins\/seo\/ -->\n<title>Cinevox Happenings, derni\u00e8re  Une \u00e9toile pour la F\u00e9e - We Love Cinema<\/title>\n<meta name=\"robots\" content=\"index, follow, max-snippet:-1, max-image-preview:large, max-video-preview:-1\" \/>\n<link rel=\"canonical\" href=\"https:\/\/welovecinema.be\/fr\/cinevox-happenings-derniere-une-etoile-pour-la-fee\/\" \/>\n<meta property=\"og:locale\" content=\"fr_FR\" \/>\n<meta property=\"og:type\" content=\"article\" \/>\n<meta property=\"og:title\" content=\"Cinevox Happenings, derni\u00e8re  Une \u00e9toile pour la F\u00e9e - We Love Cinema\" \/>\n<meta property=\"og:description\" content=\"Pour ponctuer en beaut\u00e9 les BNP Paribas Fortis Film Days 2011, versant Cinevox Happenings, le Kinepolis Imagibraine accueillait samedi soir, l&rsquo;\u00e9quipe de La F\u00e9e: Fiona Gordon et Dominique Abel donc, mais aussi Zouzou Vanbesien de Cineart qui organise la sortie en salles (mercredi 28!!!) de ce film \u00e9tonnant.\" \/>\n<meta property=\"og:url\" content=\"https:\/\/welovecinema.be\/fr\/cinevox-happenings-derniere-une-etoile-pour-la-fee\/\" \/>\n<meta property=\"og:site_name\" content=\"We Love Cinema\" \/>\n<meta property=\"article:publisher\" content=\"https:\/\/www.facebook.com\/welovecinema.be\" \/>\n<meta property=\"article:published_time\" content=\"2011-09-25T14:26:41+00:00\" \/>\n<meta property=\"article:modified_time\" content=\"2011-10-06T17:49:04+00:00\" \/>\n<meta property=\"og:image\" content=\"https:\/\/welovecinema.be\/wp-content\/uploads\/sites\/2\/2011\/09\/MG096281.jpg\" \/>\n\t<meta property=\"og:image:width\" content=\"640\" \/>\n\t<meta property=\"og:image:height\" content=\"426\" \/>\n\t<meta property=\"og:image:type\" content=\"image\/jpeg\" \/>\n<meta name=\"author\" content=\"Philippe.Pierquin\" \/>\n<meta name=\"twitter:card\" content=\"summary_large_image\" \/>\n<meta name=\"twitter:label1\" content=\"\u00c9crit par\" \/>\n\t<meta name=\"twitter:data1\" content=\"Philippe.Pierquin\" \/>\n\t<meta name=\"twitter:label2\" content=\"Dur\u00e9e de lecture estim\u00e9e\" \/>\n\t<meta name=\"twitter:data2\" content=\"2 minutes\" \/>\n<script type=\"application\/ld+json\" class=\"yoast-schema-graph\">{\"@context\":\"https:\/\/schema.org\",\"@graph\":[{\"@type\":\"Article\",\"@id\":\"https:\/\/welovecinema.be\/fr\/cinevox-happenings-derniere-une-etoile-pour-la-fee\/#article\",\"isPartOf\":{\"@id\":\"https:\/\/welovecinema.be\/fr\/cinevox-happenings-derniere-une-etoile-pour-la-fee\/\"},\"author\":{\"name\":\"Philippe.Pierquin\",\"@id\":\"https:\/\/welovecinema.be\/nl\/#\/schema\/person\/4b9b1d857f0943453a38a7c2859ef756\"},\"headline\":\"Cinevox Happenings, derni\u00e8re Une \u00e9toile pour la F\u00e9e\",\"datePublished\":\"2011-09-25T14:26:41+00:00\",\"dateModified\":\"2011-10-06T17:49:04+00:00\",\"mainEntityOfPage\":{\"@id\":\"https:\/\/welovecinema.be\/fr\/cinevox-happenings-derniere-une-etoile-pour-la-fee\/\"},\"wordCount\":320,\"publisher\":{\"@id\":\"https:\/\/welovecinema.be\/nl\/#organization\"},\"articleSection\":[\"En bref\",\"News\"],\"inLanguage\":\"fr-FR\"},{\"@type\":\"WebPage\",\"@id\":\"https:\/\/welovecinema.be\/fr\/cinevox-happenings-derniere-une-etoile-pour-la-fee\/\",\"url\":\"https:\/\/welovecinema.be\/fr\/cinevox-happenings-derniere-une-etoile-pour-la-fee\/\",\"name\":\"Cinevox Happenings, derni\u00e8re Une \u00e9toile pour la F\u00e9e - We Love Cinema\",\"isPartOf\":{\"@id\":\"https:\/\/welovecinema.be\/nl\/#website\"},\"datePublished\":\"2011-09-25T14:26:41+00:00\",\"dateModified\":\"2011-10-06T17:49:04+00:00\",\"breadcrumb\":{\"@id\":\"https:\/\/welovecinema.be\/fr\/cinevox-happenings-derniere-une-etoile-pour-la-fee\/#breadcrumb\"},\"inLanguage\":\"fr-FR\",\"potentialAction\":[{\"@type\":\"ReadAction\",\"target\":[\"https:\/\/welovecinema.be\/fr\/cinevox-happenings-derniere-une-etoile-pour-la-fee\/\"]}]},{\"@type\":\"BreadcrumbList\",\"@id\":\"https:\/\/welovecinema.be\/fr\/cinevox-happenings-derniere-une-etoile-pour-la-fee\/#breadcrumb\",\"itemListElement\":[{\"@type\":\"ListItem\",\"position\":1,\"name\":\"Accueil\",\"item\":\"https:\/\/welovecinema.be\/fr\/\"},{\"@type\":\"ListItem\",\"position\":2,\"name\":\"Cinevox Happenings, derni\u00e8re Une \u00e9toile pour la F\u00e9e\"}]},{\"@type\":\"WebSite\",\"@id\":\"https:\/\/welovecinema.be\/nl\/#website\",\"url\":\"https:\/\/welovecinema.be\/nl\/\",\"name\":\"We Love Cinema\",\"description\":\"Toute l\u2019information du cin\u00e9ma en Belgique\",\"publisher\":{\"@id\":\"https:\/\/welovecinema.be\/nl\/#organization\"},\"potentialAction\":[{\"@type\":\"SearchAction\",\"target\":{\"@type\":\"EntryPoint\",\"urlTemplate\":\"https:\/\/welovecinema.be\/nl\/?s={search_term_string}\"},\"query-input\":\"required name=search_term_string\"}],\"inLanguage\":\"fr-FR\"},{\"@type\":\"Organization\",\"@id\":\"https:\/\/welovecinema.be\/nl\/#organization\",\"name\":\"We Love Cinema\",\"url\":\"https:\/\/welovecinema.be\/nl\/\",\"logo\":{\"@type\":\"ImageObject\",\"inLanguage\":\"fr-FR\",\"@id\":\"https:\/\/welovecinema.be\/nl\/#\/schema\/logo\/image\/\",\"url\":\"https:\/\/welovecinema.be\/wp-content\/uploads\/sites\/2\/2023\/03\/Logo-We-Love-Cinema305x128.jpg\",\"contentUrl\":\"https:\/\/welovecinema.be\/wp-content\/uploads\/sites\/2\/2023\/03\/Logo-We-Love-Cinema305x128.jpg\",\"width\":305,\"height\":128,\"caption\":\"We Love Cinema\"},\"image\":{\"@id\":\"https:\/\/welovecinema.be\/nl\/#\/schema\/logo\/image\/\"},\"sameAs\":[\"https:\/\/www.facebook.com\/welovecinema.be\",\"https:\/\/www.youtube.com\/channel\/UCX5LYGVhnKvYauW4Nta4HJA\",\"https:\/\/www.instagram.com\/welovecinema.be\/\"]},{\"@type\":\"Person\",\"@id\":\"https:\/\/welovecinema.be\/nl\/#\/schema\/person\/4b9b1d857f0943453a38a7c2859ef756\",\"name\":\"Philippe.Pierquin\",\"url\":\"https:\/\/welovecinema.be\/fr\/author\/philippe-pierquin\/\"}]}<\/script>\n<!-- \/ Yoast SEO plugin. -->","yoast_head_json":{"title":"Cinevox Happenings, derni\u00e8re  Une \u00e9toile pour la F\u00e9e - We Love Cinema","robots":{"index":"index","follow":"follow","max-snippet":"max-snippet:-1","max-image-preview":"max-image-preview:large","max-video-preview":"max-video-preview:-1"},"canonical":"https:\/\/welovecinema.be\/fr\/cinevox-happenings-derniere-une-etoile-pour-la-fee\/","og_locale":"fr_FR","og_type":"article","og_title":"Cinevox Happenings, derni\u00e8re  Une \u00e9toile pour la F\u00e9e - We Love Cinema","og_description":"Pour ponctuer en beaut\u00e9 les BNP Paribas Fortis Film Days 2011, versant Cinevox Happenings, le Kinepolis Imagibraine accueillait samedi soir, l&rsquo;\u00e9quipe de La F\u00e9e: Fiona Gordon et Dominique Abel donc, mais aussi Zouzou Vanbesien de Cineart qui organise la sortie en salles (mercredi 28!!!) de ce film \u00e9tonnant.","og_url":"https:\/\/welovecinema.be\/fr\/cinevox-happenings-derniere-une-etoile-pour-la-fee\/","og_site_name":"We Love Cinema","article_publisher":"https:\/\/www.facebook.com\/welovecinema.be","article_published_time":"2011-09-25T14:26:41+00:00","article_modified_time":"2011-10-06T17:49:04+00:00","og_image":[{"width":"640","height":"426","url":"https:\/\/welovecinema.be\/wp-content\/uploads\/sites\/2\/2011\/09\/MG096281.jpg","type":"image\/jpeg"}],"author":"Philippe.Pierquin","twitter_card":"summary_large_image","twitter_misc":{"\u00c9crit par":"Philippe.Pierquin","Dur\u00e9e de lecture estim\u00e9e":"2 minutes"},"schema":{"@context":"https:\/\/schema.org","@graph":[{"@type":"Article","@id":"https:\/\/welovecinema.be\/fr\/cinevox-happenings-derniere-une-etoile-pour-la-fee\/#article","isPartOf":{"@id":"https:\/\/welovecinema.be\/fr\/cinevox-happenings-derniere-une-etoile-pour-la-fee\/"},"author":{"name":"Philippe.Pierquin","@id":"https:\/\/welovecinema.be\/nl\/#\/schema\/person\/4b9b1d857f0943453a38a7c2859ef756"},"headline":"Cinevox Happenings, derni\u00e8re Une \u00e9toile pour la F\u00e9e","datePublished":"2011-09-25T14:26:41+00:00","dateModified":"2011-10-06T17:49:04+00:00","mainEntityOfPage":{"@id":"https:\/\/welovecinema.be\/fr\/cinevox-happenings-derniere-une-etoile-pour-la-fee\/"},"wordCount":320,"publisher":{"@id":"https:\/\/welovecinema.be\/nl\/#organization"},"articleSection":["En bref","News"],"inLanguage":"fr-FR"},{"@type":"WebPage","@id":"https:\/\/welovecinema.be\/fr\/cinevox-happenings-derniere-une-etoile-pour-la-fee\/","url":"https:\/\/welovecinema.be\/fr\/cinevox-happenings-derniere-une-etoile-pour-la-fee\/","name":"Cinevox Happenings, derni\u00e8re Une \u00e9toile pour la F\u00e9e - We Love Cinema","isPartOf":{"@id":"https:\/\/welovecinema.be\/nl\/#website"},"datePublished":"2011-09-25T14:26:41+00:00","dateModified":"2011-10-06T17:49:04+00:00","breadcrumb":{"@id":"https:\/\/welovecinema.be\/fr\/cinevox-happenings-derniere-une-etoile-pour-la-fee\/#breadcrumb"},"inLanguage":"fr-FR","potentialAction":[{"@type":"ReadAction","target":["https:\/\/welovecinema.be\/fr\/cinevox-happenings-derniere-une-etoile-pour-la-fee\/"]}]},{"@type":"BreadcrumbList","@id":"https:\/\/welovecinema.be\/fr\/cinevox-happenings-derniere-une-etoile-pour-la-fee\/#breadcrumb","itemListElement":[{"@type":"ListItem","position":1,"name":"Accueil","item":"https:\/\/welovecinema.be\/fr\/"},{"@type":"ListItem","position":2,"name":"Cinevox Happenings, derni\u00e8re Une \u00e9toile pour la F\u00e9e"}]},{"@type":"WebSite","@id":"https:\/\/welovecinema.be\/nl\/#website","url":"https:\/\/welovecinema.be\/nl\/","name":"We Love Cinema","description":"Toute l\u2019information du cin\u00e9ma en Belgique","publisher":{"@id":"https:\/\/welovecinema.be\/nl\/#organization"},"potentialAction":[{"@type":"SearchAction","target":{"@type":"EntryPoint","urlTemplate":"https:\/\/welovecinema.be\/nl\/?s={search_term_string}"},"query-input":"required name=search_term_string"}],"inLanguage":"fr-FR"},{"@type":"Organization","@id":"https:\/\/welovecinema.be\/nl\/#organization","name":"We Love Cinema","url":"https:\/\/welovecinema.be\/nl\/","logo":{"@type":"ImageObject","inLanguage":"fr-FR","@id":"https:\/\/welovecinema.be\/nl\/#\/schema\/logo\/image\/","url":"https:\/\/welovecinema.be\/wp-content\/uploads\/sites\/2\/2023\/03\/Logo-We-Love-Cinema305x128.jpg","contentUrl":"https:\/\/welovecinema.be\/wp-content\/uploads\/sites\/2\/2023\/03\/Logo-We-Love-Cinema305x128.jpg","width":305,"height":128,"caption":"We Love Cinema"},"image":{"@id":"https:\/\/welovecinema.be\/nl\/#\/schema\/logo\/image\/"},"sameAs":["https:\/\/www.facebook.com\/welovecinema.be","https:\/\/www.youtube.com\/channel\/UCX5LYGVhnKvYauW4Nta4HJA","https:\/\/www.instagram.com\/welovecinema.be\/"]},{"@type":"Person","@id":"https:\/\/welovecinema.be\/nl\/#\/schema\/person\/4b9b1d857f0943453a38a7c2859ef756","name":"Philippe.Pierquin","url":"https:\/\/welovecinema.be\/fr\/author\/philippe-pierquin\/"}]}},"_links":{"self":[{"href":"https:\/\/welovecinema.be\/fr\/wp-json\/wp\/v2\/posts\/8587","targetHints":{"allow":["GET"]}}],"collection":[{"href":"https:\/\/welovecinema.be\/fr\/wp-json\/wp\/v2\/posts"}],"about":[{"href":"https:\/\/welovecinema.be\/fr\/wp-json\/wp\/v2\/types\/post"}],"author":[{"embeddable":true,"href":"https:\/\/welovecinema.be\/fr\/wp-json\/wp\/v2\/users\/7"}],"replies":[{"embeddable":true,"href":"https:\/\/welovecinema.be\/fr\/wp-json\/wp\/v2\/comments?post=8587"}],"version-history":[{"count":0,"href":"https:\/\/welovecinema.be\/fr\/wp-json\/wp\/v2\/posts\/8587\/revisions"}],"wp:featuredmedia":[{"embeddable":true,"href":"https:\/\/welovecinema.be\/fr\/wp-json\/wp\/v2\/media\/8595"}],"wp:attachment":[{"href":"https:\/\/welovecinema.be\/fr\/wp-json\/wp\/v2\/media?parent=8587"}],"wp:term":[{"taxonomy":"category","embeddable":true,"href":"https:\/\/welovecinema.be\/fr\/wp-json\/wp\/v2\/categories?post=8587"},{"taxonomy":"post_tag","embeddable":true,"href":"https:\/\/welovecinema.be\/fr\/wp-json\/wp\/v2\/tags?post=8587"}],"curies":[{"name":"wp","href":"https:\/\/api.w.org\/{rel}","templated":true}]}}