{"id":85721,"date":"2016-03-14T08:30:42","date_gmt":"2016-03-14T07:30:42","guid":{"rendered":"http:\/\/www.cinevox.be\/?p=85721"},"modified":"2016-03-14T10:18:04","modified_gmt":"2016-03-14T09:18:04","slug":"rien-ne-sera-plus-vraiment-comme-avant","status":"publish","type":"post","link":"https:\/\/welovecinema.be\/fr\/rien-ne-sera-plus-vraiment-comme-avant\/","title":{"rendered":"Apr\u00e8s \u00ab\u00a0La tr\u00eave\u00a0\u00bb, rien ne sera plus vraiment comme avant"},"content":{"rendered":"<p>On ne va pas vous mentir\u00a0: dimanche prochain sur le coup de 23h, vous allez vous sentir mal.<\/p>\n<p>Lorsqu\u2019aura d\u00e9fil\u00e9 pour la derni\u00e8re fois le g\u00e9n\u00e9rique de <em>La Tr\u00eave<\/em>, que le 10<sup>e<\/sup> \u00e9pisode se sera achev\u00e9 sur une envol\u00e9e de la cam\u00e9ra vers le ciel (zut, on a spoil\u00e9\u00a0\ud83d\ude09 ), vous allez ressentir un profond d\u00e9sarroi et un sentiment de vide difficile \u00e0 combler.<\/p>\n<p>&nbsp;<\/p>\n<p>Apr\u00e8s cinq semaines de passion, de tensions, de suspense et de supputations, vous allez vous retrouver, vid\u00e9s, dans votre canap\u00e9 face \u00e0 votre vie qui n\u2019aura soudain plus le m\u00eame go\u00fbt.<\/p>\n<p>Avec la perspective suppl\u00e9mentaire de devoir aller bosser le lendemain, ce qui ne devrait rien arranger \u00e0 l\u2019affaire.<\/p>\n<p>Non, nous ne sommes pas devins\u00a0: c\u2019est ainsi que \u00e7a se passe pour tous les passionn\u00e9s du monde quand s\u2019ach\u00e8ve une formidable s\u00e9rie qui les a tenus en haleine, semaine apr\u00e8s semaine et qui r\u00e9v\u00e8le enfin tous ses secrets.<\/p>\n<p><!--more--><\/p>\n<p>&nbsp;<\/p>\n<p><a href=\"http:\/\/www.cinevox.be\/wp-content\/uploads\/sites\/2\/2016\/03\/EP05_LA-TREVE_CAMILLETIM.jpg\"><img loading=\"lazy\" decoding=\"async\" class=\"aligncenter wp-image-85722 size-large\" src=\"http:\/\/www.cinevox.be\/wp-content\/uploads\/sites\/2\/2016\/03\/EP05_LA-TREVE_CAMILLETIM-800x450.jpg\" alt=\"\" width=\"640\" height=\"360\" srcset=\"https:\/\/welovecinema.be\/wp-content\/uploads\/sites\/2\/2016\/03\/EP05_LA-TREVE_CAMILLETIM-800x450.jpg 800w, https:\/\/welovecinema.be\/wp-content\/uploads\/sites\/2\/2016\/03\/EP05_LA-TREVE_CAMILLETIM-200x113.jpg 200w, https:\/\/welovecinema.be\/wp-content\/uploads\/sites\/2\/2016\/03\/EP05_LA-TREVE_CAMILLETIM-480x270.jpg 480w, https:\/\/welovecinema.be\/wp-content\/uploads\/sites\/2\/2016\/03\/EP05_LA-TREVE_CAMILLETIM-300x169.jpg 300w, https:\/\/welovecinema.be\/wp-content\/uploads\/sites\/2\/2016\/03\/EP05_LA-TREVE_CAMILLETIM-620x350.jpg 620w, https:\/\/welovecinema.be\/wp-content\/uploads\/sites\/2\/2016\/03\/EP05_LA-TREVE_CAMILLETIM.jpg 1024w\" sizes=\"auto, (max-width: 640px) 100vw, 640px\" \/><\/a><\/p>\n<p>&nbsp;<\/p>\n<p>On l\u2019a constat\u00e9 sur notre site, <em>La tr\u00eave <\/em>a suscit\u00e9 parmi vous un enthousiasme in\u00e9dit. Pass\u00e9 les quelques r\u00e9criminations initiales des bougons habituels (la s\u00e9rie \u00e9tait suppos\u00e9e donner une mauvaise image de la Wallonie, on n\u2019\u00e9tait pas cens\u00e9 croiser dans cette r\u00e9gion un patelin aux consonances germaniques et un policier \u00e0 l\u2019accent flamand\u2026), la passion n\u2019a cess\u00e9 de grandir et les \u00e9pisodes 5 \u00e0 8 vous ont graduellement amen\u00e9 \u00e0 un \u00e9tat de tension in\u00e9dit en termes de production audiovisuelle belge francophone.<\/p>\n<p>&nbsp;<\/p>\n<p><a href=\"http:\/\/www.cinevox.be\/wp-content\/uploads\/sites\/2\/2016\/03\/EP06_LA-TREVE_YOANNDRUMMER1.jpg\"><img loading=\"lazy\" decoding=\"async\" class=\"aligncenter size-large wp-image-85726\" src=\"http:\/\/www.cinevox.be\/wp-content\/uploads\/sites\/2\/2016\/03\/EP06_LA-TREVE_YOANNDRUMMER1-800x450.jpg\" alt=\"\" width=\"640\" height=\"360\" srcset=\"https:\/\/welovecinema.be\/wp-content\/uploads\/sites\/2\/2016\/03\/EP06_LA-TREVE_YOANNDRUMMER1-800x450.jpg 800w, https:\/\/welovecinema.be\/wp-content\/uploads\/sites\/2\/2016\/03\/EP06_LA-TREVE_YOANNDRUMMER1-200x113.jpg 200w, https:\/\/welovecinema.be\/wp-content\/uploads\/sites\/2\/2016\/03\/EP06_LA-TREVE_YOANNDRUMMER1-480x270.jpg 480w, https:\/\/welovecinema.be\/wp-content\/uploads\/sites\/2\/2016\/03\/EP06_LA-TREVE_YOANNDRUMMER1-300x169.jpg 300w, https:\/\/welovecinema.be\/wp-content\/uploads\/sites\/2\/2016\/03\/EP06_LA-TREVE_YOANNDRUMMER1-620x350.jpg 620w, https:\/\/welovecinema.be\/wp-content\/uploads\/sites\/2\/2016\/03\/EP06_LA-TREVE_YOANNDRUMMER1.jpg 1024w\" sizes=\"auto, (max-width: 640px) 100vw, 640px\" \/><\/a><\/p>\n<p>&nbsp;<\/p>\n<p>Pour certains d\u2019entre vous, la tentation a \u00e9t\u00e9 trop forte et le bouton rouge de votre t\u00e9l\u00e9commande vous a permis de d\u00e9couvrir dans la foul\u00e9e des \u00e9pisodes 7 et 8, la derni\u00e8re ligne droite de la s\u00e9rie. \u00c0 tous ceux-l\u00e0, bien s\u00fbr, nous demandons la plus totale discr\u00e9tion (viewer discretion is advised comme disent les am\u00e9ricains), car ils savent que la s\u00e9rie se termine en apoth\u00e9ose sur un final \u00e9blouissant comme on n\u2019en voit pas \u00e0 l\u2019\u00e9cran tous les jours.<\/p>\n<p>&nbsp;<\/p>\n<p>Soyons honn\u00eates\u00a0: m\u00eame les meilleures s\u00e9ries du genre qui nous ont captiv\u00e9s, citons <em>Broadchurch, True Detective <\/em>(saison 1), mais aussi <em>The killing<\/em> ou le mythique <em>Bron\/Broen<\/em>, se sont parfois conclues sur des r\u00e9v\u00e9lations attendues ou, somme toute, banales au regard de la tension distill\u00e9e jusque-l\u00e0.<\/p>\n<p>&nbsp;<\/p>\n<p><a href=\"http:\/\/www.cinevox.be\/wp-content\/uploads\/sites\/2\/2016\/03\/EP07_LA-TREVE_SANG.jpg\"><img loading=\"lazy\" decoding=\"async\" class=\"aligncenter wp-image-85723 size-large\" src=\"http:\/\/www.cinevox.be\/wp-content\/uploads\/sites\/2\/2016\/03\/EP07_LA-TREVE_SANG-800x450.jpg\" alt=\"\" width=\"640\" height=\"360\" srcset=\"https:\/\/welovecinema.be\/wp-content\/uploads\/sites\/2\/2016\/03\/EP07_LA-TREVE_SANG-800x450.jpg 800w, https:\/\/welovecinema.be\/wp-content\/uploads\/sites\/2\/2016\/03\/EP07_LA-TREVE_SANG-200x113.jpg 200w, https:\/\/welovecinema.be\/wp-content\/uploads\/sites\/2\/2016\/03\/EP07_LA-TREVE_SANG-480x270.jpg 480w, https:\/\/welovecinema.be\/wp-content\/uploads\/sites\/2\/2016\/03\/EP07_LA-TREVE_SANG-300x169.jpg 300w, https:\/\/welovecinema.be\/wp-content\/uploads\/sites\/2\/2016\/03\/EP07_LA-TREVE_SANG-620x350.jpg 620w, https:\/\/welovecinema.be\/wp-content\/uploads\/sites\/2\/2016\/03\/EP07_LA-TREVE_SANG.jpg 1024w\" sizes=\"auto, (max-width: 640px) 100vw, 640px\" \/><\/a><\/p>\n<p>&nbsp;<\/p>\n<p>On rassure ceux qui patientent encore\u00a0: <em>La Tr\u00eave<\/em> r\u00e9ussit le tour de force de nous offrir un final \u00e0 la fois totalement \u00e9vident (tout a \u00e9t\u00e9 sugg\u00e9r\u00e9 dans la s\u00e9rie), mais totalement bouleversant, sans un gramme de gras. Un ultime coup de poing au foie qui vous laissera pantois.<\/p>\n<p>Vous le savez\u00a0: nous avons eu la chance de voir l\u2019int\u00e9gralit\u00e9 de la s\u00e9rie avant la diffusion ert\u00e9b\u00e9eenne. Ce que vous ignorez par contre est l\u2019\u00e9tat lamentable dans lequel nous nous sommes retrouv\u00e9s ensuite : les bras ballants, en larmes (carr\u00e9ment), \u00e9puis\u00e9s. Quel bonheur\u00a0de se faire ainsi mener en bateau par des sc\u00e9naristes, un r\u00e9alisateur et des acteurs exceptionnels.<\/p>\n<p>Que la s\u00e9rie soit belge ne change rien \u00e0 l\u2019affaire sur le coup. Ce n\u2019est qu\u2019ensuite qu\u2019on se rend compte du miracle hallucinant que cela suppose en termes d\u2019ing\u00e9niosit\u00e9 et de talent pour un budget totalement riquiqui par rapport \u00e0 l\u2019impact obtenu.<\/p>\n<p>&nbsp;<\/p>\n<p><a href=\"http:\/\/www.cinevox.be\/wp-content\/uploads\/sites\/2\/2016\/03\/EP08_LA-TREVE_MARJO.jpg\"><img loading=\"lazy\" decoding=\"async\" class=\"aligncenter size-large wp-image-85724\" src=\"http:\/\/www.cinevox.be\/wp-content\/uploads\/sites\/2\/2016\/03\/EP08_LA-TREVE_MARJO-800x450.jpg\" alt=\"\" width=\"640\" height=\"360\" srcset=\"https:\/\/welovecinema.be\/wp-content\/uploads\/sites\/2\/2016\/03\/EP08_LA-TREVE_MARJO-800x450.jpg 800w, https:\/\/welovecinema.be\/wp-content\/uploads\/sites\/2\/2016\/03\/EP08_LA-TREVE_MARJO-200x113.jpg 200w, https:\/\/welovecinema.be\/wp-content\/uploads\/sites\/2\/2016\/03\/EP08_LA-TREVE_MARJO-480x270.jpg 480w, https:\/\/welovecinema.be\/wp-content\/uploads\/sites\/2\/2016\/03\/EP08_LA-TREVE_MARJO-300x169.jpg 300w, https:\/\/welovecinema.be\/wp-content\/uploads\/sites\/2\/2016\/03\/EP08_LA-TREVE_MARJO-620x350.jpg 620w, https:\/\/welovecinema.be\/wp-content\/uploads\/sites\/2\/2016\/03\/EP08_LA-TREVE_MARJO.jpg 1024w\" sizes=\"auto, (max-width: 640px) 100vw, 640px\" \/><\/a><\/p>\n<p>&nbsp;<\/p>\n<p>La s\u00e9rie pose alors question sur d\u2019autres plans.<\/p>\n<p>Son succ\u00e8s repose-t-il sur la passionnante dynamique impuls\u00e9e par la F\u00e9d\u00e9ration Wallonie-Bruxelles qui a mis en place ce fonds in\u00e9dit (une formidable id\u00e9e) ou sur le seul g\u00e9nie d\u2019une bande d\u2019auteurs punks surdou\u00e9s, soutenus par une prod audacieuse et inventive (Helicotronc) ?<\/p>\n<p>On pr\u00e9f\u00e9rerait abattre sans sourciller la premi\u00e8re carte, car cela signifierait que notre plaisir va se perp\u00e9tuer aussi intense au fil de toutes les s\u00e9ries d\u00e9j\u00e0 mises en chantier qui vont nous arriver \u00e0 dose hom\u00e9opathique pendant les prochaines ann\u00e9es. D\u2019ailleurs HBO Showtime ou AMC, les cha\u00eenes c\u00e2bl\u00e9es am\u00e9ricaines qui nous ont donn\u00e9 <em>Six feet under<\/em> (la seule s\u00e9rie qui rivalise avec <em>La Tr\u00eave <\/em>en termes de final \u00e9blouissant), <em>Les Sopranos, The Wire, Dexter, Homeland Californication, Mad Men<\/em> ou <em>Breaking Bad<\/em> ont prouv\u00e9 que les perles pouvaient s\u2019enfiler si le collier \u00e9tait solide.<\/p>\n<p>Mais on parle justement ici de cha\u00eenes sp\u00e9cialis\u00e9es qui s\u2019adressent un public restreint, un poil \u00e9litiste. Et si <em>La Tr\u00eave<\/em> s\u2019inscrit totalement dans la lign\u00e9e de ces s\u00e9ries, on peut s\u2019\u00e9tonner et se r\u00e9jouir apr\u00e8s coup qu\u2019elle ait eu la chance de se retrouver programm\u00e9e le dimanche \u00e0 21h sur la Une et non \u00e0 22h30 sur la Trois. \u00c0 cet \u00e9gard, ce qu\u2019on a vu jusqu\u2019ici d\u2019<em>Ennemi Public<\/em>, la s\u00e9rie qui viendra juste apr\u00e8s <em>La Tr\u00eave,<\/em> semble plus lisse et format\u00e9 que la s\u00e9rie de Matthieu Donck, sans doute plus adapt\u00e9 \u00e0 une case que certains voudraient plus consensuelle.<\/p>\n<p>&nbsp;<\/p>\n<p><a href=\"http:\/\/www.cinevox.be\/wp-content\/uploads\/sites\/2\/2016\/03\/EP02_LA-TREVE_INESJOEFFREY.jpg\"><img loading=\"lazy\" decoding=\"async\" class=\"aligncenter size-large wp-image-85727\" src=\"http:\/\/www.cinevox.be\/wp-content\/uploads\/sites\/2\/2016\/03\/EP02_LA-TREVE_INESJOEFFREY-800x450.jpg\" alt=\"\" width=\"640\" height=\"360\" srcset=\"https:\/\/welovecinema.be\/wp-content\/uploads\/sites\/2\/2016\/03\/EP02_LA-TREVE_INESJOEFFREY-800x450.jpg 800w, https:\/\/welovecinema.be\/wp-content\/uploads\/sites\/2\/2016\/03\/EP02_LA-TREVE_INESJOEFFREY-200x113.jpg 200w, https:\/\/welovecinema.be\/wp-content\/uploads\/sites\/2\/2016\/03\/EP02_LA-TREVE_INESJOEFFREY-480x270.jpg 480w, https:\/\/welovecinema.be\/wp-content\/uploads\/sites\/2\/2016\/03\/EP02_LA-TREVE_INESJOEFFREY-300x169.jpg 300w, https:\/\/welovecinema.be\/wp-content\/uploads\/sites\/2\/2016\/03\/EP02_LA-TREVE_INESJOEFFREY-620x350.jpg 620w, https:\/\/welovecinema.be\/wp-content\/uploads\/sites\/2\/2016\/03\/EP02_LA-TREVE_INESJOEFFREY.jpg 1024w\" sizes=\"auto, (max-width: 640px) 100vw, 640px\" \/><\/a><\/p>\n<p>&nbsp;<\/p>\n<p>&nbsp;<\/p>\n<p>Or le succ\u00e8s retentissant de <em>La tr\u00eave<\/em> d\u00e9montre \u00e9videmment qu\u2019un certain public, biberonn\u00e9 \u00e0 toutes ces bonnes s\u00e9ries que nous avons cit\u00e9es plus haut, est pr\u00eat \u00e0 \u00eatre trait\u00e9 en adultes cultiv\u00e9s et curieux et \u00e0 suivre des s\u00e9ries audacieuses, br\u00fblantes et glaciales, loin du formatage en vogue sur nos cha\u00eenes \u00ab\u00a0hertziennes\u00a0\u00bb francophones (cha\u00eenes fran\u00e7aises comprises).<\/p>\n<p>&nbsp;<\/p>\n<p>Rien de sert de supputer \u00e0 ce stade\u00a0: l\u2019avenir nous dira si <em>La tr\u00eave<\/em> fut un coup de ma\u00eetre magistral isol\u00e9 ou l\u2019annonce d\u2019un \u00e2ge d\u2019or qu\u2019on n\u2019attendait pas aussi flamboyant.<\/p>\n<p>&nbsp;<\/p>\n<p><a href=\"http:\/\/www.cinevox.be\/wp-content\/uploads\/sites\/2\/2016\/03\/EP08_LA-TREVE_FISCHER.jpg\"><img loading=\"lazy\" decoding=\"async\" class=\"aligncenter size-large wp-image-85728\" src=\"http:\/\/www.cinevox.be\/wp-content\/uploads\/sites\/2\/2016\/03\/EP08_LA-TREVE_FISCHER-800x450.jpg\" alt=\"\" width=\"640\" height=\"360\" srcset=\"https:\/\/welovecinema.be\/wp-content\/uploads\/sites\/2\/2016\/03\/EP08_LA-TREVE_FISCHER-800x450.jpg 800w, https:\/\/welovecinema.be\/wp-content\/uploads\/sites\/2\/2016\/03\/EP08_LA-TREVE_FISCHER-200x113.jpg 200w, https:\/\/welovecinema.be\/wp-content\/uploads\/sites\/2\/2016\/03\/EP08_LA-TREVE_FISCHER-480x270.jpg 480w, https:\/\/welovecinema.be\/wp-content\/uploads\/sites\/2\/2016\/03\/EP08_LA-TREVE_FISCHER-300x169.jpg 300w, https:\/\/welovecinema.be\/wp-content\/uploads\/sites\/2\/2016\/03\/EP08_LA-TREVE_FISCHER-620x350.jpg 620w, https:\/\/welovecinema.be\/wp-content\/uploads\/sites\/2\/2016\/03\/EP08_LA-TREVE_FISCHER.jpg 1024w\" sizes=\"auto, (max-width: 640px) 100vw, 640px\" \/><\/a><\/p>\n<p>&nbsp;<\/p>\n<p>De toute fa\u00e7on, tout bonheur est toujours bon \u00e0 prendre. On se souviendra longtemps de cette s\u00e9rie, de ce final \u00e9blouissant et on retrouvera dor\u00e9navant tous les acteurs de la s\u00e9rie avec beaucoup de curiosit\u00e9 sur le petit et (surtout) le grand \u00e9cran. Car on est certain que tout le monde a saisi le message, y compris \u00e0 la commission de s\u00e9lection des films\u00a0: \u00a0le cin\u00e9ma belge sort lui aussi chamboul\u00e9 de cette aventure.<\/p>\n<p>Quoi qu\u2019il se passe d\u00e9sormais, rien ne sera plus vraiment comme avant\u2026<\/p>\n<p>&nbsp;<\/p>\n","protected":false},"excerpt":{"rendered":"<p>On ne va pas vous mentir\u00a0: dimanche prochain sur le coup de 23h, vous allez vous sentir mal. Lorsqu\u2019aura d\u00e9fil\u00e9 pour la derni\u00e8re fois le g\u00e9n\u00e9rique de La Tr\u00eave, que le 10e \u00e9pisode se sera achev\u00e9 sur une envol\u00e9e de la cam\u00e9ra vers le ciel (zut, on a spoil\u00e9\u00a0\ud83d\ude09 ), vous allez ressentir un profond &hellip;<\/p>\n","protected":false},"author":7,"featured_media":85730,"comment_status":"closed","ping_status":"closed","sticky":false,"template":"","format":"standard","meta":{"ngg_post_thumbnail":0,"footnotes":""},"categories":[1923],"tags":[],"class_list":["post-85721","post","type-post","status-publish","format-standard","has-post-thumbnail","","category-en-bref"],"yoast_head":"<!-- This site is optimized with the Yoast SEO plugin v20.4 - https:\/\/yoast.com\/wordpress\/plugins\/seo\/ -->\n<title>Apr\u00e8s &quot;La tr\u00eave&quot;, rien ne sera plus vraiment comme avant - We Love Cinema<\/title>\n<meta name=\"robots\" content=\"index, follow, max-snippet:-1, max-image-preview:large, max-video-preview:-1\" \/>\n<link rel=\"canonical\" href=\"https:\/\/welovecinema.be\/fr\/rien-ne-sera-plus-vraiment-comme-avant\/\" \/>\n<meta property=\"og:locale\" content=\"fr_FR\" \/>\n<meta property=\"og:type\" content=\"article\" \/>\n<meta property=\"og:title\" content=\"Apr\u00e8s &quot;La tr\u00eave&quot;, rien ne sera plus vraiment comme avant - We Love Cinema\" \/>\n<meta property=\"og:description\" content=\"On ne va pas vous mentir\u00a0: dimanche prochain sur le coup de 23h, vous allez vous sentir mal. Lorsqu\u2019aura d\u00e9fil\u00e9 pour la derni\u00e8re fois le g\u00e9n\u00e9rique de La Tr\u00eave, que le 10e \u00e9pisode se sera achev\u00e9 sur une envol\u00e9e de la cam\u00e9ra vers le ciel (zut, on a spoil\u00e9\u00a0\ud83d\ude09 ), vous allez ressentir un profond &hellip;\" \/>\n<meta property=\"og:url\" content=\"https:\/\/welovecinema.be\/fr\/rien-ne-sera-plus-vraiment-comme-avant\/\" \/>\n<meta property=\"og:site_name\" content=\"We Love Cinema\" \/>\n<meta property=\"article:publisher\" content=\"https:\/\/www.facebook.com\/welovecinema.be\" \/>\n<meta property=\"article:published_time\" content=\"2016-03-14T07:30:42+00:00\" \/>\n<meta property=\"article:modified_time\" content=\"2016-03-14T09:18:04+00:00\" \/>\n<meta property=\"og:image\" content=\"https:\/\/welovecinema.be\/wp-content\/uploads\/sites\/2\/2016\/03\/EP07_LA-TREVE_FALAISE.jpg\" \/>\n\t<meta property=\"og:image:width\" content=\"1024\" \/>\n\t<meta property=\"og:image:height\" content=\"576\" \/>\n\t<meta property=\"og:image:type\" content=\"image\/jpeg\" \/>\n<meta name=\"author\" content=\"Philippe.Pierquin\" \/>\n<meta name=\"twitter:card\" content=\"summary_large_image\" \/>\n<meta name=\"twitter:label1\" content=\"\u00c9crit par\" \/>\n\t<meta name=\"twitter:data1\" content=\"Philippe.Pierquin\" \/>\n\t<meta name=\"twitter:label2\" content=\"Dur\u00e9e de lecture estim\u00e9e\" \/>\n\t<meta name=\"twitter:data2\" content=\"5 minutes\" \/>\n<script type=\"application\/ld+json\" class=\"yoast-schema-graph\">{\"@context\":\"https:\/\/schema.org\",\"@graph\":[{\"@type\":\"Article\",\"@id\":\"https:\/\/welovecinema.be\/fr\/rien-ne-sera-plus-vraiment-comme-avant\/#article\",\"isPartOf\":{\"@id\":\"https:\/\/welovecinema.be\/fr\/rien-ne-sera-plus-vraiment-comme-avant\/\"},\"author\":{\"name\":\"Philippe.Pierquin\",\"@id\":\"https:\/\/welovecinema.be\/nl\/#\/schema\/person\/4b9b1d857f0943453a38a7c2859ef756\"},\"headline\":\"Apr\u00e8s \u00ab\u00a0La tr\u00eave\u00a0\u00bb, rien ne sera plus vraiment comme avant\",\"datePublished\":\"2016-03-14T07:30:42+00:00\",\"dateModified\":\"2016-03-14T09:18:04+00:00\",\"mainEntityOfPage\":{\"@id\":\"https:\/\/welovecinema.be\/fr\/rien-ne-sera-plus-vraiment-comme-avant\/\"},\"wordCount\":1083,\"publisher\":{\"@id\":\"https:\/\/welovecinema.be\/nl\/#organization\"},\"articleSection\":[\"En bref\"],\"inLanguage\":\"fr-FR\"},{\"@type\":\"WebPage\",\"@id\":\"https:\/\/welovecinema.be\/fr\/rien-ne-sera-plus-vraiment-comme-avant\/\",\"url\":\"https:\/\/welovecinema.be\/fr\/rien-ne-sera-plus-vraiment-comme-avant\/\",\"name\":\"Apr\u00e8s \\\"La tr\u00eave\\\", rien ne sera plus vraiment comme avant - We Love Cinema\",\"isPartOf\":{\"@id\":\"https:\/\/welovecinema.be\/nl\/#website\"},\"datePublished\":\"2016-03-14T07:30:42+00:00\",\"dateModified\":\"2016-03-14T09:18:04+00:00\",\"breadcrumb\":{\"@id\":\"https:\/\/welovecinema.be\/fr\/rien-ne-sera-plus-vraiment-comme-avant\/#breadcrumb\"},\"inLanguage\":\"fr-FR\",\"potentialAction\":[{\"@type\":\"ReadAction\",\"target\":[\"https:\/\/welovecinema.be\/fr\/rien-ne-sera-plus-vraiment-comme-avant\/\"]}]},{\"@type\":\"BreadcrumbList\",\"@id\":\"https:\/\/welovecinema.be\/fr\/rien-ne-sera-plus-vraiment-comme-avant\/#breadcrumb\",\"itemListElement\":[{\"@type\":\"ListItem\",\"position\":1,\"name\":\"Accueil\",\"item\":\"https:\/\/welovecinema.be\/fr\/\"},{\"@type\":\"ListItem\",\"position\":2,\"name\":\"Apr\u00e8s \u00ab\u00a0La tr\u00eave\u00a0\u00bb, rien ne sera plus vraiment comme avant\"}]},{\"@type\":\"WebSite\",\"@id\":\"https:\/\/welovecinema.be\/nl\/#website\",\"url\":\"https:\/\/welovecinema.be\/nl\/\",\"name\":\"We Love Cinema\",\"description\":\"Toute l\u2019information du cin\u00e9ma en Belgique\",\"publisher\":{\"@id\":\"https:\/\/welovecinema.be\/nl\/#organization\"},\"potentialAction\":[{\"@type\":\"SearchAction\",\"target\":{\"@type\":\"EntryPoint\",\"urlTemplate\":\"https:\/\/welovecinema.be\/nl\/?s={search_term_string}\"},\"query-input\":\"required name=search_term_string\"}],\"inLanguage\":\"fr-FR\"},{\"@type\":\"Organization\",\"@id\":\"https:\/\/welovecinema.be\/nl\/#organization\",\"name\":\"We Love Cinema\",\"url\":\"https:\/\/welovecinema.be\/nl\/\",\"logo\":{\"@type\":\"ImageObject\",\"inLanguage\":\"fr-FR\",\"@id\":\"https:\/\/welovecinema.be\/nl\/#\/schema\/logo\/image\/\",\"url\":\"https:\/\/welovecinema.be\/wp-content\/uploads\/sites\/2\/2023\/03\/Logo-We-Love-Cinema305x128.jpg\",\"contentUrl\":\"https:\/\/welovecinema.be\/wp-content\/uploads\/sites\/2\/2023\/03\/Logo-We-Love-Cinema305x128.jpg\",\"width\":305,\"height\":128,\"caption\":\"We Love Cinema\"},\"image\":{\"@id\":\"https:\/\/welovecinema.be\/nl\/#\/schema\/logo\/image\/\"},\"sameAs\":[\"https:\/\/www.facebook.com\/welovecinema.be\",\"https:\/\/www.youtube.com\/channel\/UCX5LYGVhnKvYauW4Nta4HJA\",\"https:\/\/www.instagram.com\/welovecinema.be\/\"]},{\"@type\":\"Person\",\"@id\":\"https:\/\/welovecinema.be\/nl\/#\/schema\/person\/4b9b1d857f0943453a38a7c2859ef756\",\"name\":\"Philippe.Pierquin\",\"url\":\"https:\/\/welovecinema.be\/fr\/author\/philippe-pierquin\/\"}]}<\/script>\n<!-- \/ Yoast SEO plugin. -->","yoast_head_json":{"title":"Apr\u00e8s \"La tr\u00eave\", rien ne sera plus vraiment comme avant - We Love Cinema","robots":{"index":"index","follow":"follow","max-snippet":"max-snippet:-1","max-image-preview":"max-image-preview:large","max-video-preview":"max-video-preview:-1"},"canonical":"https:\/\/welovecinema.be\/fr\/rien-ne-sera-plus-vraiment-comme-avant\/","og_locale":"fr_FR","og_type":"article","og_title":"Apr\u00e8s \"La tr\u00eave\", rien ne sera plus vraiment comme avant - We Love Cinema","og_description":"On ne va pas vous mentir\u00a0: dimanche prochain sur le coup de 23h, vous allez vous sentir mal. Lorsqu\u2019aura d\u00e9fil\u00e9 pour la derni\u00e8re fois le g\u00e9n\u00e9rique de La Tr\u00eave, que le 10e \u00e9pisode se sera achev\u00e9 sur une envol\u00e9e de la cam\u00e9ra vers le ciel (zut, on a spoil\u00e9\u00a0\ud83d\ude09 ), vous allez ressentir un profond &hellip;","og_url":"https:\/\/welovecinema.be\/fr\/rien-ne-sera-plus-vraiment-comme-avant\/","og_site_name":"We Love Cinema","article_publisher":"https:\/\/www.facebook.com\/welovecinema.be","article_published_time":"2016-03-14T07:30:42+00:00","article_modified_time":"2016-03-14T09:18:04+00:00","og_image":[{"width":1024,"height":576,"url":"https:\/\/welovecinema.be\/wp-content\/uploads\/sites\/2\/2016\/03\/EP07_LA-TREVE_FALAISE.jpg","type":"image\/jpeg"}],"author":"Philippe.Pierquin","twitter_card":"summary_large_image","twitter_misc":{"\u00c9crit par":"Philippe.Pierquin","Dur\u00e9e de lecture estim\u00e9e":"5 minutes"},"schema":{"@context":"https:\/\/schema.org","@graph":[{"@type":"Article","@id":"https:\/\/welovecinema.be\/fr\/rien-ne-sera-plus-vraiment-comme-avant\/#article","isPartOf":{"@id":"https:\/\/welovecinema.be\/fr\/rien-ne-sera-plus-vraiment-comme-avant\/"},"author":{"name":"Philippe.Pierquin","@id":"https:\/\/welovecinema.be\/nl\/#\/schema\/person\/4b9b1d857f0943453a38a7c2859ef756"},"headline":"Apr\u00e8s \u00ab\u00a0La tr\u00eave\u00a0\u00bb, rien ne sera plus vraiment comme avant","datePublished":"2016-03-14T07:30:42+00:00","dateModified":"2016-03-14T09:18:04+00:00","mainEntityOfPage":{"@id":"https:\/\/welovecinema.be\/fr\/rien-ne-sera-plus-vraiment-comme-avant\/"},"wordCount":1083,"publisher":{"@id":"https:\/\/welovecinema.be\/nl\/#organization"},"articleSection":["En bref"],"inLanguage":"fr-FR"},{"@type":"WebPage","@id":"https:\/\/welovecinema.be\/fr\/rien-ne-sera-plus-vraiment-comme-avant\/","url":"https:\/\/welovecinema.be\/fr\/rien-ne-sera-plus-vraiment-comme-avant\/","name":"Apr\u00e8s \"La tr\u00eave\", rien ne sera plus vraiment comme avant - We Love Cinema","isPartOf":{"@id":"https:\/\/welovecinema.be\/nl\/#website"},"datePublished":"2016-03-14T07:30:42+00:00","dateModified":"2016-03-14T09:18:04+00:00","breadcrumb":{"@id":"https:\/\/welovecinema.be\/fr\/rien-ne-sera-plus-vraiment-comme-avant\/#breadcrumb"},"inLanguage":"fr-FR","potentialAction":[{"@type":"ReadAction","target":["https:\/\/welovecinema.be\/fr\/rien-ne-sera-plus-vraiment-comme-avant\/"]}]},{"@type":"BreadcrumbList","@id":"https:\/\/welovecinema.be\/fr\/rien-ne-sera-plus-vraiment-comme-avant\/#breadcrumb","itemListElement":[{"@type":"ListItem","position":1,"name":"Accueil","item":"https:\/\/welovecinema.be\/fr\/"},{"@type":"ListItem","position":2,"name":"Apr\u00e8s \u00ab\u00a0La tr\u00eave\u00a0\u00bb, rien ne sera plus vraiment comme avant"}]},{"@type":"WebSite","@id":"https:\/\/welovecinema.be\/nl\/#website","url":"https:\/\/welovecinema.be\/nl\/","name":"We Love Cinema","description":"Toute l\u2019information du cin\u00e9ma en Belgique","publisher":{"@id":"https:\/\/welovecinema.be\/nl\/#organization"},"potentialAction":[{"@type":"SearchAction","target":{"@type":"EntryPoint","urlTemplate":"https:\/\/welovecinema.be\/nl\/?s={search_term_string}"},"query-input":"required name=search_term_string"}],"inLanguage":"fr-FR"},{"@type":"Organization","@id":"https:\/\/welovecinema.be\/nl\/#organization","name":"We Love Cinema","url":"https:\/\/welovecinema.be\/nl\/","logo":{"@type":"ImageObject","inLanguage":"fr-FR","@id":"https:\/\/welovecinema.be\/nl\/#\/schema\/logo\/image\/","url":"https:\/\/welovecinema.be\/wp-content\/uploads\/sites\/2\/2023\/03\/Logo-We-Love-Cinema305x128.jpg","contentUrl":"https:\/\/welovecinema.be\/wp-content\/uploads\/sites\/2\/2023\/03\/Logo-We-Love-Cinema305x128.jpg","width":305,"height":128,"caption":"We Love Cinema"},"image":{"@id":"https:\/\/welovecinema.be\/nl\/#\/schema\/logo\/image\/"},"sameAs":["https:\/\/www.facebook.com\/welovecinema.be","https:\/\/www.youtube.com\/channel\/UCX5LYGVhnKvYauW4Nta4HJA","https:\/\/www.instagram.com\/welovecinema.be\/"]},{"@type":"Person","@id":"https:\/\/welovecinema.be\/nl\/#\/schema\/person\/4b9b1d857f0943453a38a7c2859ef756","name":"Philippe.Pierquin","url":"https:\/\/welovecinema.be\/fr\/author\/philippe-pierquin\/"}]}},"_links":{"self":[{"href":"https:\/\/welovecinema.be\/fr\/wp-json\/wp\/v2\/posts\/85721","targetHints":{"allow":["GET"]}}],"collection":[{"href":"https:\/\/welovecinema.be\/fr\/wp-json\/wp\/v2\/posts"}],"about":[{"href":"https:\/\/welovecinema.be\/fr\/wp-json\/wp\/v2\/types\/post"}],"author":[{"embeddable":true,"href":"https:\/\/welovecinema.be\/fr\/wp-json\/wp\/v2\/users\/7"}],"replies":[{"embeddable":true,"href":"https:\/\/welovecinema.be\/fr\/wp-json\/wp\/v2\/comments?post=85721"}],"version-history":[{"count":0,"href":"https:\/\/welovecinema.be\/fr\/wp-json\/wp\/v2\/posts\/85721\/revisions"}],"wp:featuredmedia":[{"embeddable":true,"href":"https:\/\/welovecinema.be\/fr\/wp-json\/wp\/v2\/media\/85730"}],"wp:attachment":[{"href":"https:\/\/welovecinema.be\/fr\/wp-json\/wp\/v2\/media?parent=85721"}],"wp:term":[{"taxonomy":"category","embeddable":true,"href":"https:\/\/welovecinema.be\/fr\/wp-json\/wp\/v2\/categories?post=85721"},{"taxonomy":"post_tag","embeddable":true,"href":"https:\/\/welovecinema.be\/fr\/wp-json\/wp\/v2\/tags?post=85721"}],"curies":[{"name":"wp","href":"https:\/\/api.w.org\/{rel}","templated":true}]}}