{"id":85611,"date":"2016-03-09T15:26:30","date_gmt":"2016-03-09T14:26:30","guid":{"rendered":"http:\/\/www.cinevox.be\/?p=85611"},"modified":"2017-05-16T19:49:35","modified_gmt":"2017-05-16T17:49:35","slug":"ennemi-public-selectionne-au-mipdrama-screenings","status":"publish","type":"post","link":"https:\/\/welovecinema.be\/fr\/ennemi-public-selectionne-au-mipdrama-screenings\/","title":{"rendered":"\u00ab\u00a0Ennemi public\u00a0\u00bb s\u00e9lectionn\u00e9 au mipdrama screenings"},"content":{"rendered":"<p>Le MipTV, veritable rampe de lancement des s\u00e9ries,\u00a0inaugure un nouvel \u00e9v\u00e9nement s\u00e9lectif: les MipDrama Screenings.<\/p>\n<p><i>\u00ab\u00a0Cet \u00e9v\u00e9nement est le fruit d\u2019une demande des acheteurs qui ont \u00e9mis le besoin d\u2019un filtre, face \u00e0 la quantit\u00e9 de s\u00e9ries qui se cr\u00e9ent dans le monde\u00a0\u00bb<\/i>, explique Laurine Garaude, la directrice de la division t\u00e9l\u00e9 de Reed Midem. <!--more--><\/p>\n<p>Pr\u00e8s de 350 acheteurs et une poign\u00e9e de journalistes seront r\u00e9unis pour d\u00e9couvrir en avant-premi\u00e8re 12 s\u00e9ries \u00e0 l\u2019envergure internationale s\u00e9lectionn\u00e9es par un jury prestigieux compos\u00e9 notamment de Chris Long (Mentalist).<\/p>\n<p>Parmi les 12 s\u00e9ries figure <i>Ennemi Public<\/i>, la nouvelle cr\u00e9ation t\u00e9l\u00e9visuelle issue du \u00ab\u00a0fond s\u00e9rie\u00a0\u00bb de la F\u00e9d\u00e9ration Wallonie Bruxelles\/RTBF.<\/p>\n","protected":false},"excerpt":{"rendered":"<p>Le MipTV, veritable rampe de lancement des s\u00e9ries,\u00a0inaugure un nouvel \u00e9v\u00e9nement s\u00e9lectif: les MipDrama Screenings. \u00ab\u00a0Cet \u00e9v\u00e9nement est le fruit d\u2019une demande des acheteurs qui ont \u00e9mis le besoin d\u2019un filtre, face \u00e0 la quantit\u00e9 de s\u00e9ries qui se cr\u00e9ent dans le monde\u00a0\u00bb, explique Laurine Garaude, la directrice de la division t\u00e9l\u00e9 de Reed Midem.<\/p>\n","protected":false},"author":7,"featured_media":85613,"comment_status":"closed","ping_status":"closed","sticky":false,"template":"","format":"standard","meta":{"ngg_post_thumbnail":0,"footnotes":""},"categories":[12],"tags":[],"class_list":["post-85611","post","type-post","status-publish","format-standard","has-post-thumbnail","","category-awards"],"yoast_head":"<!-- This site is optimized with the Yoast SEO plugin v20.4 - https:\/\/yoast.com\/wordpress\/plugins\/seo\/ -->\n<title>&quot;Ennemi public&quot; s\u00e9lectionn\u00e9 au mipdrama screenings - We Love Cinema<\/title>\n<meta name=\"robots\" content=\"index, follow, max-snippet:-1, max-image-preview:large, max-video-preview:-1\" \/>\n<link rel=\"canonical\" href=\"https:\/\/welovecinema.be\/fr\/ennemi-public-selectionne-au-mipdrama-screenings\/\" \/>\n<meta property=\"og:locale\" content=\"fr_FR\" \/>\n<meta property=\"og:type\" content=\"article\" \/>\n<meta property=\"og:title\" content=\"&quot;Ennemi public&quot; s\u00e9lectionn\u00e9 au mipdrama screenings - We Love Cinema\" \/>\n<meta property=\"og:description\" content=\"Le MipTV, veritable rampe de lancement des s\u00e9ries,\u00a0inaugure un nouvel \u00e9v\u00e9nement s\u00e9lectif: les MipDrama Screenings. \u00ab\u00a0Cet \u00e9v\u00e9nement est le fruit d\u2019une demande des acheteurs qui ont \u00e9mis le besoin d\u2019un filtre, face \u00e0 la quantit\u00e9 de s\u00e9ries qui se cr\u00e9ent dans le monde\u00a0\u00bb, explique Laurine Garaude, la directrice de la division t\u00e9l\u00e9 de Reed Midem.\" \/>\n<meta property=\"og:url\" content=\"https:\/\/welovecinema.be\/fr\/ennemi-public-selectionne-au-mipdrama-screenings\/\" \/>\n<meta property=\"og:site_name\" content=\"We Love Cinema\" \/>\n<meta property=\"article:publisher\" content=\"https:\/\/www.facebook.com\/welovecinema.be\" \/>\n<meta property=\"article:published_time\" content=\"2016-03-09T14:26:30+00:00\" \/>\n<meta property=\"article:modified_time\" content=\"2017-05-16T17:49:35+00:00\" \/>\n<meta property=\"og:image\" content=\"https:\/\/welovecinema.be\/wp-content\/uploads\/sites\/2\/2016\/03\/7050481661.jpg\" \/>\n\t<meta property=\"og:image:width\" content=\"1024\" \/>\n\t<meta property=\"og:image:height\" content=\"576\" \/>\n\t<meta property=\"og:image:type\" content=\"image\/jpeg\" \/>\n<meta name=\"author\" content=\"Philippe.Pierquin\" \/>\n<meta name=\"twitter:card\" content=\"summary_large_image\" \/>\n<meta name=\"twitter:label1\" content=\"\u00c9crit par\" \/>\n\t<meta name=\"twitter:data1\" content=\"Philippe.Pierquin\" \/>\n\t<meta name=\"twitter:label2\" content=\"Dur\u00e9e de lecture estim\u00e9e\" \/>\n\t<meta name=\"twitter:data2\" content=\"1 minute\" \/>\n<script type=\"application\/ld+json\" class=\"yoast-schema-graph\">{\"@context\":\"https:\/\/schema.org\",\"@graph\":[{\"@type\":\"Article\",\"@id\":\"https:\/\/welovecinema.be\/fr\/ennemi-public-selectionne-au-mipdrama-screenings\/#article\",\"isPartOf\":{\"@id\":\"https:\/\/welovecinema.be\/fr\/ennemi-public-selectionne-au-mipdrama-screenings\/\"},\"author\":{\"name\":\"Philippe.Pierquin\",\"@id\":\"https:\/\/welovecinema.be\/nl\/#\/schema\/person\/4b9b1d857f0943453a38a7c2859ef756\"},\"headline\":\"\u00ab\u00a0Ennemi public\u00a0\u00bb s\u00e9lectionn\u00e9 au mipdrama screenings\",\"datePublished\":\"2016-03-09T14:26:30+00:00\",\"dateModified\":\"2017-05-16T17:49:35+00:00\",\"mainEntityOfPage\":{\"@id\":\"https:\/\/welovecinema.be\/fr\/ennemi-public-selectionne-au-mipdrama-screenings\/\"},\"wordCount\":135,\"publisher\":{\"@id\":\"https:\/\/welovecinema.be\/nl\/#organization\"},\"articleSection\":[\"Evenements\"],\"inLanguage\":\"fr-FR\"},{\"@type\":\"WebPage\",\"@id\":\"https:\/\/welovecinema.be\/fr\/ennemi-public-selectionne-au-mipdrama-screenings\/\",\"url\":\"https:\/\/welovecinema.be\/fr\/ennemi-public-selectionne-au-mipdrama-screenings\/\",\"name\":\"\\\"Ennemi public\\\" s\u00e9lectionn\u00e9 au mipdrama screenings - We Love Cinema\",\"isPartOf\":{\"@id\":\"https:\/\/welovecinema.be\/nl\/#website\"},\"datePublished\":\"2016-03-09T14:26:30+00:00\",\"dateModified\":\"2017-05-16T17:49:35+00:00\",\"breadcrumb\":{\"@id\":\"https:\/\/welovecinema.be\/fr\/ennemi-public-selectionne-au-mipdrama-screenings\/#breadcrumb\"},\"inLanguage\":\"fr-FR\",\"potentialAction\":[{\"@type\":\"ReadAction\",\"target\":[\"https:\/\/welovecinema.be\/fr\/ennemi-public-selectionne-au-mipdrama-screenings\/\"]}]},{\"@type\":\"BreadcrumbList\",\"@id\":\"https:\/\/welovecinema.be\/fr\/ennemi-public-selectionne-au-mipdrama-screenings\/#breadcrumb\",\"itemListElement\":[{\"@type\":\"ListItem\",\"position\":1,\"name\":\"Accueil\",\"item\":\"https:\/\/welovecinema.be\/fr\/\"},{\"@type\":\"ListItem\",\"position\":2,\"name\":\"\u00ab\u00a0Ennemi public\u00a0\u00bb s\u00e9lectionn\u00e9 au mipdrama screenings\"}]},{\"@type\":\"WebSite\",\"@id\":\"https:\/\/welovecinema.be\/nl\/#website\",\"url\":\"https:\/\/welovecinema.be\/nl\/\",\"name\":\"We Love Cinema\",\"description\":\"Toute l\u2019information du cin\u00e9ma en Belgique\",\"publisher\":{\"@id\":\"https:\/\/welovecinema.be\/nl\/#organization\"},\"potentialAction\":[{\"@type\":\"SearchAction\",\"target\":{\"@type\":\"EntryPoint\",\"urlTemplate\":\"https:\/\/welovecinema.be\/nl\/?s={search_term_string}\"},\"query-input\":\"required name=search_term_string\"}],\"inLanguage\":\"fr-FR\"},{\"@type\":\"Organization\",\"@id\":\"https:\/\/welovecinema.be\/nl\/#organization\",\"name\":\"We Love Cinema\",\"url\":\"https:\/\/welovecinema.be\/nl\/\",\"logo\":{\"@type\":\"ImageObject\",\"inLanguage\":\"fr-FR\",\"@id\":\"https:\/\/welovecinema.be\/nl\/#\/schema\/logo\/image\/\",\"url\":\"https:\/\/welovecinema.be\/wp-content\/uploads\/sites\/2\/2023\/03\/Logo-We-Love-Cinema305x128.jpg\",\"contentUrl\":\"https:\/\/welovecinema.be\/wp-content\/uploads\/sites\/2\/2023\/03\/Logo-We-Love-Cinema305x128.jpg\",\"width\":305,\"height\":128,\"caption\":\"We Love Cinema\"},\"image\":{\"@id\":\"https:\/\/welovecinema.be\/nl\/#\/schema\/logo\/image\/\"},\"sameAs\":[\"https:\/\/www.facebook.com\/welovecinema.be\",\"https:\/\/www.youtube.com\/channel\/UCX5LYGVhnKvYauW4Nta4HJA\",\"https:\/\/www.instagram.com\/welovecinema.be\/\"]},{\"@type\":\"Person\",\"@id\":\"https:\/\/welovecinema.be\/nl\/#\/schema\/person\/4b9b1d857f0943453a38a7c2859ef756\",\"name\":\"Philippe.Pierquin\",\"url\":\"https:\/\/welovecinema.be\/fr\/author\/philippe-pierquin\/\"}]}<\/script>\n<!-- \/ Yoast SEO plugin. -->","yoast_head_json":{"title":"\"Ennemi public\" s\u00e9lectionn\u00e9 au mipdrama screenings - We Love Cinema","robots":{"index":"index","follow":"follow","max-snippet":"max-snippet:-1","max-image-preview":"max-image-preview:large","max-video-preview":"max-video-preview:-1"},"canonical":"https:\/\/welovecinema.be\/fr\/ennemi-public-selectionne-au-mipdrama-screenings\/","og_locale":"fr_FR","og_type":"article","og_title":"\"Ennemi public\" s\u00e9lectionn\u00e9 au mipdrama screenings - We Love Cinema","og_description":"Le MipTV, veritable rampe de lancement des s\u00e9ries,\u00a0inaugure un nouvel \u00e9v\u00e9nement s\u00e9lectif: les MipDrama Screenings. \u00ab\u00a0Cet \u00e9v\u00e9nement est le fruit d\u2019une demande des acheteurs qui ont \u00e9mis le besoin d\u2019un filtre, face \u00e0 la quantit\u00e9 de s\u00e9ries qui se cr\u00e9ent dans le monde\u00a0\u00bb, explique Laurine Garaude, la directrice de la division t\u00e9l\u00e9 de Reed Midem.","og_url":"https:\/\/welovecinema.be\/fr\/ennemi-public-selectionne-au-mipdrama-screenings\/","og_site_name":"We Love Cinema","article_publisher":"https:\/\/www.facebook.com\/welovecinema.be","article_published_time":"2016-03-09T14:26:30+00:00","article_modified_time":"2017-05-16T17:49:35+00:00","og_image":[{"width":1024,"height":576,"url":"https:\/\/welovecinema.be\/wp-content\/uploads\/sites\/2\/2016\/03\/7050481661.jpg","type":"image\/jpeg"}],"author":"Philippe.Pierquin","twitter_card":"summary_large_image","twitter_misc":{"\u00c9crit par":"Philippe.Pierquin","Dur\u00e9e de lecture estim\u00e9e":"1 minute"},"schema":{"@context":"https:\/\/schema.org","@graph":[{"@type":"Article","@id":"https:\/\/welovecinema.be\/fr\/ennemi-public-selectionne-au-mipdrama-screenings\/#article","isPartOf":{"@id":"https:\/\/welovecinema.be\/fr\/ennemi-public-selectionne-au-mipdrama-screenings\/"},"author":{"name":"Philippe.Pierquin","@id":"https:\/\/welovecinema.be\/nl\/#\/schema\/person\/4b9b1d857f0943453a38a7c2859ef756"},"headline":"\u00ab\u00a0Ennemi public\u00a0\u00bb s\u00e9lectionn\u00e9 au mipdrama screenings","datePublished":"2016-03-09T14:26:30+00:00","dateModified":"2017-05-16T17:49:35+00:00","mainEntityOfPage":{"@id":"https:\/\/welovecinema.be\/fr\/ennemi-public-selectionne-au-mipdrama-screenings\/"},"wordCount":135,"publisher":{"@id":"https:\/\/welovecinema.be\/nl\/#organization"},"articleSection":["Evenements"],"inLanguage":"fr-FR"},{"@type":"WebPage","@id":"https:\/\/welovecinema.be\/fr\/ennemi-public-selectionne-au-mipdrama-screenings\/","url":"https:\/\/welovecinema.be\/fr\/ennemi-public-selectionne-au-mipdrama-screenings\/","name":"\"Ennemi public\" s\u00e9lectionn\u00e9 au mipdrama screenings - We Love Cinema","isPartOf":{"@id":"https:\/\/welovecinema.be\/nl\/#website"},"datePublished":"2016-03-09T14:26:30+00:00","dateModified":"2017-05-16T17:49:35+00:00","breadcrumb":{"@id":"https:\/\/welovecinema.be\/fr\/ennemi-public-selectionne-au-mipdrama-screenings\/#breadcrumb"},"inLanguage":"fr-FR","potentialAction":[{"@type":"ReadAction","target":["https:\/\/welovecinema.be\/fr\/ennemi-public-selectionne-au-mipdrama-screenings\/"]}]},{"@type":"BreadcrumbList","@id":"https:\/\/welovecinema.be\/fr\/ennemi-public-selectionne-au-mipdrama-screenings\/#breadcrumb","itemListElement":[{"@type":"ListItem","position":1,"name":"Accueil","item":"https:\/\/welovecinema.be\/fr\/"},{"@type":"ListItem","position":2,"name":"\u00ab\u00a0Ennemi public\u00a0\u00bb s\u00e9lectionn\u00e9 au mipdrama screenings"}]},{"@type":"WebSite","@id":"https:\/\/welovecinema.be\/nl\/#website","url":"https:\/\/welovecinema.be\/nl\/","name":"We Love Cinema","description":"Toute l\u2019information du cin\u00e9ma en Belgique","publisher":{"@id":"https:\/\/welovecinema.be\/nl\/#organization"},"potentialAction":[{"@type":"SearchAction","target":{"@type":"EntryPoint","urlTemplate":"https:\/\/welovecinema.be\/nl\/?s={search_term_string}"},"query-input":"required name=search_term_string"}],"inLanguage":"fr-FR"},{"@type":"Organization","@id":"https:\/\/welovecinema.be\/nl\/#organization","name":"We Love Cinema","url":"https:\/\/welovecinema.be\/nl\/","logo":{"@type":"ImageObject","inLanguage":"fr-FR","@id":"https:\/\/welovecinema.be\/nl\/#\/schema\/logo\/image\/","url":"https:\/\/welovecinema.be\/wp-content\/uploads\/sites\/2\/2023\/03\/Logo-We-Love-Cinema305x128.jpg","contentUrl":"https:\/\/welovecinema.be\/wp-content\/uploads\/sites\/2\/2023\/03\/Logo-We-Love-Cinema305x128.jpg","width":305,"height":128,"caption":"We Love Cinema"},"image":{"@id":"https:\/\/welovecinema.be\/nl\/#\/schema\/logo\/image\/"},"sameAs":["https:\/\/www.facebook.com\/welovecinema.be","https:\/\/www.youtube.com\/channel\/UCX5LYGVhnKvYauW4Nta4HJA","https:\/\/www.instagram.com\/welovecinema.be\/"]},{"@type":"Person","@id":"https:\/\/welovecinema.be\/nl\/#\/schema\/person\/4b9b1d857f0943453a38a7c2859ef756","name":"Philippe.Pierquin","url":"https:\/\/welovecinema.be\/fr\/author\/philippe-pierquin\/"}]}},"_links":{"self":[{"href":"https:\/\/welovecinema.be\/fr\/wp-json\/wp\/v2\/posts\/85611","targetHints":{"allow":["GET"]}}],"collection":[{"href":"https:\/\/welovecinema.be\/fr\/wp-json\/wp\/v2\/posts"}],"about":[{"href":"https:\/\/welovecinema.be\/fr\/wp-json\/wp\/v2\/types\/post"}],"author":[{"embeddable":true,"href":"https:\/\/welovecinema.be\/fr\/wp-json\/wp\/v2\/users\/7"}],"replies":[{"embeddable":true,"href":"https:\/\/welovecinema.be\/fr\/wp-json\/wp\/v2\/comments?post=85611"}],"version-history":[{"count":0,"href":"https:\/\/welovecinema.be\/fr\/wp-json\/wp\/v2\/posts\/85611\/revisions"}],"wp:featuredmedia":[{"embeddable":true,"href":"https:\/\/welovecinema.be\/fr\/wp-json\/wp\/v2\/media\/85613"}],"wp:attachment":[{"href":"https:\/\/welovecinema.be\/fr\/wp-json\/wp\/v2\/media?parent=85611"}],"wp:term":[{"taxonomy":"category","embeddable":true,"href":"https:\/\/welovecinema.be\/fr\/wp-json\/wp\/v2\/categories?post=85611"},{"taxonomy":"post_tag","embeddable":true,"href":"https:\/\/welovecinema.be\/fr\/wp-json\/wp\/v2\/tags?post=85611"}],"curies":[{"name":"wp","href":"https:\/\/api.w.org\/{rel}","templated":true}]}}