{"id":85538,"date":"2016-03-08T09:35:29","date_gmt":"2016-03-08T08:35:29","guid":{"rendered":"http:\/\/www.cinevox.be\/?p=85538"},"modified":"2016-03-07T09:53:02","modified_gmt":"2016-03-07T08:53:02","slug":"bonne-nuit-les-petits","status":"publish","type":"post","link":"https:\/\/welovecinema.be\/fr\/bonne-nuit-les-petits\/","title":{"rendered":"Bonne nuit, les petits"},"content":{"rendered":"<p>Si on a r\u00e9cemment reproch\u00e9 \u00e0 quelques \u00e9v\u00e9nements d\u2019\u00eatre misogynes, on ne peut pas dire que le cin\u00e9ma belge ne fait pas la part belle aux femmes. Trois des courts diffus\u00e9s ce mercredi sur la Trois sont r\u00e9alis\u00e9s (ou cor\u00e9alis\u00e9s pour <em>Lucha Libre<\/em>) par des dames et les actrices sont chaque fois, particuli\u00e8rement mises en valeur dans leur film.<\/p>\n<p>Dans le quatri\u00e8me petit bijou de la nuit, celui qui ach\u00e8vera Tout Court, Jean-Jacques Rausin se d\u00e9bat en plein cauchemar surr\u00e9aliste. Face \u00e0 la police, face \u00e0 une femme en pi\u00e8tre \u00e9tat, face \u00e0 un veilleur de nuit un peu glauque. Face \u00e0 lui-m\u00eame, surtout\u2026<br \/>\nBonne nuit, les petits\u2026<!--more--><\/p>\n<p>&nbsp;<\/p>\n<p>&nbsp;<\/p>\n<h2>\u00a0<a href=\"http:\/\/www.cinevox.be\/wp-content\/uploads\/sites\/2\/2010\/03\/au-nom-de-lhonneur-2.jpg\"><img loading=\"lazy\" decoding=\"async\" class=\"aligncenter size-large wp-image-85546\" src=\"http:\/\/www.cinevox.be\/wp-content\/uploads\/sites\/2\/2010\/03\/au-nom-de-lhonneur-2-800x431.jpg\" alt=\"\" width=\"640\" height=\"344\" srcset=\"https:\/\/welovecinema.be\/wp-content\/uploads\/sites\/2\/2010\/03\/au-nom-de-lhonneur-2-800x431.jpg 800w, https:\/\/welovecinema.be\/wp-content\/uploads\/sites\/2\/2010\/03\/au-nom-de-lhonneur-2-480x258.jpg 480w, https:\/\/welovecinema.be\/wp-content\/uploads\/sites\/2\/2010\/03\/au-nom-de-lhonneur-2.jpg 1857w\" sizes=\"auto, (max-width: 640px) 100vw, 640px\" \/><\/a><\/h2>\n<h2><\/h2>\n<h2>23:10\u00a0&#8211; <strong>Au nom de l&rsquo;honneur<\/strong><\/h2>\n<p><strong>Dur\u00e9e\u00a0:<\/strong>\u00a000:20<br \/>\nAu nom de l&rsquo;honneur : de Nathalie Leclercq<br \/>\nL&rsquo;histoire d&rsquo;un amour difficile entre L\u00e9a, jeune Libanaise de 24 ans, de confession chr\u00e9tienne, et son amoureux de confession musulmane. Apprenant qu&rsquo;elle est enceinte de lui, elle est oblig\u00e9e de fuir sa famille et se r\u00e9fugie alors chez son fr\u00e8re Elie, en Belgique. Impossible que la famille chr\u00e9tienne de L\u00e9a accepte cette situation d\u00e9shonorante. Un conseil de famille r\u00e9uni en urgence au coeur de la montagne libanaise, prend la terrible d\u00e9cision du crime d&rsquo;honneur envers L\u00e9a. Elie, son fr\u00e8re a\u00een\u00e9 est charg\u00e9 de laver l&rsquo;honneur familial bafou\u00e9.<\/p>\n<ul>\n<li><strong>R\u00e9alisateur\u00a0:\u00a0<\/strong>Nathalie Leclercq<\/li>\n<li><strong>Sc\u00e9nariste\u00a0:\u00a0<\/strong>Nathalie Leclercq<\/li>\n<li><strong>Acteur\/Actrice\u00a0:\u00a0<\/strong>Jo\u00eblle Abou Chabke, Pol Seif, Amandine Bauwin<\/li>\n<\/ul>\n<p>&nbsp;<\/p>\n<p><a href=\"http:\/\/www.cinevox.be\/wp-content\/uploads\/sites\/2\/2016\/03\/lucha-libre.jpg\"><img loading=\"lazy\" decoding=\"async\" class=\"aligncenter  wp-image-85540\" src=\"http:\/\/www.cinevox.be\/wp-content\/uploads\/sites\/2\/2016\/03\/lucha-libre.jpg\" alt=\"\" width=\"624\" height=\"357\" srcset=\"https:\/\/welovecinema.be\/wp-content\/uploads\/sites\/2\/2016\/03\/lucha-libre.jpg 420w, https:\/\/welovecinema.be\/wp-content\/uploads\/sites\/2\/2016\/03\/lucha-libre-200x113.jpg 200w\" sizes=\"auto, (max-width: 624px) 100vw, 624px\" \/><\/a><\/p>\n<p>&nbsp;<\/p>\n<p>&nbsp;<\/p>\n<h2>23:30\u00a0&#8211; <strong>Lucha libre<\/strong><\/h2>\n<ul>\n<li><strong>Dur\u00e9e\u00a0:<\/strong>\u00a000:12<\/li>\n<\/ul>\n<p>Jean et Aur\u00e9lie sont en couple et fr\u00e9quentent r\u00e9guli\u00e8rement les marasmes du conflit amoureux avec toute la panoplie de mauvaise foi, de mutisme, d&rsquo;enlisement, d&rsquo;argumentation fleuve, de bonds et de rebonds qui l&rsquo;accompagne.<br \/>\nJean et Aur\u00e9lie sont aussi les laborantins et les archivistes de leurs propres disputes qu&rsquo;ils classent par cat\u00e9gorie, analysent, d\u00e9cortiquent, rangent dans des bo\u00eetes, \u00e9tudient soigneusement, graphique \u00e0 l&rsquo;appui.<\/p>\n<ul>\n<li><strong>R\u00e9alisateur\u00a0:\u00a0<\/strong>Ann Sirot, Raphael Balboni<\/li>\n<li><strong>Sc\u00e9nariste\u00a0:\u00a0<\/strong>Ann Sirot, Raphael Balboni<\/li>\n<li><strong>Acteur\/Actrice\u00a0:\u00a0<\/strong>Aur\u00e9lie Lannoy, Jean Le Peltier<\/li>\n<\/ul>\n<p>&nbsp;<\/p>\n<p>&nbsp;<\/p>\n<p><a href=\"http:\/\/www.cinevox.be\/wp-content\/uploads\/sites\/2\/2016\/03\/taxistop-5.jpg\"><img loading=\"lazy\" decoding=\"async\" class=\"aligncenter size-large wp-image-85541\" src=\"http:\/\/www.cinevox.be\/wp-content\/uploads\/sites\/2\/2016\/03\/taxistop-5-800x427.jpg\" alt=\"\" width=\"640\" height=\"341\" srcset=\"https:\/\/welovecinema.be\/wp-content\/uploads\/sites\/2\/2016\/03\/taxistop-5-800x427.jpg 800w, https:\/\/welovecinema.be\/wp-content\/uploads\/sites\/2\/2016\/03\/taxistop-5-480x256.jpg 480w, https:\/\/welovecinema.be\/wp-content\/uploads\/sites\/2\/2016\/03\/taxistop-5.jpg 1268w\" sizes=\"auto, (max-width: 640px) 100vw, 640px\" \/><\/a><\/p>\n<p>&nbsp;<\/p>\n<h2>23:45\u00a0&#8211; <strong>Taxistop<\/strong><\/h2>\n<p>&nbsp;<\/p>\n<ul>\n<li><strong>Dur\u00e9e\u00a0:<\/strong>\u00a000:20<\/li>\n<\/ul>\n<p>Antoine doit se rendre \u00e0 Gen\u00e8ve pour donner un s\u00e9minaire de Teambuilding. A cause d&rsquo;une gr\u00e8ve de trains, il est amen\u00e9 \u00e0 s&rsquo;y rendre avec Taxistop. Cinq personnages fort diff\u00e9rents sont embarqu\u00e9s pour une longue route ensemble o\u00f9 chaque probl\u00e8me s&rsquo;av\u00e8re pour Antoine, une occasion de mettre \u00e0 l&rsquo;\u00e9preuve ce qu&rsquo;il d\u00e9fend.<\/p>\n<ul>\n<li><strong>R\u00e9alisateur\u00a0:\u00a0<\/strong>Marie Enthoven<\/li>\n<li><strong>Sc\u00e9nariste\u00a0:\u00a0<\/strong>Marie Enthoven<\/li>\n<li><strong>Acteur\/Actrice\u00a0:\u00a0<\/strong>Serge Larivi\u00e8re, Catherine Sal\u00e9e, Benjamin Ramon, Rilke Eyckermans, Gilles De Schryver<\/li>\n<\/ul>\n<p>&nbsp;<\/p>\n<p><a href=\"http:\/\/www.cinevox.be\/wp-content\/uploads\/sites\/2\/2016\/03\/chambre-double-2.jpg\"><img loading=\"lazy\" decoding=\"async\" class=\"aligncenter size-large wp-image-85542\" src=\"http:\/\/www.cinevox.be\/wp-content\/uploads\/sites\/2\/2016\/03\/chambre-double-2-800x440.jpg\" alt=\"\" width=\"640\" height=\"352\" srcset=\"https:\/\/welovecinema.be\/wp-content\/uploads\/sites\/2\/2016\/03\/chambre-double-2-800x440.jpg 800w, https:\/\/welovecinema.be\/wp-content\/uploads\/sites\/2\/2016\/03\/chambre-double-2-480x264.jpg 480w, https:\/\/welovecinema.be\/wp-content\/uploads\/sites\/2\/2016\/03\/chambre-double-2.jpg 1200w\" sizes=\"auto, (max-width: 640px) 100vw, 640px\" \/><\/a><\/p>\n<p>&nbsp;<\/p>\n<p>&nbsp;<\/p>\n<h2>00:05\u00a0&#8211; <strong>Chambre double<\/strong><\/h2>\n<ul>\n<li><strong>Dur\u00e9e\u00a0:<\/strong>\u00a000:15<\/li>\n<\/ul>\n<p>Gilles est m\u00e9decin. Il est interrog\u00e9. Son histoire commence quelques heures plus t\u00f4t : en pleine nuit il d\u00e9barque dans un petit h\u00f4tel au centre-ville. \u00c0 peine install\u00e9 dans sa chambre, le r\u00e9ceptionniste vient lui demander son aide pour soigner une jeune femme tabass\u00e9e&#8230;<br \/>\nPrix et r\u00e9compenses :<br \/>\nM\u00e9li\u00e8s d&rsquo;argent, Prix Sabam et Prix Jeune Public BIFFF 2013<br \/>\nPrix Be TV 2012 Brussels Short<\/p>\n<ul>\n<li><strong>R\u00e9alisateur\u00a0:\u00a0<\/strong>Mathieu Mortelmans<\/li>\n<li><strong>Sc\u00e9nariste\u00a0:\u00a0<\/strong>Mathieu Mortelmans, Julie Bertrand<\/li>\n<li><strong>Compositeur\u00a0:\u00a0<\/strong>Jim Jonckeer, Mathieur Mortelmans<\/li>\n<li><strong>Acteur\/Actrice\u00a0:\u00a0<\/strong>Jean-Jacques Rausin, Eric Godon, C\u00e9cile Delberghe, Jean-Henri Comp\u00e8re, Arnaud Bronsart<\/li>\n<\/ul>\n","protected":false},"excerpt":{"rendered":"<p>Si on a r\u00e9cemment reproch\u00e9 \u00e0 quelques \u00e9v\u00e9nements d\u2019\u00eatre misogynes, on ne peut pas dire que le cin\u00e9ma belge ne fait pas la part belle aux femmes. Trois des courts diffus\u00e9s ce mercredi sur la Trois sont r\u00e9alis\u00e9s (ou cor\u00e9alis\u00e9s pour Lucha Libre) par des dames et les actrices sont chaque fois, particuli\u00e8rement mises en &hellip;<\/p>\n","protected":false},"author":7,"featured_media":85544,"comment_status":"closed","ping_status":"closed","sticky":false,"template":"","format":"standard","meta":{"ngg_post_thumbnail":0,"footnotes":""},"categories":[14],"tags":[],"class_list":["post-85538","post","type-post","status-publish","format-standard","has-post-thumbnail","","category-home-cinema"],"yoast_head":"<!-- This site is optimized with the Yoast SEO plugin v20.4 - https:\/\/yoast.com\/wordpress\/plugins\/seo\/ -->\n<title>Bonne nuit, les petits - We Love Cinema<\/title>\n<meta name=\"robots\" content=\"index, follow, max-snippet:-1, max-image-preview:large, max-video-preview:-1\" \/>\n<link rel=\"canonical\" href=\"https:\/\/welovecinema.be\/fr\/bonne-nuit-les-petits\/\" \/>\n<meta property=\"og:locale\" content=\"fr_FR\" \/>\n<meta property=\"og:type\" content=\"article\" \/>\n<meta property=\"og:title\" content=\"Bonne nuit, les petits - We Love Cinema\" \/>\n<meta property=\"og:description\" content=\"Si on a r\u00e9cemment reproch\u00e9 \u00e0 quelques \u00e9v\u00e9nements d\u2019\u00eatre misogynes, on ne peut pas dire que le cin\u00e9ma belge ne fait pas la part belle aux femmes. Trois des courts diffus\u00e9s ce mercredi sur la Trois sont r\u00e9alis\u00e9s (ou cor\u00e9alis\u00e9s pour Lucha Libre) par des dames et les actrices sont chaque fois, particuli\u00e8rement mises en &hellip;\" \/>\n<meta property=\"og:url\" content=\"https:\/\/welovecinema.be\/fr\/bonne-nuit-les-petits\/\" \/>\n<meta property=\"og:site_name\" content=\"We Love Cinema\" \/>\n<meta property=\"article:publisher\" content=\"https:\/\/www.facebook.com\/welovecinema.be\" \/>\n<meta property=\"article:published_time\" content=\"2016-03-08T08:35:29+00:00\" \/>\n<meta property=\"article:modified_time\" content=\"2016-03-07T08:53:02+00:00\" \/>\n<meta property=\"og:image\" content=\"https:\/\/welovecinema.be\/wp-content\/uploads\/sites\/2\/2010\/03\/chambre-double.jpg\" \/>\n\t<meta property=\"og:image:width\" content=\"1000\" \/>\n\t<meta property=\"og:image:height\" content=\"564\" \/>\n\t<meta property=\"og:image:type\" content=\"image\/jpeg\" \/>\n<meta name=\"author\" content=\"Philippe.Pierquin\" \/>\n<meta name=\"twitter:card\" content=\"summary_large_image\" \/>\n<meta name=\"twitter:label1\" content=\"\u00c9crit par\" \/>\n\t<meta name=\"twitter:data1\" content=\"Philippe.Pierquin\" \/>\n\t<meta name=\"twitter:label2\" content=\"Dur\u00e9e de lecture estim\u00e9e\" \/>\n\t<meta name=\"twitter:data2\" content=\"3 minutes\" \/>\n<script type=\"application\/ld+json\" class=\"yoast-schema-graph\">{\"@context\":\"https:\/\/schema.org\",\"@graph\":[{\"@type\":\"Article\",\"@id\":\"https:\/\/welovecinema.be\/fr\/bonne-nuit-les-petits\/#article\",\"isPartOf\":{\"@id\":\"https:\/\/welovecinema.be\/fr\/bonne-nuit-les-petits\/\"},\"author\":{\"name\":\"Philippe.Pierquin\",\"@id\":\"https:\/\/welovecinema.be\/nl\/#\/schema\/person\/4b9b1d857f0943453a38a7c2859ef756\"},\"headline\":\"Bonne nuit, les petits\",\"datePublished\":\"2016-03-08T08:35:29+00:00\",\"dateModified\":\"2016-03-07T08:53:02+00:00\",\"mainEntityOfPage\":{\"@id\":\"https:\/\/welovecinema.be\/fr\/bonne-nuit-les-petits\/\"},\"wordCount\":564,\"publisher\":{\"@id\":\"https:\/\/welovecinema.be\/nl\/#organization\"},\"articleSection\":[\"Plateau t\u00e9l\u00e9\"],\"inLanguage\":\"fr-FR\"},{\"@type\":\"WebPage\",\"@id\":\"https:\/\/welovecinema.be\/fr\/bonne-nuit-les-petits\/\",\"url\":\"https:\/\/welovecinema.be\/fr\/bonne-nuit-les-petits\/\",\"name\":\"Bonne nuit, les petits - We Love Cinema\",\"isPartOf\":{\"@id\":\"https:\/\/welovecinema.be\/nl\/#website\"},\"datePublished\":\"2016-03-08T08:35:29+00:00\",\"dateModified\":\"2016-03-07T08:53:02+00:00\",\"breadcrumb\":{\"@id\":\"https:\/\/welovecinema.be\/fr\/bonne-nuit-les-petits\/#breadcrumb\"},\"inLanguage\":\"fr-FR\",\"potentialAction\":[{\"@type\":\"ReadAction\",\"target\":[\"https:\/\/welovecinema.be\/fr\/bonne-nuit-les-petits\/\"]}]},{\"@type\":\"BreadcrumbList\",\"@id\":\"https:\/\/welovecinema.be\/fr\/bonne-nuit-les-petits\/#breadcrumb\",\"itemListElement\":[{\"@type\":\"ListItem\",\"position\":1,\"name\":\"Accueil\",\"item\":\"https:\/\/welovecinema.be\/fr\/\"},{\"@type\":\"ListItem\",\"position\":2,\"name\":\"Bonne nuit, les petits\"}]},{\"@type\":\"WebSite\",\"@id\":\"https:\/\/welovecinema.be\/nl\/#website\",\"url\":\"https:\/\/welovecinema.be\/nl\/\",\"name\":\"We Love Cinema\",\"description\":\"Toute l\u2019information du cin\u00e9ma en Belgique\",\"publisher\":{\"@id\":\"https:\/\/welovecinema.be\/nl\/#organization\"},\"potentialAction\":[{\"@type\":\"SearchAction\",\"target\":{\"@type\":\"EntryPoint\",\"urlTemplate\":\"https:\/\/welovecinema.be\/nl\/?s={search_term_string}\"},\"query-input\":\"required name=search_term_string\"}],\"inLanguage\":\"fr-FR\"},{\"@type\":\"Organization\",\"@id\":\"https:\/\/welovecinema.be\/nl\/#organization\",\"name\":\"We Love Cinema\",\"url\":\"https:\/\/welovecinema.be\/nl\/\",\"logo\":{\"@type\":\"ImageObject\",\"inLanguage\":\"fr-FR\",\"@id\":\"https:\/\/welovecinema.be\/nl\/#\/schema\/logo\/image\/\",\"url\":\"https:\/\/welovecinema.be\/wp-content\/uploads\/sites\/2\/2023\/03\/Logo-We-Love-Cinema305x128.jpg\",\"contentUrl\":\"https:\/\/welovecinema.be\/wp-content\/uploads\/sites\/2\/2023\/03\/Logo-We-Love-Cinema305x128.jpg\",\"width\":305,\"height\":128,\"caption\":\"We Love Cinema\"},\"image\":{\"@id\":\"https:\/\/welovecinema.be\/nl\/#\/schema\/logo\/image\/\"},\"sameAs\":[\"https:\/\/www.facebook.com\/welovecinema.be\",\"https:\/\/www.youtube.com\/channel\/UCX5LYGVhnKvYauW4Nta4HJA\",\"https:\/\/www.instagram.com\/welovecinema.be\/\"]},{\"@type\":\"Person\",\"@id\":\"https:\/\/welovecinema.be\/nl\/#\/schema\/person\/4b9b1d857f0943453a38a7c2859ef756\",\"name\":\"Philippe.Pierquin\",\"url\":\"https:\/\/welovecinema.be\/fr\/author\/philippe-pierquin\/\"}]}<\/script>\n<!-- \/ Yoast SEO plugin. -->","yoast_head_json":{"title":"Bonne nuit, les petits - We Love Cinema","robots":{"index":"index","follow":"follow","max-snippet":"max-snippet:-1","max-image-preview":"max-image-preview:large","max-video-preview":"max-video-preview:-1"},"canonical":"https:\/\/welovecinema.be\/fr\/bonne-nuit-les-petits\/","og_locale":"fr_FR","og_type":"article","og_title":"Bonne nuit, les petits - We Love Cinema","og_description":"Si on a r\u00e9cemment reproch\u00e9 \u00e0 quelques \u00e9v\u00e9nements d\u2019\u00eatre misogynes, on ne peut pas dire que le cin\u00e9ma belge ne fait pas la part belle aux femmes. Trois des courts diffus\u00e9s ce mercredi sur la Trois sont r\u00e9alis\u00e9s (ou cor\u00e9alis\u00e9s pour Lucha Libre) par des dames et les actrices sont chaque fois, particuli\u00e8rement mises en &hellip;","og_url":"https:\/\/welovecinema.be\/fr\/bonne-nuit-les-petits\/","og_site_name":"We Love Cinema","article_publisher":"https:\/\/www.facebook.com\/welovecinema.be","article_published_time":"2016-03-08T08:35:29+00:00","article_modified_time":"2016-03-07T08:53:02+00:00","og_image":[{"width":1000,"height":564,"url":"https:\/\/welovecinema.be\/wp-content\/uploads\/sites\/2\/2010\/03\/chambre-double.jpg","type":"image\/jpeg"}],"author":"Philippe.Pierquin","twitter_card":"summary_large_image","twitter_misc":{"\u00c9crit par":"Philippe.Pierquin","Dur\u00e9e de lecture estim\u00e9e":"3 minutes"},"schema":{"@context":"https:\/\/schema.org","@graph":[{"@type":"Article","@id":"https:\/\/welovecinema.be\/fr\/bonne-nuit-les-petits\/#article","isPartOf":{"@id":"https:\/\/welovecinema.be\/fr\/bonne-nuit-les-petits\/"},"author":{"name":"Philippe.Pierquin","@id":"https:\/\/welovecinema.be\/nl\/#\/schema\/person\/4b9b1d857f0943453a38a7c2859ef756"},"headline":"Bonne nuit, les petits","datePublished":"2016-03-08T08:35:29+00:00","dateModified":"2016-03-07T08:53:02+00:00","mainEntityOfPage":{"@id":"https:\/\/welovecinema.be\/fr\/bonne-nuit-les-petits\/"},"wordCount":564,"publisher":{"@id":"https:\/\/welovecinema.be\/nl\/#organization"},"articleSection":["Plateau t\u00e9l\u00e9"],"inLanguage":"fr-FR"},{"@type":"WebPage","@id":"https:\/\/welovecinema.be\/fr\/bonne-nuit-les-petits\/","url":"https:\/\/welovecinema.be\/fr\/bonne-nuit-les-petits\/","name":"Bonne nuit, les petits - We Love Cinema","isPartOf":{"@id":"https:\/\/welovecinema.be\/nl\/#website"},"datePublished":"2016-03-08T08:35:29+00:00","dateModified":"2016-03-07T08:53:02+00:00","breadcrumb":{"@id":"https:\/\/welovecinema.be\/fr\/bonne-nuit-les-petits\/#breadcrumb"},"inLanguage":"fr-FR","potentialAction":[{"@type":"ReadAction","target":["https:\/\/welovecinema.be\/fr\/bonne-nuit-les-petits\/"]}]},{"@type":"BreadcrumbList","@id":"https:\/\/welovecinema.be\/fr\/bonne-nuit-les-petits\/#breadcrumb","itemListElement":[{"@type":"ListItem","position":1,"name":"Accueil","item":"https:\/\/welovecinema.be\/fr\/"},{"@type":"ListItem","position":2,"name":"Bonne nuit, les petits"}]},{"@type":"WebSite","@id":"https:\/\/welovecinema.be\/nl\/#website","url":"https:\/\/welovecinema.be\/nl\/","name":"We Love Cinema","description":"Toute l\u2019information du cin\u00e9ma en Belgique","publisher":{"@id":"https:\/\/welovecinema.be\/nl\/#organization"},"potentialAction":[{"@type":"SearchAction","target":{"@type":"EntryPoint","urlTemplate":"https:\/\/welovecinema.be\/nl\/?s={search_term_string}"},"query-input":"required name=search_term_string"}],"inLanguage":"fr-FR"},{"@type":"Organization","@id":"https:\/\/welovecinema.be\/nl\/#organization","name":"We Love Cinema","url":"https:\/\/welovecinema.be\/nl\/","logo":{"@type":"ImageObject","inLanguage":"fr-FR","@id":"https:\/\/welovecinema.be\/nl\/#\/schema\/logo\/image\/","url":"https:\/\/welovecinema.be\/wp-content\/uploads\/sites\/2\/2023\/03\/Logo-We-Love-Cinema305x128.jpg","contentUrl":"https:\/\/welovecinema.be\/wp-content\/uploads\/sites\/2\/2023\/03\/Logo-We-Love-Cinema305x128.jpg","width":305,"height":128,"caption":"We Love Cinema"},"image":{"@id":"https:\/\/welovecinema.be\/nl\/#\/schema\/logo\/image\/"},"sameAs":["https:\/\/www.facebook.com\/welovecinema.be","https:\/\/www.youtube.com\/channel\/UCX5LYGVhnKvYauW4Nta4HJA","https:\/\/www.instagram.com\/welovecinema.be\/"]},{"@type":"Person","@id":"https:\/\/welovecinema.be\/nl\/#\/schema\/person\/4b9b1d857f0943453a38a7c2859ef756","name":"Philippe.Pierquin","url":"https:\/\/welovecinema.be\/fr\/author\/philippe-pierquin\/"}]}},"_links":{"self":[{"href":"https:\/\/welovecinema.be\/fr\/wp-json\/wp\/v2\/posts\/85538","targetHints":{"allow":["GET"]}}],"collection":[{"href":"https:\/\/welovecinema.be\/fr\/wp-json\/wp\/v2\/posts"}],"about":[{"href":"https:\/\/welovecinema.be\/fr\/wp-json\/wp\/v2\/types\/post"}],"author":[{"embeddable":true,"href":"https:\/\/welovecinema.be\/fr\/wp-json\/wp\/v2\/users\/7"}],"replies":[{"embeddable":true,"href":"https:\/\/welovecinema.be\/fr\/wp-json\/wp\/v2\/comments?post=85538"}],"version-history":[{"count":0,"href":"https:\/\/welovecinema.be\/fr\/wp-json\/wp\/v2\/posts\/85538\/revisions"}],"wp:featuredmedia":[{"embeddable":true,"href":"https:\/\/welovecinema.be\/fr\/wp-json\/wp\/v2\/media\/85544"}],"wp:attachment":[{"href":"https:\/\/welovecinema.be\/fr\/wp-json\/wp\/v2\/media?parent=85538"}],"wp:term":[{"taxonomy":"category","embeddable":true,"href":"https:\/\/welovecinema.be\/fr\/wp-json\/wp\/v2\/categories?post=85538"},{"taxonomy":"post_tag","embeddable":true,"href":"https:\/\/welovecinema.be\/fr\/wp-json\/wp\/v2\/tags?post=85538"}],"curies":[{"name":"wp","href":"https:\/\/api.w.org\/{rel}","templated":true}]}}